{"id":18411,"date":"2024-01-25T03:25:00","date_gmt":"2024-01-25T03:25:00","guid":{"rendered":"https:\/\/www.africa-press.net\/guinee-conakry\/politique\/le-proces-du-28-septembre-renvoye-au-lundi-29-janvier-en-raison-de-labsence-de-temoins"},"modified":"2024-01-25T03:25:00","modified_gmt":"2024-01-25T03:25:00","slug":"le-proces-du-28-septembre-renvoye-au-lundi-29-janvier-en-raison-de-labsence-de-temoins","status":"publish","type":"post","link":"https:\/\/www.africa-press.net\/guinee-conakry\/toutes-les-actualites\/le-proces-du-28-septembre-renvoye-au-lundi-29-janvier-en-raison-de-labsence-de-temoins","title":{"rendered":"Le proc\u00e8s du 28 septembre renvoy\u00e9 au lundi 29 janvier en raison de l\u2019absence de t\u00e9moins"},"content":{"rendered":"<p><span style=\"color: #ff6600\"><strong>Africa-Press &#8211; Guin\u00e9e. <\/strong><\/span><b>Apre\u0300s la de\u0301position mardi de l\u2019ancienne directrice <\/b><b>ge\u0301ne\u0301rale <\/b><b>de l\u2019ho\u0302pital<\/b><b> national<\/b><b> Donka Fatou Sike\u0301 Camara, <\/b><b>d\u2019<\/b><b>autre<\/b><b>s<\/b><b> te\u0301moin<\/b><b>s<\/b><b> devait e\u0302tre la barre ce mercredi<\/b><b> 24 janvier<\/b><b>. En raison de <\/b><b>leur <\/b><b>indisponibilite\u0301, le proce\u0300s a du\u0302 e\u0302<\/b><b>tre <\/b><b>renvoye\u0301 a\u0300 la semaine prochaine. <\/b><\/p>\n<p>Le juge Ibrahima Sory II Tounkara et ses assesseurs avaient de\u0301ja\u0300 relie\u0301 la salle d\u2019audience. Le magistrat appre\u0302tait a\u0300 appeler le te\u0301moin qui devait passer a\u0300 la barre quand le ministe\u0300re public a\u0300 demander a\u0300 prendre la parole.<\/p>\n<p>Le substitut du procureur Sidiki Camara a affirme\u0301 que pour des \u2018\u2019raisons inde\u0301pendantes de notre volonte\u0301, les te\u0301moins qui devaient e\u0302tre la\u0300 ce matin n\u2019ont pas pu avoir la disponibilite\u0301 ne\u0301cessaire pour e\u0302tre devant votre tribunal\u2019\u2019.<\/p>\n<p>C\u2019est pourquoi, a-t-il ajoute\u0301, \u2018\u2019nous demandons respectueusement un renvoi pour le lundi prochain. Les te\u0301moins qui restent vont continuer a\u0300 de\u0301filer a\u0300 cette barre\u2019\u2019.<\/p>\n<p>Ce qui a donc amene\u0301 le juge Tounkara a prononce\u0301 le renvoi du proce\u0300s au 29 janvier prochain.<\/p>\n<p><b>Abdoulaye Bella DIALLO<\/b><\/p>\n<p><strong>Pour plus d&rsquo;informations et d&rsquo;analyses sur la <a href=\"https:\/\/www.africa-press.net\/guinee-conakry\">Guin\u00e9e<\/a>, suivez <a href=\"https:\/\/www.africa-press.net\/\">Africa-Press<\/a><\/strong><\/p>\n","protected":false},"excerpt":{"rendered":"<p>Africa-Press &#8211; Guin\u00e9e. Apre\u0300s la de\u0301position mardi de l\u2019ancienne directrice ge\u0301ne\u0301rale de l\u2019ho\u0302pital national Donka Fatou Sike\u0301 Camara, d\u2019autres te\u0301moins devait e\u0302tre la barre ce mercredi 24 janvier. En raison de leur indisponibilite\u0301, le proce\u0300s a du\u0302 e\u0302tre renvoye\u0301 a\u0300 la semaine prochaine. Le juge Ibrahima Sory II Tounkara et ses assesseurs avaient de\u0301ja\u0300 relie\u0301 [&hellip;]<\/p>\n","protected":false},"author":82,"featured_media":18410,"comment_status":"open","ping_status":"closed","sticky":false,"template":"","format":"standard","meta":{"footnotes":""},"categories":[21,10],"tags":[36,57,58],"class_list":["post-18411","post","type-post","status-publish","format-standard","has-post-thumbnail","hentry","category-communaute","category-toutes-les-actualites","tag-africa-press","tag-africa-press-guinee","tag-guinee"],"yoast_head":"<!-- This site is optimized with the Yoast SEO Premium plugin v26.1 (Yoast SEO v27.0) - https:\/\/yoast.com\/product\/yoast-seo-premium-wordpress\/ -->\n<title>Le proc\u00e8s du 28 septembre renvoy\u00e9 au lundi 29 janvier en raison de l\u2019absence de t\u00e9moins - guinee Conakry<\/title>\n<meta name=\"robots\" content=\"index, follow, max-snippet:-1, max-image-preview:large, max-video-preview:-1\" \/>\n<link rel=\"canonical\" href=\"https:\/\/www.africa-press.net\/guinee-conakry\/politique\/le-proces-du-28-septembre-renvoye-au-lundi-29-janvier-en-raison-de-labsence-de-temoins\" \/>\n<meta property=\"og:locale\" content=\"fr_FR\" \/>\n<meta property=\"og:type\" content=\"article\" \/>\n<meta property=\"og:title\" content=\"Le proc\u00e8s du 28 septembre renvoy\u00e9 au lundi 29 janvier en raison de l\u2019absence de t\u00e9moins\" \/>\n<meta property=\"og:description\" content=\"Africa-Press &#8211; Guin\u00e9e. Apre\u0300s la de\u0301position mardi de l\u2019ancienne directrice ge\u0301ne\u0301rale de l\u2019ho\u0302pital national Donka Fatou Sike\u0301 Camara, d\u2019autres te\u0301moins devait e\u0302tre la barre ce mercredi 24 janvier. En raison de leur indisponibilite\u0301, le proce\u0300s a du\u0302 e\u0302tre renvoye\u0301 a\u0300 la semaine prochaine. Le juge Ibrahima Sory II Tounkara et ses assesseurs avaient de\u0301ja\u0300 relie\u0301 [&hellip;]\" \/>\n<meta property=\"og:url\" content=\"https:\/\/www.africa-press.net\/guinee-conakry\/politique\/le-proces-du-28-septembre-renvoye-au-lundi-29-janvier-en-raison-de-labsence-de-temoins\" \/>\n<meta property=\"og:site_name\" content=\"guinee Conakry\" \/>\n<meta property=\"article:published_time\" content=\"2024-01-25T03:25:00+00:00\" \/>\n<meta name=\"author\" content=\"cfeditorfr\" \/>\n<meta name=\"twitter:card\" content=\"summary_large_image\" \/>\n<meta name=\"twitter:label1\" content=\"\u00c9crit par\" \/>\n\t<meta name=\"twitter:data1\" content=\"cfeditorfr\" \/>\n\t<meta name=\"twitter:label2\" content=\"Dur\u00e9e de lecture estim\u00e9e\" \/>\n\t<meta name=\"twitter:data2\" content=\"1 minute\" \/>\n<script type=\"application\/ld+json\" class=\"yoast-schema-graph\">{\"@context\":\"https:\/\/schema.org\",\"@graph\":[{\"@type\":\"Article\",\"@id\":\"https:\/\/www.africa-press.net\/guinee-conakry\/politique\/le-proces-du-28-septembre-renvoye-au-lundi-29-janvier-en-raison-de-labsence-de-temoins#article\",\"isPartOf\":{\"@id\":\"https:\/\/www.africa-press.net\/guinee-conakry\/politique\/le-proces-du-28-septembre-renvoye-au-lundi-29-janvier-en-raison-de-labsence-de-temoins\"},\"author\":{\"name\":\"cfeditorfr\",\"@id\":\"https:\/\/www.africa-press.net\/guinee-conakry\/#\/schema\/person\/2b1cf3cd81a31e3cd26889ca66d677f1\"},\"headline\":\"Le proc\u00e8s du 28 septembre renvoy\u00e9 au lundi 29 janvier en raison de l\u2019absence de t\u00e9moins\",\"datePublished\":\"2024-01-25T03:25:00+00:00\",\"mainEntityOfPage\":{\"@id\":\"https:\/\/www.africa-press.net\/guinee-conakry\/politique\/le-proces-du-28-septembre-renvoye-au-lundi-29-janvier-en-raison-de-labsence-de-temoins\"},\"wordCount\":220,\"commentCount\":0,\"image\":{\"@id\":\"https:\/\/www.africa-press.net\/guinee-conakry\/politique\/le-proces-du-28-septembre-renvoye-au-lundi-29-janvier-en-raison-de-labsence-de-temoins#primaryimage\"},\"thumbnailUrl\":\"https:\/\/static.africa-press.net\/conakry\/sites\/63\/2024\/01\/Jokar1706140502.658634.jpg\",\"keywords\":[\"Africa Press\",\"Africa Press-Guin\u00e9e\",\"Guin\u00e9e\"],\"articleSection\":[\"Communaut\u00e9\",\"Toutes les actualit\u00e9s\"],\"inLanguage\":\"fr-FR\",\"potentialAction\":[{\"@type\":\"CommentAction\",\"name\":\"Comment\",\"target\":[\"https:\/\/www.africa-press.net\/guinee-conakry\/politique\/le-proces-du-28-septembre-renvoye-au-lundi-29-janvier-en-raison-de-labsence-de-temoins#respond\"]}]},{\"@type\":\"WebPage\",\"@id\":\"https:\/\/www.africa-press.net\/guinee-conakry\/politique\/le-proces-du-28-septembre-renvoye-au-lundi-29-janvier-en-raison-de-labsence-de-temoins\",\"url\":\"https:\/\/www.africa-press.net\/guinee-conakry\/politique\/le-proces-du-28-septembre-renvoye-au-lundi-29-janvier-en-raison-de-labsence-de-temoins\",\"name\":\"Le proc\u00e8s du 28 septembre renvoy\u00e9 au lundi 29 janvier en raison de l\u2019absence de t\u00e9moins - guinee Conakry\",\"isPartOf\":{\"@id\":\"https:\/\/www.africa-press.net\/guinee-conakry\/#website\"},\"primaryImageOfPage\":{\"@id\":\"https:\/\/www.africa-press.net\/guinee-conakry\/politique\/le-proces-du-28-septembre-renvoye-au-lundi-29-janvier-en-raison-de-labsence-de-temoins#primaryimage\"},\"image\":{\"@id\":\"https:\/\/www.africa-press.net\/guinee-conakry\/politique\/le-proces-du-28-septembre-renvoye-au-lundi-29-janvier-en-raison-de-labsence-de-temoins#primaryimage\"},\"thumbnailUrl\":\"https:\/\/static.africa-press.net\/conakry\/sites\/63\/2024\/01\/Jokar1706140502.658634.jpg\",\"datePublished\":\"2024-01-25T03:25:00+00:00\",\"author\":{\"@id\":\"https:\/\/www.africa-press.net\/guinee-conakry\/#\/schema\/person\/2b1cf3cd81a31e3cd26889ca66d677f1\"},\"breadcrumb\":{\"@id\":\"https:\/\/www.africa-press.net\/guinee-conakry\/politique\/le-proces-du-28-septembre-renvoye-au-lundi-29-janvier-en-raison-de-labsence-de-temoins#breadcrumb\"},\"inLanguage\":\"fr-FR\",\"potentialAction\":[{\"@type\":\"ReadAction\",\"target\":[\"https:\/\/www.africa-press.net\/guinee-conakry\/politique\/le-proces-du-28-septembre-renvoye-au-lundi-29-janvier-en-raison-de-labsence-de-temoins\"]}]},{\"@type\":\"ImageObject\",\"inLanguage\":\"fr-FR\",\"@id\":\"https:\/\/www.africa-press.net\/guinee-conakry\/politique\/le-proces-du-28-septembre-renvoye-au-lundi-29-janvier-en-raison-de-labsence-de-temoins#primaryimage\",\"url\":\"https:\/\/static.africa-press.net\/conakry\/sites\/63\/2024\/01\/Jokar1706140502.658634.jpg\",\"contentUrl\":\"https:\/\/static.africa-press.net\/conakry\/sites\/63\/2024\/01\/Jokar1706140502.658634.jpg\",\"width\":1024,\"height\":683,\"caption\":\"Le proc\u00e8s du 28 septembre renvoy\u00e9 au lundi 29 janvier en raison de l\u2019absence de t\u00e9moins\"},{\"@type\":\"BreadcrumbList\",\"@id\":\"https:\/\/www.africa-press.net\/guinee-conakry\/politique\/le-proces-du-28-septembre-renvoye-au-lundi-29-janvier-en-raison-de-labsence-de-temoins#breadcrumb\",\"itemListElement\":[{\"@type\":\"ListItem\",\"position\":1,\"name\":\"Accueil\",\"item\":\"https:\/\/www.africa-press.net\/guinee-conakry\/\"},{\"@type\":\"ListItem\",\"position\":2,\"name\":\"Le proc\u00e8s du 28 septembre renvoy\u00e9 au lundi 29 janvier en raison de l\u2019absence de t\u00e9moins\"}]},{\"@type\":\"WebSite\",\"@id\":\"https:\/\/www.africa-press.net\/guinee-conakry\/#website\",\"url\":\"https:\/\/www.africa-press.net\/guinee-conakry\/\",\"name\":\"guinee Conakry\",\"description\":\"Just another Africa News Agency Sites site\",\"potentialAction\":[{\"@type\":\"SearchAction\",\"target\":{\"@type\":\"EntryPoint\",\"urlTemplate\":\"https:\/\/www.africa-press.net\/guinee-conakry\/?s={search_term_string}\"},\"query-input\":{\"@type\":\"PropertyValueSpecification\",\"valueRequired\":true,\"valueName\":\"search_term_string\"}}],\"inLanguage\":\"fr-FR\"},{\"@type\":\"Person\",\"@id\":\"https:\/\/www.africa-press.net\/guinee-conakry\/#\/schema\/person\/2b1cf3cd81a31e3cd26889ca66d677f1\",\"name\":\"cfeditorfr\"}]}<\/script>\n<!-- \/ Yoast SEO Premium plugin. -->","yoast_head_json":{"title":"Le proc\u00e8s du 28 septembre renvoy\u00e9 au lundi 29 janvier en raison de l\u2019absence de t\u00e9moins - guinee Conakry","robots":{"index":"index","follow":"follow","max-snippet":"max-snippet:-1","max-image-preview":"max-image-preview:large","max-video-preview":"max-video-preview:-1"},"canonical":"https:\/\/www.africa-press.net\/guinee-conakry\/politique\/le-proces-du-28-septembre-renvoye-au-lundi-29-janvier-en-raison-de-labsence-de-temoins","og_locale":"fr_FR","og_type":"article","og_title":"Le proc\u00e8s du 28 septembre renvoy\u00e9 au lundi 29 janvier en raison de l\u2019absence de t\u00e9moins","og_description":"Africa-Press &#8211; Guin\u00e9e. Apre\u0300s la de\u0301position mardi de l\u2019ancienne directrice ge\u0301ne\u0301rale de l\u2019ho\u0302pital national Donka Fatou Sike\u0301 Camara, d\u2019autres te\u0301moins devait e\u0302tre la barre ce mercredi 24 janvier. En raison de leur indisponibilite\u0301, le proce\u0300s a du\u0302 e\u0302tre renvoye\u0301 a\u0300 la semaine prochaine. Le juge Ibrahima Sory II Tounkara et ses assesseurs avaient de\u0301ja\u0300 relie\u0301 [&hellip;]","og_url":"https:\/\/www.africa-press.net\/guinee-conakry\/politique\/le-proces-du-28-septembre-renvoye-au-lundi-29-janvier-en-raison-de-labsence-de-temoins","og_site_name":"guinee Conakry","article_published_time":"2024-01-25T03:25:00+00:00","author":"cfeditorfr","twitter_card":"summary_large_image","twitter_misc":{"\u00c9crit par":"cfeditorfr","Dur\u00e9e de lecture estim\u00e9e":"1 minute"},"schema":{"@context":"https:\/\/schema.org","@graph":[{"@type":"Article","@id":"https:\/\/www.africa-press.net\/guinee-conakry\/politique\/le-proces-du-28-septembre-renvoye-au-lundi-29-janvier-en-raison-de-labsence-de-temoins#article","isPartOf":{"@id":"https:\/\/www.africa-press.net\/guinee-conakry\/politique\/le-proces-du-28-septembre-renvoye-au-lundi-29-janvier-en-raison-de-labsence-de-temoins"},"author":{"name":"cfeditorfr","@id":"https:\/\/www.africa-press.net\/guinee-conakry\/#\/schema\/person\/2b1cf3cd81a31e3cd26889ca66d677f1"},"headline":"Le proc\u00e8s du 28 septembre renvoy\u00e9 au lundi 29 janvier en raison de l\u2019absence de t\u00e9moins","datePublished":"2024-01-25T03:25:00+00:00","mainEntityOfPage":{"@id":"https:\/\/www.africa-press.net\/guinee-conakry\/politique\/le-proces-du-28-septembre-renvoye-au-lundi-29-janvier-en-raison-de-labsence-de-temoins"},"wordCount":220,"commentCount":0,"image":{"@id":"https:\/\/www.africa-press.net\/guinee-conakry\/politique\/le-proces-du-28-septembre-renvoye-au-lundi-29-janvier-en-raison-de-labsence-de-temoins#primaryimage"},"thumbnailUrl":"https:\/\/static.africa-press.net\/conakry\/sites\/63\/2024\/01\/Jokar1706140502.658634.jpg","keywords":["Africa Press","Africa Press-Guin\u00e9e","Guin\u00e9e"],"articleSection":["Communaut\u00e9","Toutes les actualit\u00e9s"],"inLanguage":"fr-FR","potentialAction":[{"@type":"CommentAction","name":"Comment","target":["https:\/\/www.africa-press.net\/guinee-conakry\/politique\/le-proces-du-28-septembre-renvoye-au-lundi-29-janvier-en-raison-de-labsence-de-temoins#respond"]}]},{"@type":"WebPage","@id":"https:\/\/www.africa-press.net\/guinee-conakry\/politique\/le-proces-du-28-septembre-renvoye-au-lundi-29-janvier-en-raison-de-labsence-de-temoins","url":"https:\/\/www.africa-press.net\/guinee-conakry\/politique\/le-proces-du-28-septembre-renvoye-au-lundi-29-janvier-en-raison-de-labsence-de-temoins","name":"Le proc\u00e8s du 28 septembre renvoy\u00e9 au lundi 29 janvier en raison de l\u2019absence de t\u00e9moins - guinee Conakry","isPartOf":{"@id":"https:\/\/www.africa-press.net\/guinee-conakry\/#website"},"primaryImageOfPage":{"@id":"https:\/\/www.africa-press.net\/guinee-conakry\/politique\/le-proces-du-28-septembre-renvoye-au-lundi-29-janvier-en-raison-de-labsence-de-temoins#primaryimage"},"image":{"@id":"https:\/\/www.africa-press.net\/guinee-conakry\/politique\/le-proces-du-28-septembre-renvoye-au-lundi-29-janvier-en-raison-de-labsence-de-temoins#primaryimage"},"thumbnailUrl":"https:\/\/static.africa-press.net\/conakry\/sites\/63\/2024\/01\/Jokar1706140502.658634.jpg","datePublished":"2024-01-25T03:25:00+00:00","author":{"@id":"https:\/\/www.africa-press.net\/guinee-conakry\/#\/schema\/person\/2b1cf3cd81a31e3cd26889ca66d677f1"},"breadcrumb":{"@id":"https:\/\/www.africa-press.net\/guinee-conakry\/politique\/le-proces-du-28-septembre-renvoye-au-lundi-29-janvier-en-raison-de-labsence-de-temoins#breadcrumb"},"inLanguage":"fr-FR","potentialAction":[{"@type":"ReadAction","target":["https:\/\/www.africa-press.net\/guinee-conakry\/politique\/le-proces-du-28-septembre-renvoye-au-lundi-29-janvier-en-raison-de-labsence-de-temoins"]}]},{"@type":"ImageObject","inLanguage":"fr-FR","@id":"https:\/\/www.africa-press.net\/guinee-conakry\/politique\/le-proces-du-28-septembre-renvoye-au-lundi-29-janvier-en-raison-de-labsence-de-temoins#primaryimage","url":"https:\/\/static.africa-press.net\/conakry\/sites\/63\/2024\/01\/Jokar1706140502.658634.jpg","contentUrl":"https:\/\/static.africa-press.net\/conakry\/sites\/63\/2024\/01\/Jokar1706140502.658634.jpg","width":1024,"height":683,"caption":"Le proc\u00e8s du 28 septembre renvoy\u00e9 au lundi 29 janvier en raison de l\u2019absence de t\u00e9moins"},{"@type":"BreadcrumbList","@id":"https:\/\/www.africa-press.net\/guinee-conakry\/politique\/le-proces-du-28-septembre-renvoye-au-lundi-29-janvier-en-raison-de-labsence-de-temoins#breadcrumb","itemListElement":[{"@type":"ListItem","position":1,"name":"Accueil","item":"https:\/\/www.africa-press.net\/guinee-conakry\/"},{"@type":"ListItem","position":2,"name":"Le proc\u00e8s du 28 septembre renvoy\u00e9 au lundi 29 janvier en raison de l\u2019absence de t\u00e9moins"}]},{"@type":"WebSite","@id":"https:\/\/www.africa-press.net\/guinee-conakry\/#website","url":"https:\/\/www.africa-press.net\/guinee-conakry\/","name":"guinee Conakry","description":"Just another Africa News Agency Sites site","potentialAction":[{"@type":"SearchAction","target":{"@type":"EntryPoint","urlTemplate":"https:\/\/www.africa-press.net\/guinee-conakry\/?s={search_term_string}"},"query-input":{"@type":"PropertyValueSpecification","valueRequired":true,"valueName":"search_term_string"}}],"inLanguage":"fr-FR"},{"@type":"Person","@id":"https:\/\/www.africa-press.net\/guinee-conakry\/#\/schema\/person\/2b1cf3cd81a31e3cd26889ca66d677f1","name":"cfeditorfr"}]}},"_links":{"self":[{"href":"https:\/\/www.africa-press.net\/guinee-conakry\/wp-json\/wp\/v2\/posts\/18411","targetHints":{"allow":["GET"]}}],"collection":[{"href":"https:\/\/www.africa-press.net\/guinee-conakry\/wp-json\/wp\/v2\/posts"}],"about":[{"href":"https:\/\/www.africa-press.net\/guinee-conakry\/wp-json\/wp\/v2\/types\/post"}],"author":[{"embeddable":true,"href":"https:\/\/www.africa-press.net\/guinee-conakry\/wp-json\/wp\/v2\/users\/82"}],"replies":[{"embeddable":true,"href":"https:\/\/www.africa-press.net\/guinee-conakry\/wp-json\/wp\/v2\/comments?post=18411"}],"version-history":[{"count":0,"href":"https:\/\/www.africa-press.net\/guinee-conakry\/wp-json\/wp\/v2\/posts\/18411\/revisions"}],"wp:featuredmedia":[{"embeddable":true,"href":"https:\/\/www.africa-press.net\/guinee-conakry\/wp-json\/wp\/v2\/media\/18410"}],"wp:attachment":[{"href":"https:\/\/www.africa-press.net\/guinee-conakry\/wp-json\/wp\/v2\/media?parent=18411"}],"wp:term":[{"taxonomy":"category","embeddable":true,"href":"https:\/\/www.africa-press.net\/guinee-conakry\/wp-json\/wp\/v2\/categories?post=18411"},{"taxonomy":"post_tag","embeddable":true,"href":"https:\/\/www.africa-press.net\/guinee-conakry\/wp-json\/wp\/v2\/tags?post=18411"}],"curies":[{"name":"wp","href":"https:\/\/api.w.org\/{rel}","templated":true}]}}