{"id":18433,"date":"2024-01-28T08:14:00","date_gmt":"2024-01-28T08:14:00","guid":{"rendered":"https:\/\/www.africa-press.net\/guinee-conakry\/politique\/elevation-de-doumbouya-au-grade-de-general-lufr-desapprouve-et-denonce-la-misere-sous-son-regne"},"modified":"2024-01-28T08:14:00","modified_gmt":"2024-01-28T08:14:00","slug":"elevation-de-doumbouya-au-grade-de-general-lufr-desapprouve-et-denonce-la-misere-sous-son-regne","status":"publish","type":"post","link":"https:\/\/www.africa-press.net\/guinee-conakry\/politique\/elevation-de-doumbouya-au-grade-de-general-lufr-desapprouve-et-denonce-la-misere-sous-son-regne","title":{"rendered":"El\u00e9vation de Doumbouya au grade de G\u00e9n\u00e9ral : l\u2019UFR d\u00e9sapprouve et d\u00e9nonce la \u201cmis\u00e8re\u201d sous son r\u00e8gne"},"content":{"rendered":"<p><span style=\"color: #ff6600\"><strong>Africa-Press &#8211; Guin\u00e9e. <\/strong><\/span>La promotion du pre\u0301sident de la transition au grade de ge\u0301ne\u0301ral de corps d\u2019arme\u0301e continue de susciter des re\u0301actions au sein de l\u2019opinion. Au sein de l\u2019Union des forces re\u0301publicaines (UFR), un proche de Sidya Toure\u0301 estime le chef de la junte n\u2019a rien fait pour les guine\u0301ens pour me\u0301riter cette ele\u0301vation en grade.<\/p>\n<p>Tidiane Conte\u0301, membre du bureau politique de l\u2019UFR, a indique\u0301, ce samedi 27 janvier, que rien ne justifie l\u2019e\u0301levation de Mamadi Doumbouya au grade de Ge\u0301ne\u0301ral.<\/p>\n<p>\u201cOn a vu re\u0301cemment que notre colonel est passe\u0301 au grade de Ge\u0301ne\u0301ral. On se demande qu\u2019est-ce qui a e\u0301te\u0301 ce\u0301le\u0301bre\u0301 si ce n\u2019est pas la mise\u0300re\u201d, s\u2019interroge-t-il, avant d\u2019assurer que \u201csi le colonel veut e\u0302tre ce\u0301le\u0301bre\u0301 par les guine\u0301ens, il doit bien conduire la transition dans l\u2019honneur et dans la dignite\u0301 a\u0300 la satisfaction du peuple de Guine\u0301e\u201d.<\/p>\n<p>\u201cC\u0327a fait deux ans que nous sommes dans cette situation. Les braves femmes, est-ce que le marche\u0301 est abordable ? Est-ce ce qu\u2019on e\u0301tudie mieux en Guine\u0301e ? Est-ce qu\u2019il y a le courant, l\u2019eau, l\u2019internet ? Qu\u2019est-ce qu\u2019on ce\u0301le\u0300bre en fait ? Qu\u2019est-ce qui est honore\u0301 si ce n\u2019est pas la mise\u0300re et la me\u0301diocrite\u0301\u201d, ajoute M. Toure\u0301.<\/p>\n<p>Ce proche de Sidya Toure\u0301 interpelle le pre\u0301sident de la transition. \u201cNous demandons tre\u0300s humblement au colonel de mettre balle a\u0300 terre, d\u2019essayer de sortir de cette transition avec honneur et dignite\u0301 dans l\u2019inte\u0301re\u0302t du peuple de Guine\u0301e. En ce moment-la\u0300, le peuple de Guine\u0301e saura quel grade lui accorder. C\u2019est cela la bonne de\u0301marche\u201d, indique-t-il.<\/p>\n<p><b>Pathe\u0301 BAH<\/b><\/p>\n<p><strong>Pour plus d&rsquo;informations et d&rsquo;analyses sur la <a href=\"https:\/\/www.africa-press.net\/guinee-conakry\">Guin\u00e9e<\/a>, suivez <a href=\"https:\/\/www.africa-press.net\/\">Africa-Press<\/a><\/strong><\/p>\n","protected":false},"excerpt":{"rendered":"<p>Africa-Press &#8211; Guin\u00e9e. La promotion du pre\u0301sident de la transition au grade de ge\u0301ne\u0301ral de corps d\u2019arme\u0301e continue de susciter des re\u0301actions au sein de l\u2019opinion. Au sein de l\u2019Union des forces re\u0301publicaines (UFR), un proche de Sidya Toure\u0301 estime le chef de la junte n\u2019a rien fait pour les guine\u0301ens pour me\u0301riter cette ele\u0301vation [&hellip;]<\/p>\n","protected":false},"author":82,"featured_media":18432,"comment_status":"open","ping_status":"closed","sticky":false,"template":"","format":"standard","meta":{"footnotes":""},"categories":[2,56,10],"tags":[36,57,58],"class_list":["post-18433","post","type-post","status-publish","format-standard","has-post-thumbnail","hentry","category-politique","category-to-homepage","category-toutes-les-actualites","tag-africa-press","tag-africa-press-guinee","tag-guinee"],"yoast_head":"<!-- This site is optimized with the Yoast SEO Premium plugin v26.1 (Yoast SEO v27.0) - https:\/\/yoast.com\/product\/yoast-seo-premium-wordpress\/ -->\n<title>El\u00e9vation de Doumbouya au grade de G\u00e9n\u00e9ral : l\u2019UFR d\u00e9sapprouve et d\u00e9nonce la \u201cmis\u00e8re\u201d sous son r\u00e8gne - guinee Conakry<\/title>\n<meta name=\"robots\" content=\"index, follow, max-snippet:-1, max-image-preview:large, max-video-preview:-1\" \/>\n<link rel=\"canonical\" href=\"https:\/\/www.africa-press.net\/guinee-conakry\/politique\/elevation-de-doumbouya-au-grade-de-general-lufr-desapprouve-et-denonce-la-misere-sous-son-regne\" \/>\n<meta property=\"og:locale\" content=\"fr_FR\" \/>\n<meta property=\"og:type\" content=\"article\" \/>\n<meta property=\"og:title\" content=\"El\u00e9vation de Doumbouya au grade de G\u00e9n\u00e9ral : l\u2019UFR d\u00e9sapprouve et d\u00e9nonce la \u201cmis\u00e8re\u201d sous son r\u00e8gne\" \/>\n<meta property=\"og:description\" content=\"Africa-Press &#8211; Guin\u00e9e. La promotion du pre\u0301sident de la transition au grade de ge\u0301ne\u0301ral de corps d\u2019arme\u0301e continue de susciter des re\u0301actions au sein de l\u2019opinion. Au sein de l\u2019Union des forces re\u0301publicaines (UFR), un proche de Sidya Toure\u0301 estime le chef de la junte n\u2019a rien fait pour les guine\u0301ens pour me\u0301riter cette ele\u0301vation [&hellip;]\" \/>\n<meta property=\"og:url\" content=\"https:\/\/www.africa-press.net\/guinee-conakry\/politique\/elevation-de-doumbouya-au-grade-de-general-lufr-desapprouve-et-denonce-la-misere-sous-son-regne\" \/>\n<meta property=\"og:site_name\" content=\"guinee Conakry\" \/>\n<meta property=\"article:published_time\" content=\"2024-01-28T08:14:00+00:00\" \/>\n<meta name=\"author\" content=\"cfeditorfr\" \/>\n<meta name=\"twitter:card\" content=\"summary_large_image\" \/>\n<meta name=\"twitter:label1\" content=\"\u00c9crit par\" \/>\n\t<meta name=\"twitter:data1\" content=\"cfeditorfr\" \/>\n\t<meta name=\"twitter:label2\" content=\"Dur\u00e9e de lecture estim\u00e9e\" \/>\n\t<meta name=\"twitter:data2\" content=\"2 minutes\" \/>\n<script type=\"application\/ld+json\" class=\"yoast-schema-graph\">{\"@context\":\"https:\/\/schema.org\",\"@graph\":[{\"@type\":\"Article\",\"@id\":\"https:\/\/www.africa-press.net\/guinee-conakry\/politique\/elevation-de-doumbouya-au-grade-de-general-lufr-desapprouve-et-denonce-la-misere-sous-son-regne#article\",\"isPartOf\":{\"@id\":\"https:\/\/www.africa-press.net\/guinee-conakry\/politique\/elevation-de-doumbouya-au-grade-de-general-lufr-desapprouve-et-denonce-la-misere-sous-son-regne\"},\"author\":{\"name\":\"cfeditorfr\",\"@id\":\"https:\/\/www.africa-press.net\/guinee-conakry\/#\/schema\/person\/2b1cf3cd81a31e3cd26889ca66d677f1\"},\"headline\":\"El\u00e9vation de Doumbouya au grade de G\u00e9n\u00e9ral : l\u2019UFR d\u00e9sapprouve et d\u00e9nonce la \u201cmis\u00e8re\u201d sous son r\u00e8gne\",\"datePublished\":\"2024-01-28T08:14:00+00:00\",\"mainEntityOfPage\":{\"@id\":\"https:\/\/www.africa-press.net\/guinee-conakry\/politique\/elevation-de-doumbouya-au-grade-de-general-lufr-desapprouve-et-denonce-la-misere-sous-son-regne\"},\"wordCount\":352,\"commentCount\":0,\"image\":{\"@id\":\"https:\/\/www.africa-press.net\/guinee-conakry\/politique\/elevation-de-doumbouya-au-grade-de-general-lufr-desapprouve-et-denonce-la-misere-sous-son-regne#primaryimage\"},\"thumbnailUrl\":\"https:\/\/static.africa-press.net\/conakry\/sites\/63\/2024\/01\/Jokar1706417062.871407.jpg\",\"keywords\":[\"Africa Press\",\"Africa Press-Guin\u00e9e\",\"Guin\u00e9e\"],\"articleSection\":[\"Politique\",\"to-homepage\",\"Toutes les actualit\u00e9s\"],\"inLanguage\":\"fr-FR\",\"potentialAction\":[{\"@type\":\"CommentAction\",\"name\":\"Comment\",\"target\":[\"https:\/\/www.africa-press.net\/guinee-conakry\/politique\/elevation-de-doumbouya-au-grade-de-general-lufr-desapprouve-et-denonce-la-misere-sous-son-regne#respond\"]}]},{\"@type\":\"WebPage\",\"@id\":\"https:\/\/www.africa-press.net\/guinee-conakry\/politique\/elevation-de-doumbouya-au-grade-de-general-lufr-desapprouve-et-denonce-la-misere-sous-son-regne\",\"url\":\"https:\/\/www.africa-press.net\/guinee-conakry\/politique\/elevation-de-doumbouya-au-grade-de-general-lufr-desapprouve-et-denonce-la-misere-sous-son-regne\",\"name\":\"El\u00e9vation de Doumbouya au grade de G\u00e9n\u00e9ral : l\u2019UFR d\u00e9sapprouve et d\u00e9nonce la \u201cmis\u00e8re\u201d sous son r\u00e8gne - guinee Conakry\",\"isPartOf\":{\"@id\":\"https:\/\/www.africa-press.net\/guinee-conakry\/#website\"},\"primaryImageOfPage\":{\"@id\":\"https:\/\/www.africa-press.net\/guinee-conakry\/politique\/elevation-de-doumbouya-au-grade-de-general-lufr-desapprouve-et-denonce-la-misere-sous-son-regne#primaryimage\"},\"image\":{\"@id\":\"https:\/\/www.africa-press.net\/guinee-conakry\/politique\/elevation-de-doumbouya-au-grade-de-general-lufr-desapprouve-et-denonce-la-misere-sous-son-regne#primaryimage\"},\"thumbnailUrl\":\"https:\/\/static.africa-press.net\/conakry\/sites\/63\/2024\/01\/Jokar1706417062.871407.jpg\",\"datePublished\":\"2024-01-28T08:14:00+00:00\",\"author\":{\"@id\":\"https:\/\/www.africa-press.net\/guinee-conakry\/#\/schema\/person\/2b1cf3cd81a31e3cd26889ca66d677f1\"},\"breadcrumb\":{\"@id\":\"https:\/\/www.africa-press.net\/guinee-conakry\/politique\/elevation-de-doumbouya-au-grade-de-general-lufr-desapprouve-et-denonce-la-misere-sous-son-regne#breadcrumb\"},\"inLanguage\":\"fr-FR\",\"potentialAction\":[{\"@type\":\"ReadAction\",\"target\":[\"https:\/\/www.africa-press.net\/guinee-conakry\/politique\/elevation-de-doumbouya-au-grade-de-general-lufr-desapprouve-et-denonce-la-misere-sous-son-regne\"]}]},{\"@type\":\"ImageObject\",\"inLanguage\":\"fr-FR\",\"@id\":\"https:\/\/www.africa-press.net\/guinee-conakry\/politique\/elevation-de-doumbouya-au-grade-de-general-lufr-desapprouve-et-denonce-la-misere-sous-son-regne#primaryimage\",\"url\":\"https:\/\/static.africa-press.net\/conakry\/sites\/63\/2024\/01\/Jokar1706417062.871407.jpg\",\"contentUrl\":\"https:\/\/static.africa-press.net\/conakry\/sites\/63\/2024\/01\/Jokar1706417062.871407.jpg\",\"width\":1024,\"height\":682,\"caption\":\"El\u00e9vation de Doumbouya au grade de G\u00e9n\u00e9ral : l\u2019UFR d\u00e9sapprouve et d\u00e9nonce la \u201cmis\u00e8re\u201d sous son r\u00e8gne\"},{\"@type\":\"BreadcrumbList\",\"@id\":\"https:\/\/www.africa-press.net\/guinee-conakry\/politique\/elevation-de-doumbouya-au-grade-de-general-lufr-desapprouve-et-denonce-la-misere-sous-son-regne#breadcrumb\",\"itemListElement\":[{\"@type\":\"ListItem\",\"position\":1,\"name\":\"Accueil\",\"item\":\"https:\/\/www.africa-press.net\/guinee-conakry\/\"},{\"@type\":\"ListItem\",\"position\":2,\"name\":\"El\u00e9vation de Doumbouya au grade de G\u00e9n\u00e9ral : l\u2019UFR d\u00e9sapprouve et d\u00e9nonce la \u201cmis\u00e8re\u201d sous son r\u00e8gne\"}]},{\"@type\":\"WebSite\",\"@id\":\"https:\/\/www.africa-press.net\/guinee-conakry\/#website\",\"url\":\"https:\/\/www.africa-press.net\/guinee-conakry\/\",\"name\":\"guinee Conakry\",\"description\":\"Just another Africa News Agency Sites site\",\"potentialAction\":[{\"@type\":\"SearchAction\",\"target\":{\"@type\":\"EntryPoint\",\"urlTemplate\":\"https:\/\/www.africa-press.net\/guinee-conakry\/?s={search_term_string}\"},\"query-input\":{\"@type\":\"PropertyValueSpecification\",\"valueRequired\":true,\"valueName\":\"search_term_string\"}}],\"inLanguage\":\"fr-FR\"},{\"@type\":\"Person\",\"@id\":\"https:\/\/www.africa-press.net\/guinee-conakry\/#\/schema\/person\/2b1cf3cd81a31e3cd26889ca66d677f1\",\"name\":\"cfeditorfr\"}]}<\/script>\n<!-- \/ Yoast SEO Premium plugin. -->","yoast_head_json":{"title":"El\u00e9vation de Doumbouya au grade de G\u00e9n\u00e9ral : l\u2019UFR d\u00e9sapprouve et d\u00e9nonce la \u201cmis\u00e8re\u201d sous son r\u00e8gne - guinee Conakry","robots":{"index":"index","follow":"follow","max-snippet":"max-snippet:-1","max-image-preview":"max-image-preview:large","max-video-preview":"max-video-preview:-1"},"canonical":"https:\/\/www.africa-press.net\/guinee-conakry\/politique\/elevation-de-doumbouya-au-grade-de-general-lufr-desapprouve-et-denonce-la-misere-sous-son-regne","og_locale":"fr_FR","og_type":"article","og_title":"El\u00e9vation de Doumbouya au grade de G\u00e9n\u00e9ral : l\u2019UFR d\u00e9sapprouve et d\u00e9nonce la \u201cmis\u00e8re\u201d sous son r\u00e8gne","og_description":"Africa-Press &#8211; Guin\u00e9e. La promotion du pre\u0301sident de la transition au grade de ge\u0301ne\u0301ral de corps d\u2019arme\u0301e continue de susciter des re\u0301actions au sein de l\u2019opinion. Au sein de l\u2019Union des forces re\u0301publicaines (UFR), un proche de Sidya Toure\u0301 estime le chef de la junte n\u2019a rien fait pour les guine\u0301ens pour me\u0301riter cette ele\u0301vation [&hellip;]","og_url":"https:\/\/www.africa-press.net\/guinee-conakry\/politique\/elevation-de-doumbouya-au-grade-de-general-lufr-desapprouve-et-denonce-la-misere-sous-son-regne","og_site_name":"guinee Conakry","article_published_time":"2024-01-28T08:14:00+00:00","author":"cfeditorfr","twitter_card":"summary_large_image","twitter_misc":{"\u00c9crit par":"cfeditorfr","Dur\u00e9e de lecture estim\u00e9e":"2 minutes"},"schema":{"@context":"https:\/\/schema.org","@graph":[{"@type":"Article","@id":"https:\/\/www.africa-press.net\/guinee-conakry\/politique\/elevation-de-doumbouya-au-grade-de-general-lufr-desapprouve-et-denonce-la-misere-sous-son-regne#article","isPartOf":{"@id":"https:\/\/www.africa-press.net\/guinee-conakry\/politique\/elevation-de-doumbouya-au-grade-de-general-lufr-desapprouve-et-denonce-la-misere-sous-son-regne"},"author":{"name":"cfeditorfr","@id":"https:\/\/www.africa-press.net\/guinee-conakry\/#\/schema\/person\/2b1cf3cd81a31e3cd26889ca66d677f1"},"headline":"El\u00e9vation de Doumbouya au grade de G\u00e9n\u00e9ral : l\u2019UFR d\u00e9sapprouve et d\u00e9nonce la \u201cmis\u00e8re\u201d sous son r\u00e8gne","datePublished":"2024-01-28T08:14:00+00:00","mainEntityOfPage":{"@id":"https:\/\/www.africa-press.net\/guinee-conakry\/politique\/elevation-de-doumbouya-au-grade-de-general-lufr-desapprouve-et-denonce-la-misere-sous-son-regne"},"wordCount":352,"commentCount":0,"image":{"@id":"https:\/\/www.africa-press.net\/guinee-conakry\/politique\/elevation-de-doumbouya-au-grade-de-general-lufr-desapprouve-et-denonce-la-misere-sous-son-regne#primaryimage"},"thumbnailUrl":"https:\/\/static.africa-press.net\/conakry\/sites\/63\/2024\/01\/Jokar1706417062.871407.jpg","keywords":["Africa Press","Africa Press-Guin\u00e9e","Guin\u00e9e"],"articleSection":["Politique","to-homepage","Toutes les actualit\u00e9s"],"inLanguage":"fr-FR","potentialAction":[{"@type":"CommentAction","name":"Comment","target":["https:\/\/www.africa-press.net\/guinee-conakry\/politique\/elevation-de-doumbouya-au-grade-de-general-lufr-desapprouve-et-denonce-la-misere-sous-son-regne#respond"]}]},{"@type":"WebPage","@id":"https:\/\/www.africa-press.net\/guinee-conakry\/politique\/elevation-de-doumbouya-au-grade-de-general-lufr-desapprouve-et-denonce-la-misere-sous-son-regne","url":"https:\/\/www.africa-press.net\/guinee-conakry\/politique\/elevation-de-doumbouya-au-grade-de-general-lufr-desapprouve-et-denonce-la-misere-sous-son-regne","name":"El\u00e9vation de Doumbouya au grade de G\u00e9n\u00e9ral : l\u2019UFR d\u00e9sapprouve et d\u00e9nonce la \u201cmis\u00e8re\u201d sous son r\u00e8gne - guinee Conakry","isPartOf":{"@id":"https:\/\/www.africa-press.net\/guinee-conakry\/#website"},"primaryImageOfPage":{"@id":"https:\/\/www.africa-press.net\/guinee-conakry\/politique\/elevation-de-doumbouya-au-grade-de-general-lufr-desapprouve-et-denonce-la-misere-sous-son-regne#primaryimage"},"image":{"@id":"https:\/\/www.africa-press.net\/guinee-conakry\/politique\/elevation-de-doumbouya-au-grade-de-general-lufr-desapprouve-et-denonce-la-misere-sous-son-regne#primaryimage"},"thumbnailUrl":"https:\/\/static.africa-press.net\/conakry\/sites\/63\/2024\/01\/Jokar1706417062.871407.jpg","datePublished":"2024-01-28T08:14:00+00:00","author":{"@id":"https:\/\/www.africa-press.net\/guinee-conakry\/#\/schema\/person\/2b1cf3cd81a31e3cd26889ca66d677f1"},"breadcrumb":{"@id":"https:\/\/www.africa-press.net\/guinee-conakry\/politique\/elevation-de-doumbouya-au-grade-de-general-lufr-desapprouve-et-denonce-la-misere-sous-son-regne#breadcrumb"},"inLanguage":"fr-FR","potentialAction":[{"@type":"ReadAction","target":["https:\/\/www.africa-press.net\/guinee-conakry\/politique\/elevation-de-doumbouya-au-grade-de-general-lufr-desapprouve-et-denonce-la-misere-sous-son-regne"]}]},{"@type":"ImageObject","inLanguage":"fr-FR","@id":"https:\/\/www.africa-press.net\/guinee-conakry\/politique\/elevation-de-doumbouya-au-grade-de-general-lufr-desapprouve-et-denonce-la-misere-sous-son-regne#primaryimage","url":"https:\/\/static.africa-press.net\/conakry\/sites\/63\/2024\/01\/Jokar1706417062.871407.jpg","contentUrl":"https:\/\/static.africa-press.net\/conakry\/sites\/63\/2024\/01\/Jokar1706417062.871407.jpg","width":1024,"height":682,"caption":"El\u00e9vation de Doumbouya au grade de G\u00e9n\u00e9ral : l\u2019UFR d\u00e9sapprouve et d\u00e9nonce la \u201cmis\u00e8re\u201d sous son r\u00e8gne"},{"@type":"BreadcrumbList","@id":"https:\/\/www.africa-press.net\/guinee-conakry\/politique\/elevation-de-doumbouya-au-grade-de-general-lufr-desapprouve-et-denonce-la-misere-sous-son-regne#breadcrumb","itemListElement":[{"@type":"ListItem","position":1,"name":"Accueil","item":"https:\/\/www.africa-press.net\/guinee-conakry\/"},{"@type":"ListItem","position":2,"name":"El\u00e9vation de Doumbouya au grade de G\u00e9n\u00e9ral : l\u2019UFR d\u00e9sapprouve et d\u00e9nonce la \u201cmis\u00e8re\u201d sous son r\u00e8gne"}]},{"@type":"WebSite","@id":"https:\/\/www.africa-press.net\/guinee-conakry\/#website","url":"https:\/\/www.africa-press.net\/guinee-conakry\/","name":"guinee Conakry","description":"Just another Africa News Agency Sites site","potentialAction":[{"@type":"SearchAction","target":{"@type":"EntryPoint","urlTemplate":"https:\/\/www.africa-press.net\/guinee-conakry\/?s={search_term_string}"},"query-input":{"@type":"PropertyValueSpecification","valueRequired":true,"valueName":"search_term_string"}}],"inLanguage":"fr-FR"},{"@type":"Person","@id":"https:\/\/www.africa-press.net\/guinee-conakry\/#\/schema\/person\/2b1cf3cd81a31e3cd26889ca66d677f1","name":"cfeditorfr"}]}},"_links":{"self":[{"href":"https:\/\/www.africa-press.net\/guinee-conakry\/wp-json\/wp\/v2\/posts\/18433","targetHints":{"allow":["GET"]}}],"collection":[{"href":"https:\/\/www.africa-press.net\/guinee-conakry\/wp-json\/wp\/v2\/posts"}],"about":[{"href":"https:\/\/www.africa-press.net\/guinee-conakry\/wp-json\/wp\/v2\/types\/post"}],"author":[{"embeddable":true,"href":"https:\/\/www.africa-press.net\/guinee-conakry\/wp-json\/wp\/v2\/users\/82"}],"replies":[{"embeddable":true,"href":"https:\/\/www.africa-press.net\/guinee-conakry\/wp-json\/wp\/v2\/comments?post=18433"}],"version-history":[{"count":0,"href":"https:\/\/www.africa-press.net\/guinee-conakry\/wp-json\/wp\/v2\/posts\/18433\/revisions"}],"wp:featuredmedia":[{"embeddable":true,"href":"https:\/\/www.africa-press.net\/guinee-conakry\/wp-json\/wp\/v2\/media\/18432"}],"wp:attachment":[{"href":"https:\/\/www.africa-press.net\/guinee-conakry\/wp-json\/wp\/v2\/media?parent=18433"}],"wp:term":[{"taxonomy":"category","embeddable":true,"href":"https:\/\/www.africa-press.net\/guinee-conakry\/wp-json\/wp\/v2\/categories?post=18433"},{"taxonomy":"post_tag","embeddable":true,"href":"https:\/\/www.africa-press.net\/guinee-conakry\/wp-json\/wp\/v2\/tags?post=18433"}],"curies":[{"name":"wp","href":"https:\/\/api.w.org\/{rel}","templated":true}]}}