{"id":18435,"date":"2024-01-28T08:16:00","date_gmt":"2024-01-28T08:16:00","guid":{"rendered":"https:\/\/www.africa-press.net\/guinee-conakry\/politique\/le-general-doumbouya-inaugure-la-toute-premiere-ambassade-de-guinee-au-rwanda"},"modified":"2024-01-28T08:16:00","modified_gmt":"2024-01-28T08:16:00","slug":"le-general-doumbouya-inaugure-la-toute-premiere-ambassade-de-guinee-au-rwanda","status":"publish","type":"post","link":"https:\/\/www.africa-press.net\/guinee-conakry\/politique\/le-general-doumbouya-inaugure-la-toute-premiere-ambassade-de-guinee-au-rwanda","title":{"rendered":"Le g\u00e9n\u00e9ral Doumbouya inaugure la toute premi\u00e8re ambassade de Guin\u00e9e au Rwanda"},"content":{"rendered":"<p><span style=\"color: #ff6600\"><strong>Africa-Press &#8211; Guin\u00e9e. <\/strong><\/span><b> Le Pre\u0301sident de la Re\u0301publique, le Ge\u0301ne\u0301ral de Corps d\u2019Arme\u0301e Son Excellence Mamadi Doumbouya, a inaugure\u0301 la premie\u0300re ambassade de la Re\u0301publique de Guine\u0301e au Rwanda, scellant ainsi les relations diplomatiques entre Kigali et Conakry.<\/b><\/p>\n<p>Situe\u0301e dans le quartier huppe\u0301 de Kacyiru, qui abrite la pre\u0301sidence de la Re\u0301publique Rwandaise, la ba\u0302tisse flamboyante est de\u0301sormais la maison de tous les ressortissants guine\u0301ens au Rwanda et, par ricochet, de l\u2019Afrique de l\u2019Est.<\/p>\n<p>La ce\u0301re\u0301monie d\u2019inauguration de la nouvelle ambassade de Guine\u0301e au Rwanda a de\u0301bute\u0301 par un geste symbolique du Pre\u0301sident Mamadi Doumbouya et des membres de sa de\u0301le\u0301gation. En ce samedi d\u2019assainissement a\u0300 Kigali, ils ont chacun plante\u0301 un arbre pour exprimer leur adhe\u0301sion a\u0300 la politique verte du gouvernement rwandais.<\/p>\n<p>Le porte-parole de la communaute\u0301 guine\u0301enne, qui a massivement effectue\u0301 le de\u0301placement, a salue\u0301 dans son discours le Pre\u0301sident de la Re\u0301publique pour l\u2019ouverture de l\u2019ambassade et les nombreux efforts de refondation entrepris sous son magiste\u0300re, dont les re\u0301sultats sont perceptibles me\u0302me a\u0300 l\u2019e\u0301tranger. Par la suite, il a sollicite\u0301 du Chef de l\u2019E\u0301tat un appui aux e\u0301tudiants guine\u0301ens inscrits dans les universite\u0301s rwandaises.<\/p>\n<p>Le Ministre des Affaires e\u0301trange\u0300res de l\u2019Inte\u0301gration africaine et des Guine\u0301ens e\u0301tablis a\u0300 l\u2019e\u0301tranger a souligne\u0301 la vitalite\u0301 de la diplomatie guine\u0301enne, dont le Chef de l\u2019E\u0301tat est le premier acteur. Citant les exemples de la France et de la Belgique, le Dr Morissanda Kouyate\u0301 a souligne\u0301 que la vision du Pre\u0301sident Mamadi Doumbouya s\u2019accomplit en termes d\u2019actes et de re\u0301sultats, et que l\u2019ouverture de la nouvelle ambassade a\u0300 Kigali en moins de 10 mois en est la parfaite illustration.<\/p>\n<p>Le Ministre porte-parole du gouvernement, Ousmane Gaoual Diallo, dans son allocution, a exprime\u0301 le souhait que la communaute\u0301 guine\u0301enne e\u0301tablie au Rwanda fasse de l\u2019unite\u0301 et de la solidarite\u0301 son de\u0301nominateur commun.<\/p>\n<p>L\u2019ambassadeur de la Re\u0301publique de Guine\u0301e au Rwanda, a remercie\u0301 le Chef de l\u2019E\u0301tat pour sa nomination tout en le rassurant de son plein engagement a\u0300 e\u0302tre a\u0300 la hauteur des missions qui lui ont e\u0301te\u0301 assigne\u0301es. Monsieur Soumai\u0308la Savane\u0301 a ensuite re\u0301ite\u0301re\u0301 a\u0300 la communaute\u0301 guine\u0301enne sa pleine disponibilite\u0301, pre\u0301cisant que les portes de l\u2019ambassade leur sont entie\u0300rement ouvertes.<\/p>\n<p>Pour conclure, le Pre\u0301sident de la Re\u0301publique, qui avait a\u0300 ses co\u0302te\u0301s son e\u0301pouse, a demande\u0301 a\u0300 ses compatriotes de respecter les re\u0300gles et lois du pays ho\u0302te. S\u2019adressant au nouvel ambassadeur de la Re\u0301publique de Guine\u0301e, le Ge\u0301ne\u0301ral Mamadi Doumbouya a insiste\u0301 sur l\u2019impe\u0301rieuse ne\u0301cessite\u0301 d\u2019accompagner la communaute\u0301 guine\u0301enne au Rwanda et en Afrique de l\u2019Est, en mettant tout en \u0153uvre pour que chaque Guine\u0301en soit en re\u0300gle vis-a\u0300-vis de l\u2019administration des pays ho\u0302tes.<\/p>\n<p>La ce\u0301re\u0301monie inaugurale de l\u2019ambassade de Guine\u0301e au Rwanda s\u2019est conclue par une photo de famille dans une ambiance festive, en pre\u0301sence des Ministres des Affaires E\u0301trange\u0300res et de la Jeunesse du Rwanda.<\/p>\n<p>La de\u0301le\u0301gation pre\u0301sidentielle a finalement pris la route de l\u2019ae\u0301roport international de Kigali, ou\u0300 Son Excellence le Pre\u0301sident de la Re\u0301publique du Rwanda, Monsieur Paul Kagame\u0301, et son e\u0301pouse ont raccompagne\u0301 le couple pre\u0301sidentiel guine\u0301en au bas de la passerelle, dans une atmosphe\u0300re de\u0301tendue, signe du succe\u0300s de cette visite de travail et d\u2019amitie\u0301.<\/p>\n<p><b>DCI-PRG<\/b><\/p>\n<p><strong>Pour plus d&rsquo;informations et d&rsquo;analyses sur la <a href=\"https:\/\/www.africa-press.net\/guinee-conakry\">Guin\u00e9e<\/a>, suivez <a href=\"https:\/\/www.africa-press.net\/\">Africa-Press<\/a><\/strong><\/p>\n","protected":false},"excerpt":{"rendered":"<p>Africa-Press &#8211; Guin\u00e9e. Le Pre\u0301sident de la Re\u0301publique, le Ge\u0301ne\u0301ral de Corps d\u2019Arme\u0301e Son Excellence Mamadi Doumbouya, a inaugure\u0301 la premie\u0300re ambassade de la Re\u0301publique de Guine\u0301e au Rwanda, scellant ainsi les relations diplomatiques entre Kigali et Conakry. Situe\u0301e dans le quartier huppe\u0301 de Kacyiru, qui abrite la pre\u0301sidence de la Re\u0301publique Rwandaise, la ba\u0302tisse [&hellip;]<\/p>\n","protected":false},"author":82,"featured_media":18434,"comment_status":"open","ping_status":"closed","sticky":false,"template":"","format":"standard","meta":{"footnotes":""},"categories":[2,10],"tags":[36,57,58],"class_list":["post-18435","post","type-post","status-publish","format-standard","has-post-thumbnail","hentry","category-politique","category-toutes-les-actualites","tag-africa-press","tag-africa-press-guinee","tag-guinee"],"yoast_head":"<!-- This site is optimized with the Yoast SEO Premium plugin v26.1 (Yoast SEO v27.0) - https:\/\/yoast.com\/product\/yoast-seo-premium-wordpress\/ -->\n<title>Le g\u00e9n\u00e9ral Doumbouya inaugure la toute premi\u00e8re ambassade de Guin\u00e9e au Rwanda - guinee Conakry<\/title>\n<meta name=\"robots\" content=\"index, follow, max-snippet:-1, max-image-preview:large, max-video-preview:-1\" \/>\n<link rel=\"canonical\" href=\"https:\/\/www.africa-press.net\/guinee-conakry\/politique\/le-general-doumbouya-inaugure-la-toute-premiere-ambassade-de-guinee-au-rwanda\" \/>\n<meta property=\"og:locale\" content=\"fr_FR\" \/>\n<meta property=\"og:type\" content=\"article\" \/>\n<meta property=\"og:title\" content=\"Le g\u00e9n\u00e9ral Doumbouya inaugure la toute premi\u00e8re ambassade de Guin\u00e9e au Rwanda\" \/>\n<meta property=\"og:description\" content=\"Africa-Press &#8211; Guin\u00e9e. Le Pre\u0301sident de la Re\u0301publique, le Ge\u0301ne\u0301ral de Corps d\u2019Arme\u0301e Son Excellence Mamadi Doumbouya, a inaugure\u0301 la premie\u0300re ambassade de la Re\u0301publique de Guine\u0301e au Rwanda, scellant ainsi les relations diplomatiques entre Kigali et Conakry. Situe\u0301e dans le quartier huppe\u0301 de Kacyiru, qui abrite la pre\u0301sidence de la Re\u0301publique Rwandaise, la ba\u0302tisse [&hellip;]\" \/>\n<meta property=\"og:url\" content=\"https:\/\/www.africa-press.net\/guinee-conakry\/politique\/le-general-doumbouya-inaugure-la-toute-premiere-ambassade-de-guinee-au-rwanda\" \/>\n<meta property=\"og:site_name\" content=\"guinee Conakry\" \/>\n<meta property=\"article:published_time\" content=\"2024-01-28T08:16:00+00:00\" \/>\n<meta name=\"author\" content=\"cfeditorfr\" \/>\n<meta name=\"twitter:card\" content=\"summary_large_image\" \/>\n<meta name=\"twitter:label1\" content=\"\u00c9crit par\" \/>\n\t<meta name=\"twitter:data1\" content=\"cfeditorfr\" \/>\n\t<meta name=\"twitter:label2\" content=\"Dur\u00e9e de lecture estim\u00e9e\" \/>\n\t<meta name=\"twitter:data2\" content=\"3 minutes\" \/>\n<script type=\"application\/ld+json\" class=\"yoast-schema-graph\">{\"@context\":\"https:\/\/schema.org\",\"@graph\":[{\"@type\":\"Article\",\"@id\":\"https:\/\/www.africa-press.net\/guinee-conakry\/politique\/le-general-doumbouya-inaugure-la-toute-premiere-ambassade-de-guinee-au-rwanda#article\",\"isPartOf\":{\"@id\":\"https:\/\/www.africa-press.net\/guinee-conakry\/politique\/le-general-doumbouya-inaugure-la-toute-premiere-ambassade-de-guinee-au-rwanda\"},\"author\":{\"name\":\"cfeditorfr\",\"@id\":\"https:\/\/www.africa-press.net\/guinee-conakry\/#\/schema\/person\/2b1cf3cd81a31e3cd26889ca66d677f1\"},\"headline\":\"Le g\u00e9n\u00e9ral Doumbouya inaugure la toute premi\u00e8re ambassade de Guin\u00e9e au Rwanda\",\"datePublished\":\"2024-01-28T08:16:00+00:00\",\"mainEntityOfPage\":{\"@id\":\"https:\/\/www.africa-press.net\/guinee-conakry\/politique\/le-general-doumbouya-inaugure-la-toute-premiere-ambassade-de-guinee-au-rwanda\"},\"wordCount\":675,\"commentCount\":0,\"image\":{\"@id\":\"https:\/\/www.africa-press.net\/guinee-conakry\/politique\/le-general-doumbouya-inaugure-la-toute-premiere-ambassade-de-guinee-au-rwanda#primaryimage\"},\"thumbnailUrl\":\"https:\/\/static.africa-press.net\/conakry\/sites\/63\/2024\/01\/Jokar1706417162.250276.jpg\",\"keywords\":[\"Africa Press\",\"Africa Press-Guin\u00e9e\",\"Guin\u00e9e\"],\"articleSection\":[\"Politique\",\"Toutes les actualit\u00e9s\"],\"inLanguage\":\"fr-FR\",\"potentialAction\":[{\"@type\":\"CommentAction\",\"name\":\"Comment\",\"target\":[\"https:\/\/www.africa-press.net\/guinee-conakry\/politique\/le-general-doumbouya-inaugure-la-toute-premiere-ambassade-de-guinee-au-rwanda#respond\"]}]},{\"@type\":\"WebPage\",\"@id\":\"https:\/\/www.africa-press.net\/guinee-conakry\/politique\/le-general-doumbouya-inaugure-la-toute-premiere-ambassade-de-guinee-au-rwanda\",\"url\":\"https:\/\/www.africa-press.net\/guinee-conakry\/politique\/le-general-doumbouya-inaugure-la-toute-premiere-ambassade-de-guinee-au-rwanda\",\"name\":\"Le g\u00e9n\u00e9ral Doumbouya inaugure la toute premi\u00e8re ambassade de Guin\u00e9e au Rwanda - guinee Conakry\",\"isPartOf\":{\"@id\":\"https:\/\/www.africa-press.net\/guinee-conakry\/#website\"},\"primaryImageOfPage\":{\"@id\":\"https:\/\/www.africa-press.net\/guinee-conakry\/politique\/le-general-doumbouya-inaugure-la-toute-premiere-ambassade-de-guinee-au-rwanda#primaryimage\"},\"image\":{\"@id\":\"https:\/\/www.africa-press.net\/guinee-conakry\/politique\/le-general-doumbouya-inaugure-la-toute-premiere-ambassade-de-guinee-au-rwanda#primaryimage\"},\"thumbnailUrl\":\"https:\/\/static.africa-press.net\/conakry\/sites\/63\/2024\/01\/Jokar1706417162.250276.jpg\",\"datePublished\":\"2024-01-28T08:16:00+00:00\",\"author\":{\"@id\":\"https:\/\/www.africa-press.net\/guinee-conakry\/#\/schema\/person\/2b1cf3cd81a31e3cd26889ca66d677f1\"},\"breadcrumb\":{\"@id\":\"https:\/\/www.africa-press.net\/guinee-conakry\/politique\/le-general-doumbouya-inaugure-la-toute-premiere-ambassade-de-guinee-au-rwanda#breadcrumb\"},\"inLanguage\":\"fr-FR\",\"potentialAction\":[{\"@type\":\"ReadAction\",\"target\":[\"https:\/\/www.africa-press.net\/guinee-conakry\/politique\/le-general-doumbouya-inaugure-la-toute-premiere-ambassade-de-guinee-au-rwanda\"]}]},{\"@type\":\"ImageObject\",\"inLanguage\":\"fr-FR\",\"@id\":\"https:\/\/www.africa-press.net\/guinee-conakry\/politique\/le-general-doumbouya-inaugure-la-toute-premiere-ambassade-de-guinee-au-rwanda#primaryimage\",\"url\":\"https:\/\/static.africa-press.net\/conakry\/sites\/63\/2024\/01\/Jokar1706417162.250276.jpg\",\"contentUrl\":\"https:\/\/static.africa-press.net\/conakry\/sites\/63\/2024\/01\/Jokar1706417162.250276.jpg\",\"width\":1024,\"height\":682,\"caption\":\"Le g\u00e9n\u00e9ral Doumbouya inaugure la toute premi\u00e8re ambassade de Guin\u00e9e au Rwanda\"},{\"@type\":\"BreadcrumbList\",\"@id\":\"https:\/\/www.africa-press.net\/guinee-conakry\/politique\/le-general-doumbouya-inaugure-la-toute-premiere-ambassade-de-guinee-au-rwanda#breadcrumb\",\"itemListElement\":[{\"@type\":\"ListItem\",\"position\":1,\"name\":\"Accueil\",\"item\":\"https:\/\/www.africa-press.net\/guinee-conakry\/\"},{\"@type\":\"ListItem\",\"position\":2,\"name\":\"Le g\u00e9n\u00e9ral Doumbouya inaugure la toute premi\u00e8re ambassade de Guin\u00e9e au Rwanda\"}]},{\"@type\":\"WebSite\",\"@id\":\"https:\/\/www.africa-press.net\/guinee-conakry\/#website\",\"url\":\"https:\/\/www.africa-press.net\/guinee-conakry\/\",\"name\":\"guinee Conakry\",\"description\":\"Just another Africa News Agency Sites site\",\"potentialAction\":[{\"@type\":\"SearchAction\",\"target\":{\"@type\":\"EntryPoint\",\"urlTemplate\":\"https:\/\/www.africa-press.net\/guinee-conakry\/?s={search_term_string}\"},\"query-input\":{\"@type\":\"PropertyValueSpecification\",\"valueRequired\":true,\"valueName\":\"search_term_string\"}}],\"inLanguage\":\"fr-FR\"},{\"@type\":\"Person\",\"@id\":\"https:\/\/www.africa-press.net\/guinee-conakry\/#\/schema\/person\/2b1cf3cd81a31e3cd26889ca66d677f1\",\"name\":\"cfeditorfr\"}]}<\/script>\n<!-- \/ Yoast SEO Premium plugin. -->","yoast_head_json":{"title":"Le g\u00e9n\u00e9ral Doumbouya inaugure la toute premi\u00e8re ambassade de Guin\u00e9e au Rwanda - guinee Conakry","robots":{"index":"index","follow":"follow","max-snippet":"max-snippet:-1","max-image-preview":"max-image-preview:large","max-video-preview":"max-video-preview:-1"},"canonical":"https:\/\/www.africa-press.net\/guinee-conakry\/politique\/le-general-doumbouya-inaugure-la-toute-premiere-ambassade-de-guinee-au-rwanda","og_locale":"fr_FR","og_type":"article","og_title":"Le g\u00e9n\u00e9ral Doumbouya inaugure la toute premi\u00e8re ambassade de Guin\u00e9e au Rwanda","og_description":"Africa-Press &#8211; Guin\u00e9e. Le Pre\u0301sident de la Re\u0301publique, le Ge\u0301ne\u0301ral de Corps d\u2019Arme\u0301e Son Excellence Mamadi Doumbouya, a inaugure\u0301 la premie\u0300re ambassade de la Re\u0301publique de Guine\u0301e au Rwanda, scellant ainsi les relations diplomatiques entre Kigali et Conakry. Situe\u0301e dans le quartier huppe\u0301 de Kacyiru, qui abrite la pre\u0301sidence de la Re\u0301publique Rwandaise, la ba\u0302tisse [&hellip;]","og_url":"https:\/\/www.africa-press.net\/guinee-conakry\/politique\/le-general-doumbouya-inaugure-la-toute-premiere-ambassade-de-guinee-au-rwanda","og_site_name":"guinee Conakry","article_published_time":"2024-01-28T08:16:00+00:00","author":"cfeditorfr","twitter_card":"summary_large_image","twitter_misc":{"\u00c9crit par":"cfeditorfr","Dur\u00e9e de lecture estim\u00e9e":"3 minutes"},"schema":{"@context":"https:\/\/schema.org","@graph":[{"@type":"Article","@id":"https:\/\/www.africa-press.net\/guinee-conakry\/politique\/le-general-doumbouya-inaugure-la-toute-premiere-ambassade-de-guinee-au-rwanda#article","isPartOf":{"@id":"https:\/\/www.africa-press.net\/guinee-conakry\/politique\/le-general-doumbouya-inaugure-la-toute-premiere-ambassade-de-guinee-au-rwanda"},"author":{"name":"cfeditorfr","@id":"https:\/\/www.africa-press.net\/guinee-conakry\/#\/schema\/person\/2b1cf3cd81a31e3cd26889ca66d677f1"},"headline":"Le g\u00e9n\u00e9ral Doumbouya inaugure la toute premi\u00e8re ambassade de Guin\u00e9e au Rwanda","datePublished":"2024-01-28T08:16:00+00:00","mainEntityOfPage":{"@id":"https:\/\/www.africa-press.net\/guinee-conakry\/politique\/le-general-doumbouya-inaugure-la-toute-premiere-ambassade-de-guinee-au-rwanda"},"wordCount":675,"commentCount":0,"image":{"@id":"https:\/\/www.africa-press.net\/guinee-conakry\/politique\/le-general-doumbouya-inaugure-la-toute-premiere-ambassade-de-guinee-au-rwanda#primaryimage"},"thumbnailUrl":"https:\/\/static.africa-press.net\/conakry\/sites\/63\/2024\/01\/Jokar1706417162.250276.jpg","keywords":["Africa Press","Africa Press-Guin\u00e9e","Guin\u00e9e"],"articleSection":["Politique","Toutes les actualit\u00e9s"],"inLanguage":"fr-FR","potentialAction":[{"@type":"CommentAction","name":"Comment","target":["https:\/\/www.africa-press.net\/guinee-conakry\/politique\/le-general-doumbouya-inaugure-la-toute-premiere-ambassade-de-guinee-au-rwanda#respond"]}]},{"@type":"WebPage","@id":"https:\/\/www.africa-press.net\/guinee-conakry\/politique\/le-general-doumbouya-inaugure-la-toute-premiere-ambassade-de-guinee-au-rwanda","url":"https:\/\/www.africa-press.net\/guinee-conakry\/politique\/le-general-doumbouya-inaugure-la-toute-premiere-ambassade-de-guinee-au-rwanda","name":"Le g\u00e9n\u00e9ral Doumbouya inaugure la toute premi\u00e8re ambassade de Guin\u00e9e au Rwanda - guinee Conakry","isPartOf":{"@id":"https:\/\/www.africa-press.net\/guinee-conakry\/#website"},"primaryImageOfPage":{"@id":"https:\/\/www.africa-press.net\/guinee-conakry\/politique\/le-general-doumbouya-inaugure-la-toute-premiere-ambassade-de-guinee-au-rwanda#primaryimage"},"image":{"@id":"https:\/\/www.africa-press.net\/guinee-conakry\/politique\/le-general-doumbouya-inaugure-la-toute-premiere-ambassade-de-guinee-au-rwanda#primaryimage"},"thumbnailUrl":"https:\/\/static.africa-press.net\/conakry\/sites\/63\/2024\/01\/Jokar1706417162.250276.jpg","datePublished":"2024-01-28T08:16:00+00:00","author":{"@id":"https:\/\/www.africa-press.net\/guinee-conakry\/#\/schema\/person\/2b1cf3cd81a31e3cd26889ca66d677f1"},"breadcrumb":{"@id":"https:\/\/www.africa-press.net\/guinee-conakry\/politique\/le-general-doumbouya-inaugure-la-toute-premiere-ambassade-de-guinee-au-rwanda#breadcrumb"},"inLanguage":"fr-FR","potentialAction":[{"@type":"ReadAction","target":["https:\/\/www.africa-press.net\/guinee-conakry\/politique\/le-general-doumbouya-inaugure-la-toute-premiere-ambassade-de-guinee-au-rwanda"]}]},{"@type":"ImageObject","inLanguage":"fr-FR","@id":"https:\/\/www.africa-press.net\/guinee-conakry\/politique\/le-general-doumbouya-inaugure-la-toute-premiere-ambassade-de-guinee-au-rwanda#primaryimage","url":"https:\/\/static.africa-press.net\/conakry\/sites\/63\/2024\/01\/Jokar1706417162.250276.jpg","contentUrl":"https:\/\/static.africa-press.net\/conakry\/sites\/63\/2024\/01\/Jokar1706417162.250276.jpg","width":1024,"height":682,"caption":"Le g\u00e9n\u00e9ral Doumbouya inaugure la toute premi\u00e8re ambassade de Guin\u00e9e au Rwanda"},{"@type":"BreadcrumbList","@id":"https:\/\/www.africa-press.net\/guinee-conakry\/politique\/le-general-doumbouya-inaugure-la-toute-premiere-ambassade-de-guinee-au-rwanda#breadcrumb","itemListElement":[{"@type":"ListItem","position":1,"name":"Accueil","item":"https:\/\/www.africa-press.net\/guinee-conakry\/"},{"@type":"ListItem","position":2,"name":"Le g\u00e9n\u00e9ral Doumbouya inaugure la toute premi\u00e8re ambassade de Guin\u00e9e au Rwanda"}]},{"@type":"WebSite","@id":"https:\/\/www.africa-press.net\/guinee-conakry\/#website","url":"https:\/\/www.africa-press.net\/guinee-conakry\/","name":"guinee Conakry","description":"Just another Africa News Agency Sites site","potentialAction":[{"@type":"SearchAction","target":{"@type":"EntryPoint","urlTemplate":"https:\/\/www.africa-press.net\/guinee-conakry\/?s={search_term_string}"},"query-input":{"@type":"PropertyValueSpecification","valueRequired":true,"valueName":"search_term_string"}}],"inLanguage":"fr-FR"},{"@type":"Person","@id":"https:\/\/www.africa-press.net\/guinee-conakry\/#\/schema\/person\/2b1cf3cd81a31e3cd26889ca66d677f1","name":"cfeditorfr"}]}},"_links":{"self":[{"href":"https:\/\/www.africa-press.net\/guinee-conakry\/wp-json\/wp\/v2\/posts\/18435","targetHints":{"allow":["GET"]}}],"collection":[{"href":"https:\/\/www.africa-press.net\/guinee-conakry\/wp-json\/wp\/v2\/posts"}],"about":[{"href":"https:\/\/www.africa-press.net\/guinee-conakry\/wp-json\/wp\/v2\/types\/post"}],"author":[{"embeddable":true,"href":"https:\/\/www.africa-press.net\/guinee-conakry\/wp-json\/wp\/v2\/users\/82"}],"replies":[{"embeddable":true,"href":"https:\/\/www.africa-press.net\/guinee-conakry\/wp-json\/wp\/v2\/comments?post=18435"}],"version-history":[{"count":0,"href":"https:\/\/www.africa-press.net\/guinee-conakry\/wp-json\/wp\/v2\/posts\/18435\/revisions"}],"wp:featuredmedia":[{"embeddable":true,"href":"https:\/\/www.africa-press.net\/guinee-conakry\/wp-json\/wp\/v2\/media\/18434"}],"wp:attachment":[{"href":"https:\/\/www.africa-press.net\/guinee-conakry\/wp-json\/wp\/v2\/media?parent=18435"}],"wp:term":[{"taxonomy":"category","embeddable":true,"href":"https:\/\/www.africa-press.net\/guinee-conakry\/wp-json\/wp\/v2\/categories?post=18435"},{"taxonomy":"post_tag","embeddable":true,"href":"https:\/\/www.africa-press.net\/guinee-conakry\/wp-json\/wp\/v2\/tags?post=18435"}],"curies":[{"name":"wp","href":"https:\/\/api.w.org\/{rel}","templated":true}]}}