{"id":18451,"date":"2024-01-28T08:32:00","date_gmt":"2024-01-28T08:32:00","guid":{"rendered":"https:\/\/www.africa-press.net\/guinee-conakry\/politique\/le-general-doumbouya-a-paul-kagame-vous-avez-cru-en-nous-vous-ne-vous-etes-pas-trompe"},"modified":"2024-01-28T08:32:00","modified_gmt":"2024-01-28T08:32:00","slug":"le-general-doumbouya-a-paul-kagame-vous-avez-cru-en-nous-vous-ne-vous-etes-pas-trompe","status":"publish","type":"post","link":"https:\/\/www.africa-press.net\/guinee-conakry\/politique\/le-general-doumbouya-a-paul-kagame-vous-avez-cru-en-nous-vous-ne-vous-etes-pas-trompe","title":{"rendered":"Le g\u00e9n\u00e9ral Doumbouya \u00e0 Paul Kagam\u00e9 : \u2018\u2019Vous avez cru en nous, vous ne vous \u00eates pas tromp\u00e9\u2019\u2019"},"content":{"rendered":"<p><span style=\"color: #ff6600\"><strong>Africa-Press &#8211; Guin\u00e9e. <\/strong><\/span><b>En se\u0301jour a\u0300 Kigali depuis le jeudi 25 janvier, le chef de l\u2019Etat guine\u0301en a e\u0301change\u0301 avec Paul Kagame\u0301 sur le renforcement de la coope\u0301ration entre les deux pays. Le ge\u0301ne\u0301ral Mamadi Doumbouya a remercie\u0301 le pre\u0301sident rwandais pour son soutien de\u0300s les premie\u0300res heures du coup d\u2019Etat du 5 septembre 2021.<\/b><\/p>\n<p>\u2018\u2019C\u2019est avec un re\u0301el plaisir que j\u2019ai rec\u0327u au mois d\u2019avril dernier mon fre\u0300re et aine\u0301 Son Excellence M. Paul Kagame\u0301 a\u0300 Conakry. Ma visite du travail et d\u2019amitie\u0301 a\u0300 Kigali s\u2019inscrit dans la volonte\u0301 de consolider davantage les relations entre nos deux pays, de renforcer les liens d\u2019amitie\u0301, de fraternite\u0301 entre nos peuples et la coope\u0301ration dans l\u2019esprit panafricain. Je remercie mon fre\u0300re pour cette invitation et le peuple rwandais pour l\u2019accueil chaleureux qui nous a e\u0301te\u0301 re\u0301serve\u0301 a\u0300 moi et a\u0300 ma de\u0301le\u0301gation\u2019\u2019, indique le chef de l\u2019Etat.<\/p>\n<p>Le ge\u0301ne\u0301ral Doumbouya a mis l\u2019occasion a\u0300 profit pour re\u0301ite\u0301rer \u2018\u2019toute notre volonte\u0301 de travailler avec vous. Parce que vous avez eu confiance en nous, vous e\u0302tes l\u2019un des premiers pre\u0301sidents a\u0300 se de\u0301placer, a\u0300 venir chez nous a\u0300 Conakry. Vous avez cru en nous, je pense since\u0300rement que vous ne vous e\u0302tes pas trompe\u0301. C\u2019est pour vous dire que le peuple de Guine\u0301e et tout son gouvernement, nous allons tout faire pour renforcer la coope\u0301ration qui existe de\u0301ja\u0300 entre nos deux pays\u2019\u2019.<\/p>\n<p>Since\u0300rement, dit le nume\u0301ro 1 guine\u0301en a\u0300 Paul Kagame\u0301 au micro de la DCI, \u2018\u2019c\u2019est un honneur pour moi d\u2019avoir une repre\u0301sentation a\u0300 Kigali. Vous avez pris toutes les dispositions pour l\u2019ouverture de notre ambassade. Nous avons fait pareil a\u0300 Conakry. J\u2019ai l\u2019autre fois dit a\u0300 votre ambassadeur qu\u2019il est chez lui. Parce que pour nous, Kigali et Conakry, c\u2019est la me\u0302me maison\u2019\u2019.<\/p>\n<p><b>Boussouriou Doumba<\/b><\/p>\n<p><strong>Pour plus d&rsquo;informations et d&rsquo;analyses sur la <a href=\"https:\/\/www.africa-press.net\/guinee-conakry\">Guin\u00e9e<\/a>, suivez <a href=\"https:\/\/www.africa-press.net\/\">Africa-Press<\/a><\/strong><\/p>\n","protected":false},"excerpt":{"rendered":"<p>Africa-Press &#8211; Guin\u00e9e. En se\u0301jour a\u0300 Kigali depuis le jeudi 25 janvier, le chef de l\u2019Etat guine\u0301en a e\u0301change\u0301 avec Paul Kagame\u0301 sur le renforcement de la coope\u0301ration entre les deux pays. Le ge\u0301ne\u0301ral Mamadi Doumbouya a remercie\u0301 le pre\u0301sident rwandais pour son soutien de\u0300s les premie\u0300res heures du coup d\u2019Etat du 5 septembre 2021. [&hellip;]<\/p>\n","protected":false},"author":82,"featured_media":18450,"comment_status":"open","ping_status":"closed","sticky":false,"template":"","format":"standard","meta":{"footnotes":""},"categories":[2,10],"tags":[36,57,58],"class_list":["post-18451","post","type-post","status-publish","format-standard","has-post-thumbnail","hentry","category-politique","category-toutes-les-actualites","tag-africa-press","tag-africa-press-guinee","tag-guinee"],"yoast_head":"<!-- This site is optimized with the Yoast SEO Premium plugin v26.1 (Yoast SEO v27.0) - https:\/\/yoast.com\/product\/yoast-seo-premium-wordpress\/ -->\n<title>Le g\u00e9n\u00e9ral Doumbouya \u00e0 Paul Kagam\u00e9 : \u2018\u2019Vous avez cru en nous, vous ne vous \u00eates pas tromp\u00e9\u2019\u2019 - guinee Conakry<\/title>\n<meta name=\"robots\" content=\"index, follow, max-snippet:-1, max-image-preview:large, max-video-preview:-1\" \/>\n<link rel=\"canonical\" href=\"https:\/\/www.africa-press.net\/guinee-conakry\/politique\/le-general-doumbouya-a-paul-kagame-vous-avez-cru-en-nous-vous-ne-vous-etes-pas-trompe\" \/>\n<meta property=\"og:locale\" content=\"fr_FR\" \/>\n<meta property=\"og:type\" content=\"article\" \/>\n<meta property=\"og:title\" content=\"Le g\u00e9n\u00e9ral Doumbouya \u00e0 Paul Kagam\u00e9 : \u2018\u2019Vous avez cru en nous, vous ne vous \u00eates pas tromp\u00e9\u2019\u2019\" \/>\n<meta property=\"og:description\" content=\"Africa-Press &#8211; Guin\u00e9e. En se\u0301jour a\u0300 Kigali depuis le jeudi 25 janvier, le chef de l\u2019Etat guine\u0301en a e\u0301change\u0301 avec Paul Kagame\u0301 sur le renforcement de la coope\u0301ration entre les deux pays. Le ge\u0301ne\u0301ral Mamadi Doumbouya a remercie\u0301 le pre\u0301sident rwandais pour son soutien de\u0300s les premie\u0300res heures du coup d\u2019Etat du 5 septembre 2021. [&hellip;]\" \/>\n<meta property=\"og:url\" content=\"https:\/\/www.africa-press.net\/guinee-conakry\/politique\/le-general-doumbouya-a-paul-kagame-vous-avez-cru-en-nous-vous-ne-vous-etes-pas-trompe\" \/>\n<meta property=\"og:site_name\" content=\"guinee Conakry\" \/>\n<meta property=\"article:published_time\" content=\"2024-01-28T08:32:00+00:00\" \/>\n<meta name=\"author\" content=\"cfeditorfr\" \/>\n<meta name=\"twitter:card\" content=\"summary_large_image\" \/>\n<meta name=\"twitter:label1\" content=\"\u00c9crit par\" \/>\n\t<meta name=\"twitter:data1\" content=\"cfeditorfr\" \/>\n\t<meta name=\"twitter:label2\" content=\"Dur\u00e9e de lecture estim\u00e9e\" \/>\n\t<meta name=\"twitter:data2\" content=\"2 minutes\" \/>\n<script type=\"application\/ld+json\" class=\"yoast-schema-graph\">{\"@context\":\"https:\/\/schema.org\",\"@graph\":[{\"@type\":\"Article\",\"@id\":\"https:\/\/www.africa-press.net\/guinee-conakry\/politique\/le-general-doumbouya-a-paul-kagame-vous-avez-cru-en-nous-vous-ne-vous-etes-pas-trompe#article\",\"isPartOf\":{\"@id\":\"https:\/\/www.africa-press.net\/guinee-conakry\/politique\/le-general-doumbouya-a-paul-kagame-vous-avez-cru-en-nous-vous-ne-vous-etes-pas-trompe\"},\"author\":{\"name\":\"cfeditorfr\",\"@id\":\"https:\/\/www.africa-press.net\/guinee-conakry\/#\/schema\/person\/2b1cf3cd81a31e3cd26889ca66d677f1\"},\"headline\":\"Le g\u00e9n\u00e9ral Doumbouya \u00e0 Paul Kagam\u00e9 : \u2018\u2019Vous avez cru en nous, vous ne vous \u00eates pas tromp\u00e9\u2019\u2019\",\"datePublished\":\"2024-01-28T08:32:00+00:00\",\"mainEntityOfPage\":{\"@id\":\"https:\/\/www.africa-press.net\/guinee-conakry\/politique\/le-general-doumbouya-a-paul-kagame-vous-avez-cru-en-nous-vous-ne-vous-etes-pas-trompe\"},\"wordCount\":377,\"commentCount\":0,\"image\":{\"@id\":\"https:\/\/www.africa-press.net\/guinee-conakry\/politique\/le-general-doumbouya-a-paul-kagame-vous-avez-cru-en-nous-vous-ne-vous-etes-pas-trompe#primaryimage\"},\"thumbnailUrl\":\"https:\/\/static.africa-press.net\/conakry\/sites\/63\/2024\/01\/Jokar1706418135.504798.jpg\",\"keywords\":[\"Africa Press\",\"Africa Press-Guin\u00e9e\",\"Guin\u00e9e\"],\"articleSection\":[\"Politique\",\"Toutes les actualit\u00e9s\"],\"inLanguage\":\"fr-FR\",\"potentialAction\":[{\"@type\":\"CommentAction\",\"name\":\"Comment\",\"target\":[\"https:\/\/www.africa-press.net\/guinee-conakry\/politique\/le-general-doumbouya-a-paul-kagame-vous-avez-cru-en-nous-vous-ne-vous-etes-pas-trompe#respond\"]}]},{\"@type\":\"WebPage\",\"@id\":\"https:\/\/www.africa-press.net\/guinee-conakry\/politique\/le-general-doumbouya-a-paul-kagame-vous-avez-cru-en-nous-vous-ne-vous-etes-pas-trompe\",\"url\":\"https:\/\/www.africa-press.net\/guinee-conakry\/politique\/le-general-doumbouya-a-paul-kagame-vous-avez-cru-en-nous-vous-ne-vous-etes-pas-trompe\",\"name\":\"Le g\u00e9n\u00e9ral Doumbouya \u00e0 Paul Kagam\u00e9 : \u2018\u2019Vous avez cru en nous, vous ne vous \u00eates pas tromp\u00e9\u2019\u2019 - guinee Conakry\",\"isPartOf\":{\"@id\":\"https:\/\/www.africa-press.net\/guinee-conakry\/#website\"},\"primaryImageOfPage\":{\"@id\":\"https:\/\/www.africa-press.net\/guinee-conakry\/politique\/le-general-doumbouya-a-paul-kagame-vous-avez-cru-en-nous-vous-ne-vous-etes-pas-trompe#primaryimage\"},\"image\":{\"@id\":\"https:\/\/www.africa-press.net\/guinee-conakry\/politique\/le-general-doumbouya-a-paul-kagame-vous-avez-cru-en-nous-vous-ne-vous-etes-pas-trompe#primaryimage\"},\"thumbnailUrl\":\"https:\/\/static.africa-press.net\/conakry\/sites\/63\/2024\/01\/Jokar1706418135.504798.jpg\",\"datePublished\":\"2024-01-28T08:32:00+00:00\",\"author\":{\"@id\":\"https:\/\/www.africa-press.net\/guinee-conakry\/#\/schema\/person\/2b1cf3cd81a31e3cd26889ca66d677f1\"},\"breadcrumb\":{\"@id\":\"https:\/\/www.africa-press.net\/guinee-conakry\/politique\/le-general-doumbouya-a-paul-kagame-vous-avez-cru-en-nous-vous-ne-vous-etes-pas-trompe#breadcrumb\"},\"inLanguage\":\"fr-FR\",\"potentialAction\":[{\"@type\":\"ReadAction\",\"target\":[\"https:\/\/www.africa-press.net\/guinee-conakry\/politique\/le-general-doumbouya-a-paul-kagame-vous-avez-cru-en-nous-vous-ne-vous-etes-pas-trompe\"]}]},{\"@type\":\"ImageObject\",\"inLanguage\":\"fr-FR\",\"@id\":\"https:\/\/www.africa-press.net\/guinee-conakry\/politique\/le-general-doumbouya-a-paul-kagame-vous-avez-cru-en-nous-vous-ne-vous-etes-pas-trompe#primaryimage\",\"url\":\"https:\/\/static.africa-press.net\/conakry\/sites\/63\/2024\/01\/Jokar1706418135.504798.jpg\",\"contentUrl\":\"https:\/\/static.africa-press.net\/conakry\/sites\/63\/2024\/01\/Jokar1706418135.504798.jpg\",\"width\":1024,\"height\":682,\"caption\":\"Le g\u00e9n\u00e9ral Doumbouya \u00e0 Paul Kagam\u00e9 : \u2018\u2019Vous avez cru en nous, vous ne vous \u00eates pas tromp\u00e9\u2019\u2019\"},{\"@type\":\"BreadcrumbList\",\"@id\":\"https:\/\/www.africa-press.net\/guinee-conakry\/politique\/le-general-doumbouya-a-paul-kagame-vous-avez-cru-en-nous-vous-ne-vous-etes-pas-trompe#breadcrumb\",\"itemListElement\":[{\"@type\":\"ListItem\",\"position\":1,\"name\":\"Accueil\",\"item\":\"https:\/\/www.africa-press.net\/guinee-conakry\/\"},{\"@type\":\"ListItem\",\"position\":2,\"name\":\"Le g\u00e9n\u00e9ral Doumbouya \u00e0 Paul Kagam\u00e9 : \u2018\u2019Vous avez cru en nous, vous ne vous \u00eates pas tromp\u00e9\u2019\u2019\"}]},{\"@type\":\"WebSite\",\"@id\":\"https:\/\/www.africa-press.net\/guinee-conakry\/#website\",\"url\":\"https:\/\/www.africa-press.net\/guinee-conakry\/\",\"name\":\"guinee Conakry\",\"description\":\"Just another Africa News Agency Sites site\",\"potentialAction\":[{\"@type\":\"SearchAction\",\"target\":{\"@type\":\"EntryPoint\",\"urlTemplate\":\"https:\/\/www.africa-press.net\/guinee-conakry\/?s={search_term_string}\"},\"query-input\":{\"@type\":\"PropertyValueSpecification\",\"valueRequired\":true,\"valueName\":\"search_term_string\"}}],\"inLanguage\":\"fr-FR\"},{\"@type\":\"Person\",\"@id\":\"https:\/\/www.africa-press.net\/guinee-conakry\/#\/schema\/person\/2b1cf3cd81a31e3cd26889ca66d677f1\",\"name\":\"cfeditorfr\"}]}<\/script>\n<!-- \/ Yoast SEO Premium plugin. -->","yoast_head_json":{"title":"Le g\u00e9n\u00e9ral Doumbouya \u00e0 Paul Kagam\u00e9 : \u2018\u2019Vous avez cru en nous, vous ne vous \u00eates pas tromp\u00e9\u2019\u2019 - guinee Conakry","robots":{"index":"index","follow":"follow","max-snippet":"max-snippet:-1","max-image-preview":"max-image-preview:large","max-video-preview":"max-video-preview:-1"},"canonical":"https:\/\/www.africa-press.net\/guinee-conakry\/politique\/le-general-doumbouya-a-paul-kagame-vous-avez-cru-en-nous-vous-ne-vous-etes-pas-trompe","og_locale":"fr_FR","og_type":"article","og_title":"Le g\u00e9n\u00e9ral Doumbouya \u00e0 Paul Kagam\u00e9 : \u2018\u2019Vous avez cru en nous, vous ne vous \u00eates pas tromp\u00e9\u2019\u2019","og_description":"Africa-Press &#8211; Guin\u00e9e. En se\u0301jour a\u0300 Kigali depuis le jeudi 25 janvier, le chef de l\u2019Etat guine\u0301en a e\u0301change\u0301 avec Paul Kagame\u0301 sur le renforcement de la coope\u0301ration entre les deux pays. Le ge\u0301ne\u0301ral Mamadi Doumbouya a remercie\u0301 le pre\u0301sident rwandais pour son soutien de\u0300s les premie\u0300res heures du coup d\u2019Etat du 5 septembre 2021. [&hellip;]","og_url":"https:\/\/www.africa-press.net\/guinee-conakry\/politique\/le-general-doumbouya-a-paul-kagame-vous-avez-cru-en-nous-vous-ne-vous-etes-pas-trompe","og_site_name":"guinee Conakry","article_published_time":"2024-01-28T08:32:00+00:00","author":"cfeditorfr","twitter_card":"summary_large_image","twitter_misc":{"\u00c9crit par":"cfeditorfr","Dur\u00e9e de lecture estim\u00e9e":"2 minutes"},"schema":{"@context":"https:\/\/schema.org","@graph":[{"@type":"Article","@id":"https:\/\/www.africa-press.net\/guinee-conakry\/politique\/le-general-doumbouya-a-paul-kagame-vous-avez-cru-en-nous-vous-ne-vous-etes-pas-trompe#article","isPartOf":{"@id":"https:\/\/www.africa-press.net\/guinee-conakry\/politique\/le-general-doumbouya-a-paul-kagame-vous-avez-cru-en-nous-vous-ne-vous-etes-pas-trompe"},"author":{"name":"cfeditorfr","@id":"https:\/\/www.africa-press.net\/guinee-conakry\/#\/schema\/person\/2b1cf3cd81a31e3cd26889ca66d677f1"},"headline":"Le g\u00e9n\u00e9ral Doumbouya \u00e0 Paul Kagam\u00e9 : \u2018\u2019Vous avez cru en nous, vous ne vous \u00eates pas tromp\u00e9\u2019\u2019","datePublished":"2024-01-28T08:32:00+00:00","mainEntityOfPage":{"@id":"https:\/\/www.africa-press.net\/guinee-conakry\/politique\/le-general-doumbouya-a-paul-kagame-vous-avez-cru-en-nous-vous-ne-vous-etes-pas-trompe"},"wordCount":377,"commentCount":0,"image":{"@id":"https:\/\/www.africa-press.net\/guinee-conakry\/politique\/le-general-doumbouya-a-paul-kagame-vous-avez-cru-en-nous-vous-ne-vous-etes-pas-trompe#primaryimage"},"thumbnailUrl":"https:\/\/static.africa-press.net\/conakry\/sites\/63\/2024\/01\/Jokar1706418135.504798.jpg","keywords":["Africa Press","Africa Press-Guin\u00e9e","Guin\u00e9e"],"articleSection":["Politique","Toutes les actualit\u00e9s"],"inLanguage":"fr-FR","potentialAction":[{"@type":"CommentAction","name":"Comment","target":["https:\/\/www.africa-press.net\/guinee-conakry\/politique\/le-general-doumbouya-a-paul-kagame-vous-avez-cru-en-nous-vous-ne-vous-etes-pas-trompe#respond"]}]},{"@type":"WebPage","@id":"https:\/\/www.africa-press.net\/guinee-conakry\/politique\/le-general-doumbouya-a-paul-kagame-vous-avez-cru-en-nous-vous-ne-vous-etes-pas-trompe","url":"https:\/\/www.africa-press.net\/guinee-conakry\/politique\/le-general-doumbouya-a-paul-kagame-vous-avez-cru-en-nous-vous-ne-vous-etes-pas-trompe","name":"Le g\u00e9n\u00e9ral Doumbouya \u00e0 Paul Kagam\u00e9 : \u2018\u2019Vous avez cru en nous, vous ne vous \u00eates pas tromp\u00e9\u2019\u2019 - guinee Conakry","isPartOf":{"@id":"https:\/\/www.africa-press.net\/guinee-conakry\/#website"},"primaryImageOfPage":{"@id":"https:\/\/www.africa-press.net\/guinee-conakry\/politique\/le-general-doumbouya-a-paul-kagame-vous-avez-cru-en-nous-vous-ne-vous-etes-pas-trompe#primaryimage"},"image":{"@id":"https:\/\/www.africa-press.net\/guinee-conakry\/politique\/le-general-doumbouya-a-paul-kagame-vous-avez-cru-en-nous-vous-ne-vous-etes-pas-trompe#primaryimage"},"thumbnailUrl":"https:\/\/static.africa-press.net\/conakry\/sites\/63\/2024\/01\/Jokar1706418135.504798.jpg","datePublished":"2024-01-28T08:32:00+00:00","author":{"@id":"https:\/\/www.africa-press.net\/guinee-conakry\/#\/schema\/person\/2b1cf3cd81a31e3cd26889ca66d677f1"},"breadcrumb":{"@id":"https:\/\/www.africa-press.net\/guinee-conakry\/politique\/le-general-doumbouya-a-paul-kagame-vous-avez-cru-en-nous-vous-ne-vous-etes-pas-trompe#breadcrumb"},"inLanguage":"fr-FR","potentialAction":[{"@type":"ReadAction","target":["https:\/\/www.africa-press.net\/guinee-conakry\/politique\/le-general-doumbouya-a-paul-kagame-vous-avez-cru-en-nous-vous-ne-vous-etes-pas-trompe"]}]},{"@type":"ImageObject","inLanguage":"fr-FR","@id":"https:\/\/www.africa-press.net\/guinee-conakry\/politique\/le-general-doumbouya-a-paul-kagame-vous-avez-cru-en-nous-vous-ne-vous-etes-pas-trompe#primaryimage","url":"https:\/\/static.africa-press.net\/conakry\/sites\/63\/2024\/01\/Jokar1706418135.504798.jpg","contentUrl":"https:\/\/static.africa-press.net\/conakry\/sites\/63\/2024\/01\/Jokar1706418135.504798.jpg","width":1024,"height":682,"caption":"Le g\u00e9n\u00e9ral Doumbouya \u00e0 Paul Kagam\u00e9 : \u2018\u2019Vous avez cru en nous, vous ne vous \u00eates pas tromp\u00e9\u2019\u2019"},{"@type":"BreadcrumbList","@id":"https:\/\/www.africa-press.net\/guinee-conakry\/politique\/le-general-doumbouya-a-paul-kagame-vous-avez-cru-en-nous-vous-ne-vous-etes-pas-trompe#breadcrumb","itemListElement":[{"@type":"ListItem","position":1,"name":"Accueil","item":"https:\/\/www.africa-press.net\/guinee-conakry\/"},{"@type":"ListItem","position":2,"name":"Le g\u00e9n\u00e9ral Doumbouya \u00e0 Paul Kagam\u00e9 : \u2018\u2019Vous avez cru en nous, vous ne vous \u00eates pas tromp\u00e9\u2019\u2019"}]},{"@type":"WebSite","@id":"https:\/\/www.africa-press.net\/guinee-conakry\/#website","url":"https:\/\/www.africa-press.net\/guinee-conakry\/","name":"guinee Conakry","description":"Just another Africa News Agency Sites site","potentialAction":[{"@type":"SearchAction","target":{"@type":"EntryPoint","urlTemplate":"https:\/\/www.africa-press.net\/guinee-conakry\/?s={search_term_string}"},"query-input":{"@type":"PropertyValueSpecification","valueRequired":true,"valueName":"search_term_string"}}],"inLanguage":"fr-FR"},{"@type":"Person","@id":"https:\/\/www.africa-press.net\/guinee-conakry\/#\/schema\/person\/2b1cf3cd81a31e3cd26889ca66d677f1","name":"cfeditorfr"}]}},"_links":{"self":[{"href":"https:\/\/www.africa-press.net\/guinee-conakry\/wp-json\/wp\/v2\/posts\/18451","targetHints":{"allow":["GET"]}}],"collection":[{"href":"https:\/\/www.africa-press.net\/guinee-conakry\/wp-json\/wp\/v2\/posts"}],"about":[{"href":"https:\/\/www.africa-press.net\/guinee-conakry\/wp-json\/wp\/v2\/types\/post"}],"author":[{"embeddable":true,"href":"https:\/\/www.africa-press.net\/guinee-conakry\/wp-json\/wp\/v2\/users\/82"}],"replies":[{"embeddable":true,"href":"https:\/\/www.africa-press.net\/guinee-conakry\/wp-json\/wp\/v2\/comments?post=18451"}],"version-history":[{"count":0,"href":"https:\/\/www.africa-press.net\/guinee-conakry\/wp-json\/wp\/v2\/posts\/18451\/revisions"}],"wp:featuredmedia":[{"embeddable":true,"href":"https:\/\/www.africa-press.net\/guinee-conakry\/wp-json\/wp\/v2\/media\/18450"}],"wp:attachment":[{"href":"https:\/\/www.africa-press.net\/guinee-conakry\/wp-json\/wp\/v2\/media?parent=18451"}],"wp:term":[{"taxonomy":"category","embeddable":true,"href":"https:\/\/www.africa-press.net\/guinee-conakry\/wp-json\/wp\/v2\/categories?post=18451"},{"taxonomy":"post_tag","embeddable":true,"href":"https:\/\/www.africa-press.net\/guinee-conakry\/wp-json\/wp\/v2\/tags?post=18451"}],"curies":[{"name":"wp","href":"https:\/\/api.w.org\/{rel}","templated":true}]}}