{"id":18470,"date":"2024-01-29T21:08:00","date_gmt":"2024-01-29T21:08:00","guid":{"rendered":"https:\/\/www.africa-press.net\/guinee-conakry\/politique\/lufdg-appelle-les-guineens-a-sunir-pour-que-doumbouya-ne-fasse-pas-une-seconde-de-plus-au-pouvoir"},"modified":"2024-01-29T21:08:00","modified_gmt":"2024-01-29T21:08:00","slug":"lufdg-appelle-les-guineens-a-sunir-pour-que-doumbouya-ne-fasse-pas-une-seconde-de-plus-au-pouvoir","status":"publish","type":"post","link":"https:\/\/www.africa-press.net\/guinee-conakry\/politique\/lufdg-appelle-les-guineens-a-sunir-pour-que-doumbouya-ne-fasse-pas-une-seconde-de-plus-au-pouvoir","title":{"rendered":"L\u2019UFDG appelle les guin\u00e9ens \u00e0 s\u2019unir pour que Doumbouya \u201cne fasse pas une seconde de plus au pouvoir\u201d"},"content":{"rendered":"<p><span style=\"color: #ff6600\"><strong>Africa-Press &#8211; Guin\u00e9e. <\/strong><\/span><b>L\u2019Union des forces de\u0301mocratiques de Guine\u0301e (UFDG) est contre le remplacement des conseillers communaux par des de\u0301le\u0301gue\u0301s spe\u0301ciaux. Le responsable des coordinations du parti a\u0300 l\u2019inte\u0301rieur du pays appelle a\u0300 l\u2019unite\u0301 des guine\u0301ens pour barrer la route a\u0300 la junte.<\/b><\/p>\n<p>Selon Cellou Balde\u0301, \u201cils veulent utiliser la force pour enlever les e\u0301lus que les populations ont choisi. Ils vont choisir d\u2019autres qui obe\u0301issent a\u0300 leurs ordres comme ils l\u2019ont fait au niveau des gouvernorats, pre\u0301fectures, sous-pre\u0301fectures et dans une certaine mesure, au niveau du CNT\u201d.<\/p>\n<p>Il apprend a\u0300 la junte que \u201cles conseillers e\u0301lus le 4 fe\u0301vrier 2018 et installe\u0301s une anne\u0301e apre\u0300s, restent et demeurent les repre\u0301sentants le\u0301gaux et le\u0301gitimes du peuple de Guine\u0301e au niveau des collectivite\u0301s locales\u201d.<\/p>\n<p>L\u2019ancien de\u0301pute\u0301 de Labe\u0301 estime qu\u2019il est temps pour le CNRD de comprendre que \u201ctrop, c\u2019est trop. Le peuple n\u2019est pas dupe. Le peuple de Guine\u0301e n\u2019est pas un peuple mouton. Il ne faut pas abuser de notre patience\u201d avant d\u2019appeler ses compatriotes a\u0300 se mobiliser pour \u201cdire non a\u0300 ce syste\u0300me qui nous gouverne\u201d.<\/p>\n<p>\u201cPrenons nos responsabilite\u0301s. Soyons solidaires. Soyons ensemble pour exiger le respect du calendrier dynamique de 24 ans. Apre\u0300s le 31 de\u0301cembre 2024, que le colonel Doumbouya ne fasse pas une seconde de plus au pouvoir\u201d, lance-t-il, tout en rappelant que \u201cle porte-parole du gouvernement avait dit et re\u0301ite\u0301re\u0301 que le colonel ne fera pas 30 secondes de plus au pouvoir\u201d.<\/p>\n<p><b>Abdoulaye Bella DIALLO<\/b><\/p>\n<p><strong>Pour plus d&rsquo;informations et d&rsquo;analyses sur la <a href=\"https:\/\/www.africa-press.net\/guinee-conakry\">Guin\u00e9e<\/a>, suivez <a href=\"https:\/\/www.africa-press.net\/\">Africa-Press<\/a><\/strong><\/p>\n","protected":false},"excerpt":{"rendered":"<p>Africa-Press &#8211; Guin\u00e9e. L\u2019Union des forces de\u0301mocratiques de Guine\u0301e (UFDG) est contre le remplacement des conseillers communaux par des de\u0301le\u0301gue\u0301s spe\u0301ciaux. Le responsable des coordinations du parti a\u0300 l\u2019inte\u0301rieur du pays appelle a\u0300 l\u2019unite\u0301 des guine\u0301ens pour barrer la route a\u0300 la junte. Selon Cellou Balde\u0301, \u201cils veulent utiliser la force pour enlever les e\u0301lus [&hellip;]<\/p>\n","protected":false},"author":82,"featured_media":18469,"comment_status":"open","ping_status":"closed","sticky":false,"template":"","format":"standard","meta":{"footnotes":""},"categories":[2,10],"tags":[36,57,58],"class_list":["post-18470","post","type-post","status-publish","format-standard","has-post-thumbnail","hentry","category-politique","category-toutes-les-actualites","tag-africa-press","tag-africa-press-guinee","tag-guinee"],"yoast_head":"<!-- This site is optimized with the Yoast SEO Premium plugin v26.1 (Yoast SEO v27.0) - https:\/\/yoast.com\/product\/yoast-seo-premium-wordpress\/ -->\n<title>L\u2019UFDG appelle les guin\u00e9ens \u00e0 s\u2019unir pour que Doumbouya \u201cne fasse pas une seconde de plus au pouvoir\u201d - guinee Conakry<\/title>\n<meta name=\"robots\" content=\"index, follow, max-snippet:-1, max-image-preview:large, max-video-preview:-1\" \/>\n<link rel=\"canonical\" href=\"https:\/\/www.africa-press.net\/guinee-conakry\/politique\/lufdg-appelle-les-guineens-a-sunir-pour-que-doumbouya-ne-fasse-pas-une-seconde-de-plus-au-pouvoir\" \/>\n<meta property=\"og:locale\" content=\"fr_FR\" \/>\n<meta property=\"og:type\" content=\"article\" \/>\n<meta property=\"og:title\" content=\"L\u2019UFDG appelle les guin\u00e9ens \u00e0 s\u2019unir pour que Doumbouya \u201cne fasse pas une seconde de plus au pouvoir\u201d\" \/>\n<meta property=\"og:description\" content=\"Africa-Press &#8211; Guin\u00e9e. L\u2019Union des forces de\u0301mocratiques de Guine\u0301e (UFDG) est contre le remplacement des conseillers communaux par des de\u0301le\u0301gue\u0301s spe\u0301ciaux. Le responsable des coordinations du parti a\u0300 l\u2019inte\u0301rieur du pays appelle a\u0300 l\u2019unite\u0301 des guine\u0301ens pour barrer la route a\u0300 la junte. Selon Cellou Balde\u0301, \u201cils veulent utiliser la force pour enlever les e\u0301lus [&hellip;]\" \/>\n<meta property=\"og:url\" content=\"https:\/\/www.africa-press.net\/guinee-conakry\/politique\/lufdg-appelle-les-guineens-a-sunir-pour-que-doumbouya-ne-fasse-pas-une-seconde-de-plus-au-pouvoir\" \/>\n<meta property=\"og:site_name\" content=\"guinee Conakry\" \/>\n<meta property=\"article:published_time\" content=\"2024-01-29T21:08:00+00:00\" \/>\n<meta name=\"author\" content=\"cfeditorfr\" \/>\n<meta name=\"twitter:card\" content=\"summary_large_image\" \/>\n<meta name=\"twitter:label1\" content=\"\u00c9crit par\" \/>\n\t<meta name=\"twitter:data1\" content=\"cfeditorfr\" \/>\n\t<meta name=\"twitter:label2\" content=\"Dur\u00e9e de lecture estim\u00e9e\" \/>\n\t<meta name=\"twitter:data2\" content=\"1 minute\" \/>\n<script type=\"application\/ld+json\" class=\"yoast-schema-graph\">{\"@context\":\"https:\/\/schema.org\",\"@graph\":[{\"@type\":\"Article\",\"@id\":\"https:\/\/www.africa-press.net\/guinee-conakry\/politique\/lufdg-appelle-les-guineens-a-sunir-pour-que-doumbouya-ne-fasse-pas-une-seconde-de-plus-au-pouvoir#article\",\"isPartOf\":{\"@id\":\"https:\/\/www.africa-press.net\/guinee-conakry\/politique\/lufdg-appelle-les-guineens-a-sunir-pour-que-doumbouya-ne-fasse-pas-une-seconde-de-plus-au-pouvoir\"},\"author\":{\"name\":\"cfeditorfr\",\"@id\":\"https:\/\/www.africa-press.net\/guinee-conakry\/#\/schema\/person\/2b1cf3cd81a31e3cd26889ca66d677f1\"},\"headline\":\"L\u2019UFDG appelle les guin\u00e9ens \u00e0 s\u2019unir pour que Doumbouya \u201cne fasse pas une seconde de plus au pouvoir\u201d\",\"datePublished\":\"2024-01-29T21:08:00+00:00\",\"mainEntityOfPage\":{\"@id\":\"https:\/\/www.africa-press.net\/guinee-conakry\/politique\/lufdg-appelle-les-guineens-a-sunir-pour-que-doumbouya-ne-fasse-pas-une-seconde-de-plus-au-pouvoir\"},\"wordCount\":310,\"commentCount\":0,\"image\":{\"@id\":\"https:\/\/www.africa-press.net\/guinee-conakry\/politique\/lufdg-appelle-les-guineens-a-sunir-pour-que-doumbouya-ne-fasse-pas-une-seconde-de-plus-au-pouvoir#primaryimage\"},\"thumbnailUrl\":\"https:\/\/static.africa-press.net\/conakry\/sites\/63\/2024\/01\/Jokar1706549925.856735.jpg\",\"keywords\":[\"Africa Press\",\"Africa Press-Guin\u00e9e\",\"Guin\u00e9e\"],\"articleSection\":[\"Politique\",\"Toutes les actualit\u00e9s\"],\"inLanguage\":\"fr-FR\",\"potentialAction\":[{\"@type\":\"CommentAction\",\"name\":\"Comment\",\"target\":[\"https:\/\/www.africa-press.net\/guinee-conakry\/politique\/lufdg-appelle-les-guineens-a-sunir-pour-que-doumbouya-ne-fasse-pas-une-seconde-de-plus-au-pouvoir#respond\"]}]},{\"@type\":\"WebPage\",\"@id\":\"https:\/\/www.africa-press.net\/guinee-conakry\/politique\/lufdg-appelle-les-guineens-a-sunir-pour-que-doumbouya-ne-fasse-pas-une-seconde-de-plus-au-pouvoir\",\"url\":\"https:\/\/www.africa-press.net\/guinee-conakry\/politique\/lufdg-appelle-les-guineens-a-sunir-pour-que-doumbouya-ne-fasse-pas-une-seconde-de-plus-au-pouvoir\",\"name\":\"L\u2019UFDG appelle les guin\u00e9ens \u00e0 s\u2019unir pour que Doumbouya \u201cne fasse pas une seconde de plus au pouvoir\u201d - guinee Conakry\",\"isPartOf\":{\"@id\":\"https:\/\/www.africa-press.net\/guinee-conakry\/#website\"},\"primaryImageOfPage\":{\"@id\":\"https:\/\/www.africa-press.net\/guinee-conakry\/politique\/lufdg-appelle-les-guineens-a-sunir-pour-que-doumbouya-ne-fasse-pas-une-seconde-de-plus-au-pouvoir#primaryimage\"},\"image\":{\"@id\":\"https:\/\/www.africa-press.net\/guinee-conakry\/politique\/lufdg-appelle-les-guineens-a-sunir-pour-que-doumbouya-ne-fasse-pas-une-seconde-de-plus-au-pouvoir#primaryimage\"},\"thumbnailUrl\":\"https:\/\/static.africa-press.net\/conakry\/sites\/63\/2024\/01\/Jokar1706549925.856735.jpg\",\"datePublished\":\"2024-01-29T21:08:00+00:00\",\"author\":{\"@id\":\"https:\/\/www.africa-press.net\/guinee-conakry\/#\/schema\/person\/2b1cf3cd81a31e3cd26889ca66d677f1\"},\"breadcrumb\":{\"@id\":\"https:\/\/www.africa-press.net\/guinee-conakry\/politique\/lufdg-appelle-les-guineens-a-sunir-pour-que-doumbouya-ne-fasse-pas-une-seconde-de-plus-au-pouvoir#breadcrumb\"},\"inLanguage\":\"fr-FR\",\"potentialAction\":[{\"@type\":\"ReadAction\",\"target\":[\"https:\/\/www.africa-press.net\/guinee-conakry\/politique\/lufdg-appelle-les-guineens-a-sunir-pour-que-doumbouya-ne-fasse-pas-une-seconde-de-plus-au-pouvoir\"]}]},{\"@type\":\"ImageObject\",\"inLanguage\":\"fr-FR\",\"@id\":\"https:\/\/www.africa-press.net\/guinee-conakry\/politique\/lufdg-appelle-les-guineens-a-sunir-pour-que-doumbouya-ne-fasse-pas-une-seconde-de-plus-au-pouvoir#primaryimage\",\"url\":\"https:\/\/static.africa-press.net\/conakry\/sites\/63\/2024\/01\/Jokar1706549925.856735.jpg\",\"contentUrl\":\"https:\/\/static.africa-press.net\/conakry\/sites\/63\/2024\/01\/Jokar1706549925.856735.jpg\",\"width\":1024,\"height\":682,\"caption\":\"L\u2019UFDG appelle les guin\u00e9ens \u00e0 s\u2019unir pour que Doumbouya \u201cne fasse pas une seconde de plus au pouvoir\u201d\"},{\"@type\":\"BreadcrumbList\",\"@id\":\"https:\/\/www.africa-press.net\/guinee-conakry\/politique\/lufdg-appelle-les-guineens-a-sunir-pour-que-doumbouya-ne-fasse-pas-une-seconde-de-plus-au-pouvoir#breadcrumb\",\"itemListElement\":[{\"@type\":\"ListItem\",\"position\":1,\"name\":\"Accueil\",\"item\":\"https:\/\/www.africa-press.net\/guinee-conakry\/\"},{\"@type\":\"ListItem\",\"position\":2,\"name\":\"L\u2019UFDG appelle les guin\u00e9ens \u00e0 s\u2019unir pour que Doumbouya \u201cne fasse pas une seconde de plus au pouvoir\u201d\"}]},{\"@type\":\"WebSite\",\"@id\":\"https:\/\/www.africa-press.net\/guinee-conakry\/#website\",\"url\":\"https:\/\/www.africa-press.net\/guinee-conakry\/\",\"name\":\"guinee Conakry\",\"description\":\"Just another Africa News Agency Sites site\",\"potentialAction\":[{\"@type\":\"SearchAction\",\"target\":{\"@type\":\"EntryPoint\",\"urlTemplate\":\"https:\/\/www.africa-press.net\/guinee-conakry\/?s={search_term_string}\"},\"query-input\":{\"@type\":\"PropertyValueSpecification\",\"valueRequired\":true,\"valueName\":\"search_term_string\"}}],\"inLanguage\":\"fr-FR\"},{\"@type\":\"Person\",\"@id\":\"https:\/\/www.africa-press.net\/guinee-conakry\/#\/schema\/person\/2b1cf3cd81a31e3cd26889ca66d677f1\",\"name\":\"cfeditorfr\"}]}<\/script>\n<!-- \/ Yoast SEO Premium plugin. -->","yoast_head_json":{"title":"L\u2019UFDG appelle les guin\u00e9ens \u00e0 s\u2019unir pour que Doumbouya \u201cne fasse pas une seconde de plus au pouvoir\u201d - guinee Conakry","robots":{"index":"index","follow":"follow","max-snippet":"max-snippet:-1","max-image-preview":"max-image-preview:large","max-video-preview":"max-video-preview:-1"},"canonical":"https:\/\/www.africa-press.net\/guinee-conakry\/politique\/lufdg-appelle-les-guineens-a-sunir-pour-que-doumbouya-ne-fasse-pas-une-seconde-de-plus-au-pouvoir","og_locale":"fr_FR","og_type":"article","og_title":"L\u2019UFDG appelle les guin\u00e9ens \u00e0 s\u2019unir pour que Doumbouya \u201cne fasse pas une seconde de plus au pouvoir\u201d","og_description":"Africa-Press &#8211; Guin\u00e9e. L\u2019Union des forces de\u0301mocratiques de Guine\u0301e (UFDG) est contre le remplacement des conseillers communaux par des de\u0301le\u0301gue\u0301s spe\u0301ciaux. Le responsable des coordinations du parti a\u0300 l\u2019inte\u0301rieur du pays appelle a\u0300 l\u2019unite\u0301 des guine\u0301ens pour barrer la route a\u0300 la junte. Selon Cellou Balde\u0301, \u201cils veulent utiliser la force pour enlever les e\u0301lus [&hellip;]","og_url":"https:\/\/www.africa-press.net\/guinee-conakry\/politique\/lufdg-appelle-les-guineens-a-sunir-pour-que-doumbouya-ne-fasse-pas-une-seconde-de-plus-au-pouvoir","og_site_name":"guinee Conakry","article_published_time":"2024-01-29T21:08:00+00:00","author":"cfeditorfr","twitter_card":"summary_large_image","twitter_misc":{"\u00c9crit par":"cfeditorfr","Dur\u00e9e de lecture estim\u00e9e":"1 minute"},"schema":{"@context":"https:\/\/schema.org","@graph":[{"@type":"Article","@id":"https:\/\/www.africa-press.net\/guinee-conakry\/politique\/lufdg-appelle-les-guineens-a-sunir-pour-que-doumbouya-ne-fasse-pas-une-seconde-de-plus-au-pouvoir#article","isPartOf":{"@id":"https:\/\/www.africa-press.net\/guinee-conakry\/politique\/lufdg-appelle-les-guineens-a-sunir-pour-que-doumbouya-ne-fasse-pas-une-seconde-de-plus-au-pouvoir"},"author":{"name":"cfeditorfr","@id":"https:\/\/www.africa-press.net\/guinee-conakry\/#\/schema\/person\/2b1cf3cd81a31e3cd26889ca66d677f1"},"headline":"L\u2019UFDG appelle les guin\u00e9ens \u00e0 s\u2019unir pour que Doumbouya \u201cne fasse pas une seconde de plus au pouvoir\u201d","datePublished":"2024-01-29T21:08:00+00:00","mainEntityOfPage":{"@id":"https:\/\/www.africa-press.net\/guinee-conakry\/politique\/lufdg-appelle-les-guineens-a-sunir-pour-que-doumbouya-ne-fasse-pas-une-seconde-de-plus-au-pouvoir"},"wordCount":310,"commentCount":0,"image":{"@id":"https:\/\/www.africa-press.net\/guinee-conakry\/politique\/lufdg-appelle-les-guineens-a-sunir-pour-que-doumbouya-ne-fasse-pas-une-seconde-de-plus-au-pouvoir#primaryimage"},"thumbnailUrl":"https:\/\/static.africa-press.net\/conakry\/sites\/63\/2024\/01\/Jokar1706549925.856735.jpg","keywords":["Africa Press","Africa Press-Guin\u00e9e","Guin\u00e9e"],"articleSection":["Politique","Toutes les actualit\u00e9s"],"inLanguage":"fr-FR","potentialAction":[{"@type":"CommentAction","name":"Comment","target":["https:\/\/www.africa-press.net\/guinee-conakry\/politique\/lufdg-appelle-les-guineens-a-sunir-pour-que-doumbouya-ne-fasse-pas-une-seconde-de-plus-au-pouvoir#respond"]}]},{"@type":"WebPage","@id":"https:\/\/www.africa-press.net\/guinee-conakry\/politique\/lufdg-appelle-les-guineens-a-sunir-pour-que-doumbouya-ne-fasse-pas-une-seconde-de-plus-au-pouvoir","url":"https:\/\/www.africa-press.net\/guinee-conakry\/politique\/lufdg-appelle-les-guineens-a-sunir-pour-que-doumbouya-ne-fasse-pas-une-seconde-de-plus-au-pouvoir","name":"L\u2019UFDG appelle les guin\u00e9ens \u00e0 s\u2019unir pour que Doumbouya \u201cne fasse pas une seconde de plus au pouvoir\u201d - guinee Conakry","isPartOf":{"@id":"https:\/\/www.africa-press.net\/guinee-conakry\/#website"},"primaryImageOfPage":{"@id":"https:\/\/www.africa-press.net\/guinee-conakry\/politique\/lufdg-appelle-les-guineens-a-sunir-pour-que-doumbouya-ne-fasse-pas-une-seconde-de-plus-au-pouvoir#primaryimage"},"image":{"@id":"https:\/\/www.africa-press.net\/guinee-conakry\/politique\/lufdg-appelle-les-guineens-a-sunir-pour-que-doumbouya-ne-fasse-pas-une-seconde-de-plus-au-pouvoir#primaryimage"},"thumbnailUrl":"https:\/\/static.africa-press.net\/conakry\/sites\/63\/2024\/01\/Jokar1706549925.856735.jpg","datePublished":"2024-01-29T21:08:00+00:00","author":{"@id":"https:\/\/www.africa-press.net\/guinee-conakry\/#\/schema\/person\/2b1cf3cd81a31e3cd26889ca66d677f1"},"breadcrumb":{"@id":"https:\/\/www.africa-press.net\/guinee-conakry\/politique\/lufdg-appelle-les-guineens-a-sunir-pour-que-doumbouya-ne-fasse-pas-une-seconde-de-plus-au-pouvoir#breadcrumb"},"inLanguage":"fr-FR","potentialAction":[{"@type":"ReadAction","target":["https:\/\/www.africa-press.net\/guinee-conakry\/politique\/lufdg-appelle-les-guineens-a-sunir-pour-que-doumbouya-ne-fasse-pas-une-seconde-de-plus-au-pouvoir"]}]},{"@type":"ImageObject","inLanguage":"fr-FR","@id":"https:\/\/www.africa-press.net\/guinee-conakry\/politique\/lufdg-appelle-les-guineens-a-sunir-pour-que-doumbouya-ne-fasse-pas-une-seconde-de-plus-au-pouvoir#primaryimage","url":"https:\/\/static.africa-press.net\/conakry\/sites\/63\/2024\/01\/Jokar1706549925.856735.jpg","contentUrl":"https:\/\/static.africa-press.net\/conakry\/sites\/63\/2024\/01\/Jokar1706549925.856735.jpg","width":1024,"height":682,"caption":"L\u2019UFDG appelle les guin\u00e9ens \u00e0 s\u2019unir pour que Doumbouya \u201cne fasse pas une seconde de plus au pouvoir\u201d"},{"@type":"BreadcrumbList","@id":"https:\/\/www.africa-press.net\/guinee-conakry\/politique\/lufdg-appelle-les-guineens-a-sunir-pour-que-doumbouya-ne-fasse-pas-une-seconde-de-plus-au-pouvoir#breadcrumb","itemListElement":[{"@type":"ListItem","position":1,"name":"Accueil","item":"https:\/\/www.africa-press.net\/guinee-conakry\/"},{"@type":"ListItem","position":2,"name":"L\u2019UFDG appelle les guin\u00e9ens \u00e0 s\u2019unir pour que Doumbouya \u201cne fasse pas une seconde de plus au pouvoir\u201d"}]},{"@type":"WebSite","@id":"https:\/\/www.africa-press.net\/guinee-conakry\/#website","url":"https:\/\/www.africa-press.net\/guinee-conakry\/","name":"guinee Conakry","description":"Just another Africa News Agency Sites site","potentialAction":[{"@type":"SearchAction","target":{"@type":"EntryPoint","urlTemplate":"https:\/\/www.africa-press.net\/guinee-conakry\/?s={search_term_string}"},"query-input":{"@type":"PropertyValueSpecification","valueRequired":true,"valueName":"search_term_string"}}],"inLanguage":"fr-FR"},{"@type":"Person","@id":"https:\/\/www.africa-press.net\/guinee-conakry\/#\/schema\/person\/2b1cf3cd81a31e3cd26889ca66d677f1","name":"cfeditorfr"}]}},"_links":{"self":[{"href":"https:\/\/www.africa-press.net\/guinee-conakry\/wp-json\/wp\/v2\/posts\/18470","targetHints":{"allow":["GET"]}}],"collection":[{"href":"https:\/\/www.africa-press.net\/guinee-conakry\/wp-json\/wp\/v2\/posts"}],"about":[{"href":"https:\/\/www.africa-press.net\/guinee-conakry\/wp-json\/wp\/v2\/types\/post"}],"author":[{"embeddable":true,"href":"https:\/\/www.africa-press.net\/guinee-conakry\/wp-json\/wp\/v2\/users\/82"}],"replies":[{"embeddable":true,"href":"https:\/\/www.africa-press.net\/guinee-conakry\/wp-json\/wp\/v2\/comments?post=18470"}],"version-history":[{"count":0,"href":"https:\/\/www.africa-press.net\/guinee-conakry\/wp-json\/wp\/v2\/posts\/18470\/revisions"}],"wp:featuredmedia":[{"embeddable":true,"href":"https:\/\/www.africa-press.net\/guinee-conakry\/wp-json\/wp\/v2\/media\/18469"}],"wp:attachment":[{"href":"https:\/\/www.africa-press.net\/guinee-conakry\/wp-json\/wp\/v2\/media?parent=18470"}],"wp:term":[{"taxonomy":"category","embeddable":true,"href":"https:\/\/www.africa-press.net\/guinee-conakry\/wp-json\/wp\/v2\/categories?post=18470"},{"taxonomy":"post_tag","embeddable":true,"href":"https:\/\/www.africa-press.net\/guinee-conakry\/wp-json\/wp\/v2\/tags?post=18470"}],"curies":[{"name":"wp","href":"https:\/\/api.w.org\/{rel}","templated":true}]}}