{"id":18474,"date":"2024-01-29T21:11:00","date_gmt":"2024-01-29T21:11:00","guid":{"rendered":"https:\/\/www.africa-press.net\/guinee-conakry\/politique\/lansana-kouyate-sur-la-mise-en-place-des-delegations-speciales-on-est-contre-tout-colmatage"},"modified":"2024-01-29T21:11:00","modified_gmt":"2024-01-29T21:11:00","slug":"lansana-kouyate-sur-la-mise-en-place-des-delegations-speciales-on-est-contre-tout-colmatage","status":"publish","type":"post","link":"https:\/\/www.africa-press.net\/guinee-conakry\/politique\/lansana-kouyate-sur-la-mise-en-place-des-delegations-speciales-on-est-contre-tout-colmatage","title":{"rendered":"Lansana Kouyat\u00e9 sur la mise en place des d\u00e9l\u00e9gations sp\u00e9ciales : \u201cOn est contre tout colmatage\u201d"},"content":{"rendered":"<p><span style=\"color: #ff6600\"><strong>Africa-Press &#8211; Guin\u00e9e. <\/strong><\/span><b>Le ministre de l\u2019administration du territoire et de la de\u0301centralisation, Mory Conde\u0301 a annonce\u0301 la mise en place de de\u0301le\u0301gations spe\u0301ciales sur toute l\u2019e\u0301tendue du territoire national. L\u2019ancien Premier ministre Lansana Kouyate\u0301 pre\u0301vient que son camp ne cautionnera aucune violation de la loi.<\/b><\/p>\n<p>Samedi dernier, en marge de l\u2019assemble\u0301e ge\u0301ne\u0301rale du Parti de l\u2019espoir pour le de\u0301veloppement national (PEDN), Lansana Kouyate\u0301 souhaite que le processus de mise en place des de\u0301le\u0301gations respecte la loi en vigueur.<\/p>\n<p>\u201cN\u2019oublions pas que le CNRD a re\u0301habilite\u0301 toutes les lois du passe\u0301 et tout le monde a applaudi. Personne n\u2019a pense\u0301 qu\u2019on serait dans le cas ou\u0300 malgre\u0301 leur re\u0301habilitation, il y a certaines lois qui allaient e\u0302tre e\u0301corche\u0301es\u201d, indique-t-il.<\/p>\n<p>Aujourd\u2019hui, a\u0300 l\u2019en croire, \u201cnous sommes en train d\u2019examiner cela au niveau PEDN, de la CCE, notre coalition et de la Confe\u0301de\u0301ration des coalitions politiques et des fai\u0302tie\u0300res de la socie\u0301te\u0301 civile, c\u0327a sera discute\u0301. Apre\u0300s, on de\u0301posera un me\u0301morandum a\u0300 qui de droit pour dire que si c\u2019est conforme a\u0300 ce qui est vote\u0301 comme loi en 2017, vous avez re\u0301habilite\u0301 ces lois. Si ce n\u2019est pas conforme, nous dirons que ce n\u2019est pas a\u0300 faire\u201d.<\/p>\n<p>Il rappelle qu\u2019en 2010, \u201cun pre\u0301sident a e\u0301te\u0301 e\u0301lu. Ce pre\u0301sident e\u0301lu, c\u2019est lui qui a casse\u0301 certaines communes. Pour quelles raisons ? Quelles que soient les raisons qu\u2019il avait, il y a une raison fondamentale qui devait pre\u0301valoir. Une de\u0301le\u0301gation spe\u0301ciale ne vient que quand le tiers de la commune est en faute et que cela est constate\u0301 par la justice.<\/p>\n<p>Tous ceux qui ont e\u0301te\u0301 enleve\u0301s a\u0300 l\u2019e\u0301poque, ils n\u2019ont pas e\u0301te\u0301 devant la justice. On ne sait pas s\u2019ils sont fautifs ou pas. Mais ills ont e\u0301te\u0301 enleve\u0301s. Pour quelles raisons ? Je ne sais pas. C\u2019est la premie\u0300re violation\u201d.<\/p>\n<p>L\u2019ancien Premier ministre fait remarquer que \u201cla deuxie\u0300me violation a\u0300 l\u2019e\u0301poque, c\u2019est la dure\u0301e du mandat de ces de\u0301le\u0301gations spe\u0301ciales. La loi dit que c\u2019est un mandat de trois mois renouvelable une fois. Ils ont fait six ans. Nous sommes reste\u0301s dans cette situation pendant six ans\u201d.<\/p>\n<p>A qui veut l\u2019entendre, il dit que \u201cnotre position, c\u2019est est qu\u2019on est contre tout colmatage\u201d, avant d\u2019insister sur le fait que si les de\u0301le\u0301gations spe\u0301ciales \u201cne sont pas conformes, nous ne sommes pas pour\u201d.<\/p>\n<p>Abdoulaye Bella DIALLO<\/p>\n<p><strong>Pour plus d&rsquo;informations et d&rsquo;analyses sur la <a href=\"https:\/\/www.africa-press.net\/guinee-conakry\">Guin\u00e9e<\/a>, suivez <a href=\"https:\/\/www.africa-press.net\/\">Africa-Press<\/a><\/strong><\/p>\n","protected":false},"excerpt":{"rendered":"<p>Africa-Press &#8211; Guin\u00e9e. Le ministre de l\u2019administration du territoire et de la de\u0301centralisation, Mory Conde\u0301 a annonce\u0301 la mise en place de de\u0301le\u0301gations spe\u0301ciales sur toute l\u2019e\u0301tendue du territoire national. L\u2019ancien Premier ministre Lansana Kouyate\u0301 pre\u0301vient que son camp ne cautionnera aucune violation de la loi. Samedi dernier, en marge de l\u2019assemble\u0301e ge\u0301ne\u0301rale du Parti [&hellip;]<\/p>\n","protected":false},"author":82,"featured_media":18473,"comment_status":"open","ping_status":"closed","sticky":false,"template":"","format":"standard","meta":{"footnotes":""},"categories":[2,10],"tags":[36,57,58],"class_list":["post-18474","post","type-post","status-publish","format-standard","has-post-thumbnail","hentry","category-politique","category-toutes-les-actualites","tag-africa-press","tag-africa-press-guinee","tag-guinee"],"yoast_head":"<!-- This site is optimized with the Yoast SEO Premium plugin v26.1 (Yoast SEO v27.0) - https:\/\/yoast.com\/product\/yoast-seo-premium-wordpress\/ -->\n<title>Lansana Kouyat\u00e9 sur la mise en place des d\u00e9l\u00e9gations sp\u00e9ciales : \u201cOn est contre tout colmatage\u201d - guinee Conakry<\/title>\n<meta name=\"robots\" content=\"index, follow, max-snippet:-1, max-image-preview:large, max-video-preview:-1\" \/>\n<link rel=\"canonical\" href=\"https:\/\/www.africa-press.net\/guinee-conakry\/politique\/lansana-kouyate-sur-la-mise-en-place-des-delegations-speciales-on-est-contre-tout-colmatage\" \/>\n<meta property=\"og:locale\" content=\"fr_FR\" \/>\n<meta property=\"og:type\" content=\"article\" \/>\n<meta property=\"og:title\" content=\"Lansana Kouyat\u00e9 sur la mise en place des d\u00e9l\u00e9gations sp\u00e9ciales : \u201cOn est contre tout colmatage\u201d\" \/>\n<meta property=\"og:description\" content=\"Africa-Press &#8211; Guin\u00e9e. Le ministre de l\u2019administration du territoire et de la de\u0301centralisation, Mory Conde\u0301 a annonce\u0301 la mise en place de de\u0301le\u0301gations spe\u0301ciales sur toute l\u2019e\u0301tendue du territoire national. L\u2019ancien Premier ministre Lansana Kouyate\u0301 pre\u0301vient que son camp ne cautionnera aucune violation de la loi. Samedi dernier, en marge de l\u2019assemble\u0301e ge\u0301ne\u0301rale du Parti [&hellip;]\" \/>\n<meta property=\"og:url\" content=\"https:\/\/www.africa-press.net\/guinee-conakry\/politique\/lansana-kouyate-sur-la-mise-en-place-des-delegations-speciales-on-est-contre-tout-colmatage\" \/>\n<meta property=\"og:site_name\" content=\"guinee Conakry\" \/>\n<meta property=\"article:published_time\" content=\"2024-01-29T21:11:00+00:00\" \/>\n<meta name=\"author\" content=\"cfeditorfr\" \/>\n<meta name=\"twitter:card\" content=\"summary_large_image\" \/>\n<meta name=\"twitter:label1\" content=\"\u00c9crit par\" \/>\n\t<meta name=\"twitter:data1\" content=\"cfeditorfr\" \/>\n\t<meta name=\"twitter:label2\" content=\"Dur\u00e9e de lecture estim\u00e9e\" \/>\n\t<meta name=\"twitter:data2\" content=\"2 minutes\" \/>\n<script type=\"application\/ld+json\" class=\"yoast-schema-graph\">{\"@context\":\"https:\/\/schema.org\",\"@graph\":[{\"@type\":\"Article\",\"@id\":\"https:\/\/www.africa-press.net\/guinee-conakry\/politique\/lansana-kouyate-sur-la-mise-en-place-des-delegations-speciales-on-est-contre-tout-colmatage#article\",\"isPartOf\":{\"@id\":\"https:\/\/www.africa-press.net\/guinee-conakry\/politique\/lansana-kouyate-sur-la-mise-en-place-des-delegations-speciales-on-est-contre-tout-colmatage\"},\"author\":{\"name\":\"cfeditorfr\",\"@id\":\"https:\/\/www.africa-press.net\/guinee-conakry\/#\/schema\/person\/2b1cf3cd81a31e3cd26889ca66d677f1\"},\"headline\":\"Lansana Kouyat\u00e9 sur la mise en place des d\u00e9l\u00e9gations sp\u00e9ciales : \u201cOn est contre tout colmatage\u201d\",\"datePublished\":\"2024-01-29T21:11:00+00:00\",\"mainEntityOfPage\":{\"@id\":\"https:\/\/www.africa-press.net\/guinee-conakry\/politique\/lansana-kouyate-sur-la-mise-en-place-des-delegations-speciales-on-est-contre-tout-colmatage\"},\"wordCount\":494,\"commentCount\":0,\"image\":{\"@id\":\"https:\/\/www.africa-press.net\/guinee-conakry\/politique\/lansana-kouyate-sur-la-mise-en-place-des-delegations-speciales-on-est-contre-tout-colmatage#primaryimage\"},\"thumbnailUrl\":\"https:\/\/static.africa-press.net\/conakry\/sites\/63\/2024\/01\/Jokar1706550059.018664.jpg\",\"keywords\":[\"Africa Press\",\"Africa Press-Guin\u00e9e\",\"Guin\u00e9e\"],\"articleSection\":[\"Politique\",\"Toutes les actualit\u00e9s\"],\"inLanguage\":\"fr-FR\",\"potentialAction\":[{\"@type\":\"CommentAction\",\"name\":\"Comment\",\"target\":[\"https:\/\/www.africa-press.net\/guinee-conakry\/politique\/lansana-kouyate-sur-la-mise-en-place-des-delegations-speciales-on-est-contre-tout-colmatage#respond\"]}]},{\"@type\":\"WebPage\",\"@id\":\"https:\/\/www.africa-press.net\/guinee-conakry\/politique\/lansana-kouyate-sur-la-mise-en-place-des-delegations-speciales-on-est-contre-tout-colmatage\",\"url\":\"https:\/\/www.africa-press.net\/guinee-conakry\/politique\/lansana-kouyate-sur-la-mise-en-place-des-delegations-speciales-on-est-contre-tout-colmatage\",\"name\":\"Lansana Kouyat\u00e9 sur la mise en place des d\u00e9l\u00e9gations sp\u00e9ciales : \u201cOn est contre tout colmatage\u201d - guinee Conakry\",\"isPartOf\":{\"@id\":\"https:\/\/www.africa-press.net\/guinee-conakry\/#website\"},\"primaryImageOfPage\":{\"@id\":\"https:\/\/www.africa-press.net\/guinee-conakry\/politique\/lansana-kouyate-sur-la-mise-en-place-des-delegations-speciales-on-est-contre-tout-colmatage#primaryimage\"},\"image\":{\"@id\":\"https:\/\/www.africa-press.net\/guinee-conakry\/politique\/lansana-kouyate-sur-la-mise-en-place-des-delegations-speciales-on-est-contre-tout-colmatage#primaryimage\"},\"thumbnailUrl\":\"https:\/\/static.africa-press.net\/conakry\/sites\/63\/2024\/01\/Jokar1706550059.018664.jpg\",\"datePublished\":\"2024-01-29T21:11:00+00:00\",\"author\":{\"@id\":\"https:\/\/www.africa-press.net\/guinee-conakry\/#\/schema\/person\/2b1cf3cd81a31e3cd26889ca66d677f1\"},\"breadcrumb\":{\"@id\":\"https:\/\/www.africa-press.net\/guinee-conakry\/politique\/lansana-kouyate-sur-la-mise-en-place-des-delegations-speciales-on-est-contre-tout-colmatage#breadcrumb\"},\"inLanguage\":\"fr-FR\",\"potentialAction\":[{\"@type\":\"ReadAction\",\"target\":[\"https:\/\/www.africa-press.net\/guinee-conakry\/politique\/lansana-kouyate-sur-la-mise-en-place-des-delegations-speciales-on-est-contre-tout-colmatage\"]}]},{\"@type\":\"ImageObject\",\"inLanguage\":\"fr-FR\",\"@id\":\"https:\/\/www.africa-press.net\/guinee-conakry\/politique\/lansana-kouyate-sur-la-mise-en-place-des-delegations-speciales-on-est-contre-tout-colmatage#primaryimage\",\"url\":\"https:\/\/static.africa-press.net\/conakry\/sites\/63\/2024\/01\/Jokar1706550059.018664.jpg\",\"contentUrl\":\"https:\/\/static.africa-press.net\/conakry\/sites\/63\/2024\/01\/Jokar1706550059.018664.jpg\",\"width\":960,\"height\":568,\"caption\":\"Lansana Kouyat\u00e9 sur la mise en place des d\u00e9l\u00e9gations sp\u00e9ciales : \u201cOn est contre tout colmatage\u201d\"},{\"@type\":\"BreadcrumbList\",\"@id\":\"https:\/\/www.africa-press.net\/guinee-conakry\/politique\/lansana-kouyate-sur-la-mise-en-place-des-delegations-speciales-on-est-contre-tout-colmatage#breadcrumb\",\"itemListElement\":[{\"@type\":\"ListItem\",\"position\":1,\"name\":\"Accueil\",\"item\":\"https:\/\/www.africa-press.net\/guinee-conakry\/\"},{\"@type\":\"ListItem\",\"position\":2,\"name\":\"Lansana Kouyat\u00e9 sur la mise en place des d\u00e9l\u00e9gations sp\u00e9ciales : \u201cOn est contre tout colmatage\u201d\"}]},{\"@type\":\"WebSite\",\"@id\":\"https:\/\/www.africa-press.net\/guinee-conakry\/#website\",\"url\":\"https:\/\/www.africa-press.net\/guinee-conakry\/\",\"name\":\"guinee Conakry\",\"description\":\"Just another Africa News Agency Sites site\",\"potentialAction\":[{\"@type\":\"SearchAction\",\"target\":{\"@type\":\"EntryPoint\",\"urlTemplate\":\"https:\/\/www.africa-press.net\/guinee-conakry\/?s={search_term_string}\"},\"query-input\":{\"@type\":\"PropertyValueSpecification\",\"valueRequired\":true,\"valueName\":\"search_term_string\"}}],\"inLanguage\":\"fr-FR\"},{\"@type\":\"Person\",\"@id\":\"https:\/\/www.africa-press.net\/guinee-conakry\/#\/schema\/person\/2b1cf3cd81a31e3cd26889ca66d677f1\",\"name\":\"cfeditorfr\"}]}<\/script>\n<!-- \/ Yoast SEO Premium plugin. -->","yoast_head_json":{"title":"Lansana Kouyat\u00e9 sur la mise en place des d\u00e9l\u00e9gations sp\u00e9ciales : \u201cOn est contre tout colmatage\u201d - guinee Conakry","robots":{"index":"index","follow":"follow","max-snippet":"max-snippet:-1","max-image-preview":"max-image-preview:large","max-video-preview":"max-video-preview:-1"},"canonical":"https:\/\/www.africa-press.net\/guinee-conakry\/politique\/lansana-kouyate-sur-la-mise-en-place-des-delegations-speciales-on-est-contre-tout-colmatage","og_locale":"fr_FR","og_type":"article","og_title":"Lansana Kouyat\u00e9 sur la mise en place des d\u00e9l\u00e9gations sp\u00e9ciales : \u201cOn est contre tout colmatage\u201d","og_description":"Africa-Press &#8211; Guin\u00e9e. Le ministre de l\u2019administration du territoire et de la de\u0301centralisation, Mory Conde\u0301 a annonce\u0301 la mise en place de de\u0301le\u0301gations spe\u0301ciales sur toute l\u2019e\u0301tendue du territoire national. L\u2019ancien Premier ministre Lansana Kouyate\u0301 pre\u0301vient que son camp ne cautionnera aucune violation de la loi. Samedi dernier, en marge de l\u2019assemble\u0301e ge\u0301ne\u0301rale du Parti [&hellip;]","og_url":"https:\/\/www.africa-press.net\/guinee-conakry\/politique\/lansana-kouyate-sur-la-mise-en-place-des-delegations-speciales-on-est-contre-tout-colmatage","og_site_name":"guinee Conakry","article_published_time":"2024-01-29T21:11:00+00:00","author":"cfeditorfr","twitter_card":"summary_large_image","twitter_misc":{"\u00c9crit par":"cfeditorfr","Dur\u00e9e de lecture estim\u00e9e":"2 minutes"},"schema":{"@context":"https:\/\/schema.org","@graph":[{"@type":"Article","@id":"https:\/\/www.africa-press.net\/guinee-conakry\/politique\/lansana-kouyate-sur-la-mise-en-place-des-delegations-speciales-on-est-contre-tout-colmatage#article","isPartOf":{"@id":"https:\/\/www.africa-press.net\/guinee-conakry\/politique\/lansana-kouyate-sur-la-mise-en-place-des-delegations-speciales-on-est-contre-tout-colmatage"},"author":{"name":"cfeditorfr","@id":"https:\/\/www.africa-press.net\/guinee-conakry\/#\/schema\/person\/2b1cf3cd81a31e3cd26889ca66d677f1"},"headline":"Lansana Kouyat\u00e9 sur la mise en place des d\u00e9l\u00e9gations sp\u00e9ciales : \u201cOn est contre tout colmatage\u201d","datePublished":"2024-01-29T21:11:00+00:00","mainEntityOfPage":{"@id":"https:\/\/www.africa-press.net\/guinee-conakry\/politique\/lansana-kouyate-sur-la-mise-en-place-des-delegations-speciales-on-est-contre-tout-colmatage"},"wordCount":494,"commentCount":0,"image":{"@id":"https:\/\/www.africa-press.net\/guinee-conakry\/politique\/lansana-kouyate-sur-la-mise-en-place-des-delegations-speciales-on-est-contre-tout-colmatage#primaryimage"},"thumbnailUrl":"https:\/\/static.africa-press.net\/conakry\/sites\/63\/2024\/01\/Jokar1706550059.018664.jpg","keywords":["Africa Press","Africa Press-Guin\u00e9e","Guin\u00e9e"],"articleSection":["Politique","Toutes les actualit\u00e9s"],"inLanguage":"fr-FR","potentialAction":[{"@type":"CommentAction","name":"Comment","target":["https:\/\/www.africa-press.net\/guinee-conakry\/politique\/lansana-kouyate-sur-la-mise-en-place-des-delegations-speciales-on-est-contre-tout-colmatage#respond"]}]},{"@type":"WebPage","@id":"https:\/\/www.africa-press.net\/guinee-conakry\/politique\/lansana-kouyate-sur-la-mise-en-place-des-delegations-speciales-on-est-contre-tout-colmatage","url":"https:\/\/www.africa-press.net\/guinee-conakry\/politique\/lansana-kouyate-sur-la-mise-en-place-des-delegations-speciales-on-est-contre-tout-colmatage","name":"Lansana Kouyat\u00e9 sur la mise en place des d\u00e9l\u00e9gations sp\u00e9ciales : \u201cOn est contre tout colmatage\u201d - guinee Conakry","isPartOf":{"@id":"https:\/\/www.africa-press.net\/guinee-conakry\/#website"},"primaryImageOfPage":{"@id":"https:\/\/www.africa-press.net\/guinee-conakry\/politique\/lansana-kouyate-sur-la-mise-en-place-des-delegations-speciales-on-est-contre-tout-colmatage#primaryimage"},"image":{"@id":"https:\/\/www.africa-press.net\/guinee-conakry\/politique\/lansana-kouyate-sur-la-mise-en-place-des-delegations-speciales-on-est-contre-tout-colmatage#primaryimage"},"thumbnailUrl":"https:\/\/static.africa-press.net\/conakry\/sites\/63\/2024\/01\/Jokar1706550059.018664.jpg","datePublished":"2024-01-29T21:11:00+00:00","author":{"@id":"https:\/\/www.africa-press.net\/guinee-conakry\/#\/schema\/person\/2b1cf3cd81a31e3cd26889ca66d677f1"},"breadcrumb":{"@id":"https:\/\/www.africa-press.net\/guinee-conakry\/politique\/lansana-kouyate-sur-la-mise-en-place-des-delegations-speciales-on-est-contre-tout-colmatage#breadcrumb"},"inLanguage":"fr-FR","potentialAction":[{"@type":"ReadAction","target":["https:\/\/www.africa-press.net\/guinee-conakry\/politique\/lansana-kouyate-sur-la-mise-en-place-des-delegations-speciales-on-est-contre-tout-colmatage"]}]},{"@type":"ImageObject","inLanguage":"fr-FR","@id":"https:\/\/www.africa-press.net\/guinee-conakry\/politique\/lansana-kouyate-sur-la-mise-en-place-des-delegations-speciales-on-est-contre-tout-colmatage#primaryimage","url":"https:\/\/static.africa-press.net\/conakry\/sites\/63\/2024\/01\/Jokar1706550059.018664.jpg","contentUrl":"https:\/\/static.africa-press.net\/conakry\/sites\/63\/2024\/01\/Jokar1706550059.018664.jpg","width":960,"height":568,"caption":"Lansana Kouyat\u00e9 sur la mise en place des d\u00e9l\u00e9gations sp\u00e9ciales : \u201cOn est contre tout colmatage\u201d"},{"@type":"BreadcrumbList","@id":"https:\/\/www.africa-press.net\/guinee-conakry\/politique\/lansana-kouyate-sur-la-mise-en-place-des-delegations-speciales-on-est-contre-tout-colmatage#breadcrumb","itemListElement":[{"@type":"ListItem","position":1,"name":"Accueil","item":"https:\/\/www.africa-press.net\/guinee-conakry\/"},{"@type":"ListItem","position":2,"name":"Lansana Kouyat\u00e9 sur la mise en place des d\u00e9l\u00e9gations sp\u00e9ciales : \u201cOn est contre tout colmatage\u201d"}]},{"@type":"WebSite","@id":"https:\/\/www.africa-press.net\/guinee-conakry\/#website","url":"https:\/\/www.africa-press.net\/guinee-conakry\/","name":"guinee Conakry","description":"Just another Africa News Agency Sites site","potentialAction":[{"@type":"SearchAction","target":{"@type":"EntryPoint","urlTemplate":"https:\/\/www.africa-press.net\/guinee-conakry\/?s={search_term_string}"},"query-input":{"@type":"PropertyValueSpecification","valueRequired":true,"valueName":"search_term_string"}}],"inLanguage":"fr-FR"},{"@type":"Person","@id":"https:\/\/www.africa-press.net\/guinee-conakry\/#\/schema\/person\/2b1cf3cd81a31e3cd26889ca66d677f1","name":"cfeditorfr"}]}},"_links":{"self":[{"href":"https:\/\/www.africa-press.net\/guinee-conakry\/wp-json\/wp\/v2\/posts\/18474","targetHints":{"allow":["GET"]}}],"collection":[{"href":"https:\/\/www.africa-press.net\/guinee-conakry\/wp-json\/wp\/v2\/posts"}],"about":[{"href":"https:\/\/www.africa-press.net\/guinee-conakry\/wp-json\/wp\/v2\/types\/post"}],"author":[{"embeddable":true,"href":"https:\/\/www.africa-press.net\/guinee-conakry\/wp-json\/wp\/v2\/users\/82"}],"replies":[{"embeddable":true,"href":"https:\/\/www.africa-press.net\/guinee-conakry\/wp-json\/wp\/v2\/comments?post=18474"}],"version-history":[{"count":0,"href":"https:\/\/www.africa-press.net\/guinee-conakry\/wp-json\/wp\/v2\/posts\/18474\/revisions"}],"wp:featuredmedia":[{"embeddable":true,"href":"https:\/\/www.africa-press.net\/guinee-conakry\/wp-json\/wp\/v2\/media\/18473"}],"wp:attachment":[{"href":"https:\/\/www.africa-press.net\/guinee-conakry\/wp-json\/wp\/v2\/media?parent=18474"}],"wp:term":[{"taxonomy":"category","embeddable":true,"href":"https:\/\/www.africa-press.net\/guinee-conakry\/wp-json\/wp\/v2\/categories?post=18474"},{"taxonomy":"post_tag","embeddable":true,"href":"https:\/\/www.africa-press.net\/guinee-conakry\/wp-json\/wp\/v2\/tags?post=18474"}],"curies":[{"name":"wp","href":"https:\/\/api.w.org\/{rel}","templated":true}]}}