{"id":18489,"date":"2024-02-01T13:57:00","date_gmt":"2024-02-01T13:57:00","guid":{"rendered":"https:\/\/www.africa-press.net\/guinee-conakry\/politique\/vers-laffichage-du-prix-des-denrees-alimentaire-dans-les-boutiques-la-ministre-du-commerce-promet-de-traquer-les-brebis-galeuses"},"modified":"2024-02-01T13:57:00","modified_gmt":"2024-02-01T13:57:00","slug":"vers-laffichage-du-prix-des-denrees-alimentaire-dans-les-boutiques-la-ministre-du-commerce-promet-de-traquer-les-brebis-galeuses","status":"publish","type":"post","link":"https:\/\/www.africa-press.net\/guinee-conakry\/economie\/vers-laffichage-du-prix-des-denrees-alimentaire-dans-les-boutiques-la-ministre-du-commerce-promet-de-traquer-les-brebis-galeuses","title":{"rendered":"Vers l\u2019affichage du prix des denr\u00e9es alimentaire dans les boutiques\u00a0? La ministre du commerce promet de traquer les \u2018\u2019brebis galeuses\u2019\u2019"},"content":{"rendered":"<p><span style=\"color: #ff6600\"><strong>Africa-Press &#8211; Guin\u00e9e. <\/strong><\/span><b>Alors que les prix des denre\u0301es de premie\u0300re ne\u0301cessite\u0301 continuent de grimper par endroits a\u0300 Conakry en environs, les autorite\u0301s de la transition annoncent un protocole d\u2019accord avec la Chambre de commerce, de l\u2019industrie et des PME pour soulager le panier de la me\u0301nage\u0300re.<\/b><\/p>\n<p>En signant ce protocole d\u2019accord, la ministre du commerce, de l\u2019industrie, des petites et moyennes entreprises annonce plusieurs mesures.<\/p>\n<p>\u2018\u2019La Chambre de commerce s\u2019engage a\u0300 approvisionner le marche\u0301 en produits suffisants et en quantite\u0301 satisfaisante de maintenant jusqu\u2019au 31 de\u0301cembre 2024. C\u0327a, c\u2019est une premie\u0300re garantie. La deuxie\u0300me, la Chambre de commerce s\u2019engage a\u0300 respecter toutes les normes en termes de commerce et douanie\u0300res\u2019\u2019, assure Louopou Lamah.<\/p>\n<p>Sur le cas du suivi, annonce-t-elle, \u2018\u2019on a mis en place un cadre de concertation et un me\u0301canisme de suivi de l\u2019application du contenu du protocole de marche\u0301. La premie\u0300re des choses, c\u2019est quoi ? De\u0300s ce jeudi, nous allons passer a\u0300 l\u2019affichage des prix au niveau de tous les points de vente. Dans tous les points de vente, ce n\u2019est pas que les marche\u0301s, me\u0302me dans les quartiers, la Chambre de commerce, accompagne\u0301e de certaines structures de de\u0301fense des consommateurs, va de\u0301buter cette activite\u0301\u2019\u2019.<\/p>\n<p>En 2023, rappelle-t-elle, \u2018\u2019nous avons mis en place le corps des agents assermente\u0301s qui ont pre\u0302te\u0301 serment devant le tribunal. Ces derniers seront dans les diffe\u0301rents marche\u0301s pour s\u2019assurer du respect des prix convenus dans le protocole d\u2019accord signe\u0301 le 30 janvier 2024. A cela s\u2019ajoute le nume\u0301ro vert qui a e\u0301te\u0301 de\u0301ja\u0300 mis en place en septembre 2021 qui permet aux consommateurs d\u2019alerter sur les mauvaises pratiques\u2019\u2019.<\/p>\n<p>Elle pre\u0301vient que \u2018\u2019nous allons nous mettre sur le terrain pour faire en sorte que le protocole soit respecte\u0301 de Conakry jusqu\u2019a\u0300 Yomou. La particularite\u0301 de cette anne\u0301e, c\u2019est que nous ne nous sommes arre\u0302te\u0301s a\u0300 fixer les prix de Conakry seulement. Nous avons re\u0301percute\u0301 tous les parame\u0300tres sur les prix de\u0301taillants Conakry pour que les prix soient connus a\u0300 destination pre\u0301fecture par pre\u0301fecture. Donc, les directeurs pre\u0301fectoraux, les inspecteurs de commerce et les structures de l\u2019administration territoriales a\u0300 la base vont se mettre ensemble pour s\u2019assurer que les prix sont respecte\u0301s et que les consommateurs be\u0301ne\u0301ficient des alle\u0300gements offerts par l\u2019Etat. Si l\u2019Etat renonce a\u0300 une partie de ses recettes, c\u2019est pour que cela se re\u0301percute sur le panier de la me\u0301nage\u0300re\u2019\u2019.<\/p>\n<p>Dans le me\u0302me cadre, elle sollicite l\u2019implication des populations pour l\u2019application stricte des prix. \u2018\u2019Nous devons faire en sorte que les brebis galeuses soient traque\u0301es. Parce que malgre\u0301 les efforts, il y en a qui vont s\u2019asseoir encore pour se croire malins pour appliquer des prix qui sont contraires a\u0300 ce qui a e\u0301te\u0301 convenu. Mais ceux-la\u0300 vont nous trouver sur leur chemin, nous allons les verbaliser. Et si c\u2019est un importateur, il sera re\u0301ite\u0301re\u0301 de la liste du ministe\u0300re du commerce\u2019\u2019, menace la patronne du de\u0301partement du commerce.<\/p>\n<p><b>Boussouriou Doumba<\/b><\/p>\n<p><strong>Pour plus d&rsquo;informations et d&rsquo;analyses sur la <a href=\"https:\/\/www.africa-press.net\/guinee-conakry\">Guin\u00e9e<\/a>, suivez <a href=\"https:\/\/www.africa-press.net\/\">Africa-Press<\/a><\/strong><\/p>\n","protected":false},"excerpt":{"rendered":"<p>Africa-Press &#8211; Guin\u00e9e. Alors que les prix des denre\u0301es de premie\u0300re ne\u0301cessite\u0301 continuent de grimper par endroits a\u0300 Conakry en environs, les autorite\u0301s de la transition annoncent un protocole d\u2019accord avec la Chambre de commerce, de l\u2019industrie et des PME pour soulager le panier de la me\u0301nage\u0300re. En signant ce protocole d\u2019accord, la ministre du [&hellip;]<\/p>\n","protected":false},"author":82,"featured_media":18488,"comment_status":"open","ping_status":"closed","sticky":false,"template":"","format":"standard","meta":{"footnotes":""},"categories":[3,56,10],"tags":[36,57,58],"class_list":["post-18489","post","type-post","status-publish","format-standard","has-post-thumbnail","hentry","category-economie","category-to-homepage","category-toutes-les-actualites","tag-africa-press","tag-africa-press-guinee","tag-guinee"],"yoast_head":"<!-- This site is optimized with the Yoast SEO Premium plugin v26.1 (Yoast SEO v27.0) - https:\/\/yoast.com\/product\/yoast-seo-premium-wordpress\/ -->\n<title>Vers l\u2019affichage du prix des denr\u00e9es alimentaire dans les boutiques\u00a0? La ministre du commerce promet de traquer les \u2018\u2019brebis galeuses\u2019\u2019 - guinee Conakry<\/title>\n<meta name=\"robots\" content=\"index, follow, max-snippet:-1, max-image-preview:large, max-video-preview:-1\" \/>\n<link rel=\"canonical\" href=\"https:\/\/www.africa-press.net\/guinee-conakry\/politique\/vers-laffichage-du-prix-des-denrees-alimentaire-dans-les-boutiques-la-ministre-du-commerce-promet-de-traquer-les-brebis-galeuses\" \/>\n<meta property=\"og:locale\" content=\"fr_FR\" \/>\n<meta property=\"og:type\" content=\"article\" \/>\n<meta property=\"og:title\" content=\"Vers l\u2019affichage du prix des denr\u00e9es alimentaire dans les boutiques\u00a0? La ministre du commerce promet de traquer les \u2018\u2019brebis galeuses\u2019\u2019\" \/>\n<meta property=\"og:description\" content=\"Africa-Press &#8211; Guin\u00e9e. Alors que les prix des denre\u0301es de premie\u0300re ne\u0301cessite\u0301 continuent de grimper par endroits a\u0300 Conakry en environs, les autorite\u0301s de la transition annoncent un protocole d\u2019accord avec la Chambre de commerce, de l\u2019industrie et des PME pour soulager le panier de la me\u0301nage\u0300re. En signant ce protocole d\u2019accord, la ministre du [&hellip;]\" \/>\n<meta property=\"og:url\" content=\"https:\/\/www.africa-press.net\/guinee-conakry\/politique\/vers-laffichage-du-prix-des-denrees-alimentaire-dans-les-boutiques-la-ministre-du-commerce-promet-de-traquer-les-brebis-galeuses\" \/>\n<meta property=\"og:site_name\" content=\"guinee Conakry\" \/>\n<meta property=\"article:published_time\" content=\"2024-02-01T13:57:00+00:00\" \/>\n<meta name=\"author\" content=\"cfeditorfr\" \/>\n<meta name=\"twitter:card\" content=\"summary_large_image\" \/>\n<meta name=\"twitter:label1\" content=\"\u00c9crit par\" \/>\n\t<meta name=\"twitter:data1\" content=\"cfeditorfr\" \/>\n\t<meta name=\"twitter:label2\" content=\"Dur\u00e9e de lecture estim\u00e9e\" \/>\n\t<meta name=\"twitter:data2\" content=\"3 minutes\" \/>\n<script type=\"application\/ld+json\" class=\"yoast-schema-graph\">{\"@context\":\"https:\/\/schema.org\",\"@graph\":[{\"@type\":\"Article\",\"@id\":\"https:\/\/www.africa-press.net\/guinee-conakry\/politique\/vers-laffichage-du-prix-des-denrees-alimentaire-dans-les-boutiques-la-ministre-du-commerce-promet-de-traquer-les-brebis-galeuses#article\",\"isPartOf\":{\"@id\":\"https:\/\/www.africa-press.net\/guinee-conakry\/politique\/vers-laffichage-du-prix-des-denrees-alimentaire-dans-les-boutiques-la-ministre-du-commerce-promet-de-traquer-les-brebis-galeuses\"},\"author\":{\"name\":\"cfeditorfr\",\"@id\":\"https:\/\/www.africa-press.net\/guinee-conakry\/#\/schema\/person\/2b1cf3cd81a31e3cd26889ca66d677f1\"},\"headline\":\"Vers l\u2019affichage du prix des denr\u00e9es alimentaire dans les boutiques\u00a0? La ministre du commerce promet de traquer les \u2018\u2019brebis galeuses\u2019\u2019\",\"datePublished\":\"2024-02-01T13:57:00+00:00\",\"mainEntityOfPage\":{\"@id\":\"https:\/\/www.africa-press.net\/guinee-conakry\/politique\/vers-laffichage-du-prix-des-denrees-alimentaire-dans-les-boutiques-la-ministre-du-commerce-promet-de-traquer-les-brebis-galeuses\"},\"wordCount\":587,\"commentCount\":0,\"image\":{\"@id\":\"https:\/\/www.africa-press.net\/guinee-conakry\/politique\/vers-laffichage-du-prix-des-denrees-alimentaire-dans-les-boutiques-la-ministre-du-commerce-promet-de-traquer-les-brebis-galeuses#primaryimage\"},\"thumbnailUrl\":\"https:\/\/static.africa-press.net\/conakry\/sites\/63\/2024\/02\/Jokar1706783227.769455.jpg\",\"keywords\":[\"Africa Press\",\"Africa Press-Guin\u00e9e\",\"Guin\u00e9e\"],\"articleSection\":[\"\u00c9conomie\",\"to-homepage\",\"Toutes les actualit\u00e9s\"],\"inLanguage\":\"fr-FR\",\"potentialAction\":[{\"@type\":\"CommentAction\",\"name\":\"Comment\",\"target\":[\"https:\/\/www.africa-press.net\/guinee-conakry\/politique\/vers-laffichage-du-prix-des-denrees-alimentaire-dans-les-boutiques-la-ministre-du-commerce-promet-de-traquer-les-brebis-galeuses#respond\"]}]},{\"@type\":\"WebPage\",\"@id\":\"https:\/\/www.africa-press.net\/guinee-conakry\/politique\/vers-laffichage-du-prix-des-denrees-alimentaire-dans-les-boutiques-la-ministre-du-commerce-promet-de-traquer-les-brebis-galeuses\",\"url\":\"https:\/\/www.africa-press.net\/guinee-conakry\/politique\/vers-laffichage-du-prix-des-denrees-alimentaire-dans-les-boutiques-la-ministre-du-commerce-promet-de-traquer-les-brebis-galeuses\",\"name\":\"Vers l\u2019affichage du prix des denr\u00e9es alimentaire dans les boutiques\u00a0? La ministre du commerce promet de traquer les \u2018\u2019brebis galeuses\u2019\u2019 - guinee Conakry\",\"isPartOf\":{\"@id\":\"https:\/\/www.africa-press.net\/guinee-conakry\/#website\"},\"primaryImageOfPage\":{\"@id\":\"https:\/\/www.africa-press.net\/guinee-conakry\/politique\/vers-laffichage-du-prix-des-denrees-alimentaire-dans-les-boutiques-la-ministre-du-commerce-promet-de-traquer-les-brebis-galeuses#primaryimage\"},\"image\":{\"@id\":\"https:\/\/www.africa-press.net\/guinee-conakry\/politique\/vers-laffichage-du-prix-des-denrees-alimentaire-dans-les-boutiques-la-ministre-du-commerce-promet-de-traquer-les-brebis-galeuses#primaryimage\"},\"thumbnailUrl\":\"https:\/\/static.africa-press.net\/conakry\/sites\/63\/2024\/02\/Jokar1706783227.769455.jpg\",\"datePublished\":\"2024-02-01T13:57:00+00:00\",\"author\":{\"@id\":\"https:\/\/www.africa-press.net\/guinee-conakry\/#\/schema\/person\/2b1cf3cd81a31e3cd26889ca66d677f1\"},\"breadcrumb\":{\"@id\":\"https:\/\/www.africa-press.net\/guinee-conakry\/politique\/vers-laffichage-du-prix-des-denrees-alimentaire-dans-les-boutiques-la-ministre-du-commerce-promet-de-traquer-les-brebis-galeuses#breadcrumb\"},\"inLanguage\":\"fr-FR\",\"potentialAction\":[{\"@type\":\"ReadAction\",\"target\":[\"https:\/\/www.africa-press.net\/guinee-conakry\/politique\/vers-laffichage-du-prix-des-denrees-alimentaire-dans-les-boutiques-la-ministre-du-commerce-promet-de-traquer-les-brebis-galeuses\"]}]},{\"@type\":\"ImageObject\",\"inLanguage\":\"fr-FR\",\"@id\":\"https:\/\/www.africa-press.net\/guinee-conakry\/politique\/vers-laffichage-du-prix-des-denrees-alimentaire-dans-les-boutiques-la-ministre-du-commerce-promet-de-traquer-les-brebis-galeuses#primaryimage\",\"url\":\"https:\/\/static.africa-press.net\/conakry\/sites\/63\/2024\/02\/Jokar1706783227.769455.jpg\",\"contentUrl\":\"https:\/\/static.africa-press.net\/conakry\/sites\/63\/2024\/02\/Jokar1706783227.769455.jpg\",\"width\":1024,\"height\":683,\"caption\":\"Vers l\u2019affichage du prix des denr\u00e9es alimentaire dans les boutiques\u00a0? La ministre du commerce promet de traquer les \u2018\u2019brebis galeuses\u2019\u2019\"},{\"@type\":\"BreadcrumbList\",\"@id\":\"https:\/\/www.africa-press.net\/guinee-conakry\/politique\/vers-laffichage-du-prix-des-denrees-alimentaire-dans-les-boutiques-la-ministre-du-commerce-promet-de-traquer-les-brebis-galeuses#breadcrumb\",\"itemListElement\":[{\"@type\":\"ListItem\",\"position\":1,\"name\":\"Accueil\",\"item\":\"https:\/\/www.africa-press.net\/guinee-conakry\/\"},{\"@type\":\"ListItem\",\"position\":2,\"name\":\"Vers l\u2019affichage du prix des denr\u00e9es alimentaire dans les boutiques\u00a0? La ministre du commerce promet de traquer les \u2018\u2019brebis galeuses\u2019\u2019\"}]},{\"@type\":\"WebSite\",\"@id\":\"https:\/\/www.africa-press.net\/guinee-conakry\/#website\",\"url\":\"https:\/\/www.africa-press.net\/guinee-conakry\/\",\"name\":\"guinee Conakry\",\"description\":\"Just another Africa News Agency Sites site\",\"potentialAction\":[{\"@type\":\"SearchAction\",\"target\":{\"@type\":\"EntryPoint\",\"urlTemplate\":\"https:\/\/www.africa-press.net\/guinee-conakry\/?s={search_term_string}\"},\"query-input\":{\"@type\":\"PropertyValueSpecification\",\"valueRequired\":true,\"valueName\":\"search_term_string\"}}],\"inLanguage\":\"fr-FR\"},{\"@type\":\"Person\",\"@id\":\"https:\/\/www.africa-press.net\/guinee-conakry\/#\/schema\/person\/2b1cf3cd81a31e3cd26889ca66d677f1\",\"name\":\"cfeditorfr\"}]}<\/script>\n<!-- \/ Yoast SEO Premium plugin. -->","yoast_head_json":{"title":"Vers l\u2019affichage du prix des denr\u00e9es alimentaire dans les boutiques\u00a0? La ministre du commerce promet de traquer les \u2018\u2019brebis galeuses\u2019\u2019 - guinee Conakry","robots":{"index":"index","follow":"follow","max-snippet":"max-snippet:-1","max-image-preview":"max-image-preview:large","max-video-preview":"max-video-preview:-1"},"canonical":"https:\/\/www.africa-press.net\/guinee-conakry\/politique\/vers-laffichage-du-prix-des-denrees-alimentaire-dans-les-boutiques-la-ministre-du-commerce-promet-de-traquer-les-brebis-galeuses","og_locale":"fr_FR","og_type":"article","og_title":"Vers l\u2019affichage du prix des denr\u00e9es alimentaire dans les boutiques\u00a0? La ministre du commerce promet de traquer les \u2018\u2019brebis galeuses\u2019\u2019","og_description":"Africa-Press &#8211; Guin\u00e9e. Alors que les prix des denre\u0301es de premie\u0300re ne\u0301cessite\u0301 continuent de grimper par endroits a\u0300 Conakry en environs, les autorite\u0301s de la transition annoncent un protocole d\u2019accord avec la Chambre de commerce, de l\u2019industrie et des PME pour soulager le panier de la me\u0301nage\u0300re. En signant ce protocole d\u2019accord, la ministre du [&hellip;]","og_url":"https:\/\/www.africa-press.net\/guinee-conakry\/politique\/vers-laffichage-du-prix-des-denrees-alimentaire-dans-les-boutiques-la-ministre-du-commerce-promet-de-traquer-les-brebis-galeuses","og_site_name":"guinee Conakry","article_published_time":"2024-02-01T13:57:00+00:00","author":"cfeditorfr","twitter_card":"summary_large_image","twitter_misc":{"\u00c9crit par":"cfeditorfr","Dur\u00e9e de lecture estim\u00e9e":"3 minutes"},"schema":{"@context":"https:\/\/schema.org","@graph":[{"@type":"Article","@id":"https:\/\/www.africa-press.net\/guinee-conakry\/politique\/vers-laffichage-du-prix-des-denrees-alimentaire-dans-les-boutiques-la-ministre-du-commerce-promet-de-traquer-les-brebis-galeuses#article","isPartOf":{"@id":"https:\/\/www.africa-press.net\/guinee-conakry\/politique\/vers-laffichage-du-prix-des-denrees-alimentaire-dans-les-boutiques-la-ministre-du-commerce-promet-de-traquer-les-brebis-galeuses"},"author":{"name":"cfeditorfr","@id":"https:\/\/www.africa-press.net\/guinee-conakry\/#\/schema\/person\/2b1cf3cd81a31e3cd26889ca66d677f1"},"headline":"Vers l\u2019affichage du prix des denr\u00e9es alimentaire dans les boutiques\u00a0? La ministre du commerce promet de traquer les \u2018\u2019brebis galeuses\u2019\u2019","datePublished":"2024-02-01T13:57:00+00:00","mainEntityOfPage":{"@id":"https:\/\/www.africa-press.net\/guinee-conakry\/politique\/vers-laffichage-du-prix-des-denrees-alimentaire-dans-les-boutiques-la-ministre-du-commerce-promet-de-traquer-les-brebis-galeuses"},"wordCount":587,"commentCount":0,"image":{"@id":"https:\/\/www.africa-press.net\/guinee-conakry\/politique\/vers-laffichage-du-prix-des-denrees-alimentaire-dans-les-boutiques-la-ministre-du-commerce-promet-de-traquer-les-brebis-galeuses#primaryimage"},"thumbnailUrl":"https:\/\/static.africa-press.net\/conakry\/sites\/63\/2024\/02\/Jokar1706783227.769455.jpg","keywords":["Africa Press","Africa Press-Guin\u00e9e","Guin\u00e9e"],"articleSection":["\u00c9conomie","to-homepage","Toutes les actualit\u00e9s"],"inLanguage":"fr-FR","potentialAction":[{"@type":"CommentAction","name":"Comment","target":["https:\/\/www.africa-press.net\/guinee-conakry\/politique\/vers-laffichage-du-prix-des-denrees-alimentaire-dans-les-boutiques-la-ministre-du-commerce-promet-de-traquer-les-brebis-galeuses#respond"]}]},{"@type":"WebPage","@id":"https:\/\/www.africa-press.net\/guinee-conakry\/politique\/vers-laffichage-du-prix-des-denrees-alimentaire-dans-les-boutiques-la-ministre-du-commerce-promet-de-traquer-les-brebis-galeuses","url":"https:\/\/www.africa-press.net\/guinee-conakry\/politique\/vers-laffichage-du-prix-des-denrees-alimentaire-dans-les-boutiques-la-ministre-du-commerce-promet-de-traquer-les-brebis-galeuses","name":"Vers l\u2019affichage du prix des denr\u00e9es alimentaire dans les boutiques\u00a0? La ministre du commerce promet de traquer les \u2018\u2019brebis galeuses\u2019\u2019 - guinee Conakry","isPartOf":{"@id":"https:\/\/www.africa-press.net\/guinee-conakry\/#website"},"primaryImageOfPage":{"@id":"https:\/\/www.africa-press.net\/guinee-conakry\/politique\/vers-laffichage-du-prix-des-denrees-alimentaire-dans-les-boutiques-la-ministre-du-commerce-promet-de-traquer-les-brebis-galeuses#primaryimage"},"image":{"@id":"https:\/\/www.africa-press.net\/guinee-conakry\/politique\/vers-laffichage-du-prix-des-denrees-alimentaire-dans-les-boutiques-la-ministre-du-commerce-promet-de-traquer-les-brebis-galeuses#primaryimage"},"thumbnailUrl":"https:\/\/static.africa-press.net\/conakry\/sites\/63\/2024\/02\/Jokar1706783227.769455.jpg","datePublished":"2024-02-01T13:57:00+00:00","author":{"@id":"https:\/\/www.africa-press.net\/guinee-conakry\/#\/schema\/person\/2b1cf3cd81a31e3cd26889ca66d677f1"},"breadcrumb":{"@id":"https:\/\/www.africa-press.net\/guinee-conakry\/politique\/vers-laffichage-du-prix-des-denrees-alimentaire-dans-les-boutiques-la-ministre-du-commerce-promet-de-traquer-les-brebis-galeuses#breadcrumb"},"inLanguage":"fr-FR","potentialAction":[{"@type":"ReadAction","target":["https:\/\/www.africa-press.net\/guinee-conakry\/politique\/vers-laffichage-du-prix-des-denrees-alimentaire-dans-les-boutiques-la-ministre-du-commerce-promet-de-traquer-les-brebis-galeuses"]}]},{"@type":"ImageObject","inLanguage":"fr-FR","@id":"https:\/\/www.africa-press.net\/guinee-conakry\/politique\/vers-laffichage-du-prix-des-denrees-alimentaire-dans-les-boutiques-la-ministre-du-commerce-promet-de-traquer-les-brebis-galeuses#primaryimage","url":"https:\/\/static.africa-press.net\/conakry\/sites\/63\/2024\/02\/Jokar1706783227.769455.jpg","contentUrl":"https:\/\/static.africa-press.net\/conakry\/sites\/63\/2024\/02\/Jokar1706783227.769455.jpg","width":1024,"height":683,"caption":"Vers l\u2019affichage du prix des denr\u00e9es alimentaire dans les boutiques\u00a0? La ministre du commerce promet de traquer les \u2018\u2019brebis galeuses\u2019\u2019"},{"@type":"BreadcrumbList","@id":"https:\/\/www.africa-press.net\/guinee-conakry\/politique\/vers-laffichage-du-prix-des-denrees-alimentaire-dans-les-boutiques-la-ministre-du-commerce-promet-de-traquer-les-brebis-galeuses#breadcrumb","itemListElement":[{"@type":"ListItem","position":1,"name":"Accueil","item":"https:\/\/www.africa-press.net\/guinee-conakry\/"},{"@type":"ListItem","position":2,"name":"Vers l\u2019affichage du prix des denr\u00e9es alimentaire dans les boutiques\u00a0? La ministre du commerce promet de traquer les \u2018\u2019brebis galeuses\u2019\u2019"}]},{"@type":"WebSite","@id":"https:\/\/www.africa-press.net\/guinee-conakry\/#website","url":"https:\/\/www.africa-press.net\/guinee-conakry\/","name":"guinee Conakry","description":"Just another Africa News Agency Sites site","potentialAction":[{"@type":"SearchAction","target":{"@type":"EntryPoint","urlTemplate":"https:\/\/www.africa-press.net\/guinee-conakry\/?s={search_term_string}"},"query-input":{"@type":"PropertyValueSpecification","valueRequired":true,"valueName":"search_term_string"}}],"inLanguage":"fr-FR"},{"@type":"Person","@id":"https:\/\/www.africa-press.net\/guinee-conakry\/#\/schema\/person\/2b1cf3cd81a31e3cd26889ca66d677f1","name":"cfeditorfr"}]}},"_links":{"self":[{"href":"https:\/\/www.africa-press.net\/guinee-conakry\/wp-json\/wp\/v2\/posts\/18489","targetHints":{"allow":["GET"]}}],"collection":[{"href":"https:\/\/www.africa-press.net\/guinee-conakry\/wp-json\/wp\/v2\/posts"}],"about":[{"href":"https:\/\/www.africa-press.net\/guinee-conakry\/wp-json\/wp\/v2\/types\/post"}],"author":[{"embeddable":true,"href":"https:\/\/www.africa-press.net\/guinee-conakry\/wp-json\/wp\/v2\/users\/82"}],"replies":[{"embeddable":true,"href":"https:\/\/www.africa-press.net\/guinee-conakry\/wp-json\/wp\/v2\/comments?post=18489"}],"version-history":[{"count":0,"href":"https:\/\/www.africa-press.net\/guinee-conakry\/wp-json\/wp\/v2\/posts\/18489\/revisions"}],"wp:featuredmedia":[{"embeddable":true,"href":"https:\/\/www.africa-press.net\/guinee-conakry\/wp-json\/wp\/v2\/media\/18488"}],"wp:attachment":[{"href":"https:\/\/www.africa-press.net\/guinee-conakry\/wp-json\/wp\/v2\/media?parent=18489"}],"wp:term":[{"taxonomy":"category","embeddable":true,"href":"https:\/\/www.africa-press.net\/guinee-conakry\/wp-json\/wp\/v2\/categories?post=18489"},{"taxonomy":"post_tag","embeddable":true,"href":"https:\/\/www.africa-press.net\/guinee-conakry\/wp-json\/wp\/v2\/tags?post=18489"}],"curies":[{"name":"wp","href":"https:\/\/api.w.org\/{rel}","templated":true}]}}