{"id":18498,"date":"2024-02-02T11:34:00","date_gmt":"2024-02-02T11:34:00","guid":{"rendered":"https:\/\/www.africa-press.net\/guinee-conakry\/politique\/restriction-des-reseaux-sociaux-et-brouillage-des-ondes-que-veut-cacher-letat-par-mohamed-traore"},"modified":"2024-02-02T11:34:00","modified_gmt":"2024-02-02T11:34:00","slug":"restriction-des-reseaux-sociaux-et-brouillage-des-ondes-que-veut-cacher-letat-par-mohamed-traore","status":"publish","type":"post","link":"https:\/\/www.africa-press.net\/guinee-conakry\/dossiers\/restriction-des-reseaux-sociaux-et-brouillage-des-ondes-que-veut-cacher-letat-par-mohamed-traore","title":{"rendered":"Restriction des r\u00e9seaux sociaux et brouillage des ondes : \u2018\u2019Que veut cacher l\u2019Etat ?\u2019\u2019 (Par Mohamed Traor\u00e9)"},"content":{"rendered":"<p><span style=\"color: #ff6600\"><strong>Africa-Press &#8211; Guin\u00e9e. <\/strong><\/span><b>En ve\u0301rite\u0301, quel est l\u2019inte\u0301re\u0302t que l\u2019<\/b><b>E<\/b><b>tat tire de la limitation de l\u2019acce\u0300s aux re\u0301seaux sociaux et du brouillage des fre\u0301quences de radios prive\u0301es ? Certains disent qu\u2019il n\u2019y a pas de restriction a\u0300 l\u2019acce\u0300s a\u0300 internet<\/b><b>, <\/b><b>mais une restriction a\u0300 l\u2019acce\u0300s aux re\u0301seaux sociaux. Mais me\u0302me en admettant qu\u2019il s\u2019agit uniquement d\u2019une restriction de l\u2019acce\u0300s aux re\u0301seaux sociaux, la question reste.<\/b><\/p>\n<p>Le but est-il de restreindre la liberte\u0301 d\u2019opinion, la liberte\u0301 d\u2019expression, le droit a\u0300 l\u2019information et son corollaire, le droit d\u2019acce\u0300s a\u0300 l\u2019information ? Pourtant, tous ces droits et liberte\u0301s sont pre\u0301vus par les instruments juridiques nationaux et internationaux relatifs aux liberte\u0301s et droits fondamentaux des citoyens.<\/p>\n<p>L\u2019Etat cherche-t-il a\u0300 empe\u0302cher tout de\u0301bat sur des questions relatives aux affaires publiques ?<\/p>\n<p>Puisque que la souverainete\u0301 appartient au peuple et qu\u2019un peuple ve\u0301ritablement souverain est un peuple suffisamment e\u0301claire\u0301 et informe\u0301, comment peut-il e\u0302tre informe\u0301 et e\u0301claire\u0301 s\u2019il n\u2019a pas acce\u0300s a\u0300 l\u2019information sur les questions essentielles ayant trait a\u0300 la vie de la Nation ?<\/p>\n<p>A\u0300 moins que l\u2019Etat ne pre\u0301fe\u0300re avoir affaire a\u0300 un peuple \u2018\u2019abruti\u2019\u2019 qu\u2019il peut manipuler a\u0300 souhait.<\/p>\n<p>Au regard de la situation actuelle, on ne peut pas e\u0301viter de poser la question suivante : \u2018\u2019Que veut cacher l\u2019E\u0301tat ?\u2019\u2019 en empe\u0302chant la presse d\u2019exercer sans entrave et les citoyens de s\u2019exprimer librement. L\u2019argument de la se\u0301curite\u0301 nationale ne peut tout expliquer. Et me\u0302me quand il s\u2019agit de questions lie\u0301es a\u0300 la se\u0301curite\u0301 nationale, le peuple doit en e\u0302tre informe\u0301 dans les limites, bien entendu, de ce qui doit e\u0302tre porte\u0301 a\u0300 sa connaissance, sans compromettre justement cette se\u0301curite\u0301.<\/p>\n<p>En tout cas, ce qui se passe depuis des mois dans le monde des me\u0301dias et relativement aux re\u0301seaux sociaux, constitue un recul que tre\u0300s peu de personnes pouvaient imaginer me\u0302me dans leurs pre\u0301visions les plus pessimistes au lendemain du 5 septembre 2021.<\/p>\n<p>Dans la gouvernance d\u2019un pays, les dirigeants doivent absolument e\u0301viter que les citoyens en viennent a\u0300 dire : \u2018Hier, c\u2019e\u0301tait encore mieux\u2019\u2019.<\/p>\n<p><b>Mohamed TRAORE<\/b><\/p>\n<p><strong>Pour plus d&rsquo;informations et d&rsquo;analyses sur la <a href=\"https:\/\/www.africa-press.net\/guinee-conakry\">Guin\u00e9e<\/a>, suivez <a href=\"https:\/\/www.africa-press.net\/\">Africa-Press<\/a><\/strong><\/p>\n","protected":false},"excerpt":{"rendered":"<p>Africa-Press &#8211; Guin\u00e9e. En ve\u0301rite\u0301, quel est l\u2019inte\u0301re\u0302t que l\u2019Etat tire de la limitation de l\u2019acce\u0300s aux re\u0301seaux sociaux et du brouillage des fre\u0301quences de radios prive\u0301es ? Certains disent qu\u2019il n\u2019y a pas de restriction a\u0300 l\u2019acce\u0300s a\u0300 internet, mais une restriction a\u0300 l\u2019acce\u0300s aux re\u0301seaux sociaux. Mais me\u0302me en admettant qu\u2019il s\u2019agit uniquement [&hellip;]<\/p>\n","protected":false},"author":82,"featured_media":18497,"comment_status":"open","ping_status":"closed","sticky":false,"template":"","format":"standard","meta":{"footnotes":""},"categories":[7,10],"tags":[36,57,58],"class_list":["post-18498","post","type-post","status-publish","format-standard","has-post-thumbnail","hentry","category-dossiers","category-toutes-les-actualites","tag-africa-press","tag-africa-press-guinee","tag-guinee"],"yoast_head":"<!-- This site is optimized with the Yoast SEO Premium plugin v26.1 (Yoast SEO v27.0) - https:\/\/yoast.com\/product\/yoast-seo-premium-wordpress\/ -->\n<title>Restriction des r\u00e9seaux sociaux et brouillage des ondes : \u2018\u2019Que veut cacher l\u2019Etat ?\u2019\u2019 (Par Mohamed Traor\u00e9) - guinee Conakry<\/title>\n<meta name=\"robots\" content=\"index, follow, max-snippet:-1, max-image-preview:large, max-video-preview:-1\" \/>\n<link rel=\"canonical\" href=\"https:\/\/www.africa-press.net\/guinee-conakry\/politique\/restriction-des-reseaux-sociaux-et-brouillage-des-ondes-que-veut-cacher-letat-par-mohamed-traore\" \/>\n<meta property=\"og:locale\" content=\"fr_FR\" \/>\n<meta property=\"og:type\" content=\"article\" \/>\n<meta property=\"og:title\" content=\"Restriction des r\u00e9seaux sociaux et brouillage des ondes : \u2018\u2019Que veut cacher l\u2019Etat ?\u2019\u2019 (Par Mohamed Traor\u00e9)\" \/>\n<meta property=\"og:description\" content=\"Africa-Press &#8211; Guin\u00e9e. En ve\u0301rite\u0301, quel est l\u2019inte\u0301re\u0302t que l\u2019Etat tire de la limitation de l\u2019acce\u0300s aux re\u0301seaux sociaux et du brouillage des fre\u0301quences de radios prive\u0301es ? Certains disent qu\u2019il n\u2019y a pas de restriction a\u0300 l\u2019acce\u0300s a\u0300 internet, mais une restriction a\u0300 l\u2019acce\u0300s aux re\u0301seaux sociaux. Mais me\u0302me en admettant qu\u2019il s\u2019agit uniquement [&hellip;]\" \/>\n<meta property=\"og:url\" content=\"https:\/\/www.africa-press.net\/guinee-conakry\/politique\/restriction-des-reseaux-sociaux-et-brouillage-des-ondes-que-veut-cacher-letat-par-mohamed-traore\" \/>\n<meta property=\"og:site_name\" content=\"guinee Conakry\" \/>\n<meta property=\"article:published_time\" content=\"2024-02-02T11:34:00+00:00\" \/>\n<meta name=\"author\" content=\"cfeditorfr\" \/>\n<meta name=\"twitter:card\" content=\"summary_large_image\" \/>\n<meta name=\"twitter:label1\" content=\"\u00c9crit par\" \/>\n\t<meta name=\"twitter:data1\" content=\"cfeditorfr\" \/>\n\t<meta name=\"twitter:label2\" content=\"Dur\u00e9e de lecture estim\u00e9e\" \/>\n\t<meta name=\"twitter:data2\" content=\"2 minutes\" \/>\n<script type=\"application\/ld+json\" class=\"yoast-schema-graph\">{\"@context\":\"https:\/\/schema.org\",\"@graph\":[{\"@type\":\"Article\",\"@id\":\"https:\/\/www.africa-press.net\/guinee-conakry\/politique\/restriction-des-reseaux-sociaux-et-brouillage-des-ondes-que-veut-cacher-letat-par-mohamed-traore#article\",\"isPartOf\":{\"@id\":\"https:\/\/www.africa-press.net\/guinee-conakry\/politique\/restriction-des-reseaux-sociaux-et-brouillage-des-ondes-que-veut-cacher-letat-par-mohamed-traore\"},\"author\":{\"name\":\"cfeditorfr\",\"@id\":\"https:\/\/www.africa-press.net\/guinee-conakry\/#\/schema\/person\/2b1cf3cd81a31e3cd26889ca66d677f1\"},\"headline\":\"Restriction des r\u00e9seaux sociaux et brouillage des ondes : \u2018\u2019Que veut cacher l\u2019Etat ?\u2019\u2019 (Par Mohamed Traor\u00e9)\",\"datePublished\":\"2024-02-02T11:34:00+00:00\",\"mainEntityOfPage\":{\"@id\":\"https:\/\/www.africa-press.net\/guinee-conakry\/politique\/restriction-des-reseaux-sociaux-et-brouillage-des-ondes-que-veut-cacher-letat-par-mohamed-traore\"},\"wordCount\":431,\"commentCount\":0,\"image\":{\"@id\":\"https:\/\/www.africa-press.net\/guinee-conakry\/politique\/restriction-des-reseaux-sociaux-et-brouillage-des-ondes-que-veut-cacher-letat-par-mohamed-traore#primaryimage\"},\"thumbnailUrl\":\"https:\/\/static.africa-press.net\/conakry\/sites\/63\/2024\/02\/Jokar1706861075.273405.jpg\",\"keywords\":[\"Africa Press\",\"Africa Press-Guin\u00e9e\",\"Guin\u00e9e\"],\"articleSection\":[\"Dossiers\",\"Toutes les actualit\u00e9s\"],\"inLanguage\":\"fr-FR\",\"potentialAction\":[{\"@type\":\"CommentAction\",\"name\":\"Comment\",\"target\":[\"https:\/\/www.africa-press.net\/guinee-conakry\/politique\/restriction-des-reseaux-sociaux-et-brouillage-des-ondes-que-veut-cacher-letat-par-mohamed-traore#respond\"]}]},{\"@type\":\"WebPage\",\"@id\":\"https:\/\/www.africa-press.net\/guinee-conakry\/politique\/restriction-des-reseaux-sociaux-et-brouillage-des-ondes-que-veut-cacher-letat-par-mohamed-traore\",\"url\":\"https:\/\/www.africa-press.net\/guinee-conakry\/politique\/restriction-des-reseaux-sociaux-et-brouillage-des-ondes-que-veut-cacher-letat-par-mohamed-traore\",\"name\":\"Restriction des r\u00e9seaux sociaux et brouillage des ondes : \u2018\u2019Que veut cacher l\u2019Etat ?\u2019\u2019 (Par Mohamed Traor\u00e9) - guinee Conakry\",\"isPartOf\":{\"@id\":\"https:\/\/www.africa-press.net\/guinee-conakry\/#website\"},\"primaryImageOfPage\":{\"@id\":\"https:\/\/www.africa-press.net\/guinee-conakry\/politique\/restriction-des-reseaux-sociaux-et-brouillage-des-ondes-que-veut-cacher-letat-par-mohamed-traore#primaryimage\"},\"image\":{\"@id\":\"https:\/\/www.africa-press.net\/guinee-conakry\/politique\/restriction-des-reseaux-sociaux-et-brouillage-des-ondes-que-veut-cacher-letat-par-mohamed-traore#primaryimage\"},\"thumbnailUrl\":\"https:\/\/static.africa-press.net\/conakry\/sites\/63\/2024\/02\/Jokar1706861075.273405.jpg\",\"datePublished\":\"2024-02-02T11:34:00+00:00\",\"author\":{\"@id\":\"https:\/\/www.africa-press.net\/guinee-conakry\/#\/schema\/person\/2b1cf3cd81a31e3cd26889ca66d677f1\"},\"breadcrumb\":{\"@id\":\"https:\/\/www.africa-press.net\/guinee-conakry\/politique\/restriction-des-reseaux-sociaux-et-brouillage-des-ondes-que-veut-cacher-letat-par-mohamed-traore#breadcrumb\"},\"inLanguage\":\"fr-FR\",\"potentialAction\":[{\"@type\":\"ReadAction\",\"target\":[\"https:\/\/www.africa-press.net\/guinee-conakry\/politique\/restriction-des-reseaux-sociaux-et-brouillage-des-ondes-que-veut-cacher-letat-par-mohamed-traore\"]}]},{\"@type\":\"ImageObject\",\"inLanguage\":\"fr-FR\",\"@id\":\"https:\/\/www.africa-press.net\/guinee-conakry\/politique\/restriction-des-reseaux-sociaux-et-brouillage-des-ondes-que-veut-cacher-letat-par-mohamed-traore#primaryimage\",\"url\":\"https:\/\/static.africa-press.net\/conakry\/sites\/63\/2024\/02\/Jokar1706861075.273405.jpg\",\"contentUrl\":\"https:\/\/static.africa-press.net\/conakry\/sites\/63\/2024\/02\/Jokar1706861075.273405.jpg\",\"width\":756,\"height\":569,\"caption\":\"Restriction des r\u00e9seaux sociaux et brouillage des ondes : \u2018\u2019Que veut cacher l\u2019Etat ?\u2019\u2019 (Par Mohamed Traor\u00e9)\"},{\"@type\":\"BreadcrumbList\",\"@id\":\"https:\/\/www.africa-press.net\/guinee-conakry\/politique\/restriction-des-reseaux-sociaux-et-brouillage-des-ondes-que-veut-cacher-letat-par-mohamed-traore#breadcrumb\",\"itemListElement\":[{\"@type\":\"ListItem\",\"position\":1,\"name\":\"Accueil\",\"item\":\"https:\/\/www.africa-press.net\/guinee-conakry\/\"},{\"@type\":\"ListItem\",\"position\":2,\"name\":\"Restriction des r\u00e9seaux sociaux et brouillage des ondes : \u2018\u2019Que veut cacher l\u2019Etat ?\u2019\u2019 (Par Mohamed Traor\u00e9)\"}]},{\"@type\":\"WebSite\",\"@id\":\"https:\/\/www.africa-press.net\/guinee-conakry\/#website\",\"url\":\"https:\/\/www.africa-press.net\/guinee-conakry\/\",\"name\":\"guinee Conakry\",\"description\":\"Just another Africa News Agency Sites site\",\"potentialAction\":[{\"@type\":\"SearchAction\",\"target\":{\"@type\":\"EntryPoint\",\"urlTemplate\":\"https:\/\/www.africa-press.net\/guinee-conakry\/?s={search_term_string}\"},\"query-input\":{\"@type\":\"PropertyValueSpecification\",\"valueRequired\":true,\"valueName\":\"search_term_string\"}}],\"inLanguage\":\"fr-FR\"},{\"@type\":\"Person\",\"@id\":\"https:\/\/www.africa-press.net\/guinee-conakry\/#\/schema\/person\/2b1cf3cd81a31e3cd26889ca66d677f1\",\"name\":\"cfeditorfr\"}]}<\/script>\n<!-- \/ Yoast SEO Premium plugin. -->","yoast_head_json":{"title":"Restriction des r\u00e9seaux sociaux et brouillage des ondes : \u2018\u2019Que veut cacher l\u2019Etat ?\u2019\u2019 (Par Mohamed Traor\u00e9) - guinee Conakry","robots":{"index":"index","follow":"follow","max-snippet":"max-snippet:-1","max-image-preview":"max-image-preview:large","max-video-preview":"max-video-preview:-1"},"canonical":"https:\/\/www.africa-press.net\/guinee-conakry\/politique\/restriction-des-reseaux-sociaux-et-brouillage-des-ondes-que-veut-cacher-letat-par-mohamed-traore","og_locale":"fr_FR","og_type":"article","og_title":"Restriction des r\u00e9seaux sociaux et brouillage des ondes : \u2018\u2019Que veut cacher l\u2019Etat ?\u2019\u2019 (Par Mohamed Traor\u00e9)","og_description":"Africa-Press &#8211; Guin\u00e9e. En ve\u0301rite\u0301, quel est l\u2019inte\u0301re\u0302t que l\u2019Etat tire de la limitation de l\u2019acce\u0300s aux re\u0301seaux sociaux et du brouillage des fre\u0301quences de radios prive\u0301es ? Certains disent qu\u2019il n\u2019y a pas de restriction a\u0300 l\u2019acce\u0300s a\u0300 internet, mais une restriction a\u0300 l\u2019acce\u0300s aux re\u0301seaux sociaux. Mais me\u0302me en admettant qu\u2019il s\u2019agit uniquement [&hellip;]","og_url":"https:\/\/www.africa-press.net\/guinee-conakry\/politique\/restriction-des-reseaux-sociaux-et-brouillage-des-ondes-que-veut-cacher-letat-par-mohamed-traore","og_site_name":"guinee Conakry","article_published_time":"2024-02-02T11:34:00+00:00","author":"cfeditorfr","twitter_card":"summary_large_image","twitter_misc":{"\u00c9crit par":"cfeditorfr","Dur\u00e9e de lecture estim\u00e9e":"2 minutes"},"schema":{"@context":"https:\/\/schema.org","@graph":[{"@type":"Article","@id":"https:\/\/www.africa-press.net\/guinee-conakry\/politique\/restriction-des-reseaux-sociaux-et-brouillage-des-ondes-que-veut-cacher-letat-par-mohamed-traore#article","isPartOf":{"@id":"https:\/\/www.africa-press.net\/guinee-conakry\/politique\/restriction-des-reseaux-sociaux-et-brouillage-des-ondes-que-veut-cacher-letat-par-mohamed-traore"},"author":{"name":"cfeditorfr","@id":"https:\/\/www.africa-press.net\/guinee-conakry\/#\/schema\/person\/2b1cf3cd81a31e3cd26889ca66d677f1"},"headline":"Restriction des r\u00e9seaux sociaux et brouillage des ondes : \u2018\u2019Que veut cacher l\u2019Etat ?\u2019\u2019 (Par Mohamed Traor\u00e9)","datePublished":"2024-02-02T11:34:00+00:00","mainEntityOfPage":{"@id":"https:\/\/www.africa-press.net\/guinee-conakry\/politique\/restriction-des-reseaux-sociaux-et-brouillage-des-ondes-que-veut-cacher-letat-par-mohamed-traore"},"wordCount":431,"commentCount":0,"image":{"@id":"https:\/\/www.africa-press.net\/guinee-conakry\/politique\/restriction-des-reseaux-sociaux-et-brouillage-des-ondes-que-veut-cacher-letat-par-mohamed-traore#primaryimage"},"thumbnailUrl":"https:\/\/static.africa-press.net\/conakry\/sites\/63\/2024\/02\/Jokar1706861075.273405.jpg","keywords":["Africa Press","Africa Press-Guin\u00e9e","Guin\u00e9e"],"articleSection":["Dossiers","Toutes les actualit\u00e9s"],"inLanguage":"fr-FR","potentialAction":[{"@type":"CommentAction","name":"Comment","target":["https:\/\/www.africa-press.net\/guinee-conakry\/politique\/restriction-des-reseaux-sociaux-et-brouillage-des-ondes-que-veut-cacher-letat-par-mohamed-traore#respond"]}]},{"@type":"WebPage","@id":"https:\/\/www.africa-press.net\/guinee-conakry\/politique\/restriction-des-reseaux-sociaux-et-brouillage-des-ondes-que-veut-cacher-letat-par-mohamed-traore","url":"https:\/\/www.africa-press.net\/guinee-conakry\/politique\/restriction-des-reseaux-sociaux-et-brouillage-des-ondes-que-veut-cacher-letat-par-mohamed-traore","name":"Restriction des r\u00e9seaux sociaux et brouillage des ondes : \u2018\u2019Que veut cacher l\u2019Etat ?\u2019\u2019 (Par Mohamed Traor\u00e9) - guinee Conakry","isPartOf":{"@id":"https:\/\/www.africa-press.net\/guinee-conakry\/#website"},"primaryImageOfPage":{"@id":"https:\/\/www.africa-press.net\/guinee-conakry\/politique\/restriction-des-reseaux-sociaux-et-brouillage-des-ondes-que-veut-cacher-letat-par-mohamed-traore#primaryimage"},"image":{"@id":"https:\/\/www.africa-press.net\/guinee-conakry\/politique\/restriction-des-reseaux-sociaux-et-brouillage-des-ondes-que-veut-cacher-letat-par-mohamed-traore#primaryimage"},"thumbnailUrl":"https:\/\/static.africa-press.net\/conakry\/sites\/63\/2024\/02\/Jokar1706861075.273405.jpg","datePublished":"2024-02-02T11:34:00+00:00","author":{"@id":"https:\/\/www.africa-press.net\/guinee-conakry\/#\/schema\/person\/2b1cf3cd81a31e3cd26889ca66d677f1"},"breadcrumb":{"@id":"https:\/\/www.africa-press.net\/guinee-conakry\/politique\/restriction-des-reseaux-sociaux-et-brouillage-des-ondes-que-veut-cacher-letat-par-mohamed-traore#breadcrumb"},"inLanguage":"fr-FR","potentialAction":[{"@type":"ReadAction","target":["https:\/\/www.africa-press.net\/guinee-conakry\/politique\/restriction-des-reseaux-sociaux-et-brouillage-des-ondes-que-veut-cacher-letat-par-mohamed-traore"]}]},{"@type":"ImageObject","inLanguage":"fr-FR","@id":"https:\/\/www.africa-press.net\/guinee-conakry\/politique\/restriction-des-reseaux-sociaux-et-brouillage-des-ondes-que-veut-cacher-letat-par-mohamed-traore#primaryimage","url":"https:\/\/static.africa-press.net\/conakry\/sites\/63\/2024\/02\/Jokar1706861075.273405.jpg","contentUrl":"https:\/\/static.africa-press.net\/conakry\/sites\/63\/2024\/02\/Jokar1706861075.273405.jpg","width":756,"height":569,"caption":"Restriction des r\u00e9seaux sociaux et brouillage des ondes : \u2018\u2019Que veut cacher l\u2019Etat ?\u2019\u2019 (Par Mohamed Traor\u00e9)"},{"@type":"BreadcrumbList","@id":"https:\/\/www.africa-press.net\/guinee-conakry\/politique\/restriction-des-reseaux-sociaux-et-brouillage-des-ondes-que-veut-cacher-letat-par-mohamed-traore#breadcrumb","itemListElement":[{"@type":"ListItem","position":1,"name":"Accueil","item":"https:\/\/www.africa-press.net\/guinee-conakry\/"},{"@type":"ListItem","position":2,"name":"Restriction des r\u00e9seaux sociaux et brouillage des ondes : \u2018\u2019Que veut cacher l\u2019Etat ?\u2019\u2019 (Par Mohamed Traor\u00e9)"}]},{"@type":"WebSite","@id":"https:\/\/www.africa-press.net\/guinee-conakry\/#website","url":"https:\/\/www.africa-press.net\/guinee-conakry\/","name":"guinee Conakry","description":"Just another Africa News Agency Sites site","potentialAction":[{"@type":"SearchAction","target":{"@type":"EntryPoint","urlTemplate":"https:\/\/www.africa-press.net\/guinee-conakry\/?s={search_term_string}"},"query-input":{"@type":"PropertyValueSpecification","valueRequired":true,"valueName":"search_term_string"}}],"inLanguage":"fr-FR"},{"@type":"Person","@id":"https:\/\/www.africa-press.net\/guinee-conakry\/#\/schema\/person\/2b1cf3cd81a31e3cd26889ca66d677f1","name":"cfeditorfr"}]}},"_links":{"self":[{"href":"https:\/\/www.africa-press.net\/guinee-conakry\/wp-json\/wp\/v2\/posts\/18498","targetHints":{"allow":["GET"]}}],"collection":[{"href":"https:\/\/www.africa-press.net\/guinee-conakry\/wp-json\/wp\/v2\/posts"}],"about":[{"href":"https:\/\/www.africa-press.net\/guinee-conakry\/wp-json\/wp\/v2\/types\/post"}],"author":[{"embeddable":true,"href":"https:\/\/www.africa-press.net\/guinee-conakry\/wp-json\/wp\/v2\/users\/82"}],"replies":[{"embeddable":true,"href":"https:\/\/www.africa-press.net\/guinee-conakry\/wp-json\/wp\/v2\/comments?post=18498"}],"version-history":[{"count":0,"href":"https:\/\/www.africa-press.net\/guinee-conakry\/wp-json\/wp\/v2\/posts\/18498\/revisions"}],"wp:featuredmedia":[{"embeddable":true,"href":"https:\/\/www.africa-press.net\/guinee-conakry\/wp-json\/wp\/v2\/media\/18497"}],"wp:attachment":[{"href":"https:\/\/www.africa-press.net\/guinee-conakry\/wp-json\/wp\/v2\/media?parent=18498"}],"wp:term":[{"taxonomy":"category","embeddable":true,"href":"https:\/\/www.africa-press.net\/guinee-conakry\/wp-json\/wp\/v2\/categories?post=18498"},{"taxonomy":"post_tag","embeddable":true,"href":"https:\/\/www.africa-press.net\/guinee-conakry\/wp-json\/wp\/v2\/tags?post=18498"}],"curies":[{"name":"wp","href":"https:\/\/api.w.org\/{rel}","templated":true}]}}