{"id":18500,"date":"2024-02-02T11:36:00","date_gmt":"2024-02-02T11:36:00","guid":{"rendered":"https:\/\/www.africa-press.net\/guinee-conakry\/politique\/general-sekou-jamal-pendessa-heraut-intrepide-de-la-liberte-de-la-presse"},"modified":"2024-02-02T11:36:00","modified_gmt":"2024-02-02T11:36:00","slug":"general-sekou-jamal-pendessa-heraut-intrepide-de-la-liberte-de-la-presse","status":"publish","type":"post","link":"https:\/\/www.africa-press.net\/guinee-conakry\/dossiers\/general-sekou-jamal-pendessa-heraut-intrepide-de-la-liberte-de-la-presse","title":{"rendered":"G\u00e9n\u00e9ral S\u00e9kou Jamal Pendessa, h\u00e9raut intr\u00e9pide de la libert\u00e9 de la presse !"},"content":{"rendered":"<p><span style=\"color: #ff6600\"><strong>Africa-Press &#8211; Guin\u00e9e. <\/strong><\/span><b>Dans l\u2019ombre de l\u2019injustice, ton nom re\u0301sonne comme un cri de re\u0301sistance, une lumie\u0300re vacillante dans l\u2019obscurite\u0301 de la censure. Ton combat, e\u0301rige\u0301 sur les fondations de la ve\u0301rite\u0301 et de la liberte\u0301, ne passe pas inaperc\u0327u.<\/b><\/p>\n<p>A la te\u0302te du Syndicat des Professionnels de la Presse de Guine\u0301e (SPPG), tu incarnes la voix intre\u0301pide qui refuse de se taire, me\u0302me face a\u0300 l\u2019oppression qui obscurcit le ciel de l\u2019information. Ton appel a\u0300 la manifestation pour la liberte\u0301 de la presse, malgre\u0301 les fourches caudines d\u2019un pouvoir ivre et implacable, continue de re\u0301sonner comme une me\u0301lodie de courage dans un silence force\u0301.<\/p>\n<p>Arre\u0302te\u0301 par des autorite\u0301s sourdes a\u0300 l\u2019e\u0301cho de la ve\u0301rite\u0301, tu fais face a\u0300 l\u2019injustice avec une bravoure qui inspire. La maison centrale de Conakry devient le the\u0301a\u0302tre de ton engagement, ou\u0300 chaque barreau devient un trophe\u0301e gagne\u0301 pour la cause de la presse libre.<\/p>\n<p>Pense\u0301es fraternelles envers toi, Sekou, et envers ceux qui partagent le fardeau de cette lutte. A\u0300 ton e\u0301pouse, a\u0300 tes enfants, et a\u0300 toute ta famille, nous envoyons des rivie\u0300res de solidarite\u0301. Vous n\u2019e\u0302tes pas seuls dans ce combat pour la ve\u0301rite\u0301.<\/p>\n<p>Ta te\u0301nacite\u0301 re\u0301sonne comme une convocation a\u0300 l\u2019unite\u0301, une invitation a\u0300 tous les de\u0301fenseurs de la libre expression. Ton nom est grave\u0301 dans le marbre de notre me\u0301moire collective, et chaque plume, chaque came\u0301ra reste leve\u0301e en ton honneur.<\/p>\n<p>Sekou Jamal Pendessa, que le ze\u0301phyr de la liberte\u0301 souffle biento\u0302t sur les plaines de la Guine\u0301e, emportant avec lui les chai\u0302nes qui tentent de museler la voix de la ve\u0301rite\u0301.<\/p>\n<p>Avec respect et solidarite\u0301,<\/p>\n<p>Notre Ge\u0301ne\u0301ral, c\u2019est toi !<\/p>\n<p><b>Mohamed Mara<\/b><\/p>\n<p>Journaliste<\/p>\n<p><strong>Pour plus d&rsquo;informations et d&rsquo;analyses sur la <a href=\"https:\/\/www.africa-press.net\/guinee-conakry\">Guin\u00e9e<\/a>, suivez <a href=\"https:\/\/www.africa-press.net\/\">Africa-Press<\/a><\/strong><\/p>\n","protected":false},"excerpt":{"rendered":"<p>Africa-Press &#8211; Guin\u00e9e. Dans l\u2019ombre de l\u2019injustice, ton nom re\u0301sonne comme un cri de re\u0301sistance, une lumie\u0300re vacillante dans l\u2019obscurite\u0301 de la censure. Ton combat, e\u0301rige\u0301 sur les fondations de la ve\u0301rite\u0301 et de la liberte\u0301, ne passe pas inaperc\u0327u. A la te\u0302te du Syndicat des Professionnels de la Presse de Guine\u0301e (SPPG), tu incarnes [&hellip;]<\/p>\n","protected":false},"author":82,"featured_media":18499,"comment_status":"open","ping_status":"closed","sticky":false,"template":"","format":"standard","meta":{"footnotes":""},"categories":[7,10],"tags":[36,57,58],"class_list":["post-18500","post","type-post","status-publish","format-standard","has-post-thumbnail","hentry","category-dossiers","category-toutes-les-actualites","tag-africa-press","tag-africa-press-guinee","tag-guinee"],"yoast_head":"<!-- This site is optimized with the Yoast SEO Premium plugin v26.1 (Yoast SEO v27.0) - https:\/\/yoast.com\/product\/yoast-seo-premium-wordpress\/ -->\n<title>G\u00e9n\u00e9ral S\u00e9kou Jamal Pendessa, h\u00e9raut intr\u00e9pide de la libert\u00e9 de la presse ! - guinee Conakry<\/title>\n<meta name=\"robots\" content=\"index, follow, max-snippet:-1, max-image-preview:large, max-video-preview:-1\" \/>\n<link rel=\"canonical\" href=\"https:\/\/www.africa-press.net\/guinee-conakry\/politique\/general-sekou-jamal-pendessa-heraut-intrepide-de-la-liberte-de-la-presse\" \/>\n<meta property=\"og:locale\" content=\"fr_FR\" \/>\n<meta property=\"og:type\" content=\"article\" \/>\n<meta property=\"og:title\" content=\"G\u00e9n\u00e9ral S\u00e9kou Jamal Pendessa, h\u00e9raut intr\u00e9pide de la libert\u00e9 de la presse !\" \/>\n<meta property=\"og:description\" content=\"Africa-Press &#8211; Guin\u00e9e. Dans l\u2019ombre de l\u2019injustice, ton nom re\u0301sonne comme un cri de re\u0301sistance, une lumie\u0300re vacillante dans l\u2019obscurite\u0301 de la censure. Ton combat, e\u0301rige\u0301 sur les fondations de la ve\u0301rite\u0301 et de la liberte\u0301, ne passe pas inaperc\u0327u. A la te\u0302te du Syndicat des Professionnels de la Presse de Guine\u0301e (SPPG), tu incarnes [&hellip;]\" \/>\n<meta property=\"og:url\" content=\"https:\/\/www.africa-press.net\/guinee-conakry\/politique\/general-sekou-jamal-pendessa-heraut-intrepide-de-la-liberte-de-la-presse\" \/>\n<meta property=\"og:site_name\" content=\"guinee Conakry\" \/>\n<meta property=\"article:published_time\" content=\"2024-02-02T11:36:00+00:00\" \/>\n<meta name=\"author\" content=\"cfeditorfr\" \/>\n<meta name=\"twitter:card\" content=\"summary_large_image\" \/>\n<meta name=\"twitter:label1\" content=\"\u00c9crit par\" \/>\n\t<meta name=\"twitter:data1\" content=\"cfeditorfr\" \/>\n\t<meta name=\"twitter:label2\" content=\"Dur\u00e9e de lecture estim\u00e9e\" \/>\n\t<meta name=\"twitter:data2\" content=\"2 minutes\" \/>\n<script type=\"application\/ld+json\" class=\"yoast-schema-graph\">{\"@context\":\"https:\/\/schema.org\",\"@graph\":[{\"@type\":\"Article\",\"@id\":\"https:\/\/www.africa-press.net\/guinee-conakry\/politique\/general-sekou-jamal-pendessa-heraut-intrepide-de-la-liberte-de-la-presse#article\",\"isPartOf\":{\"@id\":\"https:\/\/www.africa-press.net\/guinee-conakry\/politique\/general-sekou-jamal-pendessa-heraut-intrepide-de-la-liberte-de-la-presse\"},\"author\":{\"name\":\"cfeditorfr\",\"@id\":\"https:\/\/www.africa-press.net\/guinee-conakry\/#\/schema\/person\/2b1cf3cd81a31e3cd26889ca66d677f1\"},\"headline\":\"G\u00e9n\u00e9ral S\u00e9kou Jamal Pendessa, h\u00e9raut intr\u00e9pide de la libert\u00e9 de la presse !\",\"datePublished\":\"2024-02-02T11:36:00+00:00\",\"mainEntityOfPage\":{\"@id\":\"https:\/\/www.africa-press.net\/guinee-conakry\/politique\/general-sekou-jamal-pendessa-heraut-intrepide-de-la-liberte-de-la-presse\"},\"wordCount\":352,\"commentCount\":0,\"image\":{\"@id\":\"https:\/\/www.africa-press.net\/guinee-conakry\/politique\/general-sekou-jamal-pendessa-heraut-intrepide-de-la-liberte-de-la-presse#primaryimage\"},\"thumbnailUrl\":\"https:\/\/static.africa-press.net\/conakry\/sites\/63\/2024\/02\/Jokar1706861181.487403.jpg\",\"keywords\":[\"Africa Press\",\"Africa Press-Guin\u00e9e\",\"Guin\u00e9e\"],\"articleSection\":[\"Dossiers\",\"Toutes les actualit\u00e9s\"],\"inLanguage\":\"fr-FR\",\"potentialAction\":[{\"@type\":\"CommentAction\",\"name\":\"Comment\",\"target\":[\"https:\/\/www.africa-press.net\/guinee-conakry\/politique\/general-sekou-jamal-pendessa-heraut-intrepide-de-la-liberte-de-la-presse#respond\"]}]},{\"@type\":\"WebPage\",\"@id\":\"https:\/\/www.africa-press.net\/guinee-conakry\/politique\/general-sekou-jamal-pendessa-heraut-intrepide-de-la-liberte-de-la-presse\",\"url\":\"https:\/\/www.africa-press.net\/guinee-conakry\/politique\/general-sekou-jamal-pendessa-heraut-intrepide-de-la-liberte-de-la-presse\",\"name\":\"G\u00e9n\u00e9ral S\u00e9kou Jamal Pendessa, h\u00e9raut intr\u00e9pide de la libert\u00e9 de la presse ! - guinee Conakry\",\"isPartOf\":{\"@id\":\"https:\/\/www.africa-press.net\/guinee-conakry\/#website\"},\"primaryImageOfPage\":{\"@id\":\"https:\/\/www.africa-press.net\/guinee-conakry\/politique\/general-sekou-jamal-pendessa-heraut-intrepide-de-la-liberte-de-la-presse#primaryimage\"},\"image\":{\"@id\":\"https:\/\/www.africa-press.net\/guinee-conakry\/politique\/general-sekou-jamal-pendessa-heraut-intrepide-de-la-liberte-de-la-presse#primaryimage\"},\"thumbnailUrl\":\"https:\/\/static.africa-press.net\/conakry\/sites\/63\/2024\/02\/Jokar1706861181.487403.jpg\",\"datePublished\":\"2024-02-02T11:36:00+00:00\",\"author\":{\"@id\":\"https:\/\/www.africa-press.net\/guinee-conakry\/#\/schema\/person\/2b1cf3cd81a31e3cd26889ca66d677f1\"},\"breadcrumb\":{\"@id\":\"https:\/\/www.africa-press.net\/guinee-conakry\/politique\/general-sekou-jamal-pendessa-heraut-intrepide-de-la-liberte-de-la-presse#breadcrumb\"},\"inLanguage\":\"fr-FR\",\"potentialAction\":[{\"@type\":\"ReadAction\",\"target\":[\"https:\/\/www.africa-press.net\/guinee-conakry\/politique\/general-sekou-jamal-pendessa-heraut-intrepide-de-la-liberte-de-la-presse\"]}]},{\"@type\":\"ImageObject\",\"inLanguage\":\"fr-FR\",\"@id\":\"https:\/\/www.africa-press.net\/guinee-conakry\/politique\/general-sekou-jamal-pendessa-heraut-intrepide-de-la-liberte-de-la-presse#primaryimage\",\"url\":\"https:\/\/static.africa-press.net\/conakry\/sites\/63\/2024\/02\/Jokar1706861181.487403.jpg\",\"contentUrl\":\"https:\/\/static.africa-press.net\/conakry\/sites\/63\/2024\/02\/Jokar1706861181.487403.jpg\",\"width\":571,\"height\":398,\"caption\":\"G\u00e9n\u00e9ral S\u00e9kou Jamal Pendessa, h\u00e9raut intr\u00e9pide de la libert\u00e9 de la presse !\"},{\"@type\":\"BreadcrumbList\",\"@id\":\"https:\/\/www.africa-press.net\/guinee-conakry\/politique\/general-sekou-jamal-pendessa-heraut-intrepide-de-la-liberte-de-la-presse#breadcrumb\",\"itemListElement\":[{\"@type\":\"ListItem\",\"position\":1,\"name\":\"Accueil\",\"item\":\"https:\/\/www.africa-press.net\/guinee-conakry\/\"},{\"@type\":\"ListItem\",\"position\":2,\"name\":\"G\u00e9n\u00e9ral S\u00e9kou Jamal Pendessa, h\u00e9raut intr\u00e9pide de la libert\u00e9 de la presse !\"}]},{\"@type\":\"WebSite\",\"@id\":\"https:\/\/www.africa-press.net\/guinee-conakry\/#website\",\"url\":\"https:\/\/www.africa-press.net\/guinee-conakry\/\",\"name\":\"guinee Conakry\",\"description\":\"Just another Africa News Agency Sites site\",\"potentialAction\":[{\"@type\":\"SearchAction\",\"target\":{\"@type\":\"EntryPoint\",\"urlTemplate\":\"https:\/\/www.africa-press.net\/guinee-conakry\/?s={search_term_string}\"},\"query-input\":{\"@type\":\"PropertyValueSpecification\",\"valueRequired\":true,\"valueName\":\"search_term_string\"}}],\"inLanguage\":\"fr-FR\"},{\"@type\":\"Person\",\"@id\":\"https:\/\/www.africa-press.net\/guinee-conakry\/#\/schema\/person\/2b1cf3cd81a31e3cd26889ca66d677f1\",\"name\":\"cfeditorfr\"}]}<\/script>\n<!-- \/ Yoast SEO Premium plugin. -->","yoast_head_json":{"title":"G\u00e9n\u00e9ral S\u00e9kou Jamal Pendessa, h\u00e9raut intr\u00e9pide de la libert\u00e9 de la presse ! - guinee Conakry","robots":{"index":"index","follow":"follow","max-snippet":"max-snippet:-1","max-image-preview":"max-image-preview:large","max-video-preview":"max-video-preview:-1"},"canonical":"https:\/\/www.africa-press.net\/guinee-conakry\/politique\/general-sekou-jamal-pendessa-heraut-intrepide-de-la-liberte-de-la-presse","og_locale":"fr_FR","og_type":"article","og_title":"G\u00e9n\u00e9ral S\u00e9kou Jamal Pendessa, h\u00e9raut intr\u00e9pide de la libert\u00e9 de la presse !","og_description":"Africa-Press &#8211; Guin\u00e9e. Dans l\u2019ombre de l\u2019injustice, ton nom re\u0301sonne comme un cri de re\u0301sistance, une lumie\u0300re vacillante dans l\u2019obscurite\u0301 de la censure. Ton combat, e\u0301rige\u0301 sur les fondations de la ve\u0301rite\u0301 et de la liberte\u0301, ne passe pas inaperc\u0327u. A la te\u0302te du Syndicat des Professionnels de la Presse de Guine\u0301e (SPPG), tu incarnes [&hellip;]","og_url":"https:\/\/www.africa-press.net\/guinee-conakry\/politique\/general-sekou-jamal-pendessa-heraut-intrepide-de-la-liberte-de-la-presse","og_site_name":"guinee Conakry","article_published_time":"2024-02-02T11:36:00+00:00","author":"cfeditorfr","twitter_card":"summary_large_image","twitter_misc":{"\u00c9crit par":"cfeditorfr","Dur\u00e9e de lecture estim\u00e9e":"2 minutes"},"schema":{"@context":"https:\/\/schema.org","@graph":[{"@type":"Article","@id":"https:\/\/www.africa-press.net\/guinee-conakry\/politique\/general-sekou-jamal-pendessa-heraut-intrepide-de-la-liberte-de-la-presse#article","isPartOf":{"@id":"https:\/\/www.africa-press.net\/guinee-conakry\/politique\/general-sekou-jamal-pendessa-heraut-intrepide-de-la-liberte-de-la-presse"},"author":{"name":"cfeditorfr","@id":"https:\/\/www.africa-press.net\/guinee-conakry\/#\/schema\/person\/2b1cf3cd81a31e3cd26889ca66d677f1"},"headline":"G\u00e9n\u00e9ral S\u00e9kou Jamal Pendessa, h\u00e9raut intr\u00e9pide de la libert\u00e9 de la presse !","datePublished":"2024-02-02T11:36:00+00:00","mainEntityOfPage":{"@id":"https:\/\/www.africa-press.net\/guinee-conakry\/politique\/general-sekou-jamal-pendessa-heraut-intrepide-de-la-liberte-de-la-presse"},"wordCount":352,"commentCount":0,"image":{"@id":"https:\/\/www.africa-press.net\/guinee-conakry\/politique\/general-sekou-jamal-pendessa-heraut-intrepide-de-la-liberte-de-la-presse#primaryimage"},"thumbnailUrl":"https:\/\/static.africa-press.net\/conakry\/sites\/63\/2024\/02\/Jokar1706861181.487403.jpg","keywords":["Africa Press","Africa Press-Guin\u00e9e","Guin\u00e9e"],"articleSection":["Dossiers","Toutes les actualit\u00e9s"],"inLanguage":"fr-FR","potentialAction":[{"@type":"CommentAction","name":"Comment","target":["https:\/\/www.africa-press.net\/guinee-conakry\/politique\/general-sekou-jamal-pendessa-heraut-intrepide-de-la-liberte-de-la-presse#respond"]}]},{"@type":"WebPage","@id":"https:\/\/www.africa-press.net\/guinee-conakry\/politique\/general-sekou-jamal-pendessa-heraut-intrepide-de-la-liberte-de-la-presse","url":"https:\/\/www.africa-press.net\/guinee-conakry\/politique\/general-sekou-jamal-pendessa-heraut-intrepide-de-la-liberte-de-la-presse","name":"G\u00e9n\u00e9ral S\u00e9kou Jamal Pendessa, h\u00e9raut intr\u00e9pide de la libert\u00e9 de la presse ! - guinee Conakry","isPartOf":{"@id":"https:\/\/www.africa-press.net\/guinee-conakry\/#website"},"primaryImageOfPage":{"@id":"https:\/\/www.africa-press.net\/guinee-conakry\/politique\/general-sekou-jamal-pendessa-heraut-intrepide-de-la-liberte-de-la-presse#primaryimage"},"image":{"@id":"https:\/\/www.africa-press.net\/guinee-conakry\/politique\/general-sekou-jamal-pendessa-heraut-intrepide-de-la-liberte-de-la-presse#primaryimage"},"thumbnailUrl":"https:\/\/static.africa-press.net\/conakry\/sites\/63\/2024\/02\/Jokar1706861181.487403.jpg","datePublished":"2024-02-02T11:36:00+00:00","author":{"@id":"https:\/\/www.africa-press.net\/guinee-conakry\/#\/schema\/person\/2b1cf3cd81a31e3cd26889ca66d677f1"},"breadcrumb":{"@id":"https:\/\/www.africa-press.net\/guinee-conakry\/politique\/general-sekou-jamal-pendessa-heraut-intrepide-de-la-liberte-de-la-presse#breadcrumb"},"inLanguage":"fr-FR","potentialAction":[{"@type":"ReadAction","target":["https:\/\/www.africa-press.net\/guinee-conakry\/politique\/general-sekou-jamal-pendessa-heraut-intrepide-de-la-liberte-de-la-presse"]}]},{"@type":"ImageObject","inLanguage":"fr-FR","@id":"https:\/\/www.africa-press.net\/guinee-conakry\/politique\/general-sekou-jamal-pendessa-heraut-intrepide-de-la-liberte-de-la-presse#primaryimage","url":"https:\/\/static.africa-press.net\/conakry\/sites\/63\/2024\/02\/Jokar1706861181.487403.jpg","contentUrl":"https:\/\/static.africa-press.net\/conakry\/sites\/63\/2024\/02\/Jokar1706861181.487403.jpg","width":571,"height":398,"caption":"G\u00e9n\u00e9ral S\u00e9kou Jamal Pendessa, h\u00e9raut intr\u00e9pide de la libert\u00e9 de la presse !"},{"@type":"BreadcrumbList","@id":"https:\/\/www.africa-press.net\/guinee-conakry\/politique\/general-sekou-jamal-pendessa-heraut-intrepide-de-la-liberte-de-la-presse#breadcrumb","itemListElement":[{"@type":"ListItem","position":1,"name":"Accueil","item":"https:\/\/www.africa-press.net\/guinee-conakry\/"},{"@type":"ListItem","position":2,"name":"G\u00e9n\u00e9ral S\u00e9kou Jamal Pendessa, h\u00e9raut intr\u00e9pide de la libert\u00e9 de la presse !"}]},{"@type":"WebSite","@id":"https:\/\/www.africa-press.net\/guinee-conakry\/#website","url":"https:\/\/www.africa-press.net\/guinee-conakry\/","name":"guinee Conakry","description":"Just another Africa News Agency Sites site","potentialAction":[{"@type":"SearchAction","target":{"@type":"EntryPoint","urlTemplate":"https:\/\/www.africa-press.net\/guinee-conakry\/?s={search_term_string}"},"query-input":{"@type":"PropertyValueSpecification","valueRequired":true,"valueName":"search_term_string"}}],"inLanguage":"fr-FR"},{"@type":"Person","@id":"https:\/\/www.africa-press.net\/guinee-conakry\/#\/schema\/person\/2b1cf3cd81a31e3cd26889ca66d677f1","name":"cfeditorfr"}]}},"_links":{"self":[{"href":"https:\/\/www.africa-press.net\/guinee-conakry\/wp-json\/wp\/v2\/posts\/18500","targetHints":{"allow":["GET"]}}],"collection":[{"href":"https:\/\/www.africa-press.net\/guinee-conakry\/wp-json\/wp\/v2\/posts"}],"about":[{"href":"https:\/\/www.africa-press.net\/guinee-conakry\/wp-json\/wp\/v2\/types\/post"}],"author":[{"embeddable":true,"href":"https:\/\/www.africa-press.net\/guinee-conakry\/wp-json\/wp\/v2\/users\/82"}],"replies":[{"embeddable":true,"href":"https:\/\/www.africa-press.net\/guinee-conakry\/wp-json\/wp\/v2\/comments?post=18500"}],"version-history":[{"count":0,"href":"https:\/\/www.africa-press.net\/guinee-conakry\/wp-json\/wp\/v2\/posts\/18500\/revisions"}],"wp:featuredmedia":[{"embeddable":true,"href":"https:\/\/www.africa-press.net\/guinee-conakry\/wp-json\/wp\/v2\/media\/18499"}],"wp:attachment":[{"href":"https:\/\/www.africa-press.net\/guinee-conakry\/wp-json\/wp\/v2\/media?parent=18500"}],"wp:term":[{"taxonomy":"category","embeddable":true,"href":"https:\/\/www.africa-press.net\/guinee-conakry\/wp-json\/wp\/v2\/categories?post=18500"},{"taxonomy":"post_tag","embeddable":true,"href":"https:\/\/www.africa-press.net\/guinee-conakry\/wp-json\/wp\/v2\/tags?post=18500"}],"curies":[{"name":"wp","href":"https:\/\/api.w.org\/{rel}","templated":true}]}}