{"id":18528,"date":"2024-02-04T03:16:00","date_gmt":"2024-02-04T03:16:00","guid":{"rendered":"https:\/\/www.africa-press.net\/guinee-conakry\/politique\/elimination-du-syli-de-la-can-tout-le-monde-est-decu-selon-francois-kamano"},"modified":"2024-02-04T03:16:00","modified_gmt":"2024-02-04T03:16:00","slug":"elimination-du-syli-de-la-can-tout-le-monde-est-decu-selon-francois-kamano","status":"publish","type":"post","link":"https:\/\/www.africa-press.net\/guinee-conakry\/sports\/elimination-du-syli-de-la-can-tout-le-monde-est-decu-selon-francois-kamano","title":{"rendered":"\u00c9limination du Syli de la CAN : \u201cTout le monde est d\u00e9\u00e7u\u201d, selon Fran\u00e7ois Kamano"},"content":{"rendered":"<p><span style=\"color: #ff6600\"><strong>Africa-Press &#8211; Guin\u00e9e. <\/strong><\/span>C\u2019est le retour au bercail pour Naby Keita et ses coe\u0301quipiers, battus vendredi soir par les Le\u0301opards de la Re\u0301publique de\u0301mocratique du Congo (RDC) en quarts de finale de la Coupe d\u2019Afrique des nations.<\/p>\n<p>Les poulains de Kaba Diawara assurent qu\u2019ils auraient aime\u0301 aller plus loin a\u0300 cette compe\u0301tition.<\/p>\n<p>\u201cTre\u0300s de\u0301c\u0327u, mais on ne va pas rester sur cette de\u0301faite\u201d, commente Franc\u0327ois Kamano qui affirme que \u201ctout le monde est de\u0301c\u0327u comme nous\u201d.<\/p>\n<p>Il affirme que \u201cnous avons essaye\u0301 de donner le meilleur de nous-me\u0302mes lors de la pre\u0301paration. On a continue\u0301 sur cette belle lance\u0301e lors de la CAN\u201d.<\/p>\n<p>\u201cOn est vraiment de\u0301c\u0327us de cette de\u0301faite\u201d, persiste et signe le socie\u0301taire de Abha Club en Arabie Saoudite, ajoutant que \u201ccomme le coach aime a\u0300 le dire, on continue a\u0300 apprendre. La\u0300, c\u0327a fait mal, mais on va revenir plus forts\u201d.<\/p>\n<p>Abdoulaye Bella DIALLO<\/p>\n<p><strong>Pour plus d&rsquo;informations et d&rsquo;analyses sur la <a href=\"https:\/\/www.africa-press.net\/guinee-conakry\">Guin\u00e9e<\/a>, suivez <a href=\"https:\/\/www.africa-press.net\/\">Africa-Press<\/a><\/strong><\/p>\n","protected":false},"excerpt":{"rendered":"<p>Africa-Press &#8211; Guin\u00e9e. C\u2019est le retour au bercail pour Naby Keita et ses coe\u0301quipiers, battus vendredi soir par les Le\u0301opards de la Re\u0301publique de\u0301mocratique du Congo (RDC) en quarts de finale de la Coupe d\u2019Afrique des nations. Les poulains de Kaba Diawara assurent qu\u2019ils auraient aime\u0301 aller plus loin a\u0300 cette compe\u0301tition. \u201cTre\u0300s de\u0301c\u0327u, mais [&hellip;]<\/p>\n","protected":false},"author":82,"featured_media":18527,"comment_status":"open","ping_status":"closed","sticky":false,"template":"","format":"standard","meta":{"footnotes":""},"categories":[6,56,10],"tags":[36,57,58],"class_list":["post-18528","post","type-post","status-publish","format-standard","has-post-thumbnail","hentry","category-sports","category-to-homepage","category-toutes-les-actualites","tag-africa-press","tag-africa-press-guinee","tag-guinee"],"yoast_head":"<!-- This site is optimized with the Yoast SEO Premium plugin v26.1 (Yoast SEO v27.0) - https:\/\/yoast.com\/product\/yoast-seo-premium-wordpress\/ -->\n<title>\u00c9limination du Syli de la CAN : \u201cTout le monde est d\u00e9\u00e7u\u201d, selon Fran\u00e7ois Kamano - guinee Conakry<\/title>\n<meta name=\"robots\" content=\"index, follow, max-snippet:-1, max-image-preview:large, max-video-preview:-1\" \/>\n<link rel=\"canonical\" href=\"https:\/\/www.africa-press.net\/guinee-conakry\/politique\/elimination-du-syli-de-la-can-tout-le-monde-est-decu-selon-francois-kamano\" \/>\n<meta property=\"og:locale\" content=\"fr_FR\" \/>\n<meta property=\"og:type\" content=\"article\" \/>\n<meta property=\"og:title\" content=\"\u00c9limination du Syli de la CAN : \u201cTout le monde est d\u00e9\u00e7u\u201d, selon Fran\u00e7ois Kamano\" \/>\n<meta property=\"og:description\" content=\"Africa-Press &#8211; Guin\u00e9e. C\u2019est le retour au bercail pour Naby Keita et ses coe\u0301quipiers, battus vendredi soir par les Le\u0301opards de la Re\u0301publique de\u0301mocratique du Congo (RDC) en quarts de finale de la Coupe d\u2019Afrique des nations. Les poulains de Kaba Diawara assurent qu\u2019ils auraient aime\u0301 aller plus loin a\u0300 cette compe\u0301tition. \u201cTre\u0300s de\u0301c\u0327u, mais [&hellip;]\" \/>\n<meta property=\"og:url\" content=\"https:\/\/www.africa-press.net\/guinee-conakry\/politique\/elimination-du-syli-de-la-can-tout-le-monde-est-decu-selon-francois-kamano\" \/>\n<meta property=\"og:site_name\" content=\"guinee Conakry\" \/>\n<meta property=\"article:published_time\" content=\"2024-02-04T03:16:00+00:00\" \/>\n<meta name=\"author\" content=\"cfeditorfr\" \/>\n<meta name=\"twitter:card\" content=\"summary_large_image\" \/>\n<meta name=\"twitter:label1\" content=\"\u00c9crit par\" \/>\n\t<meta name=\"twitter:data1\" content=\"cfeditorfr\" \/>\n\t<meta name=\"twitter:label2\" content=\"Dur\u00e9e de lecture estim\u00e9e\" \/>\n\t<meta name=\"twitter:data2\" content=\"1 minute\" \/>\n<script type=\"application\/ld+json\" class=\"yoast-schema-graph\">{\"@context\":\"https:\/\/schema.org\",\"@graph\":[{\"@type\":\"Article\",\"@id\":\"https:\/\/www.africa-press.net\/guinee-conakry\/politique\/elimination-du-syli-de-la-can-tout-le-monde-est-decu-selon-francois-kamano#article\",\"isPartOf\":{\"@id\":\"https:\/\/www.africa-press.net\/guinee-conakry\/politique\/elimination-du-syli-de-la-can-tout-le-monde-est-decu-selon-francois-kamano\"},\"author\":{\"name\":\"cfeditorfr\",\"@id\":\"https:\/\/www.africa-press.net\/guinee-conakry\/#\/schema\/person\/2b1cf3cd81a31e3cd26889ca66d677f1\"},\"headline\":\"\u00c9limination du Syli de la CAN : \u201cTout le monde est d\u00e9\u00e7u\u201d, selon Fran\u00e7ois Kamano\",\"datePublished\":\"2024-02-04T03:16:00+00:00\",\"mainEntityOfPage\":{\"@id\":\"https:\/\/www.africa-press.net\/guinee-conakry\/politique\/elimination-du-syli-de-la-can-tout-le-monde-est-decu-selon-francois-kamano\"},\"wordCount\":200,\"commentCount\":0,\"image\":{\"@id\":\"https:\/\/www.africa-press.net\/guinee-conakry\/politique\/elimination-du-syli-de-la-can-tout-le-monde-est-decu-selon-francois-kamano#primaryimage\"},\"thumbnailUrl\":\"https:\/\/static.africa-press.net\/conakry\/sites\/63\/2024\/02\/Jokar1707004001.308213.jpg\",\"keywords\":[\"Africa Press\",\"Africa Press-Guin\u00e9e\",\"Guin\u00e9e\"],\"articleSection\":[\"Sports\",\"to-homepage\",\"Toutes les actualit\u00e9s\"],\"inLanguage\":\"fr-FR\",\"potentialAction\":[{\"@type\":\"CommentAction\",\"name\":\"Comment\",\"target\":[\"https:\/\/www.africa-press.net\/guinee-conakry\/politique\/elimination-du-syli-de-la-can-tout-le-monde-est-decu-selon-francois-kamano#respond\"]}]},{\"@type\":\"WebPage\",\"@id\":\"https:\/\/www.africa-press.net\/guinee-conakry\/politique\/elimination-du-syli-de-la-can-tout-le-monde-est-decu-selon-francois-kamano\",\"url\":\"https:\/\/www.africa-press.net\/guinee-conakry\/politique\/elimination-du-syli-de-la-can-tout-le-monde-est-decu-selon-francois-kamano\",\"name\":\"\u00c9limination du Syli de la CAN : \u201cTout le monde est d\u00e9\u00e7u\u201d, selon Fran\u00e7ois Kamano - guinee Conakry\",\"isPartOf\":{\"@id\":\"https:\/\/www.africa-press.net\/guinee-conakry\/#website\"},\"primaryImageOfPage\":{\"@id\":\"https:\/\/www.africa-press.net\/guinee-conakry\/politique\/elimination-du-syli-de-la-can-tout-le-monde-est-decu-selon-francois-kamano#primaryimage\"},\"image\":{\"@id\":\"https:\/\/www.africa-press.net\/guinee-conakry\/politique\/elimination-du-syli-de-la-can-tout-le-monde-est-decu-selon-francois-kamano#primaryimage\"},\"thumbnailUrl\":\"https:\/\/static.africa-press.net\/conakry\/sites\/63\/2024\/02\/Jokar1707004001.308213.jpg\",\"datePublished\":\"2024-02-04T03:16:00+00:00\",\"author\":{\"@id\":\"https:\/\/www.africa-press.net\/guinee-conakry\/#\/schema\/person\/2b1cf3cd81a31e3cd26889ca66d677f1\"},\"breadcrumb\":{\"@id\":\"https:\/\/www.africa-press.net\/guinee-conakry\/politique\/elimination-du-syli-de-la-can-tout-le-monde-est-decu-selon-francois-kamano#breadcrumb\"},\"inLanguage\":\"fr-FR\",\"potentialAction\":[{\"@type\":\"ReadAction\",\"target\":[\"https:\/\/www.africa-press.net\/guinee-conakry\/politique\/elimination-du-syli-de-la-can-tout-le-monde-est-decu-selon-francois-kamano\"]}]},{\"@type\":\"ImageObject\",\"inLanguage\":\"fr-FR\",\"@id\":\"https:\/\/www.africa-press.net\/guinee-conakry\/politique\/elimination-du-syli-de-la-can-tout-le-monde-est-decu-selon-francois-kamano#primaryimage\",\"url\":\"https:\/\/static.africa-press.net\/conakry\/sites\/63\/2024\/02\/Jokar1707004001.308213.jpg\",\"contentUrl\":\"https:\/\/static.africa-press.net\/conakry\/sites\/63\/2024\/02\/Jokar1707004001.308213.jpg\",\"width\":577,\"height\":410,\"caption\":\"\u00c9limination du Syli de la CAN : \u201cTout le monde est d\u00e9\u00e7u\u201d, selon Fran\u00e7ois Kamano\"},{\"@type\":\"BreadcrumbList\",\"@id\":\"https:\/\/www.africa-press.net\/guinee-conakry\/politique\/elimination-du-syli-de-la-can-tout-le-monde-est-decu-selon-francois-kamano#breadcrumb\",\"itemListElement\":[{\"@type\":\"ListItem\",\"position\":1,\"name\":\"Accueil\",\"item\":\"https:\/\/www.africa-press.net\/guinee-conakry\/\"},{\"@type\":\"ListItem\",\"position\":2,\"name\":\"\u00c9limination du Syli de la CAN : \u201cTout le monde est d\u00e9\u00e7u\u201d, selon Fran\u00e7ois Kamano\"}]},{\"@type\":\"WebSite\",\"@id\":\"https:\/\/www.africa-press.net\/guinee-conakry\/#website\",\"url\":\"https:\/\/www.africa-press.net\/guinee-conakry\/\",\"name\":\"guinee Conakry\",\"description\":\"Just another Africa News Agency Sites site\",\"potentialAction\":[{\"@type\":\"SearchAction\",\"target\":{\"@type\":\"EntryPoint\",\"urlTemplate\":\"https:\/\/www.africa-press.net\/guinee-conakry\/?s={search_term_string}\"},\"query-input\":{\"@type\":\"PropertyValueSpecification\",\"valueRequired\":true,\"valueName\":\"search_term_string\"}}],\"inLanguage\":\"fr-FR\"},{\"@type\":\"Person\",\"@id\":\"https:\/\/www.africa-press.net\/guinee-conakry\/#\/schema\/person\/2b1cf3cd81a31e3cd26889ca66d677f1\",\"name\":\"cfeditorfr\"}]}<\/script>\n<!-- \/ Yoast SEO Premium plugin. -->","yoast_head_json":{"title":"\u00c9limination du Syli de la CAN : \u201cTout le monde est d\u00e9\u00e7u\u201d, selon Fran\u00e7ois Kamano - guinee Conakry","robots":{"index":"index","follow":"follow","max-snippet":"max-snippet:-1","max-image-preview":"max-image-preview:large","max-video-preview":"max-video-preview:-1"},"canonical":"https:\/\/www.africa-press.net\/guinee-conakry\/politique\/elimination-du-syli-de-la-can-tout-le-monde-est-decu-selon-francois-kamano","og_locale":"fr_FR","og_type":"article","og_title":"\u00c9limination du Syli de la CAN : \u201cTout le monde est d\u00e9\u00e7u\u201d, selon Fran\u00e7ois Kamano","og_description":"Africa-Press &#8211; Guin\u00e9e. C\u2019est le retour au bercail pour Naby Keita et ses coe\u0301quipiers, battus vendredi soir par les Le\u0301opards de la Re\u0301publique de\u0301mocratique du Congo (RDC) en quarts de finale de la Coupe d\u2019Afrique des nations. Les poulains de Kaba Diawara assurent qu\u2019ils auraient aime\u0301 aller plus loin a\u0300 cette compe\u0301tition. \u201cTre\u0300s de\u0301c\u0327u, mais [&hellip;]","og_url":"https:\/\/www.africa-press.net\/guinee-conakry\/politique\/elimination-du-syli-de-la-can-tout-le-monde-est-decu-selon-francois-kamano","og_site_name":"guinee Conakry","article_published_time":"2024-02-04T03:16:00+00:00","author":"cfeditorfr","twitter_card":"summary_large_image","twitter_misc":{"\u00c9crit par":"cfeditorfr","Dur\u00e9e de lecture estim\u00e9e":"1 minute"},"schema":{"@context":"https:\/\/schema.org","@graph":[{"@type":"Article","@id":"https:\/\/www.africa-press.net\/guinee-conakry\/politique\/elimination-du-syli-de-la-can-tout-le-monde-est-decu-selon-francois-kamano#article","isPartOf":{"@id":"https:\/\/www.africa-press.net\/guinee-conakry\/politique\/elimination-du-syli-de-la-can-tout-le-monde-est-decu-selon-francois-kamano"},"author":{"name":"cfeditorfr","@id":"https:\/\/www.africa-press.net\/guinee-conakry\/#\/schema\/person\/2b1cf3cd81a31e3cd26889ca66d677f1"},"headline":"\u00c9limination du Syli de la CAN : \u201cTout le monde est d\u00e9\u00e7u\u201d, selon Fran\u00e7ois Kamano","datePublished":"2024-02-04T03:16:00+00:00","mainEntityOfPage":{"@id":"https:\/\/www.africa-press.net\/guinee-conakry\/politique\/elimination-du-syli-de-la-can-tout-le-monde-est-decu-selon-francois-kamano"},"wordCount":200,"commentCount":0,"image":{"@id":"https:\/\/www.africa-press.net\/guinee-conakry\/politique\/elimination-du-syli-de-la-can-tout-le-monde-est-decu-selon-francois-kamano#primaryimage"},"thumbnailUrl":"https:\/\/static.africa-press.net\/conakry\/sites\/63\/2024\/02\/Jokar1707004001.308213.jpg","keywords":["Africa Press","Africa Press-Guin\u00e9e","Guin\u00e9e"],"articleSection":["Sports","to-homepage","Toutes les actualit\u00e9s"],"inLanguage":"fr-FR","potentialAction":[{"@type":"CommentAction","name":"Comment","target":["https:\/\/www.africa-press.net\/guinee-conakry\/politique\/elimination-du-syli-de-la-can-tout-le-monde-est-decu-selon-francois-kamano#respond"]}]},{"@type":"WebPage","@id":"https:\/\/www.africa-press.net\/guinee-conakry\/politique\/elimination-du-syli-de-la-can-tout-le-monde-est-decu-selon-francois-kamano","url":"https:\/\/www.africa-press.net\/guinee-conakry\/politique\/elimination-du-syli-de-la-can-tout-le-monde-est-decu-selon-francois-kamano","name":"\u00c9limination du Syli de la CAN : \u201cTout le monde est d\u00e9\u00e7u\u201d, selon Fran\u00e7ois Kamano - guinee Conakry","isPartOf":{"@id":"https:\/\/www.africa-press.net\/guinee-conakry\/#website"},"primaryImageOfPage":{"@id":"https:\/\/www.africa-press.net\/guinee-conakry\/politique\/elimination-du-syli-de-la-can-tout-le-monde-est-decu-selon-francois-kamano#primaryimage"},"image":{"@id":"https:\/\/www.africa-press.net\/guinee-conakry\/politique\/elimination-du-syli-de-la-can-tout-le-monde-est-decu-selon-francois-kamano#primaryimage"},"thumbnailUrl":"https:\/\/static.africa-press.net\/conakry\/sites\/63\/2024\/02\/Jokar1707004001.308213.jpg","datePublished":"2024-02-04T03:16:00+00:00","author":{"@id":"https:\/\/www.africa-press.net\/guinee-conakry\/#\/schema\/person\/2b1cf3cd81a31e3cd26889ca66d677f1"},"breadcrumb":{"@id":"https:\/\/www.africa-press.net\/guinee-conakry\/politique\/elimination-du-syli-de-la-can-tout-le-monde-est-decu-selon-francois-kamano#breadcrumb"},"inLanguage":"fr-FR","potentialAction":[{"@type":"ReadAction","target":["https:\/\/www.africa-press.net\/guinee-conakry\/politique\/elimination-du-syli-de-la-can-tout-le-monde-est-decu-selon-francois-kamano"]}]},{"@type":"ImageObject","inLanguage":"fr-FR","@id":"https:\/\/www.africa-press.net\/guinee-conakry\/politique\/elimination-du-syli-de-la-can-tout-le-monde-est-decu-selon-francois-kamano#primaryimage","url":"https:\/\/static.africa-press.net\/conakry\/sites\/63\/2024\/02\/Jokar1707004001.308213.jpg","contentUrl":"https:\/\/static.africa-press.net\/conakry\/sites\/63\/2024\/02\/Jokar1707004001.308213.jpg","width":577,"height":410,"caption":"\u00c9limination du Syli de la CAN : \u201cTout le monde est d\u00e9\u00e7u\u201d, selon Fran\u00e7ois Kamano"},{"@type":"BreadcrumbList","@id":"https:\/\/www.africa-press.net\/guinee-conakry\/politique\/elimination-du-syli-de-la-can-tout-le-monde-est-decu-selon-francois-kamano#breadcrumb","itemListElement":[{"@type":"ListItem","position":1,"name":"Accueil","item":"https:\/\/www.africa-press.net\/guinee-conakry\/"},{"@type":"ListItem","position":2,"name":"\u00c9limination du Syli de la CAN : \u201cTout le monde est d\u00e9\u00e7u\u201d, selon Fran\u00e7ois Kamano"}]},{"@type":"WebSite","@id":"https:\/\/www.africa-press.net\/guinee-conakry\/#website","url":"https:\/\/www.africa-press.net\/guinee-conakry\/","name":"guinee Conakry","description":"Just another Africa News Agency Sites site","potentialAction":[{"@type":"SearchAction","target":{"@type":"EntryPoint","urlTemplate":"https:\/\/www.africa-press.net\/guinee-conakry\/?s={search_term_string}"},"query-input":{"@type":"PropertyValueSpecification","valueRequired":true,"valueName":"search_term_string"}}],"inLanguage":"fr-FR"},{"@type":"Person","@id":"https:\/\/www.africa-press.net\/guinee-conakry\/#\/schema\/person\/2b1cf3cd81a31e3cd26889ca66d677f1","name":"cfeditorfr"}]}},"_links":{"self":[{"href":"https:\/\/www.africa-press.net\/guinee-conakry\/wp-json\/wp\/v2\/posts\/18528","targetHints":{"allow":["GET"]}}],"collection":[{"href":"https:\/\/www.africa-press.net\/guinee-conakry\/wp-json\/wp\/v2\/posts"}],"about":[{"href":"https:\/\/www.africa-press.net\/guinee-conakry\/wp-json\/wp\/v2\/types\/post"}],"author":[{"embeddable":true,"href":"https:\/\/www.africa-press.net\/guinee-conakry\/wp-json\/wp\/v2\/users\/82"}],"replies":[{"embeddable":true,"href":"https:\/\/www.africa-press.net\/guinee-conakry\/wp-json\/wp\/v2\/comments?post=18528"}],"version-history":[{"count":0,"href":"https:\/\/www.africa-press.net\/guinee-conakry\/wp-json\/wp\/v2\/posts\/18528\/revisions"}],"wp:featuredmedia":[{"embeddable":true,"href":"https:\/\/www.africa-press.net\/guinee-conakry\/wp-json\/wp\/v2\/media\/18527"}],"wp:attachment":[{"href":"https:\/\/www.africa-press.net\/guinee-conakry\/wp-json\/wp\/v2\/media?parent=18528"}],"wp:term":[{"taxonomy":"category","embeddable":true,"href":"https:\/\/www.africa-press.net\/guinee-conakry\/wp-json\/wp\/v2\/categories?post=18528"},{"taxonomy":"post_tag","embeddable":true,"href":"https:\/\/www.africa-press.net\/guinee-conakry\/wp-json\/wp\/v2\/tags?post=18528"}],"curies":[{"name":"wp","href":"https:\/\/api.w.org\/{rel}","templated":true}]}}