{"id":18590,"date":"2024-02-12T20:42:26","date_gmt":"2024-02-12T20:42:26","guid":{"rendered":"https:\/\/www.africa-press.net\/guinee-conakry\/politique\/bientot-la-2e-edition-de-banlieue-expo-a-conakry"},"modified":"2024-02-12T23:28:40","modified_gmt":"2024-02-12T23:28:40","slug":"bientot-la-2e-edition-de-banlieue-expo-a-conakry","status":"publish","type":"post","link":"https:\/\/www.africa-press.net\/guinee-conakry\/culture-et-art\/bientot-la-2e-edition-de-banlieue-expo-a-conakry","title":{"rendered":"Bient\u00f4t la 2e \u00e9dition de Banlieue Expo \u00e0 Conakry!"},"content":{"rendered":"<p><span style=\"color: #ff6600\"><strong>Africa-Press &#8211; Guin\u00e9e. <\/strong><\/span>Le commissariat ge\u0301ne\u0301ral de Banlieue Expo s\u2019est re\u0301uni en assemble\u0301e ordinaire ce samedi 10 fe\u0301vrier 2024 pour annoncer les couleurs de la deuxie\u0300me e\u0301dition de la grande foire de la banlieue. Cette premie\u0300re rencontre pre\u0301paratoire s\u2019est tenue en pre\u0301sence de repre\u0301sentants d\u2019institutions publiques, de partenaires et ambassadeurs de Banlieue Expo.<\/p>\n<p>Cette assemble\u0301e ordinaire marque le lancement officiel d\u2019une autre aventure porte\u0301e par Moussa Daraba et ses collaborateurs. Banlieue Expo de\u0301butera le jour de la fe\u0302te de ramadan pour prendre fin le 28 avril 2024.<\/p>\n<p><img loading=\"lazy\" decoding=\"async\" width=\"357\" height=\"210\" class=\"alignnone wp-image-18583 size-full\" src=\"https:\/\/static.africa-press.net\/conakry\/sites\/63\/2024\/02\/sm_1707763993.078367.jpg\" srcset=\"https:\/\/static.africa-press.net\/conakry\/sites\/63\/2024\/02\/sm_1707763993.078367.jpg 357w, https:\/\/static.africa-press.net\/conakry\/sites\/63\/2024\/02\/sm_1707763993.078367-300x176.jpg 300w\" sizes=\"auto, (max-width: 357px) 100vw, 357px\" \/><\/p>\n<p>Selon la responsable des relations publiques et partenariats de Banlieue Expo, cette deuxie\u0300me e\u0301dition est une ce\u0301le\u0301bration renouvele\u0301e de la diversite\u0301, de l\u2019innovation et de la cre\u0301ativite\u0301 qui caracte\u0301risent les ide\u0301aux de la jeunesse guine\u0301enne.<\/p>\n<p>\u2018\u2019Nos espaces dont la majorite\u0301 sont reconduits conforme\u0301ment a\u0300 ceux de l\u2019anne\u0301e dernie\u0300re offrent un cadre ide\u0301al pour tout un chacun afin de faire la promotion de son contenu mais aussi d\u2019entirer le plus de profits\u2019\u2019, rassure Hawa Keita.<\/p>\n<p>L\u2019assemble\u0301e ordinaire a e\u0301te\u0301 mise a\u0300 profit par les porteurs du projet pour e\u0301changer sur les progre\u0300s re\u0301alise\u0301s, les de\u0301fis surmonte\u0301s et les aspirations qui guident leur parcours vers l\u2019avenir.<\/p>\n<p><img loading=\"lazy\" decoding=\"async\" width=\"357\" height=\"210\" class=\"alignnone wp-image-18584 size-full\" src=\"https:\/\/static.africa-press.net\/conakry\/sites\/63\/2024\/02\/sm_1707764003.832029.jpg\" srcset=\"https:\/\/static.africa-press.net\/conakry\/sites\/63\/2024\/02\/sm_1707764003.832029.jpg 357w, https:\/\/static.africa-press.net\/conakry\/sites\/63\/2024\/02\/sm_1707764003.832029-300x176.jpg 300w\" sizes=\"auto, (max-width: 357px) 100vw, 357px\" \/><\/p>\n<p>\u2018\u2019Le lancement officiel de la foire Banlieue Expo annonce un rendez-vous incontournable ou\u0300 nous mettrons en lumie\u0300re les talents e\u0301mergents, les entreprises florissantes et les histoires inspirantes de notre tre\u0300s che\u0300re banlieue de la ville de Conakry. Au cours de cette deuxie\u0300me e\u0301dition, nous aspirons a\u0300 renforcer les liens communautaires, a\u0300 encourager l\u2019entrepreneuriat local et a\u0300 cre\u0301er un espace ou\u0300 l\u2019expression artistique et culturelle trouve son e\u0301panouissement\u2019\u2019, souligne Hawa Keita.<\/p>\n<p>Elle invite tout un chacun a\u0300 participer activement, a\u0300 explorer les opportunite\u0301s qu\u2019offre la foire Banlieue Expo, mais aussi a\u0300 contribuer a\u0300 faire de cet e\u0301ve\u0301nement une vitrine exceptionnelle de la banlieue de capitale Conakry.<\/p>\n<p><img loading=\"lazy\" decoding=\"async\" width=\"357\" height=\"210\" class=\"alignnone wp-image-18585 size-full\" src=\"https:\/\/static.africa-press.net\/conakry\/sites\/63\/2024\/02\/sm_1707764014.299767.jpg\" srcset=\"https:\/\/static.africa-press.net\/conakry\/sites\/63\/2024\/02\/sm_1707764014.299767.jpg 357w, https:\/\/static.africa-press.net\/conakry\/sites\/63\/2024\/02\/sm_1707764014.299767-300x176.jpg 300w\" sizes=\"auto, (max-width: 357px) 100vw, 357px\" \/><\/p>\n<p>Le commissaire ge\u0301ne\u0301ral de Banlieue Expo pre\u0301cise que \u2018\u2019cet e\u0301ve\u0301nement marque notre entre\u0301e en sce\u0300ne. L\u2019anne\u0301e dernie\u0300re, nous l\u2019avons fait avec une confe\u0301rence de presse. Mais apre\u0300s une premie\u0300re e\u0301dition, il e\u0301tait important qu\u2019on se retrouve pour faire le bilan, fixer le cap pour nous projeter afin d\u2019offrir une deuxie\u0300me e\u0301dition exceptionnelle\u2019\u2019.<\/p>\n<p><img loading=\"lazy\" decoding=\"async\" width=\"357\" height=\"210\" class=\"alignnone wp-image-18586 size-full\" src=\"https:\/\/static.africa-press.net\/conakry\/sites\/63\/2024\/02\/sm_1707764021.933874.jpg\" srcset=\"https:\/\/static.africa-press.net\/conakry\/sites\/63\/2024\/02\/sm_1707764021.933874.jpg 357w, https:\/\/static.africa-press.net\/conakry\/sites\/63\/2024\/02\/sm_1707764021.933874-300x176.jpg 300w\" sizes=\"auto, (max-width: 357px) 100vw, 357px\" \/><br \/>\n<b>Particularite\u0301s de la saison 2<\/b><\/p>\n<p>\u2018\u2019Les e\u0301quipes sont sous contrat. C\u2019est de\u0301ja\u0300 une premie\u0300re particularite\u0301 et les espaces vont connai\u0302tre une extension cette anne\u0301e. Il va y avoir beaucoup plus de rigueur notamment au niveau des points d\u2019entre\u0301e. Nous allons davantage renforcer notre dispositif de se\u0301curite\u0301 afin que les tout-petits qui arrivent et tous nos visiteurs puissent se sentir dans un environnement sain et se\u0301curise\u0301\u2019\u2019, explique le commissaire ge\u0301ne\u0301ral.<\/p>\n<p><img loading=\"lazy\" decoding=\"async\" width=\"357\" height=\"210\" class=\"alignnone wp-image-18587 size-full\" src=\"https:\/\/static.africa-press.net\/conakry\/sites\/63\/2024\/02\/sm_1707764028.076254.jpg\" srcset=\"https:\/\/static.africa-press.net\/conakry\/sites\/63\/2024\/02\/sm_1707764028.076254.jpg 357w, https:\/\/static.africa-press.net\/conakry\/sites\/63\/2024\/02\/sm_1707764028.076254-300x176.jpg 300w\" sizes=\"auto, (max-width: 357px) 100vw, 357px\" \/><\/p>\n<p>Moussa Daraba et ses collaborateurs ambitionnent de \u2018\u2019remettre l\u2019espace divertissement, mais qui sera agrandi aux plus grands. Au-dela\u0300 de cela, il y aura des formations qui seront organise\u0301es. Nos exposants seront appuye\u0301s dans des the\u0301matiques qui seront choisies avec d\u2019autres partenaires strate\u0301giques notamment l\u2019Office national de formation et de perfectionnement professionnels (ONFPP) ainsi que d\u2019autres institutions qui peuvent nous accompagner dans le financement de ces formations pour nos exposants\u2019\u2019.<\/p>\n<p><img loading=\"lazy\" decoding=\"async\" width=\"720\" height=\"579\" class=\"alignnone wp-image-18588 size-full\" src=\"https:\/\/static.africa-press.net\/conakry\/sites\/63\/2024\/02\/sm_1707764033.666547.jpg\" srcset=\"https:\/\/static.africa-press.net\/conakry\/sites\/63\/2024\/02\/sm_1707764033.666547.jpg 720w, https:\/\/static.africa-press.net\/conakry\/sites\/63\/2024\/02\/sm_1707764033.666547-300x241.jpg 300w\" sizes=\"auto, (max-width: 720px) 100vw, 720px\" \/><br \/>\n<b>10% des revenus destine\u0301s aux sinistre\u0301s de Kaloum<\/b><\/p>\n<p>\u2018\u2019La particularite\u0301 centrale est que cet e\u0301ve\u0301nement intervient dans un contexte de crise apre\u0300s l\u2019incendie au de\u0301po\u0302t central d\u2019hydrocarbures de Kaloum qui a mis nos concitoyens de cette localite\u0301 dans des difficulte\u0301s. Nous comptons consacrer 10% de nos revenus sur la billetterie a\u0300 la dynamique solidaire porte\u0301e par l\u2019Etat vis-a\u0300-vis de ces concitoyens de Kaloum\u2019\u2019, annonce-t-il.<\/p>\n<p>Le commissariat ge\u0301ne\u0301ral de Banlieue Expo sollicite un accompagnement de l\u2019Etat au plus haut niveau. \u2018\u2019On ne peut pas organiser ce type d\u2019activite\u0301s sans les autorite\u0301s. Nous avons besoins d\u2019accompagnement parce que c\u2019est un e\u0301ve\u0300nement qui contribue a\u0300 la relance du secteur e\u0301conomique\u2019\u2019, argumente Moussa Daraba.<\/p>\n<p><strong>Pour plus d&rsquo;informations et d&rsquo;analyses sur la <a href=\"https:\/\/www.africa-press.net\/guinee-conakry\">Guin\u00e9e<\/a>, suivez <a href=\"https:\/\/www.africa-press.net\/\">Africa-Press<\/a><\/strong><\/p>\n","protected":false},"excerpt":{"rendered":"<p>Africa-Press &#8211; Guin\u00e9e. Le commissariat ge\u0301ne\u0301ral de Banlieue Expo s\u2019est re\u0301uni en assemble\u0301e ordinaire ce samedi 10 fe\u0301vrier 2024 pour annoncer les couleurs de la deuxie\u0300me e\u0301dition de la grande foire de la banlieue. Cette premie\u0300re rencontre pre\u0301paratoire s\u2019est tenue en pre\u0301sence de repre\u0301sentants d\u2019institutions publiques, de partenaires et ambassadeurs de Banlieue Expo. Cette assemble\u0301e [&hellip;]<\/p>\n","protected":false},"author":82,"featured_media":18589,"comment_status":"open","ping_status":"closed","sticky":false,"template":"","format":"standard","meta":{"footnotes":""},"categories":[5,10],"tags":[36,57,58],"class_list":["post-18590","post","type-post","status-publish","format-standard","has-post-thumbnail","hentry","category-culture-et-art","category-toutes-les-actualites","tag-africa-press","tag-africa-press-guinee","tag-guinee"],"yoast_head":"<!-- This site is optimized with the Yoast SEO Premium plugin v26.1 (Yoast SEO v27.0) - https:\/\/yoast.com\/product\/yoast-seo-premium-wordpress\/ -->\n<title>Bient\u00f4t la 2e \u00e9dition de Banlieue Expo \u00e0 Conakry! - guinee Conakry<\/title>\n<meta name=\"description\" content=\"Le commissariat ge\u0301ne\u0301ral de Banlieue Expo s\u2019est re\u0301uni en assemble\u0301e ordinaire ce samedi 10 fe\u0301vrier 2024 pour annoncer ...\" \/>\n<meta name=\"robots\" content=\"index, follow, max-snippet:-1, max-image-preview:large, max-video-preview:-1\" \/>\n<link rel=\"canonical\" href=\"https:\/\/www.africa-press.net\/guinee-conakry\/culture-et-art\/bientot-la-2e-edition-de-banlieue-expo-a-conakry\" \/>\n<meta property=\"og:locale\" content=\"fr_FR\" \/>\n<meta property=\"og:type\" content=\"article\" \/>\n<meta property=\"og:title\" content=\"Bient\u00f4t la 2e \u00e9dition de Banlieue Expo \u00e0 Conakry!\" \/>\n<meta property=\"og:description\" content=\"Le commissariat ge\u0301ne\u0301ral de Banlieue Expo s\u2019est re\u0301uni en assemble\u0301e ordinaire ce samedi 10 fe\u0301vrier 2024 pour annoncer ...\" \/>\n<meta property=\"og:url\" content=\"https:\/\/www.africa-press.net\/guinee-conakry\/culture-et-art\/bientot-la-2e-edition-de-banlieue-expo-a-conakry\" \/>\n<meta property=\"og:site_name\" content=\"guinee Conakry\" \/>\n<meta property=\"article:published_time\" content=\"2024-02-12T20:42:26+00:00\" \/>\n<meta property=\"article:modified_time\" content=\"2024-02-12T23:28:40+00:00\" \/>\n<meta property=\"og:image\" content=\"https:\/\/static.africa-press.net\/conakry\/sites\/63\/2024\/02\/sm_1707764049.080829.jpg\" \/>\n\t<meta property=\"og:image:width\" content=\"1080\" \/>\n\t<meta property=\"og:image:height\" content=\"720\" \/>\n\t<meta property=\"og:image:type\" content=\"image\/jpeg\" \/>\n<meta name=\"author\" content=\"cfeditorfr\" \/>\n<meta name=\"twitter:card\" content=\"summary_large_image\" \/>\n<meta name=\"twitter:label1\" content=\"\u00c9crit par\" \/>\n\t<meta name=\"twitter:data1\" content=\"cfeditorfr\" \/>\n\t<meta name=\"twitter:label2\" content=\"Dur\u00e9e de lecture estim\u00e9e\" \/>\n\t<meta name=\"twitter:data2\" content=\"4 minutes\" \/>\n<script type=\"application\/ld+json\" class=\"yoast-schema-graph\">{\"@context\":\"https:\/\/schema.org\",\"@graph\":[{\"@type\":\"Article\",\"@id\":\"https:\/\/www.africa-press.net\/guinee-conakry\/culture-et-art\/bientot-la-2e-edition-de-banlieue-expo-a-conakry#article\",\"isPartOf\":{\"@id\":\"https:\/\/www.africa-press.net\/guinee-conakry\/culture-et-art\/bientot-la-2e-edition-de-banlieue-expo-a-conakry\"},\"author\":{\"name\":\"cfeditorfr\",\"@id\":\"https:\/\/www.africa-press.net\/guinee-conakry\/#\/schema\/person\/2b1cf3cd81a31e3cd26889ca66d677f1\"},\"headline\":\"Bient\u00f4t la 2e \u00e9dition de Banlieue Expo \u00e0 Conakry!\",\"datePublished\":\"2024-02-12T20:42:26+00:00\",\"dateModified\":\"2024-02-12T23:28:40+00:00\",\"mainEntityOfPage\":{\"@id\":\"https:\/\/www.africa-press.net\/guinee-conakry\/culture-et-art\/bientot-la-2e-edition-de-banlieue-expo-a-conakry\"},\"wordCount\":736,\"commentCount\":0,\"image\":{\"@id\":\"https:\/\/www.africa-press.net\/guinee-conakry\/culture-et-art\/bientot-la-2e-edition-de-banlieue-expo-a-conakry#primaryimage\"},\"thumbnailUrl\":\"https:\/\/static.africa-press.net\/conakry\/sites\/63\/2024\/02\/sm_1707764049.080829.jpg\",\"keywords\":[\"Africa Press\",\"Africa Press-Guin\u00e9e\",\"Guin\u00e9e\"],\"articleSection\":[\"Culture et Art\",\"Toutes les actualit\u00e9s\"],\"inLanguage\":\"fr-FR\",\"potentialAction\":[{\"@type\":\"CommentAction\",\"name\":\"Comment\",\"target\":[\"https:\/\/www.africa-press.net\/guinee-conakry\/culture-et-art\/bientot-la-2e-edition-de-banlieue-expo-a-conakry#respond\"]}]},{\"@type\":\"WebPage\",\"@id\":\"https:\/\/www.africa-press.net\/guinee-conakry\/culture-et-art\/bientot-la-2e-edition-de-banlieue-expo-a-conakry\",\"url\":\"https:\/\/www.africa-press.net\/guinee-conakry\/culture-et-art\/bientot-la-2e-edition-de-banlieue-expo-a-conakry\",\"name\":\"Bient\u00f4t la 2e \u00e9dition de Banlieue Expo \u00e0 Conakry! - guinee Conakry\",\"isPartOf\":{\"@id\":\"https:\/\/www.africa-press.net\/guinee-conakry\/#website\"},\"primaryImageOfPage\":{\"@id\":\"https:\/\/www.africa-press.net\/guinee-conakry\/culture-et-art\/bientot-la-2e-edition-de-banlieue-expo-a-conakry#primaryimage\"},\"image\":{\"@id\":\"https:\/\/www.africa-press.net\/guinee-conakry\/culture-et-art\/bientot-la-2e-edition-de-banlieue-expo-a-conakry#primaryimage\"},\"thumbnailUrl\":\"https:\/\/static.africa-press.net\/conakry\/sites\/63\/2024\/02\/sm_1707764049.080829.jpg\",\"datePublished\":\"2024-02-12T20:42:26+00:00\",\"dateModified\":\"2024-02-12T23:28:40+00:00\",\"author\":{\"@id\":\"https:\/\/www.africa-press.net\/guinee-conakry\/#\/schema\/person\/2b1cf3cd81a31e3cd26889ca66d677f1\"},\"description\":\"Le commissariat ge\u0301ne\u0301ral de Banlieue Expo s\u2019est re\u0301uni en assemble\u0301e ordinaire ce samedi 10 fe\u0301vrier 2024 pour annoncer ...\",\"breadcrumb\":{\"@id\":\"https:\/\/www.africa-press.net\/guinee-conakry\/culture-et-art\/bientot-la-2e-edition-de-banlieue-expo-a-conakry#breadcrumb\"},\"inLanguage\":\"fr-FR\",\"potentialAction\":[{\"@type\":\"ReadAction\",\"target\":[\"https:\/\/www.africa-press.net\/guinee-conakry\/culture-et-art\/bientot-la-2e-edition-de-banlieue-expo-a-conakry\"]}]},{\"@type\":\"ImageObject\",\"inLanguage\":\"fr-FR\",\"@id\":\"https:\/\/www.africa-press.net\/guinee-conakry\/culture-et-art\/bientot-la-2e-edition-de-banlieue-expo-a-conakry#primaryimage\",\"url\":\"https:\/\/static.africa-press.net\/conakry\/sites\/63\/2024\/02\/sm_1707764049.080829.jpg\",\"contentUrl\":\"https:\/\/static.africa-press.net\/conakry\/sites\/63\/2024\/02\/sm_1707764049.080829.jpg\",\"width\":1080,\"height\":720,\"caption\":\"Bient\u00f4t la 2e \u00e9dition de Banlieue Expo \u00e0 Conakry!\"},{\"@type\":\"BreadcrumbList\",\"@id\":\"https:\/\/www.africa-press.net\/guinee-conakry\/culture-et-art\/bientot-la-2e-edition-de-banlieue-expo-a-conakry#breadcrumb\",\"itemListElement\":[{\"@type\":\"ListItem\",\"position\":1,\"name\":\"Accueil\",\"item\":\"https:\/\/www.africa-press.net\/guinee-conakry\/\"},{\"@type\":\"ListItem\",\"position\":2,\"name\":\"Bient\u00f4t la 2e \u00e9dition de Banlieue Expo \u00e0 Conakry!\"}]},{\"@type\":\"WebSite\",\"@id\":\"https:\/\/www.africa-press.net\/guinee-conakry\/#website\",\"url\":\"https:\/\/www.africa-press.net\/guinee-conakry\/\",\"name\":\"guinee Conakry\",\"description\":\"Just another Africa News Agency Sites site\",\"potentialAction\":[{\"@type\":\"SearchAction\",\"target\":{\"@type\":\"EntryPoint\",\"urlTemplate\":\"https:\/\/www.africa-press.net\/guinee-conakry\/?s={search_term_string}\"},\"query-input\":{\"@type\":\"PropertyValueSpecification\",\"valueRequired\":true,\"valueName\":\"search_term_string\"}}],\"inLanguage\":\"fr-FR\"},{\"@type\":\"Person\",\"@id\":\"https:\/\/www.africa-press.net\/guinee-conakry\/#\/schema\/person\/2b1cf3cd81a31e3cd26889ca66d677f1\",\"name\":\"cfeditorfr\"}]}<\/script>\n<!-- \/ Yoast SEO Premium plugin. -->","yoast_head_json":{"title":"Bient\u00f4t la 2e \u00e9dition de Banlieue Expo \u00e0 Conakry! - guinee Conakry","description":"Le commissariat ge\u0301ne\u0301ral de Banlieue Expo s\u2019est re\u0301uni en assemble\u0301e ordinaire ce samedi 10 fe\u0301vrier 2024 pour annoncer ...","robots":{"index":"index","follow":"follow","max-snippet":"max-snippet:-1","max-image-preview":"max-image-preview:large","max-video-preview":"max-video-preview:-1"},"canonical":"https:\/\/www.africa-press.net\/guinee-conakry\/culture-et-art\/bientot-la-2e-edition-de-banlieue-expo-a-conakry","og_locale":"fr_FR","og_type":"article","og_title":"Bient\u00f4t la 2e \u00e9dition de Banlieue Expo \u00e0 Conakry!","og_description":"Le commissariat ge\u0301ne\u0301ral de Banlieue Expo s\u2019est re\u0301uni en assemble\u0301e ordinaire ce samedi 10 fe\u0301vrier 2024 pour annoncer ...","og_url":"https:\/\/www.africa-press.net\/guinee-conakry\/culture-et-art\/bientot-la-2e-edition-de-banlieue-expo-a-conakry","og_site_name":"guinee Conakry","article_published_time":"2024-02-12T20:42:26+00:00","article_modified_time":"2024-02-12T23:28:40+00:00","og_image":[{"width":1080,"height":720,"url":"https:\/\/static.africa-press.net\/conakry\/sites\/63\/2024\/02\/sm_1707764049.080829.jpg","type":"image\/jpeg"}],"author":"cfeditorfr","twitter_card":"summary_large_image","twitter_misc":{"\u00c9crit par":"cfeditorfr","Dur\u00e9e de lecture estim\u00e9e":"4 minutes"},"schema":{"@context":"https:\/\/schema.org","@graph":[{"@type":"Article","@id":"https:\/\/www.africa-press.net\/guinee-conakry\/culture-et-art\/bientot-la-2e-edition-de-banlieue-expo-a-conakry#article","isPartOf":{"@id":"https:\/\/www.africa-press.net\/guinee-conakry\/culture-et-art\/bientot-la-2e-edition-de-banlieue-expo-a-conakry"},"author":{"name":"cfeditorfr","@id":"https:\/\/www.africa-press.net\/guinee-conakry\/#\/schema\/person\/2b1cf3cd81a31e3cd26889ca66d677f1"},"headline":"Bient\u00f4t la 2e \u00e9dition de Banlieue Expo \u00e0 Conakry!","datePublished":"2024-02-12T20:42:26+00:00","dateModified":"2024-02-12T23:28:40+00:00","mainEntityOfPage":{"@id":"https:\/\/www.africa-press.net\/guinee-conakry\/culture-et-art\/bientot-la-2e-edition-de-banlieue-expo-a-conakry"},"wordCount":736,"commentCount":0,"image":{"@id":"https:\/\/www.africa-press.net\/guinee-conakry\/culture-et-art\/bientot-la-2e-edition-de-banlieue-expo-a-conakry#primaryimage"},"thumbnailUrl":"https:\/\/static.africa-press.net\/conakry\/sites\/63\/2024\/02\/sm_1707764049.080829.jpg","keywords":["Africa Press","Africa Press-Guin\u00e9e","Guin\u00e9e"],"articleSection":["Culture et Art","Toutes les actualit\u00e9s"],"inLanguage":"fr-FR","potentialAction":[{"@type":"CommentAction","name":"Comment","target":["https:\/\/www.africa-press.net\/guinee-conakry\/culture-et-art\/bientot-la-2e-edition-de-banlieue-expo-a-conakry#respond"]}]},{"@type":"WebPage","@id":"https:\/\/www.africa-press.net\/guinee-conakry\/culture-et-art\/bientot-la-2e-edition-de-banlieue-expo-a-conakry","url":"https:\/\/www.africa-press.net\/guinee-conakry\/culture-et-art\/bientot-la-2e-edition-de-banlieue-expo-a-conakry","name":"Bient\u00f4t la 2e \u00e9dition de Banlieue Expo \u00e0 Conakry! - guinee Conakry","isPartOf":{"@id":"https:\/\/www.africa-press.net\/guinee-conakry\/#website"},"primaryImageOfPage":{"@id":"https:\/\/www.africa-press.net\/guinee-conakry\/culture-et-art\/bientot-la-2e-edition-de-banlieue-expo-a-conakry#primaryimage"},"image":{"@id":"https:\/\/www.africa-press.net\/guinee-conakry\/culture-et-art\/bientot-la-2e-edition-de-banlieue-expo-a-conakry#primaryimage"},"thumbnailUrl":"https:\/\/static.africa-press.net\/conakry\/sites\/63\/2024\/02\/sm_1707764049.080829.jpg","datePublished":"2024-02-12T20:42:26+00:00","dateModified":"2024-02-12T23:28:40+00:00","author":{"@id":"https:\/\/www.africa-press.net\/guinee-conakry\/#\/schema\/person\/2b1cf3cd81a31e3cd26889ca66d677f1"},"description":"Le commissariat ge\u0301ne\u0301ral de Banlieue Expo s\u2019est re\u0301uni en assemble\u0301e ordinaire ce samedi 10 fe\u0301vrier 2024 pour annoncer ...","breadcrumb":{"@id":"https:\/\/www.africa-press.net\/guinee-conakry\/culture-et-art\/bientot-la-2e-edition-de-banlieue-expo-a-conakry#breadcrumb"},"inLanguage":"fr-FR","potentialAction":[{"@type":"ReadAction","target":["https:\/\/www.africa-press.net\/guinee-conakry\/culture-et-art\/bientot-la-2e-edition-de-banlieue-expo-a-conakry"]}]},{"@type":"ImageObject","inLanguage":"fr-FR","@id":"https:\/\/www.africa-press.net\/guinee-conakry\/culture-et-art\/bientot-la-2e-edition-de-banlieue-expo-a-conakry#primaryimage","url":"https:\/\/static.africa-press.net\/conakry\/sites\/63\/2024\/02\/sm_1707764049.080829.jpg","contentUrl":"https:\/\/static.africa-press.net\/conakry\/sites\/63\/2024\/02\/sm_1707764049.080829.jpg","width":1080,"height":720,"caption":"Bient\u00f4t la 2e \u00e9dition de Banlieue Expo \u00e0 Conakry!"},{"@type":"BreadcrumbList","@id":"https:\/\/www.africa-press.net\/guinee-conakry\/culture-et-art\/bientot-la-2e-edition-de-banlieue-expo-a-conakry#breadcrumb","itemListElement":[{"@type":"ListItem","position":1,"name":"Accueil","item":"https:\/\/www.africa-press.net\/guinee-conakry\/"},{"@type":"ListItem","position":2,"name":"Bient\u00f4t la 2e \u00e9dition de Banlieue Expo \u00e0 Conakry!"}]},{"@type":"WebSite","@id":"https:\/\/www.africa-press.net\/guinee-conakry\/#website","url":"https:\/\/www.africa-press.net\/guinee-conakry\/","name":"guinee Conakry","description":"Just another Africa News Agency Sites site","potentialAction":[{"@type":"SearchAction","target":{"@type":"EntryPoint","urlTemplate":"https:\/\/www.africa-press.net\/guinee-conakry\/?s={search_term_string}"},"query-input":{"@type":"PropertyValueSpecification","valueRequired":true,"valueName":"search_term_string"}}],"inLanguage":"fr-FR"},{"@type":"Person","@id":"https:\/\/www.africa-press.net\/guinee-conakry\/#\/schema\/person\/2b1cf3cd81a31e3cd26889ca66d677f1","name":"cfeditorfr"}]}},"_links":{"self":[{"href":"https:\/\/www.africa-press.net\/guinee-conakry\/wp-json\/wp\/v2\/posts\/18590","targetHints":{"allow":["GET"]}}],"collection":[{"href":"https:\/\/www.africa-press.net\/guinee-conakry\/wp-json\/wp\/v2\/posts"}],"about":[{"href":"https:\/\/www.africa-press.net\/guinee-conakry\/wp-json\/wp\/v2\/types\/post"}],"author":[{"embeddable":true,"href":"https:\/\/www.africa-press.net\/guinee-conakry\/wp-json\/wp\/v2\/users\/82"}],"replies":[{"embeddable":true,"href":"https:\/\/www.africa-press.net\/guinee-conakry\/wp-json\/wp\/v2\/comments?post=18590"}],"version-history":[{"count":0,"href":"https:\/\/www.africa-press.net\/guinee-conakry\/wp-json\/wp\/v2\/posts\/18590\/revisions"}],"wp:featuredmedia":[{"embeddable":true,"href":"https:\/\/www.africa-press.net\/guinee-conakry\/wp-json\/wp\/v2\/media\/18589"}],"wp:attachment":[{"href":"https:\/\/www.africa-press.net\/guinee-conakry\/wp-json\/wp\/v2\/media?parent=18590"}],"wp:term":[{"taxonomy":"category","embeddable":true,"href":"https:\/\/www.africa-press.net\/guinee-conakry\/wp-json\/wp\/v2\/categories?post=18590"},{"taxonomy":"post_tag","embeddable":true,"href":"https:\/\/www.africa-press.net\/guinee-conakry\/wp-json\/wp\/v2\/tags?post=18590"}],"curies":[{"name":"wp","href":"https:\/\/api.w.org\/{rel}","templated":true}]}}