{"id":18691,"date":"2024-02-14T18:02:52","date_gmt":"2024-02-14T18:02:52","guid":{"rendered":"https:\/\/www.africa-press.net\/guinee-conakry\/politique\/elie-kamano-au-general-doumbouya-monsieur-le-president-le-pays-va-mal-oui-tres-mal"},"modified":"2024-02-14T20:35:07","modified_gmt":"2024-02-14T20:35:07","slug":"elie-kamano-au-general-doumbouya-monsieur-le-president-le-pays-va-mal-oui-tres-mal","status":"publish","type":"post","link":"https:\/\/www.africa-press.net\/guinee-conakry\/politique\/elie-kamano-au-general-doumbouya-monsieur-le-president-le-pays-va-mal-oui-tres-mal","title":{"rendered":"\u00c9lie Kamano au g\u00e9n\u00e9ral Doumbouya : \u201cMonsieur le pr\u00e9sident, le pays va mal, oui tr\u00e8s mal\u201d"},"content":{"rendered":"<p><span style=\"color: #ff6600\"><strong>Africa-Press &#8211; Guin\u00e9e. <\/strong><\/span>La situation que traverse la Guine\u0301e pre\u0301occupe le mare\u0301chal du reggae guine\u0301en E\u0301lie Kamano. Sur sa page Facebook, le ce\u0301le\u0300bre chanteur reconverti dans la politique, a interpelle\u0301 le pre\u0301sident de la transition, le ge\u0301ne\u0301ral de corps d\u2019arme\u0301e Mamadi Doumbouya.<\/p>\n<p>\u201cNous vivons un recul de la de\u0301mocratie, de la liberte\u0301 d\u2019expression et de mouvements, pendant que des maisons au nom des membres du CNRD poussent partout comme de petits champignons\u201d, indique le reggaeman au pre\u0301sident Doumbouya.<\/p>\n<p>Il fait remarquer que derrie\u0300re \u201cma maison a\u0300 Matoto, un commis de l\u2019Etat et ses compagnons viennent de s\u2019offrir un grand espace pour la somme de 60 milliards de nos francs au vu et au su de toutes les populations du quartier\u201d.<\/p>\n<p>\u201cQuelle est l\u2019utilite\u0301 de fermer les me\u0301dias et de restreindre l\u2019internet ?\u201d, demande-t-il au chef de la junte militaire qui a mis fin au re\u0300gne d\u2019Alpha Conde\u0301, le 5 septembre 2021, avant de poursuivre avec une autre interrogation : \u201cEst-ce pour satisfaire quelques ministres qui ne veulent pas qu\u2019on de\u0301voile leurs forfaitures ?\u201d<\/p>\n<p>De l\u2019avis de Elie Kamano, \u201csi le pays est aujourd\u2019hui dans cette situation le\u0301thargique, c\u2019est parce que des soi-disant intellectuels ont de\u0301cide\u0301 de comploter contre leur patrie. Monsieur le pre\u0301sident, le pays va mal, oui tre\u0300s mal et vous devez tre\u0300s vite se\u0301vir ou vous finirez par subir, car on est embarque\u0301s dans un navire ou\u0300 l\u2019impunite\u0301 et la corruption restent le sport favori des membres de l\u2019e\u0301quipage\u201d.<\/p>\n<p>Il affirme qu\u2019il refuse de donner raison a\u0300 \u201cDadis et a\u0300 Alpha Conde\u0301. Voila\u0300 pourquoi je ne porterais plus de gants pour dire haut ce que je pense. On n\u2019est pas venus pour re\u0301pe\u0301ter l\u2019histoire. On est venus pour changer l\u2019histoire\u201d.<\/p>\n<p><strong>Pour plus d&rsquo;informations et d&rsquo;analyses sur la <a href=\"https:\/\/www.africa-press.net\/guinee-conakry\">Guin\u00e9e<\/a>, suivez <a href=\"https:\/\/www.africa-press.net\/\">Africa-Press<\/a><\/strong><\/p>\n","protected":false},"excerpt":{"rendered":"<p>Africa-Press &#8211; Guin\u00e9e. La situation que traverse la Guine\u0301e pre\u0301occupe le mare\u0301chal du reggae guine\u0301en E\u0301lie Kamano. Sur sa page Facebook, le ce\u0301le\u0300bre chanteur reconverti dans la politique, a interpelle\u0301 le pre\u0301sident de la transition, le ge\u0301ne\u0301ral de corps d\u2019arme\u0301e Mamadi Doumbouya. \u201cNous vivons un recul de la de\u0301mocratie, de la liberte\u0301 d\u2019expression et de [&hellip;]<\/p>\n","protected":false},"author":82,"featured_media":18690,"comment_status":"open","ping_status":"closed","sticky":false,"template":"","format":"standard","meta":{"footnotes":""},"categories":[2,20,10],"tags":[36,57,58],"class_list":["post-18691","post","type-post","status-publish","format-standard","has-post-thumbnail","hentry","category-politique","category-top-nouvelles","category-toutes-les-actualites","tag-africa-press","tag-africa-press-guinee","tag-guinee"],"yoast_head":"<!-- This site is optimized with the Yoast SEO Premium plugin v26.1 (Yoast SEO v27.0) - https:\/\/yoast.com\/product\/yoast-seo-premium-wordpress\/ -->\n<title>\u00c9lie Kamano au g\u00e9n\u00e9ral Doumbouya : \u201cMonsieur le pr\u00e9sident, le pays va mal, oui tr\u00e8s mal\u201d - guinee Conakry<\/title>\n<meta name=\"description\" content=\"La situation que traverse la Guine\u0301e pre\u0301occupe le mare\u0301chal du reggae guine\u0301en E\u0301lie Kamano. Sur sa page Facebook, le c ...\" \/>\n<meta name=\"robots\" content=\"index, follow, max-snippet:-1, max-image-preview:large, max-video-preview:-1\" \/>\n<link rel=\"canonical\" href=\"https:\/\/www.africa-press.net\/guinee-conakry\/politique\/elie-kamano-au-general-doumbouya-monsieur-le-president-le-pays-va-mal-oui-tres-mal\" \/>\n<meta property=\"og:locale\" content=\"fr_FR\" \/>\n<meta property=\"og:type\" content=\"article\" \/>\n<meta property=\"og:title\" content=\"\u00c9lie Kamano au g\u00e9n\u00e9ral Doumbouya : \u201cMonsieur le pr\u00e9sident, le pays va mal, oui tr\u00e8s mal\u201d\" \/>\n<meta property=\"og:description\" content=\"La situation que traverse la Guine\u0301e pre\u0301occupe le mare\u0301chal du reggae guine\u0301en E\u0301lie Kamano. Sur sa page Facebook, le c ...\" \/>\n<meta property=\"og:url\" content=\"https:\/\/www.africa-press.net\/guinee-conakry\/politique\/elie-kamano-au-general-doumbouya-monsieur-le-president-le-pays-va-mal-oui-tres-mal\" \/>\n<meta property=\"og:site_name\" content=\"guinee Conakry\" \/>\n<meta property=\"article:published_time\" content=\"2024-02-14T18:02:52+00:00\" \/>\n<meta property=\"article:modified_time\" content=\"2024-02-14T20:35:07+00:00\" \/>\n<meta property=\"og:image\" content=\"https:\/\/static.africa-press.net\/conakry\/sites\/63\/2024\/02\/sm_1707926652.664283.jpg\" \/>\n\t<meta property=\"og:image:width\" content=\"926\" \/>\n\t<meta property=\"og:image:height\" content=\"623\" \/>\n\t<meta property=\"og:image:type\" content=\"image\/jpeg\" \/>\n<meta name=\"author\" content=\"cfeditorfr\" \/>\n<meta name=\"twitter:card\" content=\"summary_large_image\" \/>\n<meta name=\"twitter:label1\" content=\"\u00c9crit par\" \/>\n\t<meta name=\"twitter:data1\" content=\"cfeditorfr\" \/>\n\t<meta name=\"twitter:label2\" content=\"Dur\u00e9e de lecture estim\u00e9e\" \/>\n\t<meta name=\"twitter:data2\" content=\"2 minutes\" \/>\n<script type=\"application\/ld+json\" class=\"yoast-schema-graph\">{\"@context\":\"https:\/\/schema.org\",\"@graph\":[{\"@type\":\"Article\",\"@id\":\"https:\/\/www.africa-press.net\/guinee-conakry\/politique\/elie-kamano-au-general-doumbouya-monsieur-le-president-le-pays-va-mal-oui-tres-mal#article\",\"isPartOf\":{\"@id\":\"https:\/\/www.africa-press.net\/guinee-conakry\/politique\/elie-kamano-au-general-doumbouya-monsieur-le-president-le-pays-va-mal-oui-tres-mal\"},\"author\":{\"name\":\"cfeditorfr\",\"@id\":\"https:\/\/www.africa-press.net\/guinee-conakry\/#\/schema\/person\/2b1cf3cd81a31e3cd26889ca66d677f1\"},\"headline\":\"\u00c9lie Kamano au g\u00e9n\u00e9ral Doumbouya : \u201cMonsieur le pr\u00e9sident, le pays va mal, oui tr\u00e8s mal\u201d\",\"datePublished\":\"2024-02-14T18:02:52+00:00\",\"dateModified\":\"2024-02-14T20:35:07+00:00\",\"mainEntityOfPage\":{\"@id\":\"https:\/\/www.africa-press.net\/guinee-conakry\/politique\/elie-kamano-au-general-doumbouya-monsieur-le-president-le-pays-va-mal-oui-tres-mal\"},\"wordCount\":353,\"commentCount\":0,\"image\":{\"@id\":\"https:\/\/www.africa-press.net\/guinee-conakry\/politique\/elie-kamano-au-general-doumbouya-monsieur-le-president-le-pays-va-mal-oui-tres-mal#primaryimage\"},\"thumbnailUrl\":\"https:\/\/static.africa-press.net\/conakry\/sites\/63\/2024\/02\/sm_1707926652.664283.jpg\",\"keywords\":[\"Africa Press\",\"Africa Press-Guin\u00e9e\",\"Guin\u00e9e\"],\"articleSection\":[\"Politique\",\"Top Nouvelles\",\"Toutes les actualit\u00e9s\"],\"inLanguage\":\"fr-FR\",\"potentialAction\":[{\"@type\":\"CommentAction\",\"name\":\"Comment\",\"target\":[\"https:\/\/www.africa-press.net\/guinee-conakry\/politique\/elie-kamano-au-general-doumbouya-monsieur-le-president-le-pays-va-mal-oui-tres-mal#respond\"]}]},{\"@type\":\"WebPage\",\"@id\":\"https:\/\/www.africa-press.net\/guinee-conakry\/politique\/elie-kamano-au-general-doumbouya-monsieur-le-president-le-pays-va-mal-oui-tres-mal\",\"url\":\"https:\/\/www.africa-press.net\/guinee-conakry\/politique\/elie-kamano-au-general-doumbouya-monsieur-le-president-le-pays-va-mal-oui-tres-mal\",\"name\":\"\u00c9lie Kamano au g\u00e9n\u00e9ral Doumbouya : \u201cMonsieur le pr\u00e9sident, le pays va mal, oui tr\u00e8s mal\u201d - guinee Conakry\",\"isPartOf\":{\"@id\":\"https:\/\/www.africa-press.net\/guinee-conakry\/#website\"},\"primaryImageOfPage\":{\"@id\":\"https:\/\/www.africa-press.net\/guinee-conakry\/politique\/elie-kamano-au-general-doumbouya-monsieur-le-president-le-pays-va-mal-oui-tres-mal#primaryimage\"},\"image\":{\"@id\":\"https:\/\/www.africa-press.net\/guinee-conakry\/politique\/elie-kamano-au-general-doumbouya-monsieur-le-president-le-pays-va-mal-oui-tres-mal#primaryimage\"},\"thumbnailUrl\":\"https:\/\/static.africa-press.net\/conakry\/sites\/63\/2024\/02\/sm_1707926652.664283.jpg\",\"datePublished\":\"2024-02-14T18:02:52+00:00\",\"dateModified\":\"2024-02-14T20:35:07+00:00\",\"author\":{\"@id\":\"https:\/\/www.africa-press.net\/guinee-conakry\/#\/schema\/person\/2b1cf3cd81a31e3cd26889ca66d677f1\"},\"description\":\"La situation que traverse la Guine\u0301e pre\u0301occupe le mare\u0301chal du reggae guine\u0301en E\u0301lie Kamano. Sur sa page Facebook, le c ...\",\"breadcrumb\":{\"@id\":\"https:\/\/www.africa-press.net\/guinee-conakry\/politique\/elie-kamano-au-general-doumbouya-monsieur-le-president-le-pays-va-mal-oui-tres-mal#breadcrumb\"},\"inLanguage\":\"fr-FR\",\"potentialAction\":[{\"@type\":\"ReadAction\",\"target\":[\"https:\/\/www.africa-press.net\/guinee-conakry\/politique\/elie-kamano-au-general-doumbouya-monsieur-le-president-le-pays-va-mal-oui-tres-mal\"]}]},{\"@type\":\"ImageObject\",\"inLanguage\":\"fr-FR\",\"@id\":\"https:\/\/www.africa-press.net\/guinee-conakry\/politique\/elie-kamano-au-general-doumbouya-monsieur-le-president-le-pays-va-mal-oui-tres-mal#primaryimage\",\"url\":\"https:\/\/static.africa-press.net\/conakry\/sites\/63\/2024\/02\/sm_1707926652.664283.jpg\",\"contentUrl\":\"https:\/\/static.africa-press.net\/conakry\/sites\/63\/2024\/02\/sm_1707926652.664283.jpg\",\"width\":926,\"height\":623,\"caption\":\"\u00c9lie Kamano au g\u00e9n\u00e9ral Doumbouya : \u201cMonsieur le pr\u00e9sident, le pays va mal, oui tr\u00e8s mal\u201d\"},{\"@type\":\"BreadcrumbList\",\"@id\":\"https:\/\/www.africa-press.net\/guinee-conakry\/politique\/elie-kamano-au-general-doumbouya-monsieur-le-president-le-pays-va-mal-oui-tres-mal#breadcrumb\",\"itemListElement\":[{\"@type\":\"ListItem\",\"position\":1,\"name\":\"Accueil\",\"item\":\"https:\/\/www.africa-press.net\/guinee-conakry\/\"},{\"@type\":\"ListItem\",\"position\":2,\"name\":\"\u00c9lie Kamano au g\u00e9n\u00e9ral Doumbouya : \u201cMonsieur le pr\u00e9sident, le pays va mal, oui tr\u00e8s mal\u201d\"}]},{\"@type\":\"WebSite\",\"@id\":\"https:\/\/www.africa-press.net\/guinee-conakry\/#website\",\"url\":\"https:\/\/www.africa-press.net\/guinee-conakry\/\",\"name\":\"guinee Conakry\",\"description\":\"Just another Africa News Agency Sites site\",\"potentialAction\":[{\"@type\":\"SearchAction\",\"target\":{\"@type\":\"EntryPoint\",\"urlTemplate\":\"https:\/\/www.africa-press.net\/guinee-conakry\/?s={search_term_string}\"},\"query-input\":{\"@type\":\"PropertyValueSpecification\",\"valueRequired\":true,\"valueName\":\"search_term_string\"}}],\"inLanguage\":\"fr-FR\"},{\"@type\":\"Person\",\"@id\":\"https:\/\/www.africa-press.net\/guinee-conakry\/#\/schema\/person\/2b1cf3cd81a31e3cd26889ca66d677f1\",\"name\":\"cfeditorfr\"}]}<\/script>\n<!-- \/ Yoast SEO Premium plugin. -->","yoast_head_json":{"title":"\u00c9lie Kamano au g\u00e9n\u00e9ral Doumbouya : \u201cMonsieur le pr\u00e9sident, le pays va mal, oui tr\u00e8s mal\u201d - guinee Conakry","description":"La situation que traverse la Guine\u0301e pre\u0301occupe le mare\u0301chal du reggae guine\u0301en E\u0301lie Kamano. Sur sa page Facebook, le c ...","robots":{"index":"index","follow":"follow","max-snippet":"max-snippet:-1","max-image-preview":"max-image-preview:large","max-video-preview":"max-video-preview:-1"},"canonical":"https:\/\/www.africa-press.net\/guinee-conakry\/politique\/elie-kamano-au-general-doumbouya-monsieur-le-president-le-pays-va-mal-oui-tres-mal","og_locale":"fr_FR","og_type":"article","og_title":"\u00c9lie Kamano au g\u00e9n\u00e9ral Doumbouya : \u201cMonsieur le pr\u00e9sident, le pays va mal, oui tr\u00e8s mal\u201d","og_description":"La situation que traverse la Guine\u0301e pre\u0301occupe le mare\u0301chal du reggae guine\u0301en E\u0301lie Kamano. Sur sa page Facebook, le c ...","og_url":"https:\/\/www.africa-press.net\/guinee-conakry\/politique\/elie-kamano-au-general-doumbouya-monsieur-le-president-le-pays-va-mal-oui-tres-mal","og_site_name":"guinee Conakry","article_published_time":"2024-02-14T18:02:52+00:00","article_modified_time":"2024-02-14T20:35:07+00:00","og_image":[{"width":926,"height":623,"url":"https:\/\/static.africa-press.net\/conakry\/sites\/63\/2024\/02\/sm_1707926652.664283.jpg","type":"image\/jpeg"}],"author":"cfeditorfr","twitter_card":"summary_large_image","twitter_misc":{"\u00c9crit par":"cfeditorfr","Dur\u00e9e de lecture estim\u00e9e":"2 minutes"},"schema":{"@context":"https:\/\/schema.org","@graph":[{"@type":"Article","@id":"https:\/\/www.africa-press.net\/guinee-conakry\/politique\/elie-kamano-au-general-doumbouya-monsieur-le-president-le-pays-va-mal-oui-tres-mal#article","isPartOf":{"@id":"https:\/\/www.africa-press.net\/guinee-conakry\/politique\/elie-kamano-au-general-doumbouya-monsieur-le-president-le-pays-va-mal-oui-tres-mal"},"author":{"name":"cfeditorfr","@id":"https:\/\/www.africa-press.net\/guinee-conakry\/#\/schema\/person\/2b1cf3cd81a31e3cd26889ca66d677f1"},"headline":"\u00c9lie Kamano au g\u00e9n\u00e9ral Doumbouya : \u201cMonsieur le pr\u00e9sident, le pays va mal, oui tr\u00e8s mal\u201d","datePublished":"2024-02-14T18:02:52+00:00","dateModified":"2024-02-14T20:35:07+00:00","mainEntityOfPage":{"@id":"https:\/\/www.africa-press.net\/guinee-conakry\/politique\/elie-kamano-au-general-doumbouya-monsieur-le-president-le-pays-va-mal-oui-tres-mal"},"wordCount":353,"commentCount":0,"image":{"@id":"https:\/\/www.africa-press.net\/guinee-conakry\/politique\/elie-kamano-au-general-doumbouya-monsieur-le-president-le-pays-va-mal-oui-tres-mal#primaryimage"},"thumbnailUrl":"https:\/\/static.africa-press.net\/conakry\/sites\/63\/2024\/02\/sm_1707926652.664283.jpg","keywords":["Africa Press","Africa Press-Guin\u00e9e","Guin\u00e9e"],"articleSection":["Politique","Top Nouvelles","Toutes les actualit\u00e9s"],"inLanguage":"fr-FR","potentialAction":[{"@type":"CommentAction","name":"Comment","target":["https:\/\/www.africa-press.net\/guinee-conakry\/politique\/elie-kamano-au-general-doumbouya-monsieur-le-president-le-pays-va-mal-oui-tres-mal#respond"]}]},{"@type":"WebPage","@id":"https:\/\/www.africa-press.net\/guinee-conakry\/politique\/elie-kamano-au-general-doumbouya-monsieur-le-president-le-pays-va-mal-oui-tres-mal","url":"https:\/\/www.africa-press.net\/guinee-conakry\/politique\/elie-kamano-au-general-doumbouya-monsieur-le-president-le-pays-va-mal-oui-tres-mal","name":"\u00c9lie Kamano au g\u00e9n\u00e9ral Doumbouya : \u201cMonsieur le pr\u00e9sident, le pays va mal, oui tr\u00e8s mal\u201d - guinee Conakry","isPartOf":{"@id":"https:\/\/www.africa-press.net\/guinee-conakry\/#website"},"primaryImageOfPage":{"@id":"https:\/\/www.africa-press.net\/guinee-conakry\/politique\/elie-kamano-au-general-doumbouya-monsieur-le-president-le-pays-va-mal-oui-tres-mal#primaryimage"},"image":{"@id":"https:\/\/www.africa-press.net\/guinee-conakry\/politique\/elie-kamano-au-general-doumbouya-monsieur-le-president-le-pays-va-mal-oui-tres-mal#primaryimage"},"thumbnailUrl":"https:\/\/static.africa-press.net\/conakry\/sites\/63\/2024\/02\/sm_1707926652.664283.jpg","datePublished":"2024-02-14T18:02:52+00:00","dateModified":"2024-02-14T20:35:07+00:00","author":{"@id":"https:\/\/www.africa-press.net\/guinee-conakry\/#\/schema\/person\/2b1cf3cd81a31e3cd26889ca66d677f1"},"description":"La situation que traverse la Guine\u0301e pre\u0301occupe le mare\u0301chal du reggae guine\u0301en E\u0301lie Kamano. Sur sa page Facebook, le c ...","breadcrumb":{"@id":"https:\/\/www.africa-press.net\/guinee-conakry\/politique\/elie-kamano-au-general-doumbouya-monsieur-le-president-le-pays-va-mal-oui-tres-mal#breadcrumb"},"inLanguage":"fr-FR","potentialAction":[{"@type":"ReadAction","target":["https:\/\/www.africa-press.net\/guinee-conakry\/politique\/elie-kamano-au-general-doumbouya-monsieur-le-president-le-pays-va-mal-oui-tres-mal"]}]},{"@type":"ImageObject","inLanguage":"fr-FR","@id":"https:\/\/www.africa-press.net\/guinee-conakry\/politique\/elie-kamano-au-general-doumbouya-monsieur-le-president-le-pays-va-mal-oui-tres-mal#primaryimage","url":"https:\/\/static.africa-press.net\/conakry\/sites\/63\/2024\/02\/sm_1707926652.664283.jpg","contentUrl":"https:\/\/static.africa-press.net\/conakry\/sites\/63\/2024\/02\/sm_1707926652.664283.jpg","width":926,"height":623,"caption":"\u00c9lie Kamano au g\u00e9n\u00e9ral Doumbouya : \u201cMonsieur le pr\u00e9sident, le pays va mal, oui tr\u00e8s mal\u201d"},{"@type":"BreadcrumbList","@id":"https:\/\/www.africa-press.net\/guinee-conakry\/politique\/elie-kamano-au-general-doumbouya-monsieur-le-president-le-pays-va-mal-oui-tres-mal#breadcrumb","itemListElement":[{"@type":"ListItem","position":1,"name":"Accueil","item":"https:\/\/www.africa-press.net\/guinee-conakry\/"},{"@type":"ListItem","position":2,"name":"\u00c9lie Kamano au g\u00e9n\u00e9ral Doumbouya : \u201cMonsieur le pr\u00e9sident, le pays va mal, oui tr\u00e8s mal\u201d"}]},{"@type":"WebSite","@id":"https:\/\/www.africa-press.net\/guinee-conakry\/#website","url":"https:\/\/www.africa-press.net\/guinee-conakry\/","name":"guinee Conakry","description":"Just another Africa News Agency Sites site","potentialAction":[{"@type":"SearchAction","target":{"@type":"EntryPoint","urlTemplate":"https:\/\/www.africa-press.net\/guinee-conakry\/?s={search_term_string}"},"query-input":{"@type":"PropertyValueSpecification","valueRequired":true,"valueName":"search_term_string"}}],"inLanguage":"fr-FR"},{"@type":"Person","@id":"https:\/\/www.africa-press.net\/guinee-conakry\/#\/schema\/person\/2b1cf3cd81a31e3cd26889ca66d677f1","name":"cfeditorfr"}]}},"_links":{"self":[{"href":"https:\/\/www.africa-press.net\/guinee-conakry\/wp-json\/wp\/v2\/posts\/18691","targetHints":{"allow":["GET"]}}],"collection":[{"href":"https:\/\/www.africa-press.net\/guinee-conakry\/wp-json\/wp\/v2\/posts"}],"about":[{"href":"https:\/\/www.africa-press.net\/guinee-conakry\/wp-json\/wp\/v2\/types\/post"}],"author":[{"embeddable":true,"href":"https:\/\/www.africa-press.net\/guinee-conakry\/wp-json\/wp\/v2\/users\/82"}],"replies":[{"embeddable":true,"href":"https:\/\/www.africa-press.net\/guinee-conakry\/wp-json\/wp\/v2\/comments?post=18691"}],"version-history":[{"count":0,"href":"https:\/\/www.africa-press.net\/guinee-conakry\/wp-json\/wp\/v2\/posts\/18691\/revisions"}],"wp:featuredmedia":[{"embeddable":true,"href":"https:\/\/www.africa-press.net\/guinee-conakry\/wp-json\/wp\/v2\/media\/18690"}],"wp:attachment":[{"href":"https:\/\/www.africa-press.net\/guinee-conakry\/wp-json\/wp\/v2\/media?parent=18691"}],"wp:term":[{"taxonomy":"category","embeddable":true,"href":"https:\/\/www.africa-press.net\/guinee-conakry\/wp-json\/wp\/v2\/categories?post=18691"},{"taxonomy":"post_tag","embeddable":true,"href":"https:\/\/www.africa-press.net\/guinee-conakry\/wp-json\/wp\/v2\/tags?post=18691"}],"curies":[{"name":"wp","href":"https:\/\/api.w.org\/{rel}","templated":true}]}}