{"id":18721,"date":"2024-02-15T22:00:51","date_gmt":"2024-02-15T22:00:51","guid":{"rendered":"https:\/\/www.africa-press.net\/guinee-conakry\/politique\/kankan-une-enquete-judiciaire-cible-les-responsables-des-collectivites-locales"},"modified":"2024-02-15T23:49:50","modified_gmt":"2024-02-15T23:49:50","slug":"kankan-une-enquete-judiciaire-cible-les-responsables-des-collectivites-locales","status":"publish","type":"post","link":"https:\/\/www.africa-press.net\/guinee-conakry\/politique\/kankan-une-enquete-judiciaire-cible-les-responsables-des-collectivites-locales","title":{"rendered":"Kankan : une enqu\u00eate judiciaire cible les responsables des collectivit\u00e9s locales"},"content":{"rendered":"<p><span style=\"color: #ff6600\"><strong>Africa-Press &#8211; Guin\u00e9e. <\/strong><\/span>Suite aux instructions du ministre de la Justice, Garde des Sceaux, Alphonse Charles Wright, et du parquet ge\u0301ne\u0301ral pre\u0300s la cour d\u2019appel de Kankan, le procureur de la Re\u0301publique pre\u0300s le tribunal de premie\u0300re instance de Kankan, Marwane Balde\u0301, a annonce\u0301, ce jeudi 15 fe\u0301vrier, l\u2019ouverture d\u2019une nouvelle proce\u0301dure judiciaire. L\u2019enque\u0302te vise l\u2019ensemble des maires et autres gestionnaires de fonds dans la zone de juridiction de Kankan pour des faits pre\u0301sume\u0301s de malversations financie\u0300res.<\/p>\n<p>L\u2019annonce a e\u0301te\u0301 faite lors d\u2019un point de presse tenu ce jeudi 15 fe\u0301vrier 2024 au sein du parquet. \u00ab Le parquet de premie\u0300re instance de Kankan a mis en place une commission mixte d\u2019enque\u0302te compose\u0301e d\u2019agents de la police et de la gendarmerie nationale, tous du\u0302ment assermente\u0301s. Je supervise personnellement le bon de\u0301roulement et le respect des principes pour garantir la re\u0301ussite de cette proce\u0301dure\u00ab , a-t-il affirme\u0301.<\/p>\n<p>Le procureur a e\u0301galement de\u0301clare\u0301 qu\u2019une convocation avait de\u0301ja\u0300 e\u0301te\u0301 envoye\u0301e a\u0300 tous les maires ainsi qu\u2019a\u0300 leurs principaux collaborateurs dans la gestion des deniers publics: \u00ab A\u0300 ce stade, nous avons juge\u0301 ne\u0301cessaire d\u2019inviter, voire de convoquer, tous ces responsables communaux et gestionnaires des fonds de l\u2019E\u0301tat au niveau des diffe\u0301rentes collectivite\u0301s, urbaines et rurales, qui sont suspecte\u0301es. \u00bb<\/p>\n<p>Concernant l\u2019identite\u0301 des administrateurs communaux vise\u0301s par ces convocations a\u0300 la brigade de recherche de Kankan, le chef du parquet n\u2019a pas souhaite\u0301 donner de de\u0301tails pour l\u2019instant.<\/p>\n<p>Cependant, plusieurs suspects, selon les rumeurs, envisageraient de\u0301ja\u0300 de prendre la fuite. En re\u0301ponse, le procureur pre\u0300s le TPI de Kankan a pre\u0301venu dans les termes suivants: \u00ab Ceux qui tenteront de fuir s\u2019exposent a\u0300 la rigueur de la loi. Le code de proce\u0301dure pe\u0301nale est clair notamment en son article 81, qui stipule que l\u2019officier de police judiciaire charge\u0301 d\u2019une enque\u0302te a le pouvoir d\u2019empe\u0302cher les personnes vise\u0301es par ces enque\u0302tes de quitter le lieu ou\u0300 ces infractions ont e\u0301te\u0301 commises. J\u2019ai insiste\u0301 sur le respect de cette mesure aupre\u0300s des agents en charge de cette proce\u0301dure. \u00bb<\/p>\n<p>En conclusion, le procureur de la Re\u0301publique pre\u0300s le TPI de Kankan, Marwane Balde\u0301, a surtout invite\u0301 les citoyens a\u0300 collaborer avec la justice en utilisant un nume\u0301ro vert.<\/p>\n<p>Par ailleurs, les maires des autres collectivite\u0301s du pays sont e\u0301galement concerne\u0301es par cette mesure.<\/p>\n<p><strong>Pour plus d&rsquo;informations et d&rsquo;analyses sur la <a href=\"https:\/\/www.africa-press.net\/guinee-conakry\">Guin\u00e9e<\/a>, suivez <a href=\"https:\/\/www.africa-press.net\/\">Africa-Press<\/a><\/strong><\/p>\n","protected":false},"excerpt":{"rendered":"<p>Africa-Press &#8211; Guin\u00e9e. Suite aux instructions du ministre de la Justice, Garde des Sceaux, Alphonse Charles Wright, et du parquet ge\u0301ne\u0301ral pre\u0300s la cour d\u2019appel de Kankan, le procureur de la Re\u0301publique pre\u0300s le tribunal de premie\u0300re instance de Kankan, Marwane Balde\u0301, a annonce\u0301, ce jeudi 15 fe\u0301vrier, l\u2019ouverture d\u2019une nouvelle proce\u0301dure judiciaire. L\u2019enque\u0302te vise [&hellip;]<\/p>\n","protected":false},"author":82,"featured_media":18720,"comment_status":"open","ping_status":"closed","sticky":false,"template":"","format":"standard","meta":{"footnotes":""},"categories":[2,20,10],"tags":[36,57,58],"class_list":["post-18721","post","type-post","status-publish","format-standard","has-post-thumbnail","hentry","category-politique","category-top-nouvelles","category-toutes-les-actualites","tag-africa-press","tag-africa-press-guinee","tag-guinee"],"yoast_head":"<!-- This site is optimized with the Yoast SEO Premium plugin v26.1 (Yoast SEO v27.0) - https:\/\/yoast.com\/product\/yoast-seo-premium-wordpress\/ -->\n<title>Kankan : une enqu\u00eate judiciaire cible les responsables des collectivit\u00e9s locales - guinee Conakry<\/title>\n<meta name=\"description\" content=\"Suite aux instructions du ministre de la Justice, Garde des Sceaux, Alphonse Charles Wright, et du parquet ge\u0301ne\u0301ral pre ...\" \/>\n<meta name=\"robots\" content=\"index, follow, max-snippet:-1, max-image-preview:large, max-video-preview:-1\" \/>\n<link rel=\"canonical\" href=\"https:\/\/www.africa-press.net\/guinee-conakry\/politique\/kankan-une-enquete-judiciaire-cible-les-responsables-des-collectivites-locales\" \/>\n<meta property=\"og:locale\" content=\"fr_FR\" \/>\n<meta property=\"og:type\" content=\"article\" \/>\n<meta property=\"og:title\" content=\"Kankan : une enqu\u00eate judiciaire cible les responsables des collectivit\u00e9s locales\" \/>\n<meta property=\"og:description\" content=\"Suite aux instructions du ministre de la Justice, Garde des Sceaux, Alphonse Charles Wright, et du parquet ge\u0301ne\u0301ral pre ...\" \/>\n<meta property=\"og:url\" content=\"https:\/\/www.africa-press.net\/guinee-conakry\/politique\/kankan-une-enquete-judiciaire-cible-les-responsables-des-collectivites-locales\" \/>\n<meta property=\"og:site_name\" content=\"guinee Conakry\" \/>\n<meta property=\"article:published_time\" content=\"2024-02-15T22:00:51+00:00\" \/>\n<meta property=\"article:modified_time\" content=\"2024-02-15T23:49:50+00:00\" \/>\n<meta property=\"og:image\" content=\"https:\/\/static.africa-press.net\/conakry\/sites\/63\/2024\/02\/sm_1708024638.885941.jpg\" \/>\n\t<meta property=\"og:image:width\" content=\"1920\" \/>\n\t<meta property=\"og:image:height\" content=\"1080\" \/>\n\t<meta property=\"og:image:type\" content=\"image\/jpeg\" \/>\n<meta name=\"author\" content=\"cfeditorfr\" \/>\n<meta name=\"twitter:card\" content=\"summary_large_image\" \/>\n<meta name=\"twitter:label1\" content=\"\u00c9crit par\" \/>\n\t<meta name=\"twitter:data1\" content=\"cfeditorfr\" \/>\n\t<meta name=\"twitter:label2\" content=\"Dur\u00e9e de lecture estim\u00e9e\" \/>\n\t<meta name=\"twitter:data2\" content=\"3 minutes\" \/>\n<script type=\"application\/ld+json\" class=\"yoast-schema-graph\">{\"@context\":\"https:\/\/schema.org\",\"@graph\":[{\"@type\":\"Article\",\"@id\":\"https:\/\/www.africa-press.net\/guinee-conakry\/politique\/kankan-une-enquete-judiciaire-cible-les-responsables-des-collectivites-locales#article\",\"isPartOf\":{\"@id\":\"https:\/\/www.africa-press.net\/guinee-conakry\/politique\/kankan-une-enquete-judiciaire-cible-les-responsables-des-collectivites-locales\"},\"author\":{\"name\":\"cfeditorfr\",\"@id\":\"https:\/\/www.africa-press.net\/guinee-conakry\/#\/schema\/person\/2b1cf3cd81a31e3cd26889ca66d677f1\"},\"headline\":\"Kankan : une enqu\u00eate judiciaire cible les responsables des collectivit\u00e9s locales\",\"datePublished\":\"2024-02-15T22:00:51+00:00\",\"dateModified\":\"2024-02-15T23:49:50+00:00\",\"mainEntityOfPage\":{\"@id\":\"https:\/\/www.africa-press.net\/guinee-conakry\/politique\/kankan-une-enquete-judiciaire-cible-les-responsables-des-collectivites-locales\"},\"wordCount\":467,\"commentCount\":0,\"image\":{\"@id\":\"https:\/\/www.africa-press.net\/guinee-conakry\/politique\/kankan-une-enquete-judiciaire-cible-les-responsables-des-collectivites-locales#primaryimage\"},\"thumbnailUrl\":\"https:\/\/static.africa-press.net\/conakry\/sites\/63\/2024\/02\/sm_1708024638.885941.jpg\",\"keywords\":[\"Africa Press\",\"Africa Press-Guin\u00e9e\",\"Guin\u00e9e\"],\"articleSection\":[\"Politique\",\"Top Nouvelles\",\"Toutes les actualit\u00e9s\"],\"inLanguage\":\"fr-FR\",\"potentialAction\":[{\"@type\":\"CommentAction\",\"name\":\"Comment\",\"target\":[\"https:\/\/www.africa-press.net\/guinee-conakry\/politique\/kankan-une-enquete-judiciaire-cible-les-responsables-des-collectivites-locales#respond\"]}]},{\"@type\":\"WebPage\",\"@id\":\"https:\/\/www.africa-press.net\/guinee-conakry\/politique\/kankan-une-enquete-judiciaire-cible-les-responsables-des-collectivites-locales\",\"url\":\"https:\/\/www.africa-press.net\/guinee-conakry\/politique\/kankan-une-enquete-judiciaire-cible-les-responsables-des-collectivites-locales\",\"name\":\"Kankan : une enqu\u00eate judiciaire cible les responsables des collectivit\u00e9s locales - guinee Conakry\",\"isPartOf\":{\"@id\":\"https:\/\/www.africa-press.net\/guinee-conakry\/#website\"},\"primaryImageOfPage\":{\"@id\":\"https:\/\/www.africa-press.net\/guinee-conakry\/politique\/kankan-une-enquete-judiciaire-cible-les-responsables-des-collectivites-locales#primaryimage\"},\"image\":{\"@id\":\"https:\/\/www.africa-press.net\/guinee-conakry\/politique\/kankan-une-enquete-judiciaire-cible-les-responsables-des-collectivites-locales#primaryimage\"},\"thumbnailUrl\":\"https:\/\/static.africa-press.net\/conakry\/sites\/63\/2024\/02\/sm_1708024638.885941.jpg\",\"datePublished\":\"2024-02-15T22:00:51+00:00\",\"dateModified\":\"2024-02-15T23:49:50+00:00\",\"author\":{\"@id\":\"https:\/\/www.africa-press.net\/guinee-conakry\/#\/schema\/person\/2b1cf3cd81a31e3cd26889ca66d677f1\"},\"description\":\"Suite aux instructions du ministre de la Justice, Garde des Sceaux, Alphonse Charles Wright, et du parquet ge\u0301ne\u0301ral pre ...\",\"breadcrumb\":{\"@id\":\"https:\/\/www.africa-press.net\/guinee-conakry\/politique\/kankan-une-enquete-judiciaire-cible-les-responsables-des-collectivites-locales#breadcrumb\"},\"inLanguage\":\"fr-FR\",\"potentialAction\":[{\"@type\":\"ReadAction\",\"target\":[\"https:\/\/www.africa-press.net\/guinee-conakry\/politique\/kankan-une-enquete-judiciaire-cible-les-responsables-des-collectivites-locales\"]}]},{\"@type\":\"ImageObject\",\"inLanguage\":\"fr-FR\",\"@id\":\"https:\/\/www.africa-press.net\/guinee-conakry\/politique\/kankan-une-enquete-judiciaire-cible-les-responsables-des-collectivites-locales#primaryimage\",\"url\":\"https:\/\/static.africa-press.net\/conakry\/sites\/63\/2024\/02\/sm_1708024638.885941.jpg\",\"contentUrl\":\"https:\/\/static.africa-press.net\/conakry\/sites\/63\/2024\/02\/sm_1708024638.885941.jpg\",\"width\":1920,\"height\":1080,\"caption\":\"Kankan : une enqu\u00eate judiciaire cible les responsables des collectivit\u00e9s locales\"},{\"@type\":\"BreadcrumbList\",\"@id\":\"https:\/\/www.africa-press.net\/guinee-conakry\/politique\/kankan-une-enquete-judiciaire-cible-les-responsables-des-collectivites-locales#breadcrumb\",\"itemListElement\":[{\"@type\":\"ListItem\",\"position\":1,\"name\":\"Accueil\",\"item\":\"https:\/\/www.africa-press.net\/guinee-conakry\/\"},{\"@type\":\"ListItem\",\"position\":2,\"name\":\"Kankan : une enqu\u00eate judiciaire cible les responsables des collectivit\u00e9s locales\"}]},{\"@type\":\"WebSite\",\"@id\":\"https:\/\/www.africa-press.net\/guinee-conakry\/#website\",\"url\":\"https:\/\/www.africa-press.net\/guinee-conakry\/\",\"name\":\"guinee Conakry\",\"description\":\"Just another Africa News Agency Sites site\",\"potentialAction\":[{\"@type\":\"SearchAction\",\"target\":{\"@type\":\"EntryPoint\",\"urlTemplate\":\"https:\/\/www.africa-press.net\/guinee-conakry\/?s={search_term_string}\"},\"query-input\":{\"@type\":\"PropertyValueSpecification\",\"valueRequired\":true,\"valueName\":\"search_term_string\"}}],\"inLanguage\":\"fr-FR\"},{\"@type\":\"Person\",\"@id\":\"https:\/\/www.africa-press.net\/guinee-conakry\/#\/schema\/person\/2b1cf3cd81a31e3cd26889ca66d677f1\",\"name\":\"cfeditorfr\"}]}<\/script>\n<!-- \/ Yoast SEO Premium plugin. -->","yoast_head_json":{"title":"Kankan : une enqu\u00eate judiciaire cible les responsables des collectivit\u00e9s locales - guinee Conakry","description":"Suite aux instructions du ministre de la Justice, Garde des Sceaux, Alphonse Charles Wright, et du parquet ge\u0301ne\u0301ral pre ...","robots":{"index":"index","follow":"follow","max-snippet":"max-snippet:-1","max-image-preview":"max-image-preview:large","max-video-preview":"max-video-preview:-1"},"canonical":"https:\/\/www.africa-press.net\/guinee-conakry\/politique\/kankan-une-enquete-judiciaire-cible-les-responsables-des-collectivites-locales","og_locale":"fr_FR","og_type":"article","og_title":"Kankan : une enqu\u00eate judiciaire cible les responsables des collectivit\u00e9s locales","og_description":"Suite aux instructions du ministre de la Justice, Garde des Sceaux, Alphonse Charles Wright, et du parquet ge\u0301ne\u0301ral pre ...","og_url":"https:\/\/www.africa-press.net\/guinee-conakry\/politique\/kankan-une-enquete-judiciaire-cible-les-responsables-des-collectivites-locales","og_site_name":"guinee Conakry","article_published_time":"2024-02-15T22:00:51+00:00","article_modified_time":"2024-02-15T23:49:50+00:00","og_image":[{"width":1920,"height":1080,"url":"https:\/\/static.africa-press.net\/conakry\/sites\/63\/2024\/02\/sm_1708024638.885941.jpg","type":"image\/jpeg"}],"author":"cfeditorfr","twitter_card":"summary_large_image","twitter_misc":{"\u00c9crit par":"cfeditorfr","Dur\u00e9e de lecture estim\u00e9e":"3 minutes"},"schema":{"@context":"https:\/\/schema.org","@graph":[{"@type":"Article","@id":"https:\/\/www.africa-press.net\/guinee-conakry\/politique\/kankan-une-enquete-judiciaire-cible-les-responsables-des-collectivites-locales#article","isPartOf":{"@id":"https:\/\/www.africa-press.net\/guinee-conakry\/politique\/kankan-une-enquete-judiciaire-cible-les-responsables-des-collectivites-locales"},"author":{"name":"cfeditorfr","@id":"https:\/\/www.africa-press.net\/guinee-conakry\/#\/schema\/person\/2b1cf3cd81a31e3cd26889ca66d677f1"},"headline":"Kankan : une enqu\u00eate judiciaire cible les responsables des collectivit\u00e9s locales","datePublished":"2024-02-15T22:00:51+00:00","dateModified":"2024-02-15T23:49:50+00:00","mainEntityOfPage":{"@id":"https:\/\/www.africa-press.net\/guinee-conakry\/politique\/kankan-une-enquete-judiciaire-cible-les-responsables-des-collectivites-locales"},"wordCount":467,"commentCount":0,"image":{"@id":"https:\/\/www.africa-press.net\/guinee-conakry\/politique\/kankan-une-enquete-judiciaire-cible-les-responsables-des-collectivites-locales#primaryimage"},"thumbnailUrl":"https:\/\/static.africa-press.net\/conakry\/sites\/63\/2024\/02\/sm_1708024638.885941.jpg","keywords":["Africa Press","Africa Press-Guin\u00e9e","Guin\u00e9e"],"articleSection":["Politique","Top Nouvelles","Toutes les actualit\u00e9s"],"inLanguage":"fr-FR","potentialAction":[{"@type":"CommentAction","name":"Comment","target":["https:\/\/www.africa-press.net\/guinee-conakry\/politique\/kankan-une-enquete-judiciaire-cible-les-responsables-des-collectivites-locales#respond"]}]},{"@type":"WebPage","@id":"https:\/\/www.africa-press.net\/guinee-conakry\/politique\/kankan-une-enquete-judiciaire-cible-les-responsables-des-collectivites-locales","url":"https:\/\/www.africa-press.net\/guinee-conakry\/politique\/kankan-une-enquete-judiciaire-cible-les-responsables-des-collectivites-locales","name":"Kankan : une enqu\u00eate judiciaire cible les responsables des collectivit\u00e9s locales - guinee Conakry","isPartOf":{"@id":"https:\/\/www.africa-press.net\/guinee-conakry\/#website"},"primaryImageOfPage":{"@id":"https:\/\/www.africa-press.net\/guinee-conakry\/politique\/kankan-une-enquete-judiciaire-cible-les-responsables-des-collectivites-locales#primaryimage"},"image":{"@id":"https:\/\/www.africa-press.net\/guinee-conakry\/politique\/kankan-une-enquete-judiciaire-cible-les-responsables-des-collectivites-locales#primaryimage"},"thumbnailUrl":"https:\/\/static.africa-press.net\/conakry\/sites\/63\/2024\/02\/sm_1708024638.885941.jpg","datePublished":"2024-02-15T22:00:51+00:00","dateModified":"2024-02-15T23:49:50+00:00","author":{"@id":"https:\/\/www.africa-press.net\/guinee-conakry\/#\/schema\/person\/2b1cf3cd81a31e3cd26889ca66d677f1"},"description":"Suite aux instructions du ministre de la Justice, Garde des Sceaux, Alphonse Charles Wright, et du parquet ge\u0301ne\u0301ral pre ...","breadcrumb":{"@id":"https:\/\/www.africa-press.net\/guinee-conakry\/politique\/kankan-une-enquete-judiciaire-cible-les-responsables-des-collectivites-locales#breadcrumb"},"inLanguage":"fr-FR","potentialAction":[{"@type":"ReadAction","target":["https:\/\/www.africa-press.net\/guinee-conakry\/politique\/kankan-une-enquete-judiciaire-cible-les-responsables-des-collectivites-locales"]}]},{"@type":"ImageObject","inLanguage":"fr-FR","@id":"https:\/\/www.africa-press.net\/guinee-conakry\/politique\/kankan-une-enquete-judiciaire-cible-les-responsables-des-collectivites-locales#primaryimage","url":"https:\/\/static.africa-press.net\/conakry\/sites\/63\/2024\/02\/sm_1708024638.885941.jpg","contentUrl":"https:\/\/static.africa-press.net\/conakry\/sites\/63\/2024\/02\/sm_1708024638.885941.jpg","width":1920,"height":1080,"caption":"Kankan : une enqu\u00eate judiciaire cible les responsables des collectivit\u00e9s locales"},{"@type":"BreadcrumbList","@id":"https:\/\/www.africa-press.net\/guinee-conakry\/politique\/kankan-une-enquete-judiciaire-cible-les-responsables-des-collectivites-locales#breadcrumb","itemListElement":[{"@type":"ListItem","position":1,"name":"Accueil","item":"https:\/\/www.africa-press.net\/guinee-conakry\/"},{"@type":"ListItem","position":2,"name":"Kankan : une enqu\u00eate judiciaire cible les responsables des collectivit\u00e9s locales"}]},{"@type":"WebSite","@id":"https:\/\/www.africa-press.net\/guinee-conakry\/#website","url":"https:\/\/www.africa-press.net\/guinee-conakry\/","name":"guinee Conakry","description":"Just another Africa News Agency Sites site","potentialAction":[{"@type":"SearchAction","target":{"@type":"EntryPoint","urlTemplate":"https:\/\/www.africa-press.net\/guinee-conakry\/?s={search_term_string}"},"query-input":{"@type":"PropertyValueSpecification","valueRequired":true,"valueName":"search_term_string"}}],"inLanguage":"fr-FR"},{"@type":"Person","@id":"https:\/\/www.africa-press.net\/guinee-conakry\/#\/schema\/person\/2b1cf3cd81a31e3cd26889ca66d677f1","name":"cfeditorfr"}]}},"_links":{"self":[{"href":"https:\/\/www.africa-press.net\/guinee-conakry\/wp-json\/wp\/v2\/posts\/18721","targetHints":{"allow":["GET"]}}],"collection":[{"href":"https:\/\/www.africa-press.net\/guinee-conakry\/wp-json\/wp\/v2\/posts"}],"about":[{"href":"https:\/\/www.africa-press.net\/guinee-conakry\/wp-json\/wp\/v2\/types\/post"}],"author":[{"embeddable":true,"href":"https:\/\/www.africa-press.net\/guinee-conakry\/wp-json\/wp\/v2\/users\/82"}],"replies":[{"embeddable":true,"href":"https:\/\/www.africa-press.net\/guinee-conakry\/wp-json\/wp\/v2\/comments?post=18721"}],"version-history":[{"count":0,"href":"https:\/\/www.africa-press.net\/guinee-conakry\/wp-json\/wp\/v2\/posts\/18721\/revisions"}],"wp:featuredmedia":[{"embeddable":true,"href":"https:\/\/www.africa-press.net\/guinee-conakry\/wp-json\/wp\/v2\/media\/18720"}],"wp:attachment":[{"href":"https:\/\/www.africa-press.net\/guinee-conakry\/wp-json\/wp\/v2\/media?parent=18721"}],"wp:term":[{"taxonomy":"category","embeddable":true,"href":"https:\/\/www.africa-press.net\/guinee-conakry\/wp-json\/wp\/v2\/categories?post=18721"},{"taxonomy":"post_tag","embeddable":true,"href":"https:\/\/www.africa-press.net\/guinee-conakry\/wp-json\/wp\/v2\/tags?post=18721"}],"curies":[{"name":"wp","href":"https:\/\/api.w.org\/{rel}","templated":true}]}}