{"id":18895,"date":"2024-02-22T14:00:05","date_gmt":"2024-02-22T14:00:05","guid":{"rendered":"https:\/\/www.africa-press.net\/guinee-conakry\/politique\/la-2e-edition-du-forum-economique-demergence-magazine-lancee"},"modified":"2024-02-23T00:40:05","modified_gmt":"2024-02-23T00:40:05","slug":"la-2e-edition-du-forum-economique-demergence-magazine-lancee","status":"publish","type":"post","link":"https:\/\/www.africa-press.net\/guinee-conakry\/economie\/la-2e-edition-du-forum-economique-demergence-magazine-lancee","title":{"rendered":"la 2e \u00e9dition du Forum \u00e9conomique d\u2019\u00e9mergence Magazine lanc\u00e9e"},"content":{"rendered":"<p><span style=\"color: #ff6600\"><strong>Africa-Press &#8211; Guin\u00e9e. <\/strong><\/span>La 2e e\u0301dition du Forum e\u0301conomique d\u2019e\u0301mergence Magazine a e\u0301te\u0301 lance\u0301e ce jeudi 22 fe\u0301vrier, dans un re\u0301ceptif ho\u0302telier a\u0300 Conakry, sous le the\u0300me: \u00abla Guine\u0301e, terre d\u2019opportunite\u0301s et d\u2019innovations\u00bb. Place\u0301 sous le haut patronage du Pre\u0301sident de la transition, le Ge\u0301ne\u0301ral Mamadi Doumbouya, durant deux jours allant de ce jeudi, des acteurs e\u0301conomiques du secteur public et prive\u0301 venus de diffe\u0301rentes horizons aborderont les proble\u0301matiques et de\u0301fis lie\u0301s au processus de de\u0301veloppement de la Guine\u0301e.<\/p>\n<p>Selon Aboubacar Diallo, vice-pre\u0301sident du comite\u0301 d\u2019organisation, cette rencontre qui regroupe plus de 1500 personnes entend adresser plusieurs questions lie\u0301es a\u0300 l\u2019e\u0301conomie dans tous les secteurs: \u00ab Au-dela\u0300 de permettre de faire rencontrer dans un me\u0302me espace de de\u0301bat tous ces acteurs, pour qu\u2019ils confrontent leurs opinions, leurs attentes, leurs espoirs et leurs craintes, ce forum, devrait adresser des questions importantes comme \u00ab comment faire du secteur prive\u0301, le principal levier de croissance en pe\u0301riode de transition, \u00ab construction des raffineries, quelles perspectives pour l\u2019e\u0301conomie guine\u0301enne et quels impacts pour l\u2019environnement \u00bb ou encore \u00ab banque agricole: quelles porte\u0301es \u00bb, pour ne citer que celles-ci, de sorte a\u0300 en dresser des propositions et recommandations pertinentes, lesquelles seront compile\u0301es et partage\u0301es avec les autorite\u0301s compe\u0301tentes\u00bb, a-t-il fait savoir.<\/p>\n<p><img loading=\"lazy\" decoding=\"async\" width=\"1024\" height=\"767\" class=\"alignnone wp-image-18891 size-full\" src=\"https:\/\/static.africa-press.net\/conakry\/sites\/63\/2024\/02\/sm_1708632161.565126.jpg\" srcset=\"https:\/\/static.africa-press.net\/conakry\/sites\/63\/2024\/02\/sm_1708632161.565126.jpg 1024w, https:\/\/static.africa-press.net\/conakry\/sites\/63\/2024\/02\/sm_1708632161.565126-300x225.jpg 300w, https:\/\/static.africa-press.net\/conakry\/sites\/63\/2024\/02\/sm_1708632161.565126-768x575.jpg 768w, https:\/\/static.africa-press.net\/conakry\/sites\/63\/2024\/02\/sm_1708632161.565126-80x60.jpg 80w\" sizes=\"auto, (max-width: 1024px) 100vw, 1024px\" \/><br \/>\n<b>Discuter de comment changer la donnes<\/b><\/p>\n<p>pour construire des dynamiques meilleures et porteuses de re\u0301sultats probants est l\u2019objectif vise\u0301 par ce forum: \u00ab De par sa taille, la justesse de sa tenue, la pertinence des the\u0300mes inscrits a\u0300 son agenda et le nombre de participants attendus, soit plus de 1500 personnes, le forum Economique de Emergence Magazine, veut se poser comme le plus grand rendez-vous e\u0301conomique de la Guine\u0301e, au cours duquel, l\u2019opportunite\u0301 est offerte au Gouvernement, aux repre\u0301sentants d\u2019institutions publiques, d\u2019organisations internationales, des partenaires techniques et financiers, du secteur prive\u0301, des organisations professionnelles, du milieu acade\u0301mique, de se rencontrer, d\u2019e\u0301changer, de partager leurs expe\u0301riences, du faire du b2b, mais aussi et surtout de discuter de comment changer les donnes pour construire des dynamiques meilleures et porteuses de re\u0301sultats probants. C\u2019est tout l\u2019inte\u0301re\u0302t de son organisation\u00bb, a pre\u0301cise\u0301 Aboubacar Diallo.<\/p>\n<p>Dans son discours, la Secre\u0301taire ge\u0301ne\u0301rale de la Confe\u0301de\u0301ration ge\u0301ne\u0301rale des entreprises de Guine\u0301e (CGE-GUI), Repre\u0301sente du Patronat guine\u0301en a invite\u0301 de faire de ce forum une marque: \u00ab La CGE-GUI et le patronat guine\u0301en, symbiose de l\u2019ensemble des organisations patronales de notre pays, heureuse de participer en qualite\u0301 de sponsors a\u0300 cet e\u0301ve\u0300nement. A nos yeux, le point de convergence que constitue le Cnrd, sous la conduite du pre\u0301sident Mamadi Doumbouya dont la vision est celle de rassembler toutes les forces de progre\u0300s socioe\u0301conomique de notre pays, est perc\u0327ue par la CGE-GUI de la me\u0302me manie\u0300re que les initiateurs de ce forum. C\u2019est pourquoi nous recommandons aux services concerne\u0301s d\u2019attribuer a\u0300 ce forum, le label de qualite\u0301 qu\u2019il me\u0301rite dans les livres de la proprie\u0301te\u0301 intellectuelle\u00bb, a lance\u0301 Maria Diane\u0301.<\/p>\n<p><img loading=\"lazy\" decoding=\"async\" width=\"1024\" height=\"767\" class=\"alignnone wp-image-18892 size-full\" src=\"https:\/\/static.africa-press.net\/conakry\/sites\/63\/2024\/02\/sm_1708632171.055632.jpg\" srcset=\"https:\/\/static.africa-press.net\/conakry\/sites\/63\/2024\/02\/sm_1708632171.055632.jpg 1024w, https:\/\/static.africa-press.net\/conakry\/sites\/63\/2024\/02\/sm_1708632171.055632-300x225.jpg 300w, https:\/\/static.africa-press.net\/conakry\/sites\/63\/2024\/02\/sm_1708632171.055632-768x575.jpg 768w, https:\/\/static.africa-press.net\/conakry\/sites\/63\/2024\/02\/sm_1708632171.055632-80x60.jpg 80w\" sizes=\"auto, (max-width: 1024px) 100vw, 1024px\" \/><\/p>\n<p>En sa qualite\u0301 de repre\u0301sentant de Dr Dansa Kourouma, pre\u0301sident du CNT, Honorable Seny Facinet Sylla, 2e\u0301me vice-pre\u0301sident du Conseil National de la transition invite les Guine\u0301ens a\u0300 donner chacun une touche positive a\u0300 la Guine\u0301e: \u00ab Cette rencontre est un appel a\u0300 toutes et a\u0300 tous les guine\u0301ens afin que chacun se retouche ses manches pour s\u2019ouvrire davantage pour donner un sens a\u0300 cette volonte\u0301 de la Guine\u0301e, une terre d\u2019opportunite\u0301s, un pays e\u0301mergence. Le potentiel de notre pays est indubitable. Il faut pouvoir maintenant le traduire en re\u0301alisations concre\u0300tes\u00bb, a-t-il invite\u0301.<\/p>\n<p>Durant les deux jours des travaux de ce forum, les e\u0301changes s\u2019articuleront autour de cinq panels qui seront anime\u0301s par d\u2019e\u0301minentes personnalite\u0301s e\u0301tatiques, des experts nationaux et internationaux issus de milieux divers et aux profils varie\u0301s.<\/p>\n<p><strong>Pour plus d&rsquo;informations et d&rsquo;analyses sur la <a href=\"https:\/\/www.africa-press.net\/guinee-conakry\">Guin\u00e9e<\/a>, suivez <a href=\"https:\/\/www.africa-press.net\/\">Africa-Press<\/a><\/strong><\/p>\n","protected":false},"excerpt":{"rendered":"<p>Africa-Press &#8211; Guin\u00e9e. La 2e e\u0301dition du Forum e\u0301conomique d\u2019e\u0301mergence Magazine a e\u0301te\u0301 lance\u0301e ce jeudi 22 fe\u0301vrier, dans un re\u0301ceptif ho\u0302telier a\u0300 Conakry, sous le the\u0300me: \u00abla Guine\u0301e, terre d\u2019opportunite\u0301s et d\u2019innovations\u00bb. Place\u0301 sous le haut patronage du Pre\u0301sident de la transition, le Ge\u0301ne\u0301ral Mamadi Doumbouya, durant deux jours allant de ce jeudi, des [&hellip;]<\/p>\n","protected":false},"author":82,"featured_media":18894,"comment_status":"open","ping_status":"closed","sticky":false,"template":"","format":"standard","meta":{"footnotes":""},"categories":[3,20,10],"tags":[36,57,58],"class_list":["post-18895","post","type-post","status-publish","format-standard","has-post-thumbnail","hentry","category-economie","category-top-nouvelles","category-toutes-les-actualites","tag-africa-press","tag-africa-press-guinee","tag-guinee"],"yoast_head":"<!-- This site is optimized with the Yoast SEO Premium plugin v26.1 (Yoast SEO v27.0) - https:\/\/yoast.com\/product\/yoast-seo-premium-wordpress\/ -->\n<title>la 2e \u00e9dition du Forum \u00e9conomique d\u2019\u00e9mergence Magazine lanc\u00e9e - guinee Conakry<\/title>\n<meta name=\"description\" content=\"La 2e e\u0301dition du Forum e\u0301conomique d\u2019e\u0301mergence Magazine a e\u0301te\u0301 lance\u0301e ce jeudi 22 fe\u0301vrier, dans un re\u0301ceptif ho\u0302tel ...\" \/>\n<meta name=\"robots\" content=\"index, follow, max-snippet:-1, max-image-preview:large, max-video-preview:-1\" \/>\n<link rel=\"canonical\" href=\"https:\/\/www.africa-press.net\/guinee-conakry\/economie\/la-2e-edition-du-forum-economique-demergence-magazine-lancee\" \/>\n<meta property=\"og:locale\" content=\"fr_FR\" \/>\n<meta property=\"og:type\" content=\"article\" \/>\n<meta property=\"og:title\" content=\"la 2e \u00e9dition du Forum \u00e9conomique d\u2019\u00e9mergence Magazine lanc\u00e9e\" \/>\n<meta property=\"og:description\" content=\"La 2e e\u0301dition du Forum e\u0301conomique d\u2019e\u0301mergence Magazine a e\u0301te\u0301 lance\u0301e ce jeudi 22 fe\u0301vrier, dans un re\u0301ceptif ho\u0302tel ...\" \/>\n<meta property=\"og:url\" content=\"https:\/\/www.africa-press.net\/guinee-conakry\/economie\/la-2e-edition-du-forum-economique-demergence-magazine-lancee\" \/>\n<meta property=\"og:site_name\" content=\"guinee Conakry\" \/>\n<meta property=\"article:published_time\" content=\"2024-02-22T14:00:05+00:00\" \/>\n<meta property=\"article:modified_time\" content=\"2024-02-23T00:40:05+00:00\" \/>\n<meta property=\"og:image\" content=\"https:\/\/static.africa-press.net\/conakry\/sites\/63\/2024\/02\/sm_1708632178.299842.jpg\" \/>\n\t<meta property=\"og:image:width\" content=\"1280\" \/>\n\t<meta property=\"og:image:height\" content=\"720\" \/>\n\t<meta property=\"og:image:type\" content=\"image\/jpeg\" \/>\n<meta name=\"author\" content=\"cfeditorfr\" \/>\n<meta name=\"twitter:card\" content=\"summary_large_image\" \/>\n<meta name=\"twitter:label1\" content=\"\u00c9crit par\" \/>\n\t<meta name=\"twitter:data1\" content=\"cfeditorfr\" \/>\n\t<meta name=\"twitter:label2\" content=\"Dur\u00e9e de lecture estim\u00e9e\" \/>\n\t<meta name=\"twitter:data2\" content=\"4 minutes\" \/>\n<script type=\"application\/ld+json\" class=\"yoast-schema-graph\">{\"@context\":\"https:\/\/schema.org\",\"@graph\":[{\"@type\":\"Article\",\"@id\":\"https:\/\/www.africa-press.net\/guinee-conakry\/economie\/la-2e-edition-du-forum-economique-demergence-magazine-lancee#article\",\"isPartOf\":{\"@id\":\"https:\/\/www.africa-press.net\/guinee-conakry\/economie\/la-2e-edition-du-forum-economique-demergence-magazine-lancee\"},\"author\":{\"name\":\"cfeditorfr\",\"@id\":\"https:\/\/www.africa-press.net\/guinee-conakry\/#\/schema\/person\/2b1cf3cd81a31e3cd26889ca66d677f1\"},\"headline\":\"la 2e \u00e9dition du Forum \u00e9conomique d\u2019\u00e9mergence Magazine lanc\u00e9e\",\"datePublished\":\"2024-02-22T14:00:05+00:00\",\"dateModified\":\"2024-02-23T00:40:05+00:00\",\"mainEntityOfPage\":{\"@id\":\"https:\/\/www.africa-press.net\/guinee-conakry\/economie\/la-2e-edition-du-forum-economique-demergence-magazine-lancee\"},\"wordCount\":729,\"commentCount\":0,\"image\":{\"@id\":\"https:\/\/www.africa-press.net\/guinee-conakry\/economie\/la-2e-edition-du-forum-economique-demergence-magazine-lancee#primaryimage\"},\"thumbnailUrl\":\"https:\/\/static.africa-press.net\/conakry\/sites\/63\/2024\/02\/sm_1708632178.299842.jpg\",\"keywords\":[\"Africa Press\",\"Africa Press-Guin\u00e9e\",\"Guin\u00e9e\"],\"articleSection\":[\"\u00c9conomie\",\"Top Nouvelles\",\"Toutes les actualit\u00e9s\"],\"inLanguage\":\"fr-FR\",\"potentialAction\":[{\"@type\":\"CommentAction\",\"name\":\"Comment\",\"target\":[\"https:\/\/www.africa-press.net\/guinee-conakry\/economie\/la-2e-edition-du-forum-economique-demergence-magazine-lancee#respond\"]}]},{\"@type\":\"WebPage\",\"@id\":\"https:\/\/www.africa-press.net\/guinee-conakry\/economie\/la-2e-edition-du-forum-economique-demergence-magazine-lancee\",\"url\":\"https:\/\/www.africa-press.net\/guinee-conakry\/economie\/la-2e-edition-du-forum-economique-demergence-magazine-lancee\",\"name\":\"la 2e \u00e9dition du Forum \u00e9conomique d\u2019\u00e9mergence Magazine lanc\u00e9e - guinee Conakry\",\"isPartOf\":{\"@id\":\"https:\/\/www.africa-press.net\/guinee-conakry\/#website\"},\"primaryImageOfPage\":{\"@id\":\"https:\/\/www.africa-press.net\/guinee-conakry\/economie\/la-2e-edition-du-forum-economique-demergence-magazine-lancee#primaryimage\"},\"image\":{\"@id\":\"https:\/\/www.africa-press.net\/guinee-conakry\/economie\/la-2e-edition-du-forum-economique-demergence-magazine-lancee#primaryimage\"},\"thumbnailUrl\":\"https:\/\/static.africa-press.net\/conakry\/sites\/63\/2024\/02\/sm_1708632178.299842.jpg\",\"datePublished\":\"2024-02-22T14:00:05+00:00\",\"dateModified\":\"2024-02-23T00:40:05+00:00\",\"author\":{\"@id\":\"https:\/\/www.africa-press.net\/guinee-conakry\/#\/schema\/person\/2b1cf3cd81a31e3cd26889ca66d677f1\"},\"description\":\"La 2e e\u0301dition du Forum e\u0301conomique d\u2019e\u0301mergence Magazine a e\u0301te\u0301 lance\u0301e ce jeudi 22 fe\u0301vrier, dans un re\u0301ceptif ho\u0302tel ...\",\"breadcrumb\":{\"@id\":\"https:\/\/www.africa-press.net\/guinee-conakry\/economie\/la-2e-edition-du-forum-economique-demergence-magazine-lancee#breadcrumb\"},\"inLanguage\":\"fr-FR\",\"potentialAction\":[{\"@type\":\"ReadAction\",\"target\":[\"https:\/\/www.africa-press.net\/guinee-conakry\/economie\/la-2e-edition-du-forum-economique-demergence-magazine-lancee\"]}]},{\"@type\":\"ImageObject\",\"inLanguage\":\"fr-FR\",\"@id\":\"https:\/\/www.africa-press.net\/guinee-conakry\/economie\/la-2e-edition-du-forum-economique-demergence-magazine-lancee#primaryimage\",\"url\":\"https:\/\/static.africa-press.net\/conakry\/sites\/63\/2024\/02\/sm_1708632178.299842.jpg\",\"contentUrl\":\"https:\/\/static.africa-press.net\/conakry\/sites\/63\/2024\/02\/sm_1708632178.299842.jpg\",\"width\":1280,\"height\":720,\"caption\":\"la 2e \u00e9dition du Forum \u00e9conomique d\u2019\u00e9mergence Magazine lanc\u00e9e\"},{\"@type\":\"BreadcrumbList\",\"@id\":\"https:\/\/www.africa-press.net\/guinee-conakry\/economie\/la-2e-edition-du-forum-economique-demergence-magazine-lancee#breadcrumb\",\"itemListElement\":[{\"@type\":\"ListItem\",\"position\":1,\"name\":\"Accueil\",\"item\":\"https:\/\/www.africa-press.net\/guinee-conakry\/\"},{\"@type\":\"ListItem\",\"position\":2,\"name\":\"la 2e \u00e9dition du Forum \u00e9conomique d\u2019\u00e9mergence Magazine lanc\u00e9e\"}]},{\"@type\":\"WebSite\",\"@id\":\"https:\/\/www.africa-press.net\/guinee-conakry\/#website\",\"url\":\"https:\/\/www.africa-press.net\/guinee-conakry\/\",\"name\":\"guinee Conakry\",\"description\":\"Just another Africa News Agency Sites site\",\"potentialAction\":[{\"@type\":\"SearchAction\",\"target\":{\"@type\":\"EntryPoint\",\"urlTemplate\":\"https:\/\/www.africa-press.net\/guinee-conakry\/?s={search_term_string}\"},\"query-input\":{\"@type\":\"PropertyValueSpecification\",\"valueRequired\":true,\"valueName\":\"search_term_string\"}}],\"inLanguage\":\"fr-FR\"},{\"@type\":\"Person\",\"@id\":\"https:\/\/www.africa-press.net\/guinee-conakry\/#\/schema\/person\/2b1cf3cd81a31e3cd26889ca66d677f1\",\"name\":\"cfeditorfr\"}]}<\/script>\n<!-- \/ Yoast SEO Premium plugin. -->","yoast_head_json":{"title":"la 2e \u00e9dition du Forum \u00e9conomique d\u2019\u00e9mergence Magazine lanc\u00e9e - guinee Conakry","description":"La 2e e\u0301dition du Forum e\u0301conomique d\u2019e\u0301mergence Magazine a e\u0301te\u0301 lance\u0301e ce jeudi 22 fe\u0301vrier, dans un re\u0301ceptif ho\u0302tel ...","robots":{"index":"index","follow":"follow","max-snippet":"max-snippet:-1","max-image-preview":"max-image-preview:large","max-video-preview":"max-video-preview:-1"},"canonical":"https:\/\/www.africa-press.net\/guinee-conakry\/economie\/la-2e-edition-du-forum-economique-demergence-magazine-lancee","og_locale":"fr_FR","og_type":"article","og_title":"la 2e \u00e9dition du Forum \u00e9conomique d\u2019\u00e9mergence Magazine lanc\u00e9e","og_description":"La 2e e\u0301dition du Forum e\u0301conomique d\u2019e\u0301mergence Magazine a e\u0301te\u0301 lance\u0301e ce jeudi 22 fe\u0301vrier, dans un re\u0301ceptif ho\u0302tel ...","og_url":"https:\/\/www.africa-press.net\/guinee-conakry\/economie\/la-2e-edition-du-forum-economique-demergence-magazine-lancee","og_site_name":"guinee Conakry","article_published_time":"2024-02-22T14:00:05+00:00","article_modified_time":"2024-02-23T00:40:05+00:00","og_image":[{"width":1280,"height":720,"url":"https:\/\/static.africa-press.net\/conakry\/sites\/63\/2024\/02\/sm_1708632178.299842.jpg","type":"image\/jpeg"}],"author":"cfeditorfr","twitter_card":"summary_large_image","twitter_misc":{"\u00c9crit par":"cfeditorfr","Dur\u00e9e de lecture estim\u00e9e":"4 minutes"},"schema":{"@context":"https:\/\/schema.org","@graph":[{"@type":"Article","@id":"https:\/\/www.africa-press.net\/guinee-conakry\/economie\/la-2e-edition-du-forum-economique-demergence-magazine-lancee#article","isPartOf":{"@id":"https:\/\/www.africa-press.net\/guinee-conakry\/economie\/la-2e-edition-du-forum-economique-demergence-magazine-lancee"},"author":{"name":"cfeditorfr","@id":"https:\/\/www.africa-press.net\/guinee-conakry\/#\/schema\/person\/2b1cf3cd81a31e3cd26889ca66d677f1"},"headline":"la 2e \u00e9dition du Forum \u00e9conomique d\u2019\u00e9mergence Magazine lanc\u00e9e","datePublished":"2024-02-22T14:00:05+00:00","dateModified":"2024-02-23T00:40:05+00:00","mainEntityOfPage":{"@id":"https:\/\/www.africa-press.net\/guinee-conakry\/economie\/la-2e-edition-du-forum-economique-demergence-magazine-lancee"},"wordCount":729,"commentCount":0,"image":{"@id":"https:\/\/www.africa-press.net\/guinee-conakry\/economie\/la-2e-edition-du-forum-economique-demergence-magazine-lancee#primaryimage"},"thumbnailUrl":"https:\/\/static.africa-press.net\/conakry\/sites\/63\/2024\/02\/sm_1708632178.299842.jpg","keywords":["Africa Press","Africa Press-Guin\u00e9e","Guin\u00e9e"],"articleSection":["\u00c9conomie","Top Nouvelles","Toutes les actualit\u00e9s"],"inLanguage":"fr-FR","potentialAction":[{"@type":"CommentAction","name":"Comment","target":["https:\/\/www.africa-press.net\/guinee-conakry\/economie\/la-2e-edition-du-forum-economique-demergence-magazine-lancee#respond"]}]},{"@type":"WebPage","@id":"https:\/\/www.africa-press.net\/guinee-conakry\/economie\/la-2e-edition-du-forum-economique-demergence-magazine-lancee","url":"https:\/\/www.africa-press.net\/guinee-conakry\/economie\/la-2e-edition-du-forum-economique-demergence-magazine-lancee","name":"la 2e \u00e9dition du Forum \u00e9conomique d\u2019\u00e9mergence Magazine lanc\u00e9e - guinee Conakry","isPartOf":{"@id":"https:\/\/www.africa-press.net\/guinee-conakry\/#website"},"primaryImageOfPage":{"@id":"https:\/\/www.africa-press.net\/guinee-conakry\/economie\/la-2e-edition-du-forum-economique-demergence-magazine-lancee#primaryimage"},"image":{"@id":"https:\/\/www.africa-press.net\/guinee-conakry\/economie\/la-2e-edition-du-forum-economique-demergence-magazine-lancee#primaryimage"},"thumbnailUrl":"https:\/\/static.africa-press.net\/conakry\/sites\/63\/2024\/02\/sm_1708632178.299842.jpg","datePublished":"2024-02-22T14:00:05+00:00","dateModified":"2024-02-23T00:40:05+00:00","author":{"@id":"https:\/\/www.africa-press.net\/guinee-conakry\/#\/schema\/person\/2b1cf3cd81a31e3cd26889ca66d677f1"},"description":"La 2e e\u0301dition du Forum e\u0301conomique d\u2019e\u0301mergence Magazine a e\u0301te\u0301 lance\u0301e ce jeudi 22 fe\u0301vrier, dans un re\u0301ceptif ho\u0302tel ...","breadcrumb":{"@id":"https:\/\/www.africa-press.net\/guinee-conakry\/economie\/la-2e-edition-du-forum-economique-demergence-magazine-lancee#breadcrumb"},"inLanguage":"fr-FR","potentialAction":[{"@type":"ReadAction","target":["https:\/\/www.africa-press.net\/guinee-conakry\/economie\/la-2e-edition-du-forum-economique-demergence-magazine-lancee"]}]},{"@type":"ImageObject","inLanguage":"fr-FR","@id":"https:\/\/www.africa-press.net\/guinee-conakry\/economie\/la-2e-edition-du-forum-economique-demergence-magazine-lancee#primaryimage","url":"https:\/\/static.africa-press.net\/conakry\/sites\/63\/2024\/02\/sm_1708632178.299842.jpg","contentUrl":"https:\/\/static.africa-press.net\/conakry\/sites\/63\/2024\/02\/sm_1708632178.299842.jpg","width":1280,"height":720,"caption":"la 2e \u00e9dition du Forum \u00e9conomique d\u2019\u00e9mergence Magazine lanc\u00e9e"},{"@type":"BreadcrumbList","@id":"https:\/\/www.africa-press.net\/guinee-conakry\/economie\/la-2e-edition-du-forum-economique-demergence-magazine-lancee#breadcrumb","itemListElement":[{"@type":"ListItem","position":1,"name":"Accueil","item":"https:\/\/www.africa-press.net\/guinee-conakry\/"},{"@type":"ListItem","position":2,"name":"la 2e \u00e9dition du Forum \u00e9conomique d\u2019\u00e9mergence Magazine lanc\u00e9e"}]},{"@type":"WebSite","@id":"https:\/\/www.africa-press.net\/guinee-conakry\/#website","url":"https:\/\/www.africa-press.net\/guinee-conakry\/","name":"guinee Conakry","description":"Just another Africa News Agency Sites site","potentialAction":[{"@type":"SearchAction","target":{"@type":"EntryPoint","urlTemplate":"https:\/\/www.africa-press.net\/guinee-conakry\/?s={search_term_string}"},"query-input":{"@type":"PropertyValueSpecification","valueRequired":true,"valueName":"search_term_string"}}],"inLanguage":"fr-FR"},{"@type":"Person","@id":"https:\/\/www.africa-press.net\/guinee-conakry\/#\/schema\/person\/2b1cf3cd81a31e3cd26889ca66d677f1","name":"cfeditorfr"}]}},"_links":{"self":[{"href":"https:\/\/www.africa-press.net\/guinee-conakry\/wp-json\/wp\/v2\/posts\/18895","targetHints":{"allow":["GET"]}}],"collection":[{"href":"https:\/\/www.africa-press.net\/guinee-conakry\/wp-json\/wp\/v2\/posts"}],"about":[{"href":"https:\/\/www.africa-press.net\/guinee-conakry\/wp-json\/wp\/v2\/types\/post"}],"author":[{"embeddable":true,"href":"https:\/\/www.africa-press.net\/guinee-conakry\/wp-json\/wp\/v2\/users\/82"}],"replies":[{"embeddable":true,"href":"https:\/\/www.africa-press.net\/guinee-conakry\/wp-json\/wp\/v2\/comments?post=18895"}],"version-history":[{"count":0,"href":"https:\/\/www.africa-press.net\/guinee-conakry\/wp-json\/wp\/v2\/posts\/18895\/revisions"}],"wp:featuredmedia":[{"embeddable":true,"href":"https:\/\/www.africa-press.net\/guinee-conakry\/wp-json\/wp\/v2\/media\/18894"}],"wp:attachment":[{"href":"https:\/\/www.africa-press.net\/guinee-conakry\/wp-json\/wp\/v2\/media?parent=18895"}],"wp:term":[{"taxonomy":"category","embeddable":true,"href":"https:\/\/www.africa-press.net\/guinee-conakry\/wp-json\/wp\/v2\/categories?post=18895"},{"taxonomy":"post_tag","embeddable":true,"href":"https:\/\/www.africa-press.net\/guinee-conakry\/wp-json\/wp\/v2\/tags?post=18895"}],"curies":[{"name":"wp","href":"https:\/\/api.w.org\/{rel}","templated":true}]}}