{"id":18921,"date":"2024-02-23T22:03:32","date_gmt":"2024-02-23T22:03:32","guid":{"rendered":"https:\/\/www.africa-press.net\/guinee-conakry\/politique\/rsf-exige-la-liberation-immediate-du-journaliste-pendessa"},"modified":"2024-02-23T23:14:41","modified_gmt":"2024-02-23T23:14:41","slug":"rsf-exige-la-liberation-immediate-du-journaliste-pendessa","status":"publish","type":"post","link":"https:\/\/www.africa-press.net\/guinee-conakry\/politique\/rsf-exige-la-liberation-immediate-du-journaliste-pendessa","title":{"rendered":"RSF exige la \u00ab lib\u00e9ration imm\u00e9diate \u00bb du journaliste Pendessa"},"content":{"rendered":"<p><span style=\"color: #ff6600\"><strong>Africa-Press &#8211; Guin\u00e9e. <\/strong><\/span>Les re\u0301actions se multiplient apre\u0300s la condamnation du journaliste Se\u0301kou Jamal Pendessa par le Tribunal correctionnel de Dixinn ce vendredi 23 fe\u0301vrier 2024. Le tribunal a prononce\u0301 une peine de six mois d\u2019emprisonnement, dont trois avec sursis, et le paiement d\u2019une amende de 500 mille GNF. Cette de\u0301cision est vivement critique\u0301e par la communaute\u0301 des me\u0301dias, suscitant un e\u0301lan de solidarite\u0301. L\u2019ONG franc\u0327aise, Reporters Sans Frontie\u0300res (RSF) a de\u0301nonce\u0301 \u00ab un coup terrible porte\u0301 a\u0300 la liberte\u0301 de la presse \u00bb en Guine\u0301e, exigeant la libe\u0301ration imme\u0301diate de Se\u0301kou Jamal Pendessa.<\/p>\n<p>\u00ab Le Secre\u0301taire Ge\u0301ne\u0301ral du principal syndicat de la presse, Se\u0301kou Jamal Pendessa, a e\u0301te\u0301 condamne\u0301 a\u0300 6 mois de prison, dont 3 fermes, pour avoir de\u0301fendu le droit a\u0300 l\u2019information face aux restrictions. RSF de\u0301nonce un coup terrible porte\u0301 a\u0300 la liberte\u0301 de la presse et demande sa libe\u0301ration imme\u0301diate \u00bb, a tweete\u0301 RSF.<\/p>\n<p>En de\u0301tention a\u0300 la maison centrale de Conakry depuis le 19 janvier dernier, les autorite\u0301s de la transition reprochent a\u0300 Se\u0301kou Jamal Pendessa, Secre\u0301taire ge\u0301ne\u0301ral du Syndicat des Professionnels de la Presse de Guine\u0301e (SPPG), d\u2019avoir organise\u0301 une manifestation appele\u0301e \u00ab de\u0301ferlement humain sur Conakry \u00bb. Il a e\u0301te\u0301 de\u0301fe\u0301re\u0301 au parquet du tribunal de premie\u0300re instance de Dixinn le 22 janvier 2024, inculpe\u0301, place\u0301 sous mandat de de\u0301po\u0302t, et conduit en prison a\u0300 la maison centrale de Conakry pour diverses accusations, notamment la \u2018\u2019participation a\u0300 une re\u0301union publique non autorise\u0301e par les autorite\u0301s administratives compe\u0301tentes, la participation de\u0301lictueuse a\u0300 un attroupement non arme\u0301, et la diffusion de donne\u0301es par le biais d\u2019un syste\u0300me informatique susceptible de porter atteinte a\u0300 l\u2019ordre public, a\u0300 la se\u0301curite\u0301 publique, a\u0300 l\u2019inte\u0301grite\u0301 et a\u0300 la dignite\u0301 des individus, ainsi que la complicite\u0301 par instigation de ces faits.\u2019\u2019<\/p>\n<p><strong>Pour plus d&rsquo;informations et d&rsquo;analyses sur la <a href=\"https:\/\/www.africa-press.net\/guinee-conakry\">Guin\u00e9e<\/a>, suivez <a href=\"https:\/\/www.africa-press.net\/\">Africa-Press<\/a><\/strong><\/p>\n","protected":false},"excerpt":{"rendered":"<p>Africa-Press &#8211; Guin\u00e9e. Les re\u0301actions se multiplient apre\u0300s la condamnation du journaliste Se\u0301kou Jamal Pendessa par le Tribunal correctionnel de Dixinn ce vendredi 23 fe\u0301vrier 2024. Le tribunal a prononce\u0301 une peine de six mois d\u2019emprisonnement, dont trois avec sursis, et le paiement d\u2019une amende de 500 mille GNF. Cette de\u0301cision est vivement critique\u0301e par [&hellip;]<\/p>\n","protected":false},"author":82,"featured_media":18919,"comment_status":"open","ping_status":"closed","sticky":false,"template":"","format":"standard","meta":{"footnotes":""},"categories":[2,10],"tags":[36,57,58],"class_list":["post-18921","post","type-post","status-publish","format-standard","has-post-thumbnail","hentry","category-politique","category-toutes-les-actualites","tag-africa-press","tag-africa-press-guinee","tag-guinee"],"yoast_head":"<!-- This site is optimized with the Yoast SEO Premium plugin v26.1 (Yoast SEO v27.0) - https:\/\/yoast.com\/product\/yoast-seo-premium-wordpress\/ -->\n<title>RSF exige la \u00ab lib\u00e9ration imm\u00e9diate \u00bb du journaliste Pendessa - guinee Conakry<\/title>\n<meta name=\"description\" content=\"Les re\u0301actions se multiplient apre\u0300s la condamnation du journaliste Se\u0301kou Jamal Pendessa par le Tribunal correctionnel ...\" \/>\n<meta name=\"robots\" content=\"index, follow, max-snippet:-1, max-image-preview:large, max-video-preview:-1\" \/>\n<link rel=\"canonical\" href=\"https:\/\/www.africa-press.net\/guinee-conakry\/politique\/rsf-exige-la-liberation-immediate-du-journaliste-pendessa\" \/>\n<meta property=\"og:locale\" content=\"fr_FR\" \/>\n<meta property=\"og:type\" content=\"article\" \/>\n<meta property=\"og:title\" content=\"RSF exige la \u00ab lib\u00e9ration imm\u00e9diate \u00bb du journaliste Pendessa\" \/>\n<meta property=\"og:description\" content=\"Les re\u0301actions se multiplient apre\u0300s la condamnation du journaliste Se\u0301kou Jamal Pendessa par le Tribunal correctionnel ...\" \/>\n<meta property=\"og:url\" content=\"https:\/\/www.africa-press.net\/guinee-conakry\/politique\/rsf-exige-la-liberation-immediate-du-journaliste-pendessa\" \/>\n<meta property=\"og:site_name\" content=\"guinee Conakry\" \/>\n<meta property=\"article:published_time\" content=\"2024-02-23T22:03:32+00:00\" \/>\n<meta property=\"article:modified_time\" content=\"2024-02-23T23:14:41+00:00\" \/>\n<meta property=\"og:image\" content=\"https:\/\/static.africa-press.net\/conakry\/sites\/63\/2024\/02\/sm_1708713766.463035.jpg\" \/>\n\t<meta property=\"og:image:width\" content=\"1000\" \/>\n\t<meta property=\"og:image:height\" content=\"750\" \/>\n\t<meta property=\"og:image:type\" content=\"image\/jpeg\" \/>\n<meta name=\"author\" content=\"cfeditorfr\" \/>\n<meta name=\"twitter:card\" content=\"summary_large_image\" \/>\n<meta name=\"twitter:label1\" content=\"\u00c9crit par\" \/>\n\t<meta name=\"twitter:data1\" content=\"cfeditorfr\" \/>\n\t<meta name=\"twitter:label2\" content=\"Dur\u00e9e de lecture estim\u00e9e\" \/>\n\t<meta name=\"twitter:data2\" content=\"2 minutes\" \/>\n<script type=\"application\/ld+json\" class=\"yoast-schema-graph\">{\"@context\":\"https:\/\/schema.org\",\"@graph\":[{\"@type\":\"Article\",\"@id\":\"https:\/\/www.africa-press.net\/guinee-conakry\/politique\/rsf-exige-la-liberation-immediate-du-journaliste-pendessa#article\",\"isPartOf\":{\"@id\":\"https:\/\/www.africa-press.net\/guinee-conakry\/politique\/rsf-exige-la-liberation-immediate-du-journaliste-pendessa\"},\"author\":{\"name\":\"cfeditorfr\",\"@id\":\"https:\/\/www.africa-press.net\/guinee-conakry\/#\/schema\/person\/2b1cf3cd81a31e3cd26889ca66d677f1\"},\"headline\":\"RSF exige la \u00ab lib\u00e9ration imm\u00e9diate \u00bb du journaliste Pendessa\",\"datePublished\":\"2024-02-23T22:03:32+00:00\",\"dateModified\":\"2024-02-23T23:14:41+00:00\",\"mainEntityOfPage\":{\"@id\":\"https:\/\/www.africa-press.net\/guinee-conakry\/politique\/rsf-exige-la-liberation-immediate-du-journaliste-pendessa\"},\"wordCount\":358,\"commentCount\":0,\"image\":{\"@id\":\"https:\/\/www.africa-press.net\/guinee-conakry\/politique\/rsf-exige-la-liberation-immediate-du-journaliste-pendessa#primaryimage\"},\"thumbnailUrl\":\"https:\/\/static.africa-press.net\/conakry\/sites\/63\/2024\/02\/sm_1708713766.463035.jpg\",\"keywords\":[\"Africa Press\",\"Africa Press-Guin\u00e9e\",\"Guin\u00e9e\"],\"articleSection\":[\"Politique\",\"Toutes les actualit\u00e9s\"],\"inLanguage\":\"fr-FR\",\"potentialAction\":[{\"@type\":\"CommentAction\",\"name\":\"Comment\",\"target\":[\"https:\/\/www.africa-press.net\/guinee-conakry\/politique\/rsf-exige-la-liberation-immediate-du-journaliste-pendessa#respond\"]}]},{\"@type\":\"WebPage\",\"@id\":\"https:\/\/www.africa-press.net\/guinee-conakry\/politique\/rsf-exige-la-liberation-immediate-du-journaliste-pendessa\",\"url\":\"https:\/\/www.africa-press.net\/guinee-conakry\/politique\/rsf-exige-la-liberation-immediate-du-journaliste-pendessa\",\"name\":\"RSF exige la \u00ab lib\u00e9ration imm\u00e9diate \u00bb du journaliste Pendessa - guinee Conakry\",\"isPartOf\":{\"@id\":\"https:\/\/www.africa-press.net\/guinee-conakry\/#website\"},\"primaryImageOfPage\":{\"@id\":\"https:\/\/www.africa-press.net\/guinee-conakry\/politique\/rsf-exige-la-liberation-immediate-du-journaliste-pendessa#primaryimage\"},\"image\":{\"@id\":\"https:\/\/www.africa-press.net\/guinee-conakry\/politique\/rsf-exige-la-liberation-immediate-du-journaliste-pendessa#primaryimage\"},\"thumbnailUrl\":\"https:\/\/static.africa-press.net\/conakry\/sites\/63\/2024\/02\/sm_1708713766.463035.jpg\",\"datePublished\":\"2024-02-23T22:03:32+00:00\",\"dateModified\":\"2024-02-23T23:14:41+00:00\",\"author\":{\"@id\":\"https:\/\/www.africa-press.net\/guinee-conakry\/#\/schema\/person\/2b1cf3cd81a31e3cd26889ca66d677f1\"},\"description\":\"Les re\u0301actions se multiplient apre\u0300s la condamnation du journaliste Se\u0301kou Jamal Pendessa par le Tribunal correctionnel ...\",\"breadcrumb\":{\"@id\":\"https:\/\/www.africa-press.net\/guinee-conakry\/politique\/rsf-exige-la-liberation-immediate-du-journaliste-pendessa#breadcrumb\"},\"inLanguage\":\"fr-FR\",\"potentialAction\":[{\"@type\":\"ReadAction\",\"target\":[\"https:\/\/www.africa-press.net\/guinee-conakry\/politique\/rsf-exige-la-liberation-immediate-du-journaliste-pendessa\"]}]},{\"@type\":\"ImageObject\",\"inLanguage\":\"fr-FR\",\"@id\":\"https:\/\/www.africa-press.net\/guinee-conakry\/politique\/rsf-exige-la-liberation-immediate-du-journaliste-pendessa#primaryimage\",\"url\":\"https:\/\/static.africa-press.net\/conakry\/sites\/63\/2024\/02\/sm_1708713766.463035.jpg\",\"contentUrl\":\"https:\/\/static.africa-press.net\/conakry\/sites\/63\/2024\/02\/sm_1708713766.463035.jpg\",\"width\":1000,\"height\":750,\"caption\":\"RSF exige la \u00ab lib\u00e9ration imm\u00e9diate \u00bb du journaliste Pendessa\"},{\"@type\":\"BreadcrumbList\",\"@id\":\"https:\/\/www.africa-press.net\/guinee-conakry\/politique\/rsf-exige-la-liberation-immediate-du-journaliste-pendessa#breadcrumb\",\"itemListElement\":[{\"@type\":\"ListItem\",\"position\":1,\"name\":\"Accueil\",\"item\":\"https:\/\/www.africa-press.net\/guinee-conakry\/\"},{\"@type\":\"ListItem\",\"position\":2,\"name\":\"RSF exige la \u00ab lib\u00e9ration imm\u00e9diate \u00bb du journaliste Pendessa\"}]},{\"@type\":\"WebSite\",\"@id\":\"https:\/\/www.africa-press.net\/guinee-conakry\/#website\",\"url\":\"https:\/\/www.africa-press.net\/guinee-conakry\/\",\"name\":\"guinee Conakry\",\"description\":\"Just another Africa News Agency Sites site\",\"potentialAction\":[{\"@type\":\"SearchAction\",\"target\":{\"@type\":\"EntryPoint\",\"urlTemplate\":\"https:\/\/www.africa-press.net\/guinee-conakry\/?s={search_term_string}\"},\"query-input\":{\"@type\":\"PropertyValueSpecification\",\"valueRequired\":true,\"valueName\":\"search_term_string\"}}],\"inLanguage\":\"fr-FR\"},{\"@type\":\"Person\",\"@id\":\"https:\/\/www.africa-press.net\/guinee-conakry\/#\/schema\/person\/2b1cf3cd81a31e3cd26889ca66d677f1\",\"name\":\"cfeditorfr\"}]}<\/script>\n<!-- \/ Yoast SEO Premium plugin. -->","yoast_head_json":{"title":"RSF exige la \u00ab lib\u00e9ration imm\u00e9diate \u00bb du journaliste Pendessa - guinee Conakry","description":"Les re\u0301actions se multiplient apre\u0300s la condamnation du journaliste Se\u0301kou Jamal Pendessa par le Tribunal correctionnel ...","robots":{"index":"index","follow":"follow","max-snippet":"max-snippet:-1","max-image-preview":"max-image-preview:large","max-video-preview":"max-video-preview:-1"},"canonical":"https:\/\/www.africa-press.net\/guinee-conakry\/politique\/rsf-exige-la-liberation-immediate-du-journaliste-pendessa","og_locale":"fr_FR","og_type":"article","og_title":"RSF exige la \u00ab lib\u00e9ration imm\u00e9diate \u00bb du journaliste Pendessa","og_description":"Les re\u0301actions se multiplient apre\u0300s la condamnation du journaliste Se\u0301kou Jamal Pendessa par le Tribunal correctionnel ...","og_url":"https:\/\/www.africa-press.net\/guinee-conakry\/politique\/rsf-exige-la-liberation-immediate-du-journaliste-pendessa","og_site_name":"guinee Conakry","article_published_time":"2024-02-23T22:03:32+00:00","article_modified_time":"2024-02-23T23:14:41+00:00","og_image":[{"width":1000,"height":750,"url":"https:\/\/static.africa-press.net\/conakry\/sites\/63\/2024\/02\/sm_1708713766.463035.jpg","type":"image\/jpeg"}],"author":"cfeditorfr","twitter_card":"summary_large_image","twitter_misc":{"\u00c9crit par":"cfeditorfr","Dur\u00e9e de lecture estim\u00e9e":"2 minutes"},"schema":{"@context":"https:\/\/schema.org","@graph":[{"@type":"Article","@id":"https:\/\/www.africa-press.net\/guinee-conakry\/politique\/rsf-exige-la-liberation-immediate-du-journaliste-pendessa#article","isPartOf":{"@id":"https:\/\/www.africa-press.net\/guinee-conakry\/politique\/rsf-exige-la-liberation-immediate-du-journaliste-pendessa"},"author":{"name":"cfeditorfr","@id":"https:\/\/www.africa-press.net\/guinee-conakry\/#\/schema\/person\/2b1cf3cd81a31e3cd26889ca66d677f1"},"headline":"RSF exige la \u00ab lib\u00e9ration imm\u00e9diate \u00bb du journaliste Pendessa","datePublished":"2024-02-23T22:03:32+00:00","dateModified":"2024-02-23T23:14:41+00:00","mainEntityOfPage":{"@id":"https:\/\/www.africa-press.net\/guinee-conakry\/politique\/rsf-exige-la-liberation-immediate-du-journaliste-pendessa"},"wordCount":358,"commentCount":0,"image":{"@id":"https:\/\/www.africa-press.net\/guinee-conakry\/politique\/rsf-exige-la-liberation-immediate-du-journaliste-pendessa#primaryimage"},"thumbnailUrl":"https:\/\/static.africa-press.net\/conakry\/sites\/63\/2024\/02\/sm_1708713766.463035.jpg","keywords":["Africa Press","Africa Press-Guin\u00e9e","Guin\u00e9e"],"articleSection":["Politique","Toutes les actualit\u00e9s"],"inLanguage":"fr-FR","potentialAction":[{"@type":"CommentAction","name":"Comment","target":["https:\/\/www.africa-press.net\/guinee-conakry\/politique\/rsf-exige-la-liberation-immediate-du-journaliste-pendessa#respond"]}]},{"@type":"WebPage","@id":"https:\/\/www.africa-press.net\/guinee-conakry\/politique\/rsf-exige-la-liberation-immediate-du-journaliste-pendessa","url":"https:\/\/www.africa-press.net\/guinee-conakry\/politique\/rsf-exige-la-liberation-immediate-du-journaliste-pendessa","name":"RSF exige la \u00ab lib\u00e9ration imm\u00e9diate \u00bb du journaliste Pendessa - guinee Conakry","isPartOf":{"@id":"https:\/\/www.africa-press.net\/guinee-conakry\/#website"},"primaryImageOfPage":{"@id":"https:\/\/www.africa-press.net\/guinee-conakry\/politique\/rsf-exige-la-liberation-immediate-du-journaliste-pendessa#primaryimage"},"image":{"@id":"https:\/\/www.africa-press.net\/guinee-conakry\/politique\/rsf-exige-la-liberation-immediate-du-journaliste-pendessa#primaryimage"},"thumbnailUrl":"https:\/\/static.africa-press.net\/conakry\/sites\/63\/2024\/02\/sm_1708713766.463035.jpg","datePublished":"2024-02-23T22:03:32+00:00","dateModified":"2024-02-23T23:14:41+00:00","author":{"@id":"https:\/\/www.africa-press.net\/guinee-conakry\/#\/schema\/person\/2b1cf3cd81a31e3cd26889ca66d677f1"},"description":"Les re\u0301actions se multiplient apre\u0300s la condamnation du journaliste Se\u0301kou Jamal Pendessa par le Tribunal correctionnel ...","breadcrumb":{"@id":"https:\/\/www.africa-press.net\/guinee-conakry\/politique\/rsf-exige-la-liberation-immediate-du-journaliste-pendessa#breadcrumb"},"inLanguage":"fr-FR","potentialAction":[{"@type":"ReadAction","target":["https:\/\/www.africa-press.net\/guinee-conakry\/politique\/rsf-exige-la-liberation-immediate-du-journaliste-pendessa"]}]},{"@type":"ImageObject","inLanguage":"fr-FR","@id":"https:\/\/www.africa-press.net\/guinee-conakry\/politique\/rsf-exige-la-liberation-immediate-du-journaliste-pendessa#primaryimage","url":"https:\/\/static.africa-press.net\/conakry\/sites\/63\/2024\/02\/sm_1708713766.463035.jpg","contentUrl":"https:\/\/static.africa-press.net\/conakry\/sites\/63\/2024\/02\/sm_1708713766.463035.jpg","width":1000,"height":750,"caption":"RSF exige la \u00ab lib\u00e9ration imm\u00e9diate \u00bb du journaliste Pendessa"},{"@type":"BreadcrumbList","@id":"https:\/\/www.africa-press.net\/guinee-conakry\/politique\/rsf-exige-la-liberation-immediate-du-journaliste-pendessa#breadcrumb","itemListElement":[{"@type":"ListItem","position":1,"name":"Accueil","item":"https:\/\/www.africa-press.net\/guinee-conakry\/"},{"@type":"ListItem","position":2,"name":"RSF exige la \u00ab lib\u00e9ration imm\u00e9diate \u00bb du journaliste Pendessa"}]},{"@type":"WebSite","@id":"https:\/\/www.africa-press.net\/guinee-conakry\/#website","url":"https:\/\/www.africa-press.net\/guinee-conakry\/","name":"guinee Conakry","description":"Just another Africa News Agency Sites site","potentialAction":[{"@type":"SearchAction","target":{"@type":"EntryPoint","urlTemplate":"https:\/\/www.africa-press.net\/guinee-conakry\/?s={search_term_string}"},"query-input":{"@type":"PropertyValueSpecification","valueRequired":true,"valueName":"search_term_string"}}],"inLanguage":"fr-FR"},{"@type":"Person","@id":"https:\/\/www.africa-press.net\/guinee-conakry\/#\/schema\/person\/2b1cf3cd81a31e3cd26889ca66d677f1","name":"cfeditorfr"}]}},"_links":{"self":[{"href":"https:\/\/www.africa-press.net\/guinee-conakry\/wp-json\/wp\/v2\/posts\/18921","targetHints":{"allow":["GET"]}}],"collection":[{"href":"https:\/\/www.africa-press.net\/guinee-conakry\/wp-json\/wp\/v2\/posts"}],"about":[{"href":"https:\/\/www.africa-press.net\/guinee-conakry\/wp-json\/wp\/v2\/types\/post"}],"author":[{"embeddable":true,"href":"https:\/\/www.africa-press.net\/guinee-conakry\/wp-json\/wp\/v2\/users\/82"}],"replies":[{"embeddable":true,"href":"https:\/\/www.africa-press.net\/guinee-conakry\/wp-json\/wp\/v2\/comments?post=18921"}],"version-history":[{"count":0,"href":"https:\/\/www.africa-press.net\/guinee-conakry\/wp-json\/wp\/v2\/posts\/18921\/revisions"}],"wp:featuredmedia":[{"embeddable":true,"href":"https:\/\/www.africa-press.net\/guinee-conakry\/wp-json\/wp\/v2\/media\/18919"}],"wp:attachment":[{"href":"https:\/\/www.africa-press.net\/guinee-conakry\/wp-json\/wp\/v2\/media?parent=18921"}],"wp:term":[{"taxonomy":"category","embeddable":true,"href":"https:\/\/www.africa-press.net\/guinee-conakry\/wp-json\/wp\/v2\/categories?post=18921"},{"taxonomy":"post_tag","embeddable":true,"href":"https:\/\/www.africa-press.net\/guinee-conakry\/wp-json\/wp\/v2\/tags?post=18921"}],"curies":[{"name":"wp","href":"https:\/\/api.w.org\/{rel}","templated":true}]}}