{"id":19016,"date":"2024-02-28T22:56:14","date_gmt":"2024-02-28T22:56:14","guid":{"rendered":"https:\/\/www.africa-press.net\/guinee-conakry\/politique\/la-guinee-conakry-a-un-nouveau-premier-ministre"},"modified":"2024-02-29T00:55:17","modified_gmt":"2024-02-29T00:55:17","slug":"la-guinee-conakry-a-un-nouveau-premier-ministre","status":"publish","type":"post","link":"https:\/\/www.africa-press.net\/guinee-conakry\/politique\/la-guinee-conakry-a-un-nouveau-premier-ministre","title":{"rendered":"LA GUIN\u00c9E-CONAKRY A UN NOUVEAU PREMIER MINISTRE"},"content":{"rendered":"<p><span style=\"color: #ff6600\"><strong>Africa-Press &#8211; Guin\u00e9e. <\/strong><\/span>Le pre\u0301sident guine\u0301en, le Colonel Mamadi Doumbouya, a de\u0301signe\u0301 hier mardi, un nouveau Premier ministre en la personne d\u2019Amadou Oury Bah, le leader de l\u2019Union des De\u0301mocrates pour la Renaissance de la Guine\u0301e (UDRG).<\/p>\n<p>\u00abMonsieur Amadou Oury Bah, e\u0301conomiste, est nomme\u0301 Premier ministre, chef du gouvernement\u00bb, a annonce\u0301 a\u0300 la te\u0301le\u0301vision nationale, le ministre secre\u0301taire ge\u0301ne\u0301ral de la pre\u0301sidence, le ge\u0301ne\u0301ral Amara Camara.<\/p>\n<p>Oury Bah remplace Bernard Goumou dont le gouvernement a e\u0301te\u0301 dissous il y a une semaine par le chef de l\u2019Etat. Il est nomme\u0301 dans un contexte sociopolitique tendu, marque\u0301 par un mouvement d\u2019humeur des travailleurs qui protestent contre les multiples restrictions impose\u0301es par le pouvoir et observent une gre\u0300ve ge\u0301ne\u0301rale qui paralyse le pays depuis trois jours.<\/p>\n<p>Le nouveau chef du gouvernement aura ainsi, parmi ses premie\u0300res ta\u0302ches, celle de de\u0301nouer la crise avec les protestataires et les treize centrales syndicales du pays qui sont a\u0300 l\u2019origine du mouvement de gre\u0300ve.<\/p>\n<p>Ces syndicats revendiquent, entre autres, la baisse des prix des denre\u0301es de premie\u0300re ne\u0301cessite\u0301, le respect d\u2019un accord relatif a\u0300 l\u2019ame\u0301lioration des conditions de vie des fonctionnaires et la libe\u0301ration d\u2019un syndicaliste de presse.<\/p>\n<p><strong>Pour plus d&rsquo;informations et d&rsquo;analyses sur la <a href=\"https:\/\/www.africa-press.net\/guinee-conakry\">Guin\u00e9e<\/a>, suivez <a href=\"https:\/\/www.africa-press.net\/\">Africa-Press<\/a><\/strong><\/p>\n","protected":false},"excerpt":{"rendered":"<p>Africa-Press &#8211; Guin\u00e9e. Le pre\u0301sident guine\u0301en, le Colonel Mamadi Doumbouya, a de\u0301signe\u0301 hier mardi, un nouveau Premier ministre en la personne d\u2019Amadou Oury Bah, le leader de l\u2019Union des De\u0301mocrates pour la Renaissance de la Guine\u0301e (UDRG). \u00abMonsieur Amadou Oury Bah, e\u0301conomiste, est nomme\u0301 Premier ministre, chef du gouvernement\u00bb, a annonce\u0301 a\u0300 la te\u0301le\u0301vision nationale, [&hellip;]<\/p>\n","protected":false},"author":82,"featured_media":19015,"comment_status":"open","ping_status":"closed","sticky":false,"template":"","format":"standard","meta":{"footnotes":""},"categories":[2,20,10],"tags":[36,57,58],"class_list":["post-19016","post","type-post","status-publish","format-standard","has-post-thumbnail","hentry","category-politique","category-top-nouvelles","category-toutes-les-actualites","tag-africa-press","tag-africa-press-guinee","tag-guinee"],"yoast_head":"<!-- This site is optimized with the Yoast SEO Premium plugin v26.1 (Yoast SEO v27.0) - https:\/\/yoast.com\/product\/yoast-seo-premium-wordpress\/ -->\n<title>LA GUIN\u00c9E-CONAKRY A UN NOUVEAU PREMIER MINISTRE - guinee Conakry<\/title>\n<meta name=\"description\" content=\"Le pre\u0301sident guine\u0301en, le Colonel Mamadi Doumbouya, a de\u0301signe\u0301 hier mardi, un nouveau Premier ministre en la personne ...\" \/>\n<meta name=\"robots\" content=\"index, follow, max-snippet:-1, max-image-preview:large, max-video-preview:-1\" \/>\n<link rel=\"canonical\" href=\"https:\/\/www.africa-press.net\/guinee-conakry\/politique\/la-guinee-conakry-a-un-nouveau-premier-ministre\" \/>\n<meta property=\"og:locale\" content=\"fr_FR\" \/>\n<meta property=\"og:type\" content=\"article\" \/>\n<meta property=\"og:title\" content=\"LA GUIN\u00c9E-CONAKRY A UN NOUVEAU PREMIER MINISTRE\" \/>\n<meta property=\"og:description\" content=\"Le pre\u0301sident guine\u0301en, le Colonel Mamadi Doumbouya, a de\u0301signe\u0301 hier mardi, un nouveau Premier ministre en la personne ...\" \/>\n<meta property=\"og:url\" content=\"https:\/\/www.africa-press.net\/guinee-conakry\/politique\/la-guinee-conakry-a-un-nouveau-premier-ministre\" \/>\n<meta property=\"og:site_name\" content=\"guinee Conakry\" \/>\n<meta property=\"article:published_time\" content=\"2024-02-28T22:56:14+00:00\" \/>\n<meta property=\"article:modified_time\" content=\"2024-02-29T00:55:17+00:00\" \/>\n<meta property=\"og:image\" content=\"https:\/\/static.africa-press.net\/conakry\/sites\/63\/2024\/02\/sm_1709151728.156735.jpg\" \/>\n\t<meta property=\"og:image:width\" content=\"890\" \/>\n\t<meta property=\"og:image:height\" content=\"600\" \/>\n\t<meta property=\"og:image:type\" content=\"image\/jpeg\" \/>\n<meta name=\"author\" content=\"cfeditorfr\" \/>\n<meta name=\"twitter:card\" content=\"summary_large_image\" \/>\n<meta name=\"twitter:label1\" content=\"\u00c9crit par\" \/>\n\t<meta name=\"twitter:data1\" content=\"cfeditorfr\" \/>\n\t<meta name=\"twitter:label2\" content=\"Dur\u00e9e de lecture estim\u00e9e\" \/>\n\t<meta name=\"twitter:data2\" content=\"1 minute\" \/>\n<script type=\"application\/ld+json\" class=\"yoast-schema-graph\">{\"@context\":\"https:\/\/schema.org\",\"@graph\":[{\"@type\":\"Article\",\"@id\":\"https:\/\/www.africa-press.net\/guinee-conakry\/politique\/la-guinee-conakry-a-un-nouveau-premier-ministre#article\",\"isPartOf\":{\"@id\":\"https:\/\/www.africa-press.net\/guinee-conakry\/politique\/la-guinee-conakry-a-un-nouveau-premier-ministre\"},\"author\":{\"name\":\"cfeditorfr\",\"@id\":\"https:\/\/www.africa-press.net\/guinee-conakry\/#\/schema\/person\/2b1cf3cd81a31e3cd26889ca66d677f1\"},\"headline\":\"LA GUIN\u00c9E-CONAKRY A UN NOUVEAU PREMIER MINISTRE\",\"datePublished\":\"2024-02-28T22:56:14+00:00\",\"dateModified\":\"2024-02-29T00:55:17+00:00\",\"mainEntityOfPage\":{\"@id\":\"https:\/\/www.africa-press.net\/guinee-conakry\/politique\/la-guinee-conakry-a-un-nouveau-premier-ministre\"},\"wordCount\":250,\"commentCount\":0,\"image\":{\"@id\":\"https:\/\/www.africa-press.net\/guinee-conakry\/politique\/la-guinee-conakry-a-un-nouveau-premier-ministre#primaryimage\"},\"thumbnailUrl\":\"https:\/\/static.africa-press.net\/conakry\/sites\/63\/2024\/02\/sm_1709151728.156735.jpg\",\"keywords\":[\"Africa Press\",\"Africa Press-Guin\u00e9e\",\"Guin\u00e9e\"],\"articleSection\":[\"Politique\",\"Top Nouvelles\",\"Toutes les actualit\u00e9s\"],\"inLanguage\":\"fr-FR\",\"potentialAction\":[{\"@type\":\"CommentAction\",\"name\":\"Comment\",\"target\":[\"https:\/\/www.africa-press.net\/guinee-conakry\/politique\/la-guinee-conakry-a-un-nouveau-premier-ministre#respond\"]}]},{\"@type\":\"WebPage\",\"@id\":\"https:\/\/www.africa-press.net\/guinee-conakry\/politique\/la-guinee-conakry-a-un-nouveau-premier-ministre\",\"url\":\"https:\/\/www.africa-press.net\/guinee-conakry\/politique\/la-guinee-conakry-a-un-nouveau-premier-ministre\",\"name\":\"LA GUIN\u00c9E-CONAKRY A UN NOUVEAU PREMIER MINISTRE - guinee Conakry\",\"isPartOf\":{\"@id\":\"https:\/\/www.africa-press.net\/guinee-conakry\/#website\"},\"primaryImageOfPage\":{\"@id\":\"https:\/\/www.africa-press.net\/guinee-conakry\/politique\/la-guinee-conakry-a-un-nouveau-premier-ministre#primaryimage\"},\"image\":{\"@id\":\"https:\/\/www.africa-press.net\/guinee-conakry\/politique\/la-guinee-conakry-a-un-nouveau-premier-ministre#primaryimage\"},\"thumbnailUrl\":\"https:\/\/static.africa-press.net\/conakry\/sites\/63\/2024\/02\/sm_1709151728.156735.jpg\",\"datePublished\":\"2024-02-28T22:56:14+00:00\",\"dateModified\":\"2024-02-29T00:55:17+00:00\",\"author\":{\"@id\":\"https:\/\/www.africa-press.net\/guinee-conakry\/#\/schema\/person\/2b1cf3cd81a31e3cd26889ca66d677f1\"},\"description\":\"Le pre\u0301sident guine\u0301en, le Colonel Mamadi Doumbouya, a de\u0301signe\u0301 hier mardi, un nouveau Premier ministre en la personne ...\",\"breadcrumb\":{\"@id\":\"https:\/\/www.africa-press.net\/guinee-conakry\/politique\/la-guinee-conakry-a-un-nouveau-premier-ministre#breadcrumb\"},\"inLanguage\":\"fr-FR\",\"potentialAction\":[{\"@type\":\"ReadAction\",\"target\":[\"https:\/\/www.africa-press.net\/guinee-conakry\/politique\/la-guinee-conakry-a-un-nouveau-premier-ministre\"]}]},{\"@type\":\"ImageObject\",\"inLanguage\":\"fr-FR\",\"@id\":\"https:\/\/www.africa-press.net\/guinee-conakry\/politique\/la-guinee-conakry-a-un-nouveau-premier-ministre#primaryimage\",\"url\":\"https:\/\/static.africa-press.net\/conakry\/sites\/63\/2024\/02\/sm_1709151728.156735.jpg\",\"contentUrl\":\"https:\/\/static.africa-press.net\/conakry\/sites\/63\/2024\/02\/sm_1709151728.156735.jpg\",\"width\":890,\"height\":600,\"caption\":\"LA GUIN\u00c9E-CONAKRY A UN NOUVEAU PREMIER MINISTRE\"},{\"@type\":\"BreadcrumbList\",\"@id\":\"https:\/\/www.africa-press.net\/guinee-conakry\/politique\/la-guinee-conakry-a-un-nouveau-premier-ministre#breadcrumb\",\"itemListElement\":[{\"@type\":\"ListItem\",\"position\":1,\"name\":\"Accueil\",\"item\":\"https:\/\/www.africa-press.net\/guinee-conakry\/\"},{\"@type\":\"ListItem\",\"position\":2,\"name\":\"LA GUIN\u00c9E-CONAKRY A UN NOUVEAU PREMIER MINISTRE\"}]},{\"@type\":\"WebSite\",\"@id\":\"https:\/\/www.africa-press.net\/guinee-conakry\/#website\",\"url\":\"https:\/\/www.africa-press.net\/guinee-conakry\/\",\"name\":\"guinee Conakry\",\"description\":\"Just another Africa News Agency Sites site\",\"potentialAction\":[{\"@type\":\"SearchAction\",\"target\":{\"@type\":\"EntryPoint\",\"urlTemplate\":\"https:\/\/www.africa-press.net\/guinee-conakry\/?s={search_term_string}\"},\"query-input\":{\"@type\":\"PropertyValueSpecification\",\"valueRequired\":true,\"valueName\":\"search_term_string\"}}],\"inLanguage\":\"fr-FR\"},{\"@type\":\"Person\",\"@id\":\"https:\/\/www.africa-press.net\/guinee-conakry\/#\/schema\/person\/2b1cf3cd81a31e3cd26889ca66d677f1\",\"name\":\"cfeditorfr\"}]}<\/script>\n<!-- \/ Yoast SEO Premium plugin. -->","yoast_head_json":{"title":"LA GUIN\u00c9E-CONAKRY A UN NOUVEAU PREMIER MINISTRE - guinee Conakry","description":"Le pre\u0301sident guine\u0301en, le Colonel Mamadi Doumbouya, a de\u0301signe\u0301 hier mardi, un nouveau Premier ministre en la personne ...","robots":{"index":"index","follow":"follow","max-snippet":"max-snippet:-1","max-image-preview":"max-image-preview:large","max-video-preview":"max-video-preview:-1"},"canonical":"https:\/\/www.africa-press.net\/guinee-conakry\/politique\/la-guinee-conakry-a-un-nouveau-premier-ministre","og_locale":"fr_FR","og_type":"article","og_title":"LA GUIN\u00c9E-CONAKRY A UN NOUVEAU PREMIER MINISTRE","og_description":"Le pre\u0301sident guine\u0301en, le Colonel Mamadi Doumbouya, a de\u0301signe\u0301 hier mardi, un nouveau Premier ministre en la personne ...","og_url":"https:\/\/www.africa-press.net\/guinee-conakry\/politique\/la-guinee-conakry-a-un-nouveau-premier-ministre","og_site_name":"guinee Conakry","article_published_time":"2024-02-28T22:56:14+00:00","article_modified_time":"2024-02-29T00:55:17+00:00","og_image":[{"width":890,"height":600,"url":"https:\/\/static.africa-press.net\/conakry\/sites\/63\/2024\/02\/sm_1709151728.156735.jpg","type":"image\/jpeg"}],"author":"cfeditorfr","twitter_card":"summary_large_image","twitter_misc":{"\u00c9crit par":"cfeditorfr","Dur\u00e9e de lecture estim\u00e9e":"1 minute"},"schema":{"@context":"https:\/\/schema.org","@graph":[{"@type":"Article","@id":"https:\/\/www.africa-press.net\/guinee-conakry\/politique\/la-guinee-conakry-a-un-nouveau-premier-ministre#article","isPartOf":{"@id":"https:\/\/www.africa-press.net\/guinee-conakry\/politique\/la-guinee-conakry-a-un-nouveau-premier-ministre"},"author":{"name":"cfeditorfr","@id":"https:\/\/www.africa-press.net\/guinee-conakry\/#\/schema\/person\/2b1cf3cd81a31e3cd26889ca66d677f1"},"headline":"LA GUIN\u00c9E-CONAKRY A UN NOUVEAU PREMIER MINISTRE","datePublished":"2024-02-28T22:56:14+00:00","dateModified":"2024-02-29T00:55:17+00:00","mainEntityOfPage":{"@id":"https:\/\/www.africa-press.net\/guinee-conakry\/politique\/la-guinee-conakry-a-un-nouveau-premier-ministre"},"wordCount":250,"commentCount":0,"image":{"@id":"https:\/\/www.africa-press.net\/guinee-conakry\/politique\/la-guinee-conakry-a-un-nouveau-premier-ministre#primaryimage"},"thumbnailUrl":"https:\/\/static.africa-press.net\/conakry\/sites\/63\/2024\/02\/sm_1709151728.156735.jpg","keywords":["Africa Press","Africa Press-Guin\u00e9e","Guin\u00e9e"],"articleSection":["Politique","Top Nouvelles","Toutes les actualit\u00e9s"],"inLanguage":"fr-FR","potentialAction":[{"@type":"CommentAction","name":"Comment","target":["https:\/\/www.africa-press.net\/guinee-conakry\/politique\/la-guinee-conakry-a-un-nouveau-premier-ministre#respond"]}]},{"@type":"WebPage","@id":"https:\/\/www.africa-press.net\/guinee-conakry\/politique\/la-guinee-conakry-a-un-nouveau-premier-ministre","url":"https:\/\/www.africa-press.net\/guinee-conakry\/politique\/la-guinee-conakry-a-un-nouveau-premier-ministre","name":"LA GUIN\u00c9E-CONAKRY A UN NOUVEAU PREMIER MINISTRE - guinee Conakry","isPartOf":{"@id":"https:\/\/www.africa-press.net\/guinee-conakry\/#website"},"primaryImageOfPage":{"@id":"https:\/\/www.africa-press.net\/guinee-conakry\/politique\/la-guinee-conakry-a-un-nouveau-premier-ministre#primaryimage"},"image":{"@id":"https:\/\/www.africa-press.net\/guinee-conakry\/politique\/la-guinee-conakry-a-un-nouveau-premier-ministre#primaryimage"},"thumbnailUrl":"https:\/\/static.africa-press.net\/conakry\/sites\/63\/2024\/02\/sm_1709151728.156735.jpg","datePublished":"2024-02-28T22:56:14+00:00","dateModified":"2024-02-29T00:55:17+00:00","author":{"@id":"https:\/\/www.africa-press.net\/guinee-conakry\/#\/schema\/person\/2b1cf3cd81a31e3cd26889ca66d677f1"},"description":"Le pre\u0301sident guine\u0301en, le Colonel Mamadi Doumbouya, a de\u0301signe\u0301 hier mardi, un nouveau Premier ministre en la personne ...","breadcrumb":{"@id":"https:\/\/www.africa-press.net\/guinee-conakry\/politique\/la-guinee-conakry-a-un-nouveau-premier-ministre#breadcrumb"},"inLanguage":"fr-FR","potentialAction":[{"@type":"ReadAction","target":["https:\/\/www.africa-press.net\/guinee-conakry\/politique\/la-guinee-conakry-a-un-nouveau-premier-ministre"]}]},{"@type":"ImageObject","inLanguage":"fr-FR","@id":"https:\/\/www.africa-press.net\/guinee-conakry\/politique\/la-guinee-conakry-a-un-nouveau-premier-ministre#primaryimage","url":"https:\/\/static.africa-press.net\/conakry\/sites\/63\/2024\/02\/sm_1709151728.156735.jpg","contentUrl":"https:\/\/static.africa-press.net\/conakry\/sites\/63\/2024\/02\/sm_1709151728.156735.jpg","width":890,"height":600,"caption":"LA GUIN\u00c9E-CONAKRY A UN NOUVEAU PREMIER MINISTRE"},{"@type":"BreadcrumbList","@id":"https:\/\/www.africa-press.net\/guinee-conakry\/politique\/la-guinee-conakry-a-un-nouveau-premier-ministre#breadcrumb","itemListElement":[{"@type":"ListItem","position":1,"name":"Accueil","item":"https:\/\/www.africa-press.net\/guinee-conakry\/"},{"@type":"ListItem","position":2,"name":"LA GUIN\u00c9E-CONAKRY A UN NOUVEAU PREMIER MINISTRE"}]},{"@type":"WebSite","@id":"https:\/\/www.africa-press.net\/guinee-conakry\/#website","url":"https:\/\/www.africa-press.net\/guinee-conakry\/","name":"guinee Conakry","description":"Just another Africa News Agency Sites site","potentialAction":[{"@type":"SearchAction","target":{"@type":"EntryPoint","urlTemplate":"https:\/\/www.africa-press.net\/guinee-conakry\/?s={search_term_string}"},"query-input":{"@type":"PropertyValueSpecification","valueRequired":true,"valueName":"search_term_string"}}],"inLanguage":"fr-FR"},{"@type":"Person","@id":"https:\/\/www.africa-press.net\/guinee-conakry\/#\/schema\/person\/2b1cf3cd81a31e3cd26889ca66d677f1","name":"cfeditorfr"}]}},"_links":{"self":[{"href":"https:\/\/www.africa-press.net\/guinee-conakry\/wp-json\/wp\/v2\/posts\/19016","targetHints":{"allow":["GET"]}}],"collection":[{"href":"https:\/\/www.africa-press.net\/guinee-conakry\/wp-json\/wp\/v2\/posts"}],"about":[{"href":"https:\/\/www.africa-press.net\/guinee-conakry\/wp-json\/wp\/v2\/types\/post"}],"author":[{"embeddable":true,"href":"https:\/\/www.africa-press.net\/guinee-conakry\/wp-json\/wp\/v2\/users\/82"}],"replies":[{"embeddable":true,"href":"https:\/\/www.africa-press.net\/guinee-conakry\/wp-json\/wp\/v2\/comments?post=19016"}],"version-history":[{"count":0,"href":"https:\/\/www.africa-press.net\/guinee-conakry\/wp-json\/wp\/v2\/posts\/19016\/revisions"}],"wp:featuredmedia":[{"embeddable":true,"href":"https:\/\/www.africa-press.net\/guinee-conakry\/wp-json\/wp\/v2\/media\/19015"}],"wp:attachment":[{"href":"https:\/\/www.africa-press.net\/guinee-conakry\/wp-json\/wp\/v2\/media?parent=19016"}],"wp:term":[{"taxonomy":"category","embeddable":true,"href":"https:\/\/www.africa-press.net\/guinee-conakry\/wp-json\/wp\/v2\/categories?post=19016"},{"taxonomy":"post_tag","embeddable":true,"href":"https:\/\/www.africa-press.net\/guinee-conakry\/wp-json\/wp\/v2\/tags?post=19016"}],"curies":[{"name":"wp","href":"https:\/\/api.w.org\/{rel}","templated":true}]}}