{"id":19020,"date":"2024-02-28T23:02:30","date_gmt":"2024-02-28T23:02:30","guid":{"rendered":"https:\/\/www.africa-press.net\/guinee-conakry\/politique\/la-greve-generale-suspendue-en-guinee"},"modified":"2024-02-29T00:56:03","modified_gmt":"2024-02-29T00:56:03","slug":"la-greve-generale-suspendue-en-guinee","status":"publish","type":"post","link":"https:\/\/www.africa-press.net\/guinee-conakry\/politique\/la-greve-generale-suspendue-en-guinee","title":{"rendered":"La gr\u00e8ve g\u00e9n\u00e9rale suspendue en Guin\u00e9e"},"content":{"rendered":"<p><span style=\"color: #ff6600\"><strong>Africa-Press &#8211; Guin\u00e9e. <\/strong><\/span>Une gre\u0300ve ge\u0301ne\u0301rale paralyse la Guine\u0301e depuis lundi a\u0300 la suite d\u2019un appel d\u2019un mouvement syndical.<\/p>\n<p>Le mouvement syndical a\u0300 l\u2019origine d\u2019une gre\u0300ve ge\u0301ne\u0301rale tre\u0300s suivie en Guine\u0301e depuis trois jours a annonce\u0301 mercredi soir la suspension de son mouvement et la reprise de ne\u0301gociations apre\u0300s la libe\u0301ration du responsable d\u2019un syndicat de presse, conside\u0301re\u0301e comme un pre\u0301alable a\u0300 toute discussion.<\/p>\n<p>Le mouvement syndical guine\u0301en \u00abinforme les autorite\u0301s publiques, prive\u0301es et informelles de sa disponibilite\u0301 a\u0300 reprendre les ne\u0301gociations de\u0300s demain jeudi\u00bb. \u00abA\u0300 cet effet, le Mouvement Syndical Guine\u0301en suspend la gre\u0300ve ge\u0301ne\u0301rale et illimite\u0301e de\u0301clenche\u0301e le lundi 26 fe\u0301vrier\u00bb, poursuit le communique\u0301.<\/p>\n<p>Cette de\u0301cision fait suite a\u0300 la libe\u0301ration plus to\u0302t dans la journe\u0301e de Sekou Jamal Pendessa, secre\u0301taire ge\u0301ne\u0301ral du Syndicat des professionnels de la presse de Guine\u0301e (SPPG). De\u0301tenu depuis plus d\u2019un mois pour avoir appele\u0301 a\u0300 manifester contre la censure, ce dernier est sorti libre d\u2019un tribunal de Conakry apre\u0300s avoir e\u0301te\u0301 condamne\u0301 mercredi en appel a\u0300 un mois de prison ferme.<\/p>\n<p><b>Paralysie presque totale<\/b><\/p>\n<p>Avec la libe\u0301ration de Jamal Pendessa, \u00abon peut retourner a\u0300 la table des ne\u0301gociations avec le gouvernement pour appuyer les autres points de revendications\u00bb, avait de\u0301clare\u0301 a\u0300 la bourse du Travail Abdoulaye Sow, porte-parole du mouvement syndical, en pre\u0301sence du syndicaliste tout juste rela\u0302che\u0301.<\/p>\n<p>Au menu des discussions a\u0300 venir: la baisse des prix des denre\u0301es de premie\u0300re ne\u0301cessite\u0301, la fin de la censure me\u0301diatique et le respect d\u2019un accord lie\u0301 a\u0300 l\u2019ame\u0301lioration des conditions de vie des fonctionnaires.<\/p>\n<p>Le mouvement de contestation lance\u0301 par les treize centrales syndicales du pays, et soutenu par les principaux partis politiques et des organisations de la socie\u0301te\u0301 civile, s\u2019est traduit par une paralysie presque totale de la capitale Conakry: les banques, les e\u0301coles et de nombreux commerces sont reste\u0301s ferme\u0301s, les administrations et ho\u0302pitaux fonctionnant au ralenti.<\/p>\n<p><b>\u00abVictoire de la de\u0301mocratie\u00bb<\/b><\/p>\n<p>Ce mouvement fait figure de test pour la junte dirige\u0301e par Mamadi Doumbouya depuis 2021, qui interdit toute manifestation et cherche a\u0300 faire taire toute critique a\u0300 son e\u0301gard. \u00abC\u2019est une victoire de la de\u0301mocratie, de la justice contre l\u2019injustice, de la justice contre l\u2019arbitraire\u00bb, a de\u0301clare\u0301 Jamal Pendessa apre\u0300s le jugement.<\/p>\n<p>Des heurts sporadiques dans la banlieue de Conakry ont fait deux morts lundi. Arre\u0302te\u0301 le 19 janvier, le syndicaliste avait e\u0301te\u0301 condamne\u0301 vendredi a\u0300 six mois de prison dont trois avec sursis parce qu\u2019il e\u0301tait alle\u0301 soutenir un certain nombre de ses confre\u0300res qui avaient manifeste\u0301 \u00abpour libe\u0301rer les me\u0301dias et re\u0301seaux sociaux\u00bb. La manifestation avait e\u0301te\u0301 interdite par les autorite\u0301s.<\/p>\n<p>Les militaires au pouvoir ont re\u0301cemment se\u0301vi contre un certain nombre de me\u0301dias en supprimant des chai\u0302nes de te\u0301le\u0301vision des principaux bouquets de distribution et en brouillant des fre\u0301quences radio, provoquant des manifestations de cole\u0300re, en particulier de journalistes.<\/p>\n<p><b>Nouveau premier ministre<\/b><\/p>\n<p>Mardi soir, le chef de la junte a aussi nomme\u0301 un nouveau premier ministre, huit jours apre\u0300s avoir dissous contre toute attente le pre\u0301ce\u0301dent gouvernement sans en donner les raisons, mais en ordonnant le gel des comptes bancaires de ses membres et la saisie de leurs passeports.<\/p>\n<p>L\u2019e\u0301conomiste Amadou Oury Bah, nouveau chef de gouvernement, a pre\u0302te\u0301 serment et jure\u0301 de \u00abmettre tout en \u0153uvre pour pre\u0301server l\u2019inte\u0301re\u0302t supe\u0301rieur du CNRD (l\u2019organe dirigeant de la junte au pouvoir), de son pre\u0301sident et du peuple de Guine\u0301e\u00bb.<\/p>\n<p>Insistant sur la communication avec les Guine\u0301ens, il s\u2019est engage\u0301 a\u0300 \u00abapaiser, restaurer la confiance et redonner de l\u2019espoir a\u0300 nos compatriotes qui se sentent un peu de\u0301soriente\u0301s ces derniers temps\u00bb, selon une publication de la Primature sur ses re\u0301seaux sociaux.<\/p>\n<p><strong>Pour plus d&rsquo;informations et d&rsquo;analyses sur la <a href=\"https:\/\/www.africa-press.net\/guinee-conakry\">Guin\u00e9e<\/a>, suivez <a href=\"https:\/\/www.africa-press.net\/\">Africa-Press<\/a><\/strong><\/p>\n","protected":false},"excerpt":{"rendered":"<p>Africa-Press &#8211; Guin\u00e9e. Une gre\u0300ve ge\u0301ne\u0301rale paralyse la Guine\u0301e depuis lundi a\u0300 la suite d\u2019un appel d\u2019un mouvement syndical. Le mouvement syndical a\u0300 l\u2019origine d\u2019une gre\u0300ve ge\u0301ne\u0301rale tre\u0300s suivie en Guine\u0301e depuis trois jours a annonce\u0301 mercredi soir la suspension de son mouvement et la reprise de ne\u0301gociations apre\u0300s la libe\u0301ration du responsable d\u2019un syndicat [&hellip;]<\/p>\n","protected":false},"author":82,"featured_media":19019,"comment_status":"open","ping_status":"closed","sticky":false,"template":"","format":"standard","meta":{"footnotes":""},"categories":[2,20,10],"tags":[36,57,58],"class_list":["post-19020","post","type-post","status-publish","format-standard","has-post-thumbnail","hentry","category-politique","category-top-nouvelles","category-toutes-les-actualites","tag-africa-press","tag-africa-press-guinee","tag-guinee"],"yoast_head":"<!-- This site is optimized with the Yoast SEO Premium plugin v26.1 (Yoast SEO v27.0) - https:\/\/yoast.com\/product\/yoast-seo-premium-wordpress\/ -->\n<title>La gr\u00e8ve g\u00e9n\u00e9rale suspendue en Guin\u00e9e - guinee Conakry<\/title>\n<meta name=\"description\" content=\"Une gre\u0300ve ge\u0301ne\u0301rale paralyse la Guine\u0301e depuis lundi a\u0300 la suite d\u2019un appel d\u2019un mouvement syndical. Le mouvement syn ...\" \/>\n<meta name=\"robots\" content=\"index, follow, max-snippet:-1, max-image-preview:large, max-video-preview:-1\" \/>\n<link rel=\"canonical\" href=\"https:\/\/www.africa-press.net\/guinee-conakry\/politique\/la-greve-generale-suspendue-en-guinee\" \/>\n<meta property=\"og:locale\" content=\"fr_FR\" \/>\n<meta property=\"og:type\" content=\"article\" \/>\n<meta property=\"og:title\" content=\"La gr\u00e8ve g\u00e9n\u00e9rale suspendue en Guin\u00e9e\" \/>\n<meta property=\"og:description\" content=\"Une gre\u0300ve ge\u0301ne\u0301rale paralyse la Guine\u0301e depuis lundi a\u0300 la suite d\u2019un appel d\u2019un mouvement syndical. Le mouvement syn ...\" \/>\n<meta property=\"og:url\" content=\"https:\/\/www.africa-press.net\/guinee-conakry\/politique\/la-greve-generale-suspendue-en-guinee\" \/>\n<meta property=\"og:site_name\" content=\"guinee Conakry\" \/>\n<meta property=\"article:published_time\" content=\"2024-02-28T23:02:30+00:00\" \/>\n<meta property=\"article:modified_time\" content=\"2024-02-29T00:56:03+00:00\" \/>\n<meta property=\"og:image\" content=\"https:\/\/static.africa-press.net\/conakry\/sites\/63\/2024\/02\/sm_1709151766.756396.jpg\" \/>\n\t<meta property=\"og:image:width\" content=\"1600\" \/>\n\t<meta property=\"og:image:height\" content=\"1067\" \/>\n\t<meta property=\"og:image:type\" content=\"image\/jpeg\" \/>\n<meta name=\"author\" content=\"cfeditorfr\" \/>\n<meta name=\"twitter:card\" content=\"summary_large_image\" \/>\n<meta name=\"twitter:label1\" content=\"\u00c9crit par\" \/>\n\t<meta name=\"twitter:data1\" content=\"cfeditorfr\" \/>\n\t<meta name=\"twitter:label2\" content=\"Dur\u00e9e de lecture estim\u00e9e\" \/>\n\t<meta name=\"twitter:data2\" content=\"4 minutes\" \/>\n<script type=\"application\/ld+json\" class=\"yoast-schema-graph\">{\"@context\":\"https:\/\/schema.org\",\"@graph\":[{\"@type\":\"Article\",\"@id\":\"https:\/\/www.africa-press.net\/guinee-conakry\/politique\/la-greve-generale-suspendue-en-guinee#article\",\"isPartOf\":{\"@id\":\"https:\/\/www.africa-press.net\/guinee-conakry\/politique\/la-greve-generale-suspendue-en-guinee\"},\"author\":{\"name\":\"cfeditorfr\",\"@id\":\"https:\/\/www.africa-press.net\/guinee-conakry\/#\/schema\/person\/2b1cf3cd81a31e3cd26889ca66d677f1\"},\"headline\":\"La gr\u00e8ve g\u00e9n\u00e9rale suspendue en Guin\u00e9e\",\"datePublished\":\"2024-02-28T23:02:30+00:00\",\"dateModified\":\"2024-02-29T00:56:03+00:00\",\"mainEntityOfPage\":{\"@id\":\"https:\/\/www.africa-press.net\/guinee-conakry\/politique\/la-greve-generale-suspendue-en-guinee\"},\"wordCount\":724,\"commentCount\":0,\"image\":{\"@id\":\"https:\/\/www.africa-press.net\/guinee-conakry\/politique\/la-greve-generale-suspendue-en-guinee#primaryimage\"},\"thumbnailUrl\":\"https:\/\/static.africa-press.net\/conakry\/sites\/63\/2024\/02\/sm_1709151766.756396.jpg\",\"keywords\":[\"Africa Press\",\"Africa Press-Guin\u00e9e\",\"Guin\u00e9e\"],\"articleSection\":[\"Politique\",\"Top Nouvelles\",\"Toutes les actualit\u00e9s\"],\"inLanguage\":\"fr-FR\",\"potentialAction\":[{\"@type\":\"CommentAction\",\"name\":\"Comment\",\"target\":[\"https:\/\/www.africa-press.net\/guinee-conakry\/politique\/la-greve-generale-suspendue-en-guinee#respond\"]}]},{\"@type\":\"WebPage\",\"@id\":\"https:\/\/www.africa-press.net\/guinee-conakry\/politique\/la-greve-generale-suspendue-en-guinee\",\"url\":\"https:\/\/www.africa-press.net\/guinee-conakry\/politique\/la-greve-generale-suspendue-en-guinee\",\"name\":\"La gr\u00e8ve g\u00e9n\u00e9rale suspendue en Guin\u00e9e - guinee Conakry\",\"isPartOf\":{\"@id\":\"https:\/\/www.africa-press.net\/guinee-conakry\/#website\"},\"primaryImageOfPage\":{\"@id\":\"https:\/\/www.africa-press.net\/guinee-conakry\/politique\/la-greve-generale-suspendue-en-guinee#primaryimage\"},\"image\":{\"@id\":\"https:\/\/www.africa-press.net\/guinee-conakry\/politique\/la-greve-generale-suspendue-en-guinee#primaryimage\"},\"thumbnailUrl\":\"https:\/\/static.africa-press.net\/conakry\/sites\/63\/2024\/02\/sm_1709151766.756396.jpg\",\"datePublished\":\"2024-02-28T23:02:30+00:00\",\"dateModified\":\"2024-02-29T00:56:03+00:00\",\"author\":{\"@id\":\"https:\/\/www.africa-press.net\/guinee-conakry\/#\/schema\/person\/2b1cf3cd81a31e3cd26889ca66d677f1\"},\"description\":\"Une gre\u0300ve ge\u0301ne\u0301rale paralyse la Guine\u0301e depuis lundi a\u0300 la suite d\u2019un appel d\u2019un mouvement syndical. Le mouvement syn ...\",\"breadcrumb\":{\"@id\":\"https:\/\/www.africa-press.net\/guinee-conakry\/politique\/la-greve-generale-suspendue-en-guinee#breadcrumb\"},\"inLanguage\":\"fr-FR\",\"potentialAction\":[{\"@type\":\"ReadAction\",\"target\":[\"https:\/\/www.africa-press.net\/guinee-conakry\/politique\/la-greve-generale-suspendue-en-guinee\"]}]},{\"@type\":\"ImageObject\",\"inLanguage\":\"fr-FR\",\"@id\":\"https:\/\/www.africa-press.net\/guinee-conakry\/politique\/la-greve-generale-suspendue-en-guinee#primaryimage\",\"url\":\"https:\/\/static.africa-press.net\/conakry\/sites\/63\/2024\/02\/sm_1709151766.756396.jpg\",\"contentUrl\":\"https:\/\/static.africa-press.net\/conakry\/sites\/63\/2024\/02\/sm_1709151766.756396.jpg\",\"width\":1600,\"height\":1067,\"caption\":\"La gr\u00e8ve g\u00e9n\u00e9rale suspendue en Guin\u00e9e\"},{\"@type\":\"BreadcrumbList\",\"@id\":\"https:\/\/www.africa-press.net\/guinee-conakry\/politique\/la-greve-generale-suspendue-en-guinee#breadcrumb\",\"itemListElement\":[{\"@type\":\"ListItem\",\"position\":1,\"name\":\"Accueil\",\"item\":\"https:\/\/www.africa-press.net\/guinee-conakry\/\"},{\"@type\":\"ListItem\",\"position\":2,\"name\":\"La gr\u00e8ve g\u00e9n\u00e9rale suspendue en Guin\u00e9e\"}]},{\"@type\":\"WebSite\",\"@id\":\"https:\/\/www.africa-press.net\/guinee-conakry\/#website\",\"url\":\"https:\/\/www.africa-press.net\/guinee-conakry\/\",\"name\":\"guinee Conakry\",\"description\":\"Just another Africa News Agency Sites site\",\"potentialAction\":[{\"@type\":\"SearchAction\",\"target\":{\"@type\":\"EntryPoint\",\"urlTemplate\":\"https:\/\/www.africa-press.net\/guinee-conakry\/?s={search_term_string}\"},\"query-input\":{\"@type\":\"PropertyValueSpecification\",\"valueRequired\":true,\"valueName\":\"search_term_string\"}}],\"inLanguage\":\"fr-FR\"},{\"@type\":\"Person\",\"@id\":\"https:\/\/www.africa-press.net\/guinee-conakry\/#\/schema\/person\/2b1cf3cd81a31e3cd26889ca66d677f1\",\"name\":\"cfeditorfr\"}]}<\/script>\n<!-- \/ Yoast SEO Premium plugin. -->","yoast_head_json":{"title":"La gr\u00e8ve g\u00e9n\u00e9rale suspendue en Guin\u00e9e - guinee Conakry","description":"Une gre\u0300ve ge\u0301ne\u0301rale paralyse la Guine\u0301e depuis lundi a\u0300 la suite d\u2019un appel d\u2019un mouvement syndical. Le mouvement syn ...","robots":{"index":"index","follow":"follow","max-snippet":"max-snippet:-1","max-image-preview":"max-image-preview:large","max-video-preview":"max-video-preview:-1"},"canonical":"https:\/\/www.africa-press.net\/guinee-conakry\/politique\/la-greve-generale-suspendue-en-guinee","og_locale":"fr_FR","og_type":"article","og_title":"La gr\u00e8ve g\u00e9n\u00e9rale suspendue en Guin\u00e9e","og_description":"Une gre\u0300ve ge\u0301ne\u0301rale paralyse la Guine\u0301e depuis lundi a\u0300 la suite d\u2019un appel d\u2019un mouvement syndical. Le mouvement syn ...","og_url":"https:\/\/www.africa-press.net\/guinee-conakry\/politique\/la-greve-generale-suspendue-en-guinee","og_site_name":"guinee Conakry","article_published_time":"2024-02-28T23:02:30+00:00","article_modified_time":"2024-02-29T00:56:03+00:00","og_image":[{"width":1600,"height":1067,"url":"https:\/\/static.africa-press.net\/conakry\/sites\/63\/2024\/02\/sm_1709151766.756396.jpg","type":"image\/jpeg"}],"author":"cfeditorfr","twitter_card":"summary_large_image","twitter_misc":{"\u00c9crit par":"cfeditorfr","Dur\u00e9e de lecture estim\u00e9e":"4 minutes"},"schema":{"@context":"https:\/\/schema.org","@graph":[{"@type":"Article","@id":"https:\/\/www.africa-press.net\/guinee-conakry\/politique\/la-greve-generale-suspendue-en-guinee#article","isPartOf":{"@id":"https:\/\/www.africa-press.net\/guinee-conakry\/politique\/la-greve-generale-suspendue-en-guinee"},"author":{"name":"cfeditorfr","@id":"https:\/\/www.africa-press.net\/guinee-conakry\/#\/schema\/person\/2b1cf3cd81a31e3cd26889ca66d677f1"},"headline":"La gr\u00e8ve g\u00e9n\u00e9rale suspendue en Guin\u00e9e","datePublished":"2024-02-28T23:02:30+00:00","dateModified":"2024-02-29T00:56:03+00:00","mainEntityOfPage":{"@id":"https:\/\/www.africa-press.net\/guinee-conakry\/politique\/la-greve-generale-suspendue-en-guinee"},"wordCount":724,"commentCount":0,"image":{"@id":"https:\/\/www.africa-press.net\/guinee-conakry\/politique\/la-greve-generale-suspendue-en-guinee#primaryimage"},"thumbnailUrl":"https:\/\/static.africa-press.net\/conakry\/sites\/63\/2024\/02\/sm_1709151766.756396.jpg","keywords":["Africa Press","Africa Press-Guin\u00e9e","Guin\u00e9e"],"articleSection":["Politique","Top Nouvelles","Toutes les actualit\u00e9s"],"inLanguage":"fr-FR","potentialAction":[{"@type":"CommentAction","name":"Comment","target":["https:\/\/www.africa-press.net\/guinee-conakry\/politique\/la-greve-generale-suspendue-en-guinee#respond"]}]},{"@type":"WebPage","@id":"https:\/\/www.africa-press.net\/guinee-conakry\/politique\/la-greve-generale-suspendue-en-guinee","url":"https:\/\/www.africa-press.net\/guinee-conakry\/politique\/la-greve-generale-suspendue-en-guinee","name":"La gr\u00e8ve g\u00e9n\u00e9rale suspendue en Guin\u00e9e - guinee Conakry","isPartOf":{"@id":"https:\/\/www.africa-press.net\/guinee-conakry\/#website"},"primaryImageOfPage":{"@id":"https:\/\/www.africa-press.net\/guinee-conakry\/politique\/la-greve-generale-suspendue-en-guinee#primaryimage"},"image":{"@id":"https:\/\/www.africa-press.net\/guinee-conakry\/politique\/la-greve-generale-suspendue-en-guinee#primaryimage"},"thumbnailUrl":"https:\/\/static.africa-press.net\/conakry\/sites\/63\/2024\/02\/sm_1709151766.756396.jpg","datePublished":"2024-02-28T23:02:30+00:00","dateModified":"2024-02-29T00:56:03+00:00","author":{"@id":"https:\/\/www.africa-press.net\/guinee-conakry\/#\/schema\/person\/2b1cf3cd81a31e3cd26889ca66d677f1"},"description":"Une gre\u0300ve ge\u0301ne\u0301rale paralyse la Guine\u0301e depuis lundi a\u0300 la suite d\u2019un appel d\u2019un mouvement syndical. Le mouvement syn ...","breadcrumb":{"@id":"https:\/\/www.africa-press.net\/guinee-conakry\/politique\/la-greve-generale-suspendue-en-guinee#breadcrumb"},"inLanguage":"fr-FR","potentialAction":[{"@type":"ReadAction","target":["https:\/\/www.africa-press.net\/guinee-conakry\/politique\/la-greve-generale-suspendue-en-guinee"]}]},{"@type":"ImageObject","inLanguage":"fr-FR","@id":"https:\/\/www.africa-press.net\/guinee-conakry\/politique\/la-greve-generale-suspendue-en-guinee#primaryimage","url":"https:\/\/static.africa-press.net\/conakry\/sites\/63\/2024\/02\/sm_1709151766.756396.jpg","contentUrl":"https:\/\/static.africa-press.net\/conakry\/sites\/63\/2024\/02\/sm_1709151766.756396.jpg","width":1600,"height":1067,"caption":"La gr\u00e8ve g\u00e9n\u00e9rale suspendue en Guin\u00e9e"},{"@type":"BreadcrumbList","@id":"https:\/\/www.africa-press.net\/guinee-conakry\/politique\/la-greve-generale-suspendue-en-guinee#breadcrumb","itemListElement":[{"@type":"ListItem","position":1,"name":"Accueil","item":"https:\/\/www.africa-press.net\/guinee-conakry\/"},{"@type":"ListItem","position":2,"name":"La gr\u00e8ve g\u00e9n\u00e9rale suspendue en Guin\u00e9e"}]},{"@type":"WebSite","@id":"https:\/\/www.africa-press.net\/guinee-conakry\/#website","url":"https:\/\/www.africa-press.net\/guinee-conakry\/","name":"guinee Conakry","description":"Just another Africa News Agency Sites site","potentialAction":[{"@type":"SearchAction","target":{"@type":"EntryPoint","urlTemplate":"https:\/\/www.africa-press.net\/guinee-conakry\/?s={search_term_string}"},"query-input":{"@type":"PropertyValueSpecification","valueRequired":true,"valueName":"search_term_string"}}],"inLanguage":"fr-FR"},{"@type":"Person","@id":"https:\/\/www.africa-press.net\/guinee-conakry\/#\/schema\/person\/2b1cf3cd81a31e3cd26889ca66d677f1","name":"cfeditorfr"}]}},"_links":{"self":[{"href":"https:\/\/www.africa-press.net\/guinee-conakry\/wp-json\/wp\/v2\/posts\/19020","targetHints":{"allow":["GET"]}}],"collection":[{"href":"https:\/\/www.africa-press.net\/guinee-conakry\/wp-json\/wp\/v2\/posts"}],"about":[{"href":"https:\/\/www.africa-press.net\/guinee-conakry\/wp-json\/wp\/v2\/types\/post"}],"author":[{"embeddable":true,"href":"https:\/\/www.africa-press.net\/guinee-conakry\/wp-json\/wp\/v2\/users\/82"}],"replies":[{"embeddable":true,"href":"https:\/\/www.africa-press.net\/guinee-conakry\/wp-json\/wp\/v2\/comments?post=19020"}],"version-history":[{"count":0,"href":"https:\/\/www.africa-press.net\/guinee-conakry\/wp-json\/wp\/v2\/posts\/19020\/revisions"}],"wp:featuredmedia":[{"embeddable":true,"href":"https:\/\/www.africa-press.net\/guinee-conakry\/wp-json\/wp\/v2\/media\/19019"}],"wp:attachment":[{"href":"https:\/\/www.africa-press.net\/guinee-conakry\/wp-json\/wp\/v2\/media?parent=19020"}],"wp:term":[{"taxonomy":"category","embeddable":true,"href":"https:\/\/www.africa-press.net\/guinee-conakry\/wp-json\/wp\/v2\/categories?post=19020"},{"taxonomy":"post_tag","embeddable":true,"href":"https:\/\/www.africa-press.net\/guinee-conakry\/wp-json\/wp\/v2\/tags?post=19020"}],"curies":[{"name":"wp","href":"https:\/\/api.w.org\/{rel}","templated":true}]}}