{"id":19053,"date":"2024-03-02T23:31:28","date_gmt":"2024-03-02T23:31:28","guid":{"rendered":"https:\/\/www.africa-press.net\/guinee-conakry\/politique\/kankan-le-chef-de-la-police-pj-suspendu-pour-detention-arbitraire-et-corruption"},"modified":"2024-03-03T01:12:04","modified_gmt":"2024-03-03T01:12:04","slug":"kankan-le-chef-de-la-police-pj-suspendu-pour-detention-arbitraire-et-corruption","status":"publish","type":"post","link":"https:\/\/www.africa-press.net\/guinee-conakry\/politique\/kankan-le-chef-de-la-police-pj-suspendu-pour-detention-arbitraire-et-corruption","title":{"rendered":"Kankan: le chef de la police PJ suspendu pour \u00ab d\u00e9tention arbitraire et corruption \u00bb"},"content":{"rendered":"<p><span style=\"color: #ff6600\"><strong>Africa-Press &#8211; Guin\u00e9e. <\/strong><\/span>Le parquet de premie\u0300re instance de Kankan a suspendu le chef de la police judiciaire a\u0300 la direction re\u0301gionale (Su\u0302rete\u0301) de Kankan, Nyankoye Soropogui. Il est accuse\u0301 de \u00ab manquement \u00bb et de \u00ab diffamation \u00bb envers le procureur, ainsi que de \u00ab de\u0301tention arbitraire \u00bb d\u2019un suspect et de corruption.<\/p>\n<p>L\u2019information a e\u0301te\u0301 divulgue\u0301e par le procureur de la re\u0301publique pre\u0300s le tribunal de premie\u0300re instance de Kankan, Marwane Balde\u0301 lui-me\u0302me, lors d\u2019une confe\u0301rence qui s\u2019est tenue ce samedi 03 mars dans les locaux de la maison re\u0301gionale de la presse de Kankan.<\/p>\n<p>E\u0301voquant, entre autres, les raisons ayant motive\u0301 la suspension du chef de la police judiciaire de Kankan, le procureur du parquet de premie\u0300re instance de Kankan a de\u0301clare\u0301: \u00ab Il a e\u0301te\u0301 suspendu pour manquement aux obligations d\u2019officier de police judiciaire dans le cadre de ses relations avec le procureur de la re\u0301publique. Deuxie\u0300mement, il est implique\u0301 dans la commission d\u2019une infraction a\u0300 la loi pe\u0301nale, a\u0300 savoir la corruption. Il a agi en dehors de la loi en ayant connaissance d\u2019une infraction au sein de son service sans en informer imme\u0301diatement le procureur de la re\u0301publique, comme le prescrit la loi. Aucune mesure de garde a\u0300 vue n\u2019a e\u0301te\u0301 notifie\u0301e au suspect, et pire encore, pour sa remise en liberte\u0301, le suspect a e\u0301te\u0301 somme\u0301 de payer une somme de 5 millions de francs. Pour le convaincre, on lui a dit que le procureur de Kankan e\u0301tait de\u0301ja\u0300 informe\u0301. Pour l\u2019intimider, ils ont mis un te\u0301le\u0301phone a\u0300 son oreille et ont fait semblant, avec des complices, d\u2019e\u0302tre en contact avec moi. Le suspect a eu peur et a finalement paye\u0301 la somme de 2 millions de francs \u00bb, a-t-il de\u0301plore\u0301.<\/p>\n<p>A\u0300 la question de savoir si, au-dela\u0300 de la suspension, cet officier de police judiciaire accuse\u0301 dans cette affaire sera juge\u0301, il a re\u0301pondu: \u00ab Lui et ses complices de service seront cite\u0301s devant la cour d\u2019appel en matie\u0300re correctionnelle. Ils seront juge\u0301s conforme\u0301ment a\u0300 la loi. Le code de proce\u0301dure pe\u0301nale reconnai\u0302t un privile\u0300ge de juridiction aux officiers de police judiciaire au me\u0302me titre que les magistrats. Ils ne sont pas juge\u0301s de la me\u0302me manie\u0300re que les autres citoyens. C\u2019est seulement devant la cour d\u2019appel qu\u2019ils comparaissent. Le procureur ge\u0301ne\u0301ral doit citer cet officier et ses complices pour manquement et infractions a\u0300 la loi pe\u0301nale \u00bb, a-t-il assure\u0301.<\/p>\n<p><strong>Pour plus d&rsquo;informations et d&rsquo;analyses sur la <a href=\"https:\/\/www.africa-press.net\/guinee-conakry\">Guin\u00e9e<\/a>, suivez <a href=\"https:\/\/www.africa-press.net\/\">Africa-Press<\/a><\/strong><\/p>\n","protected":false},"excerpt":{"rendered":"<p>Africa-Press &#8211; Guin\u00e9e. Le parquet de premie\u0300re instance de Kankan a suspendu le chef de la police judiciaire a\u0300 la direction re\u0301gionale (Su\u0302rete\u0301) de Kankan, Nyankoye Soropogui. Il est accuse\u0301 de \u00ab manquement \u00bb et de \u00ab diffamation \u00bb envers le procureur, ainsi que de \u00ab de\u0301tention arbitraire \u00bb d\u2019un suspect et de corruption. L\u2019information [&hellip;]<\/p>\n","protected":false},"author":82,"featured_media":19052,"comment_status":"open","ping_status":"closed","sticky":false,"template":"","format":"standard","meta":{"footnotes":""},"categories":[2,10],"tags":[36,57,58],"class_list":["post-19053","post","type-post","status-publish","format-standard","has-post-thumbnail","hentry","category-politique","category-toutes-les-actualites","tag-africa-press","tag-africa-press-guinee","tag-guinee"],"yoast_head":"<!-- This site is optimized with the Yoast SEO Premium plugin v26.1 (Yoast SEO v27.0) - https:\/\/yoast.com\/product\/yoast-seo-premium-wordpress\/ -->\n<title>Kankan: le chef de la police PJ suspendu pour \u00ab d\u00e9tention arbitraire et corruption \u00bb - guinee Conakry<\/title>\n<meta name=\"description\" content=\"Le parquet de premie\u0300re instance de Kankan a suspendu le chef de la police judiciaire a\u0300 la direction re\u0301gionale (Su\u0302ret ...\" \/>\n<meta name=\"robots\" content=\"index, follow, max-snippet:-1, max-image-preview:large, max-video-preview:-1\" \/>\n<link rel=\"canonical\" href=\"https:\/\/www.africa-press.net\/guinee-conakry\/politique\/kankan-le-chef-de-la-police-pj-suspendu-pour-detention-arbitraire-et-corruption\" \/>\n<meta property=\"og:locale\" content=\"fr_FR\" \/>\n<meta property=\"og:type\" content=\"article\" \/>\n<meta property=\"og:title\" content=\"Kankan: le chef de la police PJ suspendu pour \u00ab d\u00e9tention arbitraire et corruption \u00bb\" \/>\n<meta property=\"og:description\" content=\"Le parquet de premie\u0300re instance de Kankan a suspendu le chef de la police judiciaire a\u0300 la direction re\u0301gionale (Su\u0302ret ...\" \/>\n<meta property=\"og:url\" content=\"https:\/\/www.africa-press.net\/guinee-conakry\/politique\/kankan-le-chef-de-la-police-pj-suspendu-pour-detention-arbitraire-et-corruption\" \/>\n<meta property=\"og:site_name\" content=\"guinee Conakry\" \/>\n<meta property=\"article:published_time\" content=\"2024-03-02T23:31:28+00:00\" \/>\n<meta property=\"article:modified_time\" content=\"2024-03-03T01:12:04+00:00\" \/>\n<meta property=\"og:image\" content=\"https:\/\/static.africa-press.net\/conakry\/sites\/63\/2024\/03\/sm_1709412031.903942.jpg\" \/>\n\t<meta property=\"og:image:width\" content=\"1280\" \/>\n\t<meta property=\"og:image:height\" content=\"720\" \/>\n\t<meta property=\"og:image:type\" content=\"image\/jpeg\" \/>\n<meta name=\"author\" content=\"cfeditorfr\" \/>\n<meta name=\"twitter:card\" content=\"summary_large_image\" \/>\n<meta name=\"twitter:label1\" content=\"\u00c9crit par\" \/>\n\t<meta name=\"twitter:data1\" content=\"cfeditorfr\" \/>\n\t<meta name=\"twitter:label2\" content=\"Dur\u00e9e de lecture estim\u00e9e\" \/>\n\t<meta name=\"twitter:data2\" content=\"3 minutes\" \/>\n<script type=\"application\/ld+json\" class=\"yoast-schema-graph\">{\"@context\":\"https:\/\/schema.org\",\"@graph\":[{\"@type\":\"Article\",\"@id\":\"https:\/\/www.africa-press.net\/guinee-conakry\/politique\/kankan-le-chef-de-la-police-pj-suspendu-pour-detention-arbitraire-et-corruption#article\",\"isPartOf\":{\"@id\":\"https:\/\/www.africa-press.net\/guinee-conakry\/politique\/kankan-le-chef-de-la-police-pj-suspendu-pour-detention-arbitraire-et-corruption\"},\"author\":{\"name\":\"cfeditorfr\",\"@id\":\"https:\/\/www.africa-press.net\/guinee-conakry\/#\/schema\/person\/2b1cf3cd81a31e3cd26889ca66d677f1\"},\"headline\":\"Kankan: le chef de la police PJ suspendu pour \u00ab d\u00e9tention arbitraire et corruption \u00bb\",\"datePublished\":\"2024-03-02T23:31:28+00:00\",\"dateModified\":\"2024-03-03T01:12:04+00:00\",\"mainEntityOfPage\":{\"@id\":\"https:\/\/www.africa-press.net\/guinee-conakry\/politique\/kankan-le-chef-de-la-police-pj-suspendu-pour-detention-arbitraire-et-corruption\"},\"wordCount\":473,\"commentCount\":0,\"image\":{\"@id\":\"https:\/\/www.africa-press.net\/guinee-conakry\/politique\/kankan-le-chef-de-la-police-pj-suspendu-pour-detention-arbitraire-et-corruption#primaryimage\"},\"thumbnailUrl\":\"https:\/\/static.africa-press.net\/conakry\/sites\/63\/2024\/03\/sm_1709412031.903942.jpg\",\"keywords\":[\"Africa Press\",\"Africa Press-Guin\u00e9e\",\"Guin\u00e9e\"],\"articleSection\":[\"Politique\",\"Toutes les actualit\u00e9s\"],\"inLanguage\":\"fr-FR\",\"potentialAction\":[{\"@type\":\"CommentAction\",\"name\":\"Comment\",\"target\":[\"https:\/\/www.africa-press.net\/guinee-conakry\/politique\/kankan-le-chef-de-la-police-pj-suspendu-pour-detention-arbitraire-et-corruption#respond\"]}]},{\"@type\":\"WebPage\",\"@id\":\"https:\/\/www.africa-press.net\/guinee-conakry\/politique\/kankan-le-chef-de-la-police-pj-suspendu-pour-detention-arbitraire-et-corruption\",\"url\":\"https:\/\/www.africa-press.net\/guinee-conakry\/politique\/kankan-le-chef-de-la-police-pj-suspendu-pour-detention-arbitraire-et-corruption\",\"name\":\"Kankan: le chef de la police PJ suspendu pour \u00ab d\u00e9tention arbitraire et corruption \u00bb - guinee Conakry\",\"isPartOf\":{\"@id\":\"https:\/\/www.africa-press.net\/guinee-conakry\/#website\"},\"primaryImageOfPage\":{\"@id\":\"https:\/\/www.africa-press.net\/guinee-conakry\/politique\/kankan-le-chef-de-la-police-pj-suspendu-pour-detention-arbitraire-et-corruption#primaryimage\"},\"image\":{\"@id\":\"https:\/\/www.africa-press.net\/guinee-conakry\/politique\/kankan-le-chef-de-la-police-pj-suspendu-pour-detention-arbitraire-et-corruption#primaryimage\"},\"thumbnailUrl\":\"https:\/\/static.africa-press.net\/conakry\/sites\/63\/2024\/03\/sm_1709412031.903942.jpg\",\"datePublished\":\"2024-03-02T23:31:28+00:00\",\"dateModified\":\"2024-03-03T01:12:04+00:00\",\"author\":{\"@id\":\"https:\/\/www.africa-press.net\/guinee-conakry\/#\/schema\/person\/2b1cf3cd81a31e3cd26889ca66d677f1\"},\"description\":\"Le parquet de premie\u0300re instance de Kankan a suspendu le chef de la police judiciaire a\u0300 la direction re\u0301gionale (Su\u0302ret ...\",\"breadcrumb\":{\"@id\":\"https:\/\/www.africa-press.net\/guinee-conakry\/politique\/kankan-le-chef-de-la-police-pj-suspendu-pour-detention-arbitraire-et-corruption#breadcrumb\"},\"inLanguage\":\"fr-FR\",\"potentialAction\":[{\"@type\":\"ReadAction\",\"target\":[\"https:\/\/www.africa-press.net\/guinee-conakry\/politique\/kankan-le-chef-de-la-police-pj-suspendu-pour-detention-arbitraire-et-corruption\"]}]},{\"@type\":\"ImageObject\",\"inLanguage\":\"fr-FR\",\"@id\":\"https:\/\/www.africa-press.net\/guinee-conakry\/politique\/kankan-le-chef-de-la-police-pj-suspendu-pour-detention-arbitraire-et-corruption#primaryimage\",\"url\":\"https:\/\/static.africa-press.net\/conakry\/sites\/63\/2024\/03\/sm_1709412031.903942.jpg\",\"contentUrl\":\"https:\/\/static.africa-press.net\/conakry\/sites\/63\/2024\/03\/sm_1709412031.903942.jpg\",\"width\":1280,\"height\":720,\"caption\":\"Kankan: le chef de la police PJ suspendu pour \u00ab d\u00e9tention arbitraire et corruption \u00bb\"},{\"@type\":\"BreadcrumbList\",\"@id\":\"https:\/\/www.africa-press.net\/guinee-conakry\/politique\/kankan-le-chef-de-la-police-pj-suspendu-pour-detention-arbitraire-et-corruption#breadcrumb\",\"itemListElement\":[{\"@type\":\"ListItem\",\"position\":1,\"name\":\"Accueil\",\"item\":\"https:\/\/www.africa-press.net\/guinee-conakry\/\"},{\"@type\":\"ListItem\",\"position\":2,\"name\":\"Kankan: le chef de la police PJ suspendu pour \u00ab d\u00e9tention arbitraire et corruption \u00bb\"}]},{\"@type\":\"WebSite\",\"@id\":\"https:\/\/www.africa-press.net\/guinee-conakry\/#website\",\"url\":\"https:\/\/www.africa-press.net\/guinee-conakry\/\",\"name\":\"guinee Conakry\",\"description\":\"Just another Africa News Agency Sites site\",\"potentialAction\":[{\"@type\":\"SearchAction\",\"target\":{\"@type\":\"EntryPoint\",\"urlTemplate\":\"https:\/\/www.africa-press.net\/guinee-conakry\/?s={search_term_string}\"},\"query-input\":{\"@type\":\"PropertyValueSpecification\",\"valueRequired\":true,\"valueName\":\"search_term_string\"}}],\"inLanguage\":\"fr-FR\"},{\"@type\":\"Person\",\"@id\":\"https:\/\/www.africa-press.net\/guinee-conakry\/#\/schema\/person\/2b1cf3cd81a31e3cd26889ca66d677f1\",\"name\":\"cfeditorfr\"}]}<\/script>\n<!-- \/ Yoast SEO Premium plugin. -->","yoast_head_json":{"title":"Kankan: le chef de la police PJ suspendu pour \u00ab d\u00e9tention arbitraire et corruption \u00bb - guinee Conakry","description":"Le parquet de premie\u0300re instance de Kankan a suspendu le chef de la police judiciaire a\u0300 la direction re\u0301gionale (Su\u0302ret ...","robots":{"index":"index","follow":"follow","max-snippet":"max-snippet:-1","max-image-preview":"max-image-preview:large","max-video-preview":"max-video-preview:-1"},"canonical":"https:\/\/www.africa-press.net\/guinee-conakry\/politique\/kankan-le-chef-de-la-police-pj-suspendu-pour-detention-arbitraire-et-corruption","og_locale":"fr_FR","og_type":"article","og_title":"Kankan: le chef de la police PJ suspendu pour \u00ab d\u00e9tention arbitraire et corruption \u00bb","og_description":"Le parquet de premie\u0300re instance de Kankan a suspendu le chef de la police judiciaire a\u0300 la direction re\u0301gionale (Su\u0302ret ...","og_url":"https:\/\/www.africa-press.net\/guinee-conakry\/politique\/kankan-le-chef-de-la-police-pj-suspendu-pour-detention-arbitraire-et-corruption","og_site_name":"guinee Conakry","article_published_time":"2024-03-02T23:31:28+00:00","article_modified_time":"2024-03-03T01:12:04+00:00","og_image":[{"width":1280,"height":720,"url":"https:\/\/static.africa-press.net\/conakry\/sites\/63\/2024\/03\/sm_1709412031.903942.jpg","type":"image\/jpeg"}],"author":"cfeditorfr","twitter_card":"summary_large_image","twitter_misc":{"\u00c9crit par":"cfeditorfr","Dur\u00e9e de lecture estim\u00e9e":"3 minutes"},"schema":{"@context":"https:\/\/schema.org","@graph":[{"@type":"Article","@id":"https:\/\/www.africa-press.net\/guinee-conakry\/politique\/kankan-le-chef-de-la-police-pj-suspendu-pour-detention-arbitraire-et-corruption#article","isPartOf":{"@id":"https:\/\/www.africa-press.net\/guinee-conakry\/politique\/kankan-le-chef-de-la-police-pj-suspendu-pour-detention-arbitraire-et-corruption"},"author":{"name":"cfeditorfr","@id":"https:\/\/www.africa-press.net\/guinee-conakry\/#\/schema\/person\/2b1cf3cd81a31e3cd26889ca66d677f1"},"headline":"Kankan: le chef de la police PJ suspendu pour \u00ab d\u00e9tention arbitraire et corruption \u00bb","datePublished":"2024-03-02T23:31:28+00:00","dateModified":"2024-03-03T01:12:04+00:00","mainEntityOfPage":{"@id":"https:\/\/www.africa-press.net\/guinee-conakry\/politique\/kankan-le-chef-de-la-police-pj-suspendu-pour-detention-arbitraire-et-corruption"},"wordCount":473,"commentCount":0,"image":{"@id":"https:\/\/www.africa-press.net\/guinee-conakry\/politique\/kankan-le-chef-de-la-police-pj-suspendu-pour-detention-arbitraire-et-corruption#primaryimage"},"thumbnailUrl":"https:\/\/static.africa-press.net\/conakry\/sites\/63\/2024\/03\/sm_1709412031.903942.jpg","keywords":["Africa Press","Africa Press-Guin\u00e9e","Guin\u00e9e"],"articleSection":["Politique","Toutes les actualit\u00e9s"],"inLanguage":"fr-FR","potentialAction":[{"@type":"CommentAction","name":"Comment","target":["https:\/\/www.africa-press.net\/guinee-conakry\/politique\/kankan-le-chef-de-la-police-pj-suspendu-pour-detention-arbitraire-et-corruption#respond"]}]},{"@type":"WebPage","@id":"https:\/\/www.africa-press.net\/guinee-conakry\/politique\/kankan-le-chef-de-la-police-pj-suspendu-pour-detention-arbitraire-et-corruption","url":"https:\/\/www.africa-press.net\/guinee-conakry\/politique\/kankan-le-chef-de-la-police-pj-suspendu-pour-detention-arbitraire-et-corruption","name":"Kankan: le chef de la police PJ suspendu pour \u00ab d\u00e9tention arbitraire et corruption \u00bb - guinee Conakry","isPartOf":{"@id":"https:\/\/www.africa-press.net\/guinee-conakry\/#website"},"primaryImageOfPage":{"@id":"https:\/\/www.africa-press.net\/guinee-conakry\/politique\/kankan-le-chef-de-la-police-pj-suspendu-pour-detention-arbitraire-et-corruption#primaryimage"},"image":{"@id":"https:\/\/www.africa-press.net\/guinee-conakry\/politique\/kankan-le-chef-de-la-police-pj-suspendu-pour-detention-arbitraire-et-corruption#primaryimage"},"thumbnailUrl":"https:\/\/static.africa-press.net\/conakry\/sites\/63\/2024\/03\/sm_1709412031.903942.jpg","datePublished":"2024-03-02T23:31:28+00:00","dateModified":"2024-03-03T01:12:04+00:00","author":{"@id":"https:\/\/www.africa-press.net\/guinee-conakry\/#\/schema\/person\/2b1cf3cd81a31e3cd26889ca66d677f1"},"description":"Le parquet de premie\u0300re instance de Kankan a suspendu le chef de la police judiciaire a\u0300 la direction re\u0301gionale (Su\u0302ret ...","breadcrumb":{"@id":"https:\/\/www.africa-press.net\/guinee-conakry\/politique\/kankan-le-chef-de-la-police-pj-suspendu-pour-detention-arbitraire-et-corruption#breadcrumb"},"inLanguage":"fr-FR","potentialAction":[{"@type":"ReadAction","target":["https:\/\/www.africa-press.net\/guinee-conakry\/politique\/kankan-le-chef-de-la-police-pj-suspendu-pour-detention-arbitraire-et-corruption"]}]},{"@type":"ImageObject","inLanguage":"fr-FR","@id":"https:\/\/www.africa-press.net\/guinee-conakry\/politique\/kankan-le-chef-de-la-police-pj-suspendu-pour-detention-arbitraire-et-corruption#primaryimage","url":"https:\/\/static.africa-press.net\/conakry\/sites\/63\/2024\/03\/sm_1709412031.903942.jpg","contentUrl":"https:\/\/static.africa-press.net\/conakry\/sites\/63\/2024\/03\/sm_1709412031.903942.jpg","width":1280,"height":720,"caption":"Kankan: le chef de la police PJ suspendu pour \u00ab d\u00e9tention arbitraire et corruption \u00bb"},{"@type":"BreadcrumbList","@id":"https:\/\/www.africa-press.net\/guinee-conakry\/politique\/kankan-le-chef-de-la-police-pj-suspendu-pour-detention-arbitraire-et-corruption#breadcrumb","itemListElement":[{"@type":"ListItem","position":1,"name":"Accueil","item":"https:\/\/www.africa-press.net\/guinee-conakry\/"},{"@type":"ListItem","position":2,"name":"Kankan: le chef de la police PJ suspendu pour \u00ab d\u00e9tention arbitraire et corruption \u00bb"}]},{"@type":"WebSite","@id":"https:\/\/www.africa-press.net\/guinee-conakry\/#website","url":"https:\/\/www.africa-press.net\/guinee-conakry\/","name":"guinee Conakry","description":"Just another Africa News Agency Sites site","potentialAction":[{"@type":"SearchAction","target":{"@type":"EntryPoint","urlTemplate":"https:\/\/www.africa-press.net\/guinee-conakry\/?s={search_term_string}"},"query-input":{"@type":"PropertyValueSpecification","valueRequired":true,"valueName":"search_term_string"}}],"inLanguage":"fr-FR"},{"@type":"Person","@id":"https:\/\/www.africa-press.net\/guinee-conakry\/#\/schema\/person\/2b1cf3cd81a31e3cd26889ca66d677f1","name":"cfeditorfr"}]}},"_links":{"self":[{"href":"https:\/\/www.africa-press.net\/guinee-conakry\/wp-json\/wp\/v2\/posts\/19053","targetHints":{"allow":["GET"]}}],"collection":[{"href":"https:\/\/www.africa-press.net\/guinee-conakry\/wp-json\/wp\/v2\/posts"}],"about":[{"href":"https:\/\/www.africa-press.net\/guinee-conakry\/wp-json\/wp\/v2\/types\/post"}],"author":[{"embeddable":true,"href":"https:\/\/www.africa-press.net\/guinee-conakry\/wp-json\/wp\/v2\/users\/82"}],"replies":[{"embeddable":true,"href":"https:\/\/www.africa-press.net\/guinee-conakry\/wp-json\/wp\/v2\/comments?post=19053"}],"version-history":[{"count":0,"href":"https:\/\/www.africa-press.net\/guinee-conakry\/wp-json\/wp\/v2\/posts\/19053\/revisions"}],"wp:featuredmedia":[{"embeddable":true,"href":"https:\/\/www.africa-press.net\/guinee-conakry\/wp-json\/wp\/v2\/media\/19052"}],"wp:attachment":[{"href":"https:\/\/www.africa-press.net\/guinee-conakry\/wp-json\/wp\/v2\/media?parent=19053"}],"wp:term":[{"taxonomy":"category","embeddable":true,"href":"https:\/\/www.africa-press.net\/guinee-conakry\/wp-json\/wp\/v2\/categories?post=19053"},{"taxonomy":"post_tag","embeddable":true,"href":"https:\/\/www.africa-press.net\/guinee-conakry\/wp-json\/wp\/v2\/tags?post=19053"}],"curies":[{"name":"wp","href":"https:\/\/api.w.org\/{rel}","templated":true}]}}