{"id":19646,"date":"2024-03-18T12:08:21","date_gmt":"2024-03-18T12:08:21","guid":{"rendered":"https:\/\/www.africa-press.net\/guinee-conakry\/politique\/le-ministre-mory-conde-sengage-a-garantir-lacces-a-un-logement-decent-pour-tous-les-guineens"},"modified":"2024-03-20T01:46:30","modified_gmt":"2024-03-20T01:46:30","slug":"le-ministre-mory-conde-sengage-a-garantir-lacces-a-un-logement-decent-pour-tous-les-guineens","status":"publish","type":"post","link":"https:\/\/www.africa-press.net\/guinee-conakry\/toutes-les-actualites\/le-ministre-mory-conde-sengage-a-garantir-lacces-a-un-logement-decent-pour-tous-les-guineens","title":{"rendered":"Le ministre Mory Cond\u00e9 s\u2019engage \u00e0 garantir \u2018\u2019l\u2019acc\u00e8s \u00e0 un logement d\u00e9cent pour tous les guin\u00e9ens\u2019\u2019"},"content":{"rendered":"<p><span style=\"color: #ff6600\"><strong>Africa-Press &#8211; Guin\u00e9e. <\/strong><\/span><b>Le nouveau patron du ministe\u0300re de l\u2019urbanisme, de l\u2019habitat et de l\u2019ame\u0301nagement du territoire charge\u0301 de la re\u0301cupe\u0301ration des domaines spolie\u0301s de l\u2019Etat a e\u0301te\u0301 installe\u0301e dans ses fonctions. Mory Conde\u0301 a, au cours de la ce\u0301re\u0301monie, rendu hommage a\u0300 son pre\u0301de\u0301cesseur et affiche\u0301 ses ambitions a\u0300 la te\u0302te de ce de\u0301partement. <\/b><\/p>\n<p>En quittant ministe\u0300re de l\u2019urbanisme, de l\u2019habitat et de l\u2019ame\u0301nagement du territoire charge\u0301 de la re\u0301cupe\u0301ration des domaines spolie\u0301s de l\u2019Etat, le ge\u0301ne\u0301ral a\u0300 la retraite Ibrahima Kalil Conde\u0301 de\u0301clare avoir eu la \u2018\u2019chance de travailler avec une e\u0301quipe de professionnels de\u0301voue\u0301s, loyaux et patriotes qui ont contribue\u0301 a\u0300 apporter des changements positifs dans le secteur de l\u2019habitat, de l\u2019urbanisme et de l\u2019ame\u0301nagement du territoire\u2019\u2019.<\/p>\n<p>Il a exhorte\u0301 le personnel du de\u0301partement a\u0300 continuer a\u0300 \u2018\u2019travailler avec mon successeur afin de poursuivre les diffe\u0301rents projets que nous avons entrepris, faire preuve d\u2019audace et d\u2019innovation, garder les besoins de nos concitoyens au premier rang dans votre agenda\u2019\u2019.<\/p>\n<p>Quant a\u0300 Mory Conde\u0301, il a laisse\u0301 entendre que \u2018\u2019c\u2019est avec une grande humilite\u0301 et un profond sens de responsabilite\u0301 que je m\u2019adresse a\u0300 vous en ma qualite\u0301 de ministre de l\u2019urbanisme, de l\u2019habitat et de l\u2019ame\u0301nagement du territoire charge\u0301 de la re\u0301cupe\u0301ration des domaines spolie\u0301s de l\u2019Etat\u2019\u2019.<\/p>\n<p>Il se dit honore\u0301 de \u2018\u2019servir le pays dans la continuite\u0301 pour ame\u0301liorer le cadre de vie de nos populations\u2019\u2019, avant de remercier le pre\u0301sident Mamadi Doumbouya de lui avoir renouvele\u0301 renouveler sa confiance en \u2018\u2019me confiant les destine\u0301es d\u2019un de\u0301partement aussi strate\u0301gique\u2019\u2019.<\/p>\n<p>Pour relever les de\u0301fis qui l\u2019attendent au ministe\u0300re l\u2019urbanisme, de l\u2019habitat et de l\u2019ame\u0301nagement du territoire, Mory Conde\u0301 estime qu\u2019il est essentiel d\u2019adopter des \u2018\u2019politiques d\u2019ame\u0301nagement du territoire et de l\u2019urbanisme qui favorisent une croissance urbaine e\u0301quilibre\u0301e, durable et inclusive\u2019\u2019.<\/p>\n<p>Pour y arriver, il assure que \u2018\u2019cela implique de promouvoir des modes de transport durable, de de\u0301velopper des espaces verts et des infrastructures de qualite\u0301, de favoriser la mixite\u0301 sociale et fonctionnelle dans les quartiers et garantir l\u2019acce\u0300s a\u0300 un logement de\u0301cent pour tous les guine\u0301ens\u2019\u2019.<\/p>\n<p><strong>Pour plus d&rsquo;informations et d&rsquo;analyses sur la <a href=\"https:\/\/www.africa-press.net\/guinee-conakry\">Guin\u00e9e<\/a>, suivez <a href=\"https:\/\/www.africa-press.net\/\">Africa-Press<\/a><\/strong><\/p>\n","protected":false},"excerpt":{"rendered":"<p>Africa-Press &#8211; Guin\u00e9e. Le nouveau patron du ministe\u0300re de l\u2019urbanisme, de l\u2019habitat et de l\u2019ame\u0301nagement du territoire charge\u0301 de la re\u0301cupe\u0301ration des domaines spolie\u0301s de l\u2019Etat a e\u0301te\u0301 installe\u0301e dans ses fonctions. Mory Conde\u0301 a, au cours de la ce\u0301re\u0301monie, rendu hommage a\u0300 son pre\u0301de\u0301cesseur et affiche\u0301 ses ambitions a\u0300 la te\u0302te de ce de\u0301partement. [&hellip;]<\/p>\n","protected":false},"author":82,"featured_media":19645,"comment_status":"open","ping_status":"closed","sticky":false,"template":"","format":"standard","meta":{"footnotes":""},"categories":[21,10],"tags":[36,57,58],"class_list":["post-19646","post","type-post","status-publish","format-standard","has-post-thumbnail","hentry","category-communaute","category-toutes-les-actualites","tag-africa-press","tag-africa-press-guinee","tag-guinee"],"yoast_head":"<!-- This site is optimized with the Yoast SEO Premium plugin v26.1 (Yoast SEO v27.0) - https:\/\/yoast.com\/product\/yoast-seo-premium-wordpress\/ -->\n<title>Le ministre Mory Cond\u00e9 s\u2019engage \u00e0 garantir \u2018\u2019l\u2019acc\u00e8s \u00e0 un logement d\u00e9cent pour tous les guin\u00e9ens\u2019\u2019 - guinee Conakry<\/title>\n<meta name=\"description\" content=\"Le nouveau patron du ministe\u0300re de l\u2019urbanisme, de l\u2019habitat et de l\u2019ame\u0301nagement du territoire charge\u0301 de la re\u0301cupe ...\" \/>\n<meta name=\"robots\" content=\"index, follow, max-snippet:-1, max-image-preview:large, max-video-preview:-1\" \/>\n<link rel=\"canonical\" href=\"https:\/\/www.africa-press.net\/guinee-conakry\/toutes-les-actualites\/le-ministre-mory-conde-sengage-a-garantir-lacces-a-un-logement-decent-pour-tous-les-guineens\" \/>\n<meta property=\"og:locale\" content=\"fr_FR\" \/>\n<meta property=\"og:type\" content=\"article\" \/>\n<meta property=\"og:title\" content=\"Le ministre Mory Cond\u00e9 s\u2019engage \u00e0 garantir \u2018\u2019l\u2019acc\u00e8s \u00e0 un logement d\u00e9cent pour tous les guin\u00e9ens\u2019\u2019\" \/>\n<meta property=\"og:description\" content=\"Le nouveau patron du ministe\u0300re de l\u2019urbanisme, de l\u2019habitat et de l\u2019ame\u0301nagement du territoire charge\u0301 de la re\u0301cupe ...\" \/>\n<meta property=\"og:url\" content=\"https:\/\/www.africa-press.net\/guinee-conakry\/toutes-les-actualites\/le-ministre-mory-conde-sengage-a-garantir-lacces-a-un-logement-decent-pour-tous-les-guineens\" \/>\n<meta property=\"og:site_name\" content=\"guinee Conakry\" \/>\n<meta property=\"article:published_time\" content=\"2024-03-18T12:08:21+00:00\" \/>\n<meta property=\"article:modified_time\" content=\"2024-03-20T01:46:30+00:00\" \/>\n<meta property=\"og:image\" content=\"https:\/\/static.africa-press.net\/conakry\/sites\/63\/2024\/03\/sm_1710800466.418275.jpg\" \/>\n\t<meta property=\"og:image:width\" content=\"1024\" \/>\n\t<meta property=\"og:image:height\" content=\"682\" \/>\n\t<meta property=\"og:image:type\" content=\"image\/jpeg\" \/>\n<meta name=\"author\" content=\"cfeditorfr\" \/>\n<meta name=\"twitter:card\" content=\"summary_large_image\" \/>\n<meta name=\"twitter:label1\" content=\"\u00c9crit par\" \/>\n\t<meta name=\"twitter:data1\" content=\"cfeditorfr\" \/>\n\t<meta name=\"twitter:label2\" content=\"Dur\u00e9e de lecture estim\u00e9e\" \/>\n\t<meta name=\"twitter:data2\" content=\"2 minutes\" \/>\n<script type=\"application\/ld+json\" class=\"yoast-schema-graph\">{\"@context\":\"https:\/\/schema.org\",\"@graph\":[{\"@type\":\"Article\",\"@id\":\"https:\/\/www.africa-press.net\/guinee-conakry\/toutes-les-actualites\/le-ministre-mory-conde-sengage-a-garantir-lacces-a-un-logement-decent-pour-tous-les-guineens#article\",\"isPartOf\":{\"@id\":\"https:\/\/www.africa-press.net\/guinee-conakry\/toutes-les-actualites\/le-ministre-mory-conde-sengage-a-garantir-lacces-a-un-logement-decent-pour-tous-les-guineens\"},\"author\":{\"name\":\"cfeditorfr\",\"@id\":\"https:\/\/www.africa-press.net\/guinee-conakry\/#\/schema\/person\/2b1cf3cd81a31e3cd26889ca66d677f1\"},\"headline\":\"Le ministre Mory Cond\u00e9 s\u2019engage \u00e0 garantir \u2018\u2019l\u2019acc\u00e8s \u00e0 un logement d\u00e9cent pour tous les guin\u00e9ens\u2019\u2019\",\"datePublished\":\"2024-03-18T12:08:21+00:00\",\"dateModified\":\"2024-03-20T01:46:30+00:00\",\"mainEntityOfPage\":{\"@id\":\"https:\/\/www.africa-press.net\/guinee-conakry\/toutes-les-actualites\/le-ministre-mory-conde-sengage-a-garantir-lacces-a-un-logement-decent-pour-tous-les-guineens\"},\"wordCount\":446,\"commentCount\":0,\"image\":{\"@id\":\"https:\/\/www.africa-press.net\/guinee-conakry\/toutes-les-actualites\/le-ministre-mory-conde-sengage-a-garantir-lacces-a-un-logement-decent-pour-tous-les-guineens#primaryimage\"},\"thumbnailUrl\":\"https:\/\/static.africa-press.net\/conakry\/sites\/63\/2024\/03\/sm_1710800466.418275.jpg\",\"keywords\":[\"Africa Press\",\"Africa Press-Guin\u00e9e\",\"Guin\u00e9e\"],\"articleSection\":[\"Communaut\u00e9\",\"Toutes les actualit\u00e9s\"],\"inLanguage\":\"fr-FR\",\"potentialAction\":[{\"@type\":\"CommentAction\",\"name\":\"Comment\",\"target\":[\"https:\/\/www.africa-press.net\/guinee-conakry\/toutes-les-actualites\/le-ministre-mory-conde-sengage-a-garantir-lacces-a-un-logement-decent-pour-tous-les-guineens#respond\"]}]},{\"@type\":\"WebPage\",\"@id\":\"https:\/\/www.africa-press.net\/guinee-conakry\/toutes-les-actualites\/le-ministre-mory-conde-sengage-a-garantir-lacces-a-un-logement-decent-pour-tous-les-guineens\",\"url\":\"https:\/\/www.africa-press.net\/guinee-conakry\/toutes-les-actualites\/le-ministre-mory-conde-sengage-a-garantir-lacces-a-un-logement-decent-pour-tous-les-guineens\",\"name\":\"Le ministre Mory Cond\u00e9 s\u2019engage \u00e0 garantir \u2018\u2019l\u2019acc\u00e8s \u00e0 un logement d\u00e9cent pour tous les guin\u00e9ens\u2019\u2019 - guinee Conakry\",\"isPartOf\":{\"@id\":\"https:\/\/www.africa-press.net\/guinee-conakry\/#website\"},\"primaryImageOfPage\":{\"@id\":\"https:\/\/www.africa-press.net\/guinee-conakry\/toutes-les-actualites\/le-ministre-mory-conde-sengage-a-garantir-lacces-a-un-logement-decent-pour-tous-les-guineens#primaryimage\"},\"image\":{\"@id\":\"https:\/\/www.africa-press.net\/guinee-conakry\/toutes-les-actualites\/le-ministre-mory-conde-sengage-a-garantir-lacces-a-un-logement-decent-pour-tous-les-guineens#primaryimage\"},\"thumbnailUrl\":\"https:\/\/static.africa-press.net\/conakry\/sites\/63\/2024\/03\/sm_1710800466.418275.jpg\",\"datePublished\":\"2024-03-18T12:08:21+00:00\",\"dateModified\":\"2024-03-20T01:46:30+00:00\",\"author\":{\"@id\":\"https:\/\/www.africa-press.net\/guinee-conakry\/#\/schema\/person\/2b1cf3cd81a31e3cd26889ca66d677f1\"},\"description\":\"Le nouveau patron du ministe\u0300re de l\u2019urbanisme, de l\u2019habitat et de l\u2019ame\u0301nagement du territoire charge\u0301 de la re\u0301cupe ...\",\"breadcrumb\":{\"@id\":\"https:\/\/www.africa-press.net\/guinee-conakry\/toutes-les-actualites\/le-ministre-mory-conde-sengage-a-garantir-lacces-a-un-logement-decent-pour-tous-les-guineens#breadcrumb\"},\"inLanguage\":\"fr-FR\",\"potentialAction\":[{\"@type\":\"ReadAction\",\"target\":[\"https:\/\/www.africa-press.net\/guinee-conakry\/toutes-les-actualites\/le-ministre-mory-conde-sengage-a-garantir-lacces-a-un-logement-decent-pour-tous-les-guineens\"]}]},{\"@type\":\"ImageObject\",\"inLanguage\":\"fr-FR\",\"@id\":\"https:\/\/www.africa-press.net\/guinee-conakry\/toutes-les-actualites\/le-ministre-mory-conde-sengage-a-garantir-lacces-a-un-logement-decent-pour-tous-les-guineens#primaryimage\",\"url\":\"https:\/\/static.africa-press.net\/conakry\/sites\/63\/2024\/03\/sm_1710800466.418275.jpg\",\"contentUrl\":\"https:\/\/static.africa-press.net\/conakry\/sites\/63\/2024\/03\/sm_1710800466.418275.jpg\",\"width\":1024,\"height\":682,\"caption\":\"Le ministre Mory Cond\u00e9 s\u2019engage \u00e0 garantir \u2018\u2019l\u2019acc\u00e8s \u00e0 un logement d\u00e9cent pour tous les guin\u00e9ens\u2019\u2019\"},{\"@type\":\"BreadcrumbList\",\"@id\":\"https:\/\/www.africa-press.net\/guinee-conakry\/toutes-les-actualites\/le-ministre-mory-conde-sengage-a-garantir-lacces-a-un-logement-decent-pour-tous-les-guineens#breadcrumb\",\"itemListElement\":[{\"@type\":\"ListItem\",\"position\":1,\"name\":\"Accueil\",\"item\":\"https:\/\/www.africa-press.net\/guinee-conakry\/\"},{\"@type\":\"ListItem\",\"position\":2,\"name\":\"Le ministre Mory Cond\u00e9 s\u2019engage \u00e0 garantir \u2018\u2019l\u2019acc\u00e8s \u00e0 un logement d\u00e9cent pour tous les guin\u00e9ens\u2019\u2019\"}]},{\"@type\":\"WebSite\",\"@id\":\"https:\/\/www.africa-press.net\/guinee-conakry\/#website\",\"url\":\"https:\/\/www.africa-press.net\/guinee-conakry\/\",\"name\":\"guinee Conakry\",\"description\":\"Just another Africa News Agency Sites site\",\"potentialAction\":[{\"@type\":\"SearchAction\",\"target\":{\"@type\":\"EntryPoint\",\"urlTemplate\":\"https:\/\/www.africa-press.net\/guinee-conakry\/?s={search_term_string}\"},\"query-input\":{\"@type\":\"PropertyValueSpecification\",\"valueRequired\":true,\"valueName\":\"search_term_string\"}}],\"inLanguage\":\"fr-FR\"},{\"@type\":\"Person\",\"@id\":\"https:\/\/www.africa-press.net\/guinee-conakry\/#\/schema\/person\/2b1cf3cd81a31e3cd26889ca66d677f1\",\"name\":\"cfeditorfr\"}]}<\/script>\n<!-- \/ Yoast SEO Premium plugin. -->","yoast_head_json":{"title":"Le ministre Mory Cond\u00e9 s\u2019engage \u00e0 garantir \u2018\u2019l\u2019acc\u00e8s \u00e0 un logement d\u00e9cent pour tous les guin\u00e9ens\u2019\u2019 - guinee Conakry","description":"Le nouveau patron du ministe\u0300re de l\u2019urbanisme, de l\u2019habitat et de l\u2019ame\u0301nagement du territoire charge\u0301 de la re\u0301cupe ...","robots":{"index":"index","follow":"follow","max-snippet":"max-snippet:-1","max-image-preview":"max-image-preview:large","max-video-preview":"max-video-preview:-1"},"canonical":"https:\/\/www.africa-press.net\/guinee-conakry\/toutes-les-actualites\/le-ministre-mory-conde-sengage-a-garantir-lacces-a-un-logement-decent-pour-tous-les-guineens","og_locale":"fr_FR","og_type":"article","og_title":"Le ministre Mory Cond\u00e9 s\u2019engage \u00e0 garantir \u2018\u2019l\u2019acc\u00e8s \u00e0 un logement d\u00e9cent pour tous les guin\u00e9ens\u2019\u2019","og_description":"Le nouveau patron du ministe\u0300re de l\u2019urbanisme, de l\u2019habitat et de l\u2019ame\u0301nagement du territoire charge\u0301 de la re\u0301cupe ...","og_url":"https:\/\/www.africa-press.net\/guinee-conakry\/toutes-les-actualites\/le-ministre-mory-conde-sengage-a-garantir-lacces-a-un-logement-decent-pour-tous-les-guineens","og_site_name":"guinee Conakry","article_published_time":"2024-03-18T12:08:21+00:00","article_modified_time":"2024-03-20T01:46:30+00:00","og_image":[{"width":1024,"height":682,"url":"https:\/\/static.africa-press.net\/conakry\/sites\/63\/2024\/03\/sm_1710800466.418275.jpg","type":"image\/jpeg"}],"author":"cfeditorfr","twitter_card":"summary_large_image","twitter_misc":{"\u00c9crit par":"cfeditorfr","Dur\u00e9e de lecture estim\u00e9e":"2 minutes"},"schema":{"@context":"https:\/\/schema.org","@graph":[{"@type":"Article","@id":"https:\/\/www.africa-press.net\/guinee-conakry\/toutes-les-actualites\/le-ministre-mory-conde-sengage-a-garantir-lacces-a-un-logement-decent-pour-tous-les-guineens#article","isPartOf":{"@id":"https:\/\/www.africa-press.net\/guinee-conakry\/toutes-les-actualites\/le-ministre-mory-conde-sengage-a-garantir-lacces-a-un-logement-decent-pour-tous-les-guineens"},"author":{"name":"cfeditorfr","@id":"https:\/\/www.africa-press.net\/guinee-conakry\/#\/schema\/person\/2b1cf3cd81a31e3cd26889ca66d677f1"},"headline":"Le ministre Mory Cond\u00e9 s\u2019engage \u00e0 garantir \u2018\u2019l\u2019acc\u00e8s \u00e0 un logement d\u00e9cent pour tous les guin\u00e9ens\u2019\u2019","datePublished":"2024-03-18T12:08:21+00:00","dateModified":"2024-03-20T01:46:30+00:00","mainEntityOfPage":{"@id":"https:\/\/www.africa-press.net\/guinee-conakry\/toutes-les-actualites\/le-ministre-mory-conde-sengage-a-garantir-lacces-a-un-logement-decent-pour-tous-les-guineens"},"wordCount":446,"commentCount":0,"image":{"@id":"https:\/\/www.africa-press.net\/guinee-conakry\/toutes-les-actualites\/le-ministre-mory-conde-sengage-a-garantir-lacces-a-un-logement-decent-pour-tous-les-guineens#primaryimage"},"thumbnailUrl":"https:\/\/static.africa-press.net\/conakry\/sites\/63\/2024\/03\/sm_1710800466.418275.jpg","keywords":["Africa Press","Africa Press-Guin\u00e9e","Guin\u00e9e"],"articleSection":["Communaut\u00e9","Toutes les actualit\u00e9s"],"inLanguage":"fr-FR","potentialAction":[{"@type":"CommentAction","name":"Comment","target":["https:\/\/www.africa-press.net\/guinee-conakry\/toutes-les-actualites\/le-ministre-mory-conde-sengage-a-garantir-lacces-a-un-logement-decent-pour-tous-les-guineens#respond"]}]},{"@type":"WebPage","@id":"https:\/\/www.africa-press.net\/guinee-conakry\/toutes-les-actualites\/le-ministre-mory-conde-sengage-a-garantir-lacces-a-un-logement-decent-pour-tous-les-guineens","url":"https:\/\/www.africa-press.net\/guinee-conakry\/toutes-les-actualites\/le-ministre-mory-conde-sengage-a-garantir-lacces-a-un-logement-decent-pour-tous-les-guineens","name":"Le ministre Mory Cond\u00e9 s\u2019engage \u00e0 garantir \u2018\u2019l\u2019acc\u00e8s \u00e0 un logement d\u00e9cent pour tous les guin\u00e9ens\u2019\u2019 - guinee Conakry","isPartOf":{"@id":"https:\/\/www.africa-press.net\/guinee-conakry\/#website"},"primaryImageOfPage":{"@id":"https:\/\/www.africa-press.net\/guinee-conakry\/toutes-les-actualites\/le-ministre-mory-conde-sengage-a-garantir-lacces-a-un-logement-decent-pour-tous-les-guineens#primaryimage"},"image":{"@id":"https:\/\/www.africa-press.net\/guinee-conakry\/toutes-les-actualites\/le-ministre-mory-conde-sengage-a-garantir-lacces-a-un-logement-decent-pour-tous-les-guineens#primaryimage"},"thumbnailUrl":"https:\/\/static.africa-press.net\/conakry\/sites\/63\/2024\/03\/sm_1710800466.418275.jpg","datePublished":"2024-03-18T12:08:21+00:00","dateModified":"2024-03-20T01:46:30+00:00","author":{"@id":"https:\/\/www.africa-press.net\/guinee-conakry\/#\/schema\/person\/2b1cf3cd81a31e3cd26889ca66d677f1"},"description":"Le nouveau patron du ministe\u0300re de l\u2019urbanisme, de l\u2019habitat et de l\u2019ame\u0301nagement du territoire charge\u0301 de la re\u0301cupe ...","breadcrumb":{"@id":"https:\/\/www.africa-press.net\/guinee-conakry\/toutes-les-actualites\/le-ministre-mory-conde-sengage-a-garantir-lacces-a-un-logement-decent-pour-tous-les-guineens#breadcrumb"},"inLanguage":"fr-FR","potentialAction":[{"@type":"ReadAction","target":["https:\/\/www.africa-press.net\/guinee-conakry\/toutes-les-actualites\/le-ministre-mory-conde-sengage-a-garantir-lacces-a-un-logement-decent-pour-tous-les-guineens"]}]},{"@type":"ImageObject","inLanguage":"fr-FR","@id":"https:\/\/www.africa-press.net\/guinee-conakry\/toutes-les-actualites\/le-ministre-mory-conde-sengage-a-garantir-lacces-a-un-logement-decent-pour-tous-les-guineens#primaryimage","url":"https:\/\/static.africa-press.net\/conakry\/sites\/63\/2024\/03\/sm_1710800466.418275.jpg","contentUrl":"https:\/\/static.africa-press.net\/conakry\/sites\/63\/2024\/03\/sm_1710800466.418275.jpg","width":1024,"height":682,"caption":"Le ministre Mory Cond\u00e9 s\u2019engage \u00e0 garantir \u2018\u2019l\u2019acc\u00e8s \u00e0 un logement d\u00e9cent pour tous les guin\u00e9ens\u2019\u2019"},{"@type":"BreadcrumbList","@id":"https:\/\/www.africa-press.net\/guinee-conakry\/toutes-les-actualites\/le-ministre-mory-conde-sengage-a-garantir-lacces-a-un-logement-decent-pour-tous-les-guineens#breadcrumb","itemListElement":[{"@type":"ListItem","position":1,"name":"Accueil","item":"https:\/\/www.africa-press.net\/guinee-conakry\/"},{"@type":"ListItem","position":2,"name":"Le ministre Mory Cond\u00e9 s\u2019engage \u00e0 garantir \u2018\u2019l\u2019acc\u00e8s \u00e0 un logement d\u00e9cent pour tous les guin\u00e9ens\u2019\u2019"}]},{"@type":"WebSite","@id":"https:\/\/www.africa-press.net\/guinee-conakry\/#website","url":"https:\/\/www.africa-press.net\/guinee-conakry\/","name":"guinee Conakry","description":"Just another Africa News Agency Sites site","potentialAction":[{"@type":"SearchAction","target":{"@type":"EntryPoint","urlTemplate":"https:\/\/www.africa-press.net\/guinee-conakry\/?s={search_term_string}"},"query-input":{"@type":"PropertyValueSpecification","valueRequired":true,"valueName":"search_term_string"}}],"inLanguage":"fr-FR"},{"@type":"Person","@id":"https:\/\/www.africa-press.net\/guinee-conakry\/#\/schema\/person\/2b1cf3cd81a31e3cd26889ca66d677f1","name":"cfeditorfr"}]}},"_links":{"self":[{"href":"https:\/\/www.africa-press.net\/guinee-conakry\/wp-json\/wp\/v2\/posts\/19646","targetHints":{"allow":["GET"]}}],"collection":[{"href":"https:\/\/www.africa-press.net\/guinee-conakry\/wp-json\/wp\/v2\/posts"}],"about":[{"href":"https:\/\/www.africa-press.net\/guinee-conakry\/wp-json\/wp\/v2\/types\/post"}],"author":[{"embeddable":true,"href":"https:\/\/www.africa-press.net\/guinee-conakry\/wp-json\/wp\/v2\/users\/82"}],"replies":[{"embeddable":true,"href":"https:\/\/www.africa-press.net\/guinee-conakry\/wp-json\/wp\/v2\/comments?post=19646"}],"version-history":[{"count":0,"href":"https:\/\/www.africa-press.net\/guinee-conakry\/wp-json\/wp\/v2\/posts\/19646\/revisions"}],"wp:featuredmedia":[{"embeddable":true,"href":"https:\/\/www.africa-press.net\/guinee-conakry\/wp-json\/wp\/v2\/media\/19645"}],"wp:attachment":[{"href":"https:\/\/www.africa-press.net\/guinee-conakry\/wp-json\/wp\/v2\/media?parent=19646"}],"wp:term":[{"taxonomy":"category","embeddable":true,"href":"https:\/\/www.africa-press.net\/guinee-conakry\/wp-json\/wp\/v2\/categories?post=19646"},{"taxonomy":"post_tag","embeddable":true,"href":"https:\/\/www.africa-press.net\/guinee-conakry\/wp-json\/wp\/v2\/tags?post=19646"}],"curies":[{"name":"wp","href":"https:\/\/api.w.org\/{rel}","templated":true}]}}