{"id":29362,"date":"2025-04-05T14:30:00","date_gmt":"2025-04-05T14:30:00","guid":{"rendered":"https:\/\/www.africa-press.net\/guinee-conakry\/politique\/kankan-le-proces-de-lassassinat-dadama-konate-souvre-le-8-avril"},"modified":"2025-04-05T21:26:21","modified_gmt":"2025-04-05T21:26:21","slug":"kankan-le-proces-de-lassassinat-dadama-konate-souvre-le-8-avril","status":"publish","type":"post","link":"https:\/\/www.africa-press.net\/guinee-conakry\/politique\/kankan-le-proces-de-lassassinat-dadama-konate-souvre-le-8-avril","title":{"rendered":"Kankan : le Proc\u00e8s de L\u2019Assassinat D\u2019Adama Konat\u00e9 S\u2019Ouvre le 8 Avril"},"content":{"rendered":"<p><span style=\"color: #ff6600\"><strong>Africa-Press &#8211; Guin\u00e9e. <\/strong><\/span><b>Le procureur de la Re\u0301publique pre\u0300s le tribunal de premie\u0300re instance de Kankan a annonce\u0301 l\u2019ouverture, le mardi 8 avril 2025 a\u0300 9h, du proce\u0300s criminel de Bangaly Traore\u0301, accuse\u0301 d\u2019avoir poignarde\u0301 a\u0300 mort Adama Konate\u0301. Ce drame s\u2019est produit le 20 mars au marche\u0301 Dibida, dans le quartier Banankoroda, commune urbaine de Kankan.<\/b><\/p>\n<p>L\u2019audience se tiendra dans la salle d\u2019audience de\u0301localise\u0301e de la Cour d\u2019appel de Kankan. Le chef du parquet, Marouane Balde\u0301, a re\u0301affirme\u0301 son engagement envers les femmes de Guine\u0301e, assurant que leurs droits seront pleinement prote\u0301ge\u0301s dans cette affaire.<\/p>\n<p>Il s\u2019est fe\u0301licite\u0301 du classement en urgence extre\u0302me de ce dossier, conforme\u0301ment aux priorite\u0301s judiciaires et a\u0300 la politique pe\u0301nale du gouvernement.<\/p>\n<p>Le procureur Balde\u0301 a invite\u0301 la population de Kankan a\u0300 la se\u0301re\u0301nite\u0301 et a\u0300 la retenue, pour permettre a\u0300 la justice d\u2019accomplir sa mission dans le maintien de l\u2019ordre public et la lutte contre la criminalite\u0301.<\/p>\n<p>Pour plus d\u2019informations et d\u2019analyses sur la Guine\u0301e, suivez Africa-Press<\/p>\n<p><strong>Pour plus d&rsquo;informations et d&rsquo;analyses sur la <span style=\"color: #ff6600\">Guin\u00e9e<\/span>, suivez <span style=\"color: #ff6600\">Africa-Press<span style=\"color: #ff6600\"><\/span><\/strong><\/p>\n","protected":false},"excerpt":{"rendered":"<p>Africa-Press &#8211; Guin\u00e9e. Le procureur de la Re\u0301publique pre\u0300s le tribunal de premie\u0300re instance de Kankan a annonce\u0301 l\u2019ouverture, le mardi 8 avril 2025 a\u0300 9h, du proce\u0300s criminel de Bangaly Traore\u0301, accuse\u0301 d\u2019avoir poignarde\u0301 a\u0300 mort Adama Konate\u0301. Ce drame s\u2019est produit le 20 mars au marche\u0301 Dibida, dans le quartier Banankoroda, commune urbaine [&hellip;]<\/p>\n","protected":false},"author":82,"featured_media":29361,"comment_status":"open","ping_status":"closed","sticky":false,"template":"","format":"standard","meta":{"footnotes":""},"categories":[2,20,10],"tags":[58],"class_list":["post-29362","post","type-post","status-publish","format-standard","has-post-thumbnail","hentry","category-politique","category-top-nouvelles","category-toutes-les-actualites","tag-guinee"],"yoast_head":"<!-- This site is optimized with the Yoast SEO Premium plugin v26.1 (Yoast SEO v27.0) - https:\/\/yoast.com\/product\/yoast-seo-premium-wordpress\/ -->\n<title>Kankan : le Proc\u00e8s de L\u2019Assassinat D\u2019Adama Konat\u00e9 S\u2019Ouvre le 8 Avril - guinee Conakry<\/title>\n<meta name=\"robots\" content=\"index, follow, max-snippet:-1, max-image-preview:large, max-video-preview:-1\" \/>\n<link rel=\"canonical\" href=\"https:\/\/www.africa-press.net\/guinee-conakry\/politique\/kankan-le-proces-de-lassassinat-dadama-konate-souvre-le-8-avril\" \/>\n<meta property=\"og:locale\" content=\"fr_FR\" \/>\n<meta property=\"og:type\" content=\"article\" \/>\n<meta property=\"og:title\" content=\"Kankan : le Proc\u00e8s de L\u2019Assassinat D\u2019Adama Konat\u00e9 S\u2019Ouvre le 8 Avril\" \/>\n<meta property=\"og:description\" content=\"Africa-Press &#8211; Guin\u00e9e. Le procureur de la Re\u0301publique pre\u0300s le tribunal de premie\u0300re instance de Kankan a annonce\u0301 l\u2019ouverture, le mardi 8 avril 2025 a\u0300 9h, du proce\u0300s criminel de Bangaly Traore\u0301, accuse\u0301 d\u2019avoir poignarde\u0301 a\u0300 mort Adama Konate\u0301. Ce drame s\u2019est produit le 20 mars au marche\u0301 Dibida, dans le quartier Banankoroda, commune urbaine [&hellip;]\" \/>\n<meta property=\"og:url\" content=\"https:\/\/www.africa-press.net\/guinee-conakry\/politique\/kankan-le-proces-de-lassassinat-dadama-konate-souvre-le-8-avril\" \/>\n<meta property=\"og:site_name\" content=\"guinee Conakry\" \/>\n<meta property=\"article:published_time\" content=\"2025-04-05T14:30:00+00:00\" \/>\n<meta property=\"article:modified_time\" content=\"2025-04-05T21:26:21+00:00\" \/>\n<meta property=\"og:image\" content=\"https:\/\/static.africa-press.net\/conakry\/sites\/63\/2025\/04\/sm_1743809284.260501.jpg\" \/>\n\t<meta property=\"og:image:width\" content=\"1920\" \/>\n\t<meta property=\"og:image:height\" content=\"1025\" \/>\n\t<meta property=\"og:image:type\" content=\"image\/jpeg\" \/>\n<meta name=\"author\" content=\"cfeditorfr\" \/>\n<meta name=\"twitter:card\" content=\"summary_large_image\" \/>\n<meta name=\"twitter:label1\" content=\"\u00c9crit par\" \/>\n\t<meta name=\"twitter:data1\" content=\"cfeditorfr\" \/>\n\t<meta name=\"twitter:label2\" content=\"Dur\u00e9e de lecture estim\u00e9e\" \/>\n\t<meta name=\"twitter:data2\" content=\"1 minute\" \/>\n<script type=\"application\/ld+json\" class=\"yoast-schema-graph\">{\"@context\":\"https:\/\/schema.org\",\"@graph\":[{\"@type\":\"Article\",\"@id\":\"https:\/\/www.africa-press.net\/guinee-conakry\/politique\/kankan-le-proces-de-lassassinat-dadama-konate-souvre-le-8-avril#article\",\"isPartOf\":{\"@id\":\"https:\/\/www.africa-press.net\/guinee-conakry\/politique\/kankan-le-proces-de-lassassinat-dadama-konate-souvre-le-8-avril\"},\"author\":{\"name\":\"cfeditorfr\",\"@id\":\"https:\/\/www.africa-press.net\/guinee-conakry\/#\/schema\/person\/2b1cf3cd81a31e3cd26889ca66d677f1\"},\"headline\":\"Kankan : le Proc\u00e8s de L\u2019Assassinat D\u2019Adama Konat\u00e9 S\u2019Ouvre le 8 Avril\",\"datePublished\":\"2025-04-05T14:30:00+00:00\",\"dateModified\":\"2025-04-05T21:26:21+00:00\",\"mainEntityOfPage\":{\"@id\":\"https:\/\/www.africa-press.net\/guinee-conakry\/politique\/kankan-le-proces-de-lassassinat-dadama-konate-souvre-le-8-avril\"},\"wordCount\":218,\"commentCount\":1,\"image\":{\"@id\":\"https:\/\/www.africa-press.net\/guinee-conakry\/politique\/kankan-le-proces-de-lassassinat-dadama-konate-souvre-le-8-avril#primaryimage\"},\"thumbnailUrl\":\"https:\/\/static.africa-press.net\/conakry\/sites\/63\/2025\/04\/sm_1743809284.260501.jpg\",\"keywords\":[\"Guin\u00e9e\"],\"articleSection\":[\"Politique\",\"Top Nouvelles\",\"Toutes les actualit\u00e9s\"],\"inLanguage\":\"fr-FR\",\"potentialAction\":[{\"@type\":\"CommentAction\",\"name\":\"Comment\",\"target\":[\"https:\/\/www.africa-press.net\/guinee-conakry\/politique\/kankan-le-proces-de-lassassinat-dadama-konate-souvre-le-8-avril#respond\"]}]},{\"@type\":\"WebPage\",\"@id\":\"https:\/\/www.africa-press.net\/guinee-conakry\/politique\/kankan-le-proces-de-lassassinat-dadama-konate-souvre-le-8-avril\",\"url\":\"https:\/\/www.africa-press.net\/guinee-conakry\/politique\/kankan-le-proces-de-lassassinat-dadama-konate-souvre-le-8-avril\",\"name\":\"Kankan : le Proc\u00e8s de L\u2019Assassinat D\u2019Adama Konat\u00e9 S\u2019Ouvre le 8 Avril - guinee Conakry\",\"isPartOf\":{\"@id\":\"https:\/\/www.africa-press.net\/guinee-conakry\/#website\"},\"primaryImageOfPage\":{\"@id\":\"https:\/\/www.africa-press.net\/guinee-conakry\/politique\/kankan-le-proces-de-lassassinat-dadama-konate-souvre-le-8-avril#primaryimage\"},\"image\":{\"@id\":\"https:\/\/www.africa-press.net\/guinee-conakry\/politique\/kankan-le-proces-de-lassassinat-dadama-konate-souvre-le-8-avril#primaryimage\"},\"thumbnailUrl\":\"https:\/\/static.africa-press.net\/conakry\/sites\/63\/2025\/04\/sm_1743809284.260501.jpg\",\"datePublished\":\"2025-04-05T14:30:00+00:00\",\"dateModified\":\"2025-04-05T21:26:21+00:00\",\"author\":{\"@id\":\"https:\/\/www.africa-press.net\/guinee-conakry\/#\/schema\/person\/2b1cf3cd81a31e3cd26889ca66d677f1\"},\"breadcrumb\":{\"@id\":\"https:\/\/www.africa-press.net\/guinee-conakry\/politique\/kankan-le-proces-de-lassassinat-dadama-konate-souvre-le-8-avril#breadcrumb\"},\"inLanguage\":\"fr-FR\",\"potentialAction\":[{\"@type\":\"ReadAction\",\"target\":[\"https:\/\/www.africa-press.net\/guinee-conakry\/politique\/kankan-le-proces-de-lassassinat-dadama-konate-souvre-le-8-avril\"]}]},{\"@type\":\"ImageObject\",\"inLanguage\":\"fr-FR\",\"@id\":\"https:\/\/www.africa-press.net\/guinee-conakry\/politique\/kankan-le-proces-de-lassassinat-dadama-konate-souvre-le-8-avril#primaryimage\",\"url\":\"https:\/\/static.africa-press.net\/conakry\/sites\/63\/2025\/04\/sm_1743809284.260501.jpg\",\"contentUrl\":\"https:\/\/static.africa-press.net\/conakry\/sites\/63\/2025\/04\/sm_1743809284.260501.jpg\",\"width\":1920,\"height\":1025,\"caption\":\"Kankan : le Proc\u00e8s de L\u2019Assassinat D\u2019Adama Konat\u00e9 S\u2019Ouvre le 8 Avril\"},{\"@type\":\"BreadcrumbList\",\"@id\":\"https:\/\/www.africa-press.net\/guinee-conakry\/politique\/kankan-le-proces-de-lassassinat-dadama-konate-souvre-le-8-avril#breadcrumb\",\"itemListElement\":[{\"@type\":\"ListItem\",\"position\":1,\"name\":\"Accueil\",\"item\":\"https:\/\/www.africa-press.net\/guinee-conakry\/\"},{\"@type\":\"ListItem\",\"position\":2,\"name\":\"Kankan : le Proc\u00e8s de L\u2019Assassinat D\u2019Adama Konat\u00e9 S\u2019Ouvre le 8 Avril\"}]},{\"@type\":\"WebSite\",\"@id\":\"https:\/\/www.africa-press.net\/guinee-conakry\/#website\",\"url\":\"https:\/\/www.africa-press.net\/guinee-conakry\/\",\"name\":\"guinee Conakry\",\"description\":\"Just another Africa News Agency Sites site\",\"potentialAction\":[{\"@type\":\"SearchAction\",\"target\":{\"@type\":\"EntryPoint\",\"urlTemplate\":\"https:\/\/www.africa-press.net\/guinee-conakry\/?s={search_term_string}\"},\"query-input\":{\"@type\":\"PropertyValueSpecification\",\"valueRequired\":true,\"valueName\":\"search_term_string\"}}],\"inLanguage\":\"fr-FR\"},{\"@type\":\"Person\",\"@id\":\"https:\/\/www.africa-press.net\/guinee-conakry\/#\/schema\/person\/2b1cf3cd81a31e3cd26889ca66d677f1\",\"name\":\"cfeditorfr\"}]}<\/script>\n<!-- \/ Yoast SEO Premium plugin. -->","yoast_head_json":{"title":"Kankan : le Proc\u00e8s de L\u2019Assassinat D\u2019Adama Konat\u00e9 S\u2019Ouvre le 8 Avril - guinee Conakry","robots":{"index":"index","follow":"follow","max-snippet":"max-snippet:-1","max-image-preview":"max-image-preview:large","max-video-preview":"max-video-preview:-1"},"canonical":"https:\/\/www.africa-press.net\/guinee-conakry\/politique\/kankan-le-proces-de-lassassinat-dadama-konate-souvre-le-8-avril","og_locale":"fr_FR","og_type":"article","og_title":"Kankan : le Proc\u00e8s de L\u2019Assassinat D\u2019Adama Konat\u00e9 S\u2019Ouvre le 8 Avril","og_description":"Africa-Press &#8211; Guin\u00e9e. Le procureur de la Re\u0301publique pre\u0300s le tribunal de premie\u0300re instance de Kankan a annonce\u0301 l\u2019ouverture, le mardi 8 avril 2025 a\u0300 9h, du proce\u0300s criminel de Bangaly Traore\u0301, accuse\u0301 d\u2019avoir poignarde\u0301 a\u0300 mort Adama Konate\u0301. Ce drame s\u2019est produit le 20 mars au marche\u0301 Dibida, dans le quartier Banankoroda, commune urbaine [&hellip;]","og_url":"https:\/\/www.africa-press.net\/guinee-conakry\/politique\/kankan-le-proces-de-lassassinat-dadama-konate-souvre-le-8-avril","og_site_name":"guinee Conakry","article_published_time":"2025-04-05T14:30:00+00:00","article_modified_time":"2025-04-05T21:26:21+00:00","og_image":[{"width":1920,"height":1025,"url":"https:\/\/static.africa-press.net\/conakry\/sites\/63\/2025\/04\/sm_1743809284.260501.jpg","type":"image\/jpeg"}],"author":"cfeditorfr","twitter_card":"summary_large_image","twitter_misc":{"\u00c9crit par":"cfeditorfr","Dur\u00e9e de lecture estim\u00e9e":"1 minute"},"schema":{"@context":"https:\/\/schema.org","@graph":[{"@type":"Article","@id":"https:\/\/www.africa-press.net\/guinee-conakry\/politique\/kankan-le-proces-de-lassassinat-dadama-konate-souvre-le-8-avril#article","isPartOf":{"@id":"https:\/\/www.africa-press.net\/guinee-conakry\/politique\/kankan-le-proces-de-lassassinat-dadama-konate-souvre-le-8-avril"},"author":{"name":"cfeditorfr","@id":"https:\/\/www.africa-press.net\/guinee-conakry\/#\/schema\/person\/2b1cf3cd81a31e3cd26889ca66d677f1"},"headline":"Kankan : le Proc\u00e8s de L\u2019Assassinat D\u2019Adama Konat\u00e9 S\u2019Ouvre le 8 Avril","datePublished":"2025-04-05T14:30:00+00:00","dateModified":"2025-04-05T21:26:21+00:00","mainEntityOfPage":{"@id":"https:\/\/www.africa-press.net\/guinee-conakry\/politique\/kankan-le-proces-de-lassassinat-dadama-konate-souvre-le-8-avril"},"wordCount":218,"commentCount":1,"image":{"@id":"https:\/\/www.africa-press.net\/guinee-conakry\/politique\/kankan-le-proces-de-lassassinat-dadama-konate-souvre-le-8-avril#primaryimage"},"thumbnailUrl":"https:\/\/static.africa-press.net\/conakry\/sites\/63\/2025\/04\/sm_1743809284.260501.jpg","keywords":["Guin\u00e9e"],"articleSection":["Politique","Top Nouvelles","Toutes les actualit\u00e9s"],"inLanguage":"fr-FR","potentialAction":[{"@type":"CommentAction","name":"Comment","target":["https:\/\/www.africa-press.net\/guinee-conakry\/politique\/kankan-le-proces-de-lassassinat-dadama-konate-souvre-le-8-avril#respond"]}]},{"@type":"WebPage","@id":"https:\/\/www.africa-press.net\/guinee-conakry\/politique\/kankan-le-proces-de-lassassinat-dadama-konate-souvre-le-8-avril","url":"https:\/\/www.africa-press.net\/guinee-conakry\/politique\/kankan-le-proces-de-lassassinat-dadama-konate-souvre-le-8-avril","name":"Kankan : le Proc\u00e8s de L\u2019Assassinat D\u2019Adama Konat\u00e9 S\u2019Ouvre le 8 Avril - guinee Conakry","isPartOf":{"@id":"https:\/\/www.africa-press.net\/guinee-conakry\/#website"},"primaryImageOfPage":{"@id":"https:\/\/www.africa-press.net\/guinee-conakry\/politique\/kankan-le-proces-de-lassassinat-dadama-konate-souvre-le-8-avril#primaryimage"},"image":{"@id":"https:\/\/www.africa-press.net\/guinee-conakry\/politique\/kankan-le-proces-de-lassassinat-dadama-konate-souvre-le-8-avril#primaryimage"},"thumbnailUrl":"https:\/\/static.africa-press.net\/conakry\/sites\/63\/2025\/04\/sm_1743809284.260501.jpg","datePublished":"2025-04-05T14:30:00+00:00","dateModified":"2025-04-05T21:26:21+00:00","author":{"@id":"https:\/\/www.africa-press.net\/guinee-conakry\/#\/schema\/person\/2b1cf3cd81a31e3cd26889ca66d677f1"},"breadcrumb":{"@id":"https:\/\/www.africa-press.net\/guinee-conakry\/politique\/kankan-le-proces-de-lassassinat-dadama-konate-souvre-le-8-avril#breadcrumb"},"inLanguage":"fr-FR","potentialAction":[{"@type":"ReadAction","target":["https:\/\/www.africa-press.net\/guinee-conakry\/politique\/kankan-le-proces-de-lassassinat-dadama-konate-souvre-le-8-avril"]}]},{"@type":"ImageObject","inLanguage":"fr-FR","@id":"https:\/\/www.africa-press.net\/guinee-conakry\/politique\/kankan-le-proces-de-lassassinat-dadama-konate-souvre-le-8-avril#primaryimage","url":"https:\/\/static.africa-press.net\/conakry\/sites\/63\/2025\/04\/sm_1743809284.260501.jpg","contentUrl":"https:\/\/static.africa-press.net\/conakry\/sites\/63\/2025\/04\/sm_1743809284.260501.jpg","width":1920,"height":1025,"caption":"Kankan : le Proc\u00e8s de L\u2019Assassinat D\u2019Adama Konat\u00e9 S\u2019Ouvre le 8 Avril"},{"@type":"BreadcrumbList","@id":"https:\/\/www.africa-press.net\/guinee-conakry\/politique\/kankan-le-proces-de-lassassinat-dadama-konate-souvre-le-8-avril#breadcrumb","itemListElement":[{"@type":"ListItem","position":1,"name":"Accueil","item":"https:\/\/www.africa-press.net\/guinee-conakry\/"},{"@type":"ListItem","position":2,"name":"Kankan : le Proc\u00e8s de L\u2019Assassinat D\u2019Adama Konat\u00e9 S\u2019Ouvre le 8 Avril"}]},{"@type":"WebSite","@id":"https:\/\/www.africa-press.net\/guinee-conakry\/#website","url":"https:\/\/www.africa-press.net\/guinee-conakry\/","name":"guinee Conakry","description":"Just another Africa News Agency Sites site","potentialAction":[{"@type":"SearchAction","target":{"@type":"EntryPoint","urlTemplate":"https:\/\/www.africa-press.net\/guinee-conakry\/?s={search_term_string}"},"query-input":{"@type":"PropertyValueSpecification","valueRequired":true,"valueName":"search_term_string"}}],"inLanguage":"fr-FR"},{"@type":"Person","@id":"https:\/\/www.africa-press.net\/guinee-conakry\/#\/schema\/person\/2b1cf3cd81a31e3cd26889ca66d677f1","name":"cfeditorfr"}]}},"_links":{"self":[{"href":"https:\/\/www.africa-press.net\/guinee-conakry\/wp-json\/wp\/v2\/posts\/29362","targetHints":{"allow":["GET"]}}],"collection":[{"href":"https:\/\/www.africa-press.net\/guinee-conakry\/wp-json\/wp\/v2\/posts"}],"about":[{"href":"https:\/\/www.africa-press.net\/guinee-conakry\/wp-json\/wp\/v2\/types\/post"}],"author":[{"embeddable":true,"href":"https:\/\/www.africa-press.net\/guinee-conakry\/wp-json\/wp\/v2\/users\/82"}],"replies":[{"embeddable":true,"href":"https:\/\/www.africa-press.net\/guinee-conakry\/wp-json\/wp\/v2\/comments?post=29362"}],"version-history":[{"count":0,"href":"https:\/\/www.africa-press.net\/guinee-conakry\/wp-json\/wp\/v2\/posts\/29362\/revisions"}],"wp:featuredmedia":[{"embeddable":true,"href":"https:\/\/www.africa-press.net\/guinee-conakry\/wp-json\/wp\/v2\/media\/29361"}],"wp:attachment":[{"href":"https:\/\/www.africa-press.net\/guinee-conakry\/wp-json\/wp\/v2\/media?parent=29362"}],"wp:term":[{"taxonomy":"category","embeddable":true,"href":"https:\/\/www.africa-press.net\/guinee-conakry\/wp-json\/wp\/v2\/categories?post=29362"},{"taxonomy":"post_tag","embeddable":true,"href":"https:\/\/www.africa-press.net\/guinee-conakry\/wp-json\/wp\/v2\/tags?post=29362"}],"curies":[{"name":"wp","href":"https:\/\/api.w.org\/{rel}","templated":true}]}}