{"id":32690,"date":"2025-06-28T12:00:00","date_gmt":"2025-06-28T12:00:00","guid":{"rendered":"https:\/\/www.africa-press.net\/guinee-conakry\/politique\/salon-du-bourget-contrails-rechauffent-la-planete"},"modified":"2025-06-28T18:56:05","modified_gmt":"2025-06-28T18:56:05","slug":"salon-du-bourget-contrails-rechauffent-la-planete","status":"publish","type":"post","link":"https:\/\/www.africa-press.net\/guinee-conakry\/toutes-les-actualites\/salon-du-bourget-contrails-rechauffent-la-planete","title":{"rendered":"Salon du Bourget: Contrails Re\u0301chauffent la Plane\u0300Te"},"content":{"rendered":"<p><span style=\"color: #ff6600\"><strong>Africa-Press &#8211; Guin\u00e9e. <\/strong><\/span>Les trai\u0302ne\u0301es de condensation des avions, c\u2019est le sujet qui va e\u0301merger de plus en plus dans les prochains mois, souligne Denis Bonnet vice-pre\u0301sident de la recherche et de l\u2019innovation chez Thale\u0300s, rencontre\u0301 a\u0300 l\u2019occasion du 55e salon international de l\u2019ae\u0301ronautique et de l\u2019espace. Aujourd\u2019hui, nous ne savons pas vraiment comment mesurer le forc\u0327age radiatif effectif de ces trai\u0302ne\u0301es \u00bb. Les trai\u0302ne\u0301es de condensation (ou contrails) ce sont ces lignes blanches qui strient le ciel apre\u0300s le passage d\u2019un avion. Elles re\u0301sultent de la condensation de vapeur d\u2019eau issue des re\u0301acteurs autour de particules de suie, lorsque l\u2019atmosphe\u0300re est particulie\u0300rement froide et humide, a\u0300 une altitude de 8 a\u0300 13 km.<\/p>\n<p>\u00ab En fonction des conditions atmosphe\u0301riques environnantes, les trai\u0302ne\u0301es de condensation peuvent e\u0302tre de courte ou de longue dure\u0301e, e\u0301crivait le physicien de l\u2019atmosphe\u0300re allemand Bernd Ka\u0308rcher, dans un article paru dans Nature en 2018. Les trai\u0302ne\u0301es de condensation de longue dure\u0301e sont celles qui subsistent pendant au moins 10 minutes \u2013 de\u0301finies par l\u2019Organisation me\u0301te\u0301orologique mondiale comme Cirrus homogenitus1 \u2013 et constituent le seul type de nuage de glace cre\u0301e\u0301 par l\u2019homme \u00bb.<\/p>\n<p><b>L\u2019e\u0301tude des contrails demeure complexe<\/b><\/p>\n<p>Or, ces cirrus ne sont pas neutres pour le climat. En emprisonnant une partie du rayonnement infrarouge e\u0301mis par la Terre, ils contribuent e\u0301galement au re\u0301chauffement climatique. Selon une e\u0301tude publie\u0301e en janvier par les chercheurs espagnols Alboifazl Simorgh et Manuel Soler, l\u2019aviation repre\u0301sente environ 4 % du forc\u0327age radiatif total lie\u0301 aux activite\u0301s humaines depuis l\u2019e\u0300re pre\u0301industrielle, les effets autres que le CO2 comptent pour environ les deux tiers de cette contribution, le principal facteur de re\u0301chauffement e\u0301tant la formation des cirrus issus des trai\u0302ne\u0301es de condensation. Leur effet, bien que temporaire (quelques heures a\u0300 quelques jours), pourrait doubler l\u2019impact climatique de l\u2019aviation compare\u0301 au seul CO2.<\/p>\n<p>Aujourd\u2019hui, l\u2019e\u0301tude du forc\u0327age radiatif des trai\u0302ne\u0301es de condensation reste techniquement complexe, le signal des trai\u0302ne\u0301es e\u0301tant souvent confondu avec celui des cirrus naturels et leur effet variant selon l\u2019heure, la saison, la latitude et les conditions atmosphe\u0301riques. \u00ab La solution consiste a\u0300 modifier le\u0301ge\u0300rement les trajectoires de vols d\u2019une petite partie de la flotte mondiale \u00bb, explique Dennis Bonnet.<\/p>\n<p>Une solution e\u0301tudie\u0301e et de\u0301taille\u0301e dans l\u2019article d\u2019Alboifazl Simorgh et Manuel Soler, qui constatent que l\u2019automne est la saison la plus favorable pour ces modifications de vol, l\u2019e\u0301te\u0301 n\u2019offrant que peu de gains. Les trajets optimise\u0301s e\u0301vitent ainsi les zones de sursaturation en glace. Selon les chercheurs, seuls 6 a\u0300 21 % des vols ge\u0301ne\u0300rent 80 % de l\u2019impact des trai\u0302ne\u0301es: il s\u2019agit pour la plupart de vols long-courriers, notamment au-dessus de l\u2019Atlantique Nord, de l\u2019Europe et de l\u2019Ame\u0301rique du Nord, surtout en hiver et la nuit. Les reroutages pourraient donc e\u0302tre cible\u0301s efficacement, et des modifications d\u2019altitude de quelques centaines de me\u0300tres n\u2019entrai\u0302neraient des cou\u0302ts supple\u0301mentaires que de 0,2 a\u0300 2 %.<\/p>\n<p><b>Des expe\u0301rimentations concre\u0300tes: le cas Thales et Amelia<\/b><\/p>\n<p>En France, la compagnie re\u0301gionale Amelia et le groupe Thales expe\u0301rimentent de\u0301ja\u0300 la me\u0301thode. Depuis 2024, une solution nume\u0301rique baptise\u0301e Flights Footprint, de\u0301veloppe\u0301e par Thales, est utilise\u0301e sur les vols Paris\u2013Valladolid. Pour identifier les altitudes a\u0300 e\u0301viter, le syste\u0300me s\u2019appuie sur les dernie\u0300res pre\u0301visions me\u0301te\u0301o et des mode\u0300les climatiques de\u0301veloppe\u0301s avec les e\u0301quipes de Breakthrough Energy \u2013 une entite\u0301 fonde\u0301e par Bill Gates avec pour objectif de de\u0301velopper des solutions pour atteindre l\u2019objectif de ze\u0301ro e\u0301mission nette a\u0300 l\u2019horizon 2050. Re\u0301sultat: jusqu\u2019a\u0300 40 % de re\u0301duction de l\u2019impact climatique total sur certains vols, et plus de 4 tonnes d\u2019e\u0301quivalent CO2 e\u0301vite\u0301es par rotation. En 2025, Amelia pre\u0301voit d\u2019e\u0301tendre cette solution a\u0300 tous ses vols e\u0301ligibles.<\/p>\n<p>Pour Transport et Environnement (T&amp;E), un groupe d\u2019experts \u0153uvrant au de\u0301ploiement de transport propre en Europe, il faut aller plus loin, et l\u2019Union europe\u0301enne pourrait jouer un ro\u0302le crucial dans cette transition. T&amp;E recommande que tous les vols a\u0300 destination ou en provenance de l\u2019UE soient analyse\u0301s de\u0300s 2027 pour de\u0301tecter les risques de contrails. Mais le succe\u0300s de cette strate\u0301gie de\u0301pendra aussi de la volonte\u0301 politique et de la coordination entre compagnies ae\u0301riennes, constructeurs, motoristes, contro\u0302leurs ae\u0301riens et services me\u0301te\u0301orologiques. Si la re\u0301ponse technique semble a\u0300 porte\u0301e, la re\u0301ponse institutionnelle et e\u0301conomique demeure incertaine.<\/p>\n<p><strong>Pour plus d&rsquo;informations et d&rsquo;analyses sur la <span style=\"color: #ff6600\">Guin\u00e9e<\/span>, suivez <span style=\"color: #ff6600\">Africa-Press<\/span><\/strong><\/p>\n","protected":false},"excerpt":{"rendered":"<p>Africa-Press &#8211; Guin\u00e9e. Les trai\u0302ne\u0301es de condensation des avions, c\u2019est le sujet qui va e\u0301merger de plus en plus dans les prochains mois, souligne Denis Bonnet vice-pre\u0301sident de la recherche et de l\u2019innovation chez Thale\u0300s, rencontre\u0301 a\u0300 l\u2019occasion du 55e salon international de l\u2019ae\u0301ronautique et de l\u2019espace. Aujourd\u2019hui, nous ne savons pas vraiment comment mesurer [&hellip;]<\/p>\n","protected":false},"author":82,"featured_media":32689,"comment_status":"open","ping_status":"closed","sticky":false,"template":"","format":"standard","meta":{"footnotes":""},"categories":[22,10],"tags":[58,84],"class_list":["post-32690","post","type-post","status-publish","format-standard","has-post-thumbnail","hentry","category-divers","category-toutes-les-actualites","tag-guinee","tag-senegal"],"yoast_head":"<!-- This site is optimized with the Yoast SEO Premium plugin v26.1 (Yoast SEO v27.0) - https:\/\/yoast.com\/product\/yoast-seo-premium-wordpress\/ -->\n<title>Salon du Bourget: Contrails Re\u0301chauffent la Plane\u0300Te - guinee Conakry<\/title>\n<meta name=\"description\" content=\"Les trai\u0302ne\u0301es de condensation des avions, c\u2019est le sujet qui va e\u0301merger de plus en plus dans les prochains mois, souli ...\" \/>\n<meta name=\"robots\" content=\"index, follow, max-snippet:-1, max-image-preview:large, max-video-preview:-1\" \/>\n<link rel=\"canonical\" href=\"https:\/\/www.africa-press.net\/guinee-conakry\/toutes-les-actualites\/salon-du-bourget-contrails-rechauffent-la-planete\" \/>\n<meta property=\"og:locale\" content=\"fr_FR\" \/>\n<meta property=\"og:type\" content=\"article\" \/>\n<meta property=\"og:title\" content=\"Salon du Bourget: Contrails Re\u0301chauffent la Plane\u0300Te\" \/>\n<meta property=\"og:description\" content=\"Les trai\u0302ne\u0301es de condensation des avions, c\u2019est le sujet qui va e\u0301merger de plus en plus dans les prochains mois, souli ...\" \/>\n<meta property=\"og:url\" content=\"https:\/\/www.africa-press.net\/guinee-conakry\/toutes-les-actualites\/salon-du-bourget-contrails-rechauffent-la-planete\" \/>\n<meta property=\"og:site_name\" content=\"guinee Conakry\" \/>\n<meta property=\"article:published_time\" content=\"2025-06-28T12:00:00+00:00\" \/>\n<meta property=\"article:modified_time\" content=\"2025-06-28T18:56:05+00:00\" \/>\n<meta property=\"og:image\" content=\"https:\/\/static.africa-press.net\/conakry\/sites\/63\/2025\/06\/sm_1751123944.477842.jpg\" \/>\n\t<meta property=\"og:image:width\" content=\"1200\" \/>\n\t<meta property=\"og:image:height\" content=\"899\" \/>\n\t<meta property=\"og:image:type\" content=\"image\/jpeg\" \/>\n<meta name=\"author\" content=\"cfeditorfr\" \/>\n<meta name=\"twitter:card\" content=\"summary_large_image\" \/>\n<meta name=\"twitter:label1\" content=\"\u00c9crit par\" \/>\n\t<meta name=\"twitter:data1\" content=\"cfeditorfr\" \/>\n\t<meta name=\"twitter:label2\" content=\"Dur\u00e9e de lecture estim\u00e9e\" \/>\n\t<meta name=\"twitter:data2\" content=\"4 minutes\" \/>\n<script type=\"application\/ld+json\" class=\"yoast-schema-graph\">{\"@context\":\"https:\/\/schema.org\",\"@graph\":[{\"@type\":\"Article\",\"@id\":\"https:\/\/www.africa-press.net\/guinee-conakry\/toutes-les-actualites\/salon-du-bourget-contrails-rechauffent-la-planete#article\",\"isPartOf\":{\"@id\":\"https:\/\/www.africa-press.net\/guinee-conakry\/toutes-les-actualites\/salon-du-bourget-contrails-rechauffent-la-planete\"},\"author\":{\"name\":\"cfeditorfr\",\"@id\":\"https:\/\/www.africa-press.net\/guinee-conakry\/#\/schema\/person\/2b1cf3cd81a31e3cd26889ca66d677f1\"},\"headline\":\"Salon du Bourget: Contrails Re\u0301chauffent la Plane\u0300Te\",\"datePublished\":\"2025-06-28T12:00:00+00:00\",\"dateModified\":\"2025-06-28T18:56:05+00:00\",\"mainEntityOfPage\":{\"@id\":\"https:\/\/www.africa-press.net\/guinee-conakry\/toutes-les-actualites\/salon-du-bourget-contrails-rechauffent-la-planete\"},\"wordCount\":859,\"commentCount\":0,\"image\":{\"@id\":\"https:\/\/www.africa-press.net\/guinee-conakry\/toutes-les-actualites\/salon-du-bourget-contrails-rechauffent-la-planete#primaryimage\"},\"thumbnailUrl\":\"https:\/\/static.africa-press.net\/conakry\/sites\/63\/2025\/06\/sm_1751123944.477842.jpg\",\"keywords\":[\"Guin\u00e9e\",\"S\u00e9n\u00e9gal\"],\"articleSection\":[\"Divers\",\"Toutes les actualit\u00e9s\"],\"inLanguage\":\"fr-FR\",\"potentialAction\":[{\"@type\":\"CommentAction\",\"name\":\"Comment\",\"target\":[\"https:\/\/www.africa-press.net\/guinee-conakry\/toutes-les-actualites\/salon-du-bourget-contrails-rechauffent-la-planete#respond\"]}]},{\"@type\":\"WebPage\",\"@id\":\"https:\/\/www.africa-press.net\/guinee-conakry\/toutes-les-actualites\/salon-du-bourget-contrails-rechauffent-la-planete\",\"url\":\"https:\/\/www.africa-press.net\/guinee-conakry\/toutes-les-actualites\/salon-du-bourget-contrails-rechauffent-la-planete\",\"name\":\"Salon du Bourget: Contrails Re\u0301chauffent la Plane\u0300Te - guinee Conakry\",\"isPartOf\":{\"@id\":\"https:\/\/www.africa-press.net\/guinee-conakry\/#website\"},\"primaryImageOfPage\":{\"@id\":\"https:\/\/www.africa-press.net\/guinee-conakry\/toutes-les-actualites\/salon-du-bourget-contrails-rechauffent-la-planete#primaryimage\"},\"image\":{\"@id\":\"https:\/\/www.africa-press.net\/guinee-conakry\/toutes-les-actualites\/salon-du-bourget-contrails-rechauffent-la-planete#primaryimage\"},\"thumbnailUrl\":\"https:\/\/static.africa-press.net\/conakry\/sites\/63\/2025\/06\/sm_1751123944.477842.jpg\",\"datePublished\":\"2025-06-28T12:00:00+00:00\",\"dateModified\":\"2025-06-28T18:56:05+00:00\",\"author\":{\"@id\":\"https:\/\/www.africa-press.net\/guinee-conakry\/#\/schema\/person\/2b1cf3cd81a31e3cd26889ca66d677f1\"},\"description\":\"Les trai\u0302ne\u0301es de condensation des avions, c\u2019est le sujet qui va e\u0301merger de plus en plus dans les prochains mois, souli ...\",\"breadcrumb\":{\"@id\":\"https:\/\/www.africa-press.net\/guinee-conakry\/toutes-les-actualites\/salon-du-bourget-contrails-rechauffent-la-planete#breadcrumb\"},\"inLanguage\":\"fr-FR\",\"potentialAction\":[{\"@type\":\"ReadAction\",\"target\":[\"https:\/\/www.africa-press.net\/guinee-conakry\/toutes-les-actualites\/salon-du-bourget-contrails-rechauffent-la-planete\"]}]},{\"@type\":\"ImageObject\",\"inLanguage\":\"fr-FR\",\"@id\":\"https:\/\/www.africa-press.net\/guinee-conakry\/toutes-les-actualites\/salon-du-bourget-contrails-rechauffent-la-planete#primaryimage\",\"url\":\"https:\/\/static.africa-press.net\/conakry\/sites\/63\/2025\/06\/sm_1751123944.477842.jpg\",\"contentUrl\":\"https:\/\/static.africa-press.net\/conakry\/sites\/63\/2025\/06\/sm_1751123944.477842.jpg\",\"width\":1200,\"height\":899,\"caption\":\"Salon du Bourget: Contrails Re\u0301chauffent la Plane\u0300Te\"},{\"@type\":\"BreadcrumbList\",\"@id\":\"https:\/\/www.africa-press.net\/guinee-conakry\/toutes-les-actualites\/salon-du-bourget-contrails-rechauffent-la-planete#breadcrumb\",\"itemListElement\":[{\"@type\":\"ListItem\",\"position\":1,\"name\":\"Accueil\",\"item\":\"https:\/\/www.africa-press.net\/guinee-conakry\/\"},{\"@type\":\"ListItem\",\"position\":2,\"name\":\"Salon du Bourget: Contrails Re\u0301chauffent la Plane\u0300Te\"}]},{\"@type\":\"WebSite\",\"@id\":\"https:\/\/www.africa-press.net\/guinee-conakry\/#website\",\"url\":\"https:\/\/www.africa-press.net\/guinee-conakry\/\",\"name\":\"guinee Conakry\",\"description\":\"Just another Africa News Agency Sites site\",\"potentialAction\":[{\"@type\":\"SearchAction\",\"target\":{\"@type\":\"EntryPoint\",\"urlTemplate\":\"https:\/\/www.africa-press.net\/guinee-conakry\/?s={search_term_string}\"},\"query-input\":{\"@type\":\"PropertyValueSpecification\",\"valueRequired\":true,\"valueName\":\"search_term_string\"}}],\"inLanguage\":\"fr-FR\"},{\"@type\":\"Person\",\"@id\":\"https:\/\/www.africa-press.net\/guinee-conakry\/#\/schema\/person\/2b1cf3cd81a31e3cd26889ca66d677f1\",\"name\":\"cfeditorfr\"}]}<\/script>\n<!-- \/ Yoast SEO Premium plugin. -->","yoast_head_json":{"title":"Salon du Bourget: Contrails Re\u0301chauffent la Plane\u0300Te - guinee Conakry","description":"Les trai\u0302ne\u0301es de condensation des avions, c\u2019est le sujet qui va e\u0301merger de plus en plus dans les prochains mois, souli ...","robots":{"index":"index","follow":"follow","max-snippet":"max-snippet:-1","max-image-preview":"max-image-preview:large","max-video-preview":"max-video-preview:-1"},"canonical":"https:\/\/www.africa-press.net\/guinee-conakry\/toutes-les-actualites\/salon-du-bourget-contrails-rechauffent-la-planete","og_locale":"fr_FR","og_type":"article","og_title":"Salon du Bourget: Contrails Re\u0301chauffent la Plane\u0300Te","og_description":"Les trai\u0302ne\u0301es de condensation des avions, c\u2019est le sujet qui va e\u0301merger de plus en plus dans les prochains mois, souli ...","og_url":"https:\/\/www.africa-press.net\/guinee-conakry\/toutes-les-actualites\/salon-du-bourget-contrails-rechauffent-la-planete","og_site_name":"guinee Conakry","article_published_time":"2025-06-28T12:00:00+00:00","article_modified_time":"2025-06-28T18:56:05+00:00","og_image":[{"width":1200,"height":899,"url":"https:\/\/static.africa-press.net\/conakry\/sites\/63\/2025\/06\/sm_1751123944.477842.jpg","type":"image\/jpeg"}],"author":"cfeditorfr","twitter_card":"summary_large_image","twitter_misc":{"\u00c9crit par":"cfeditorfr","Dur\u00e9e de lecture estim\u00e9e":"4 minutes"},"schema":{"@context":"https:\/\/schema.org","@graph":[{"@type":"Article","@id":"https:\/\/www.africa-press.net\/guinee-conakry\/toutes-les-actualites\/salon-du-bourget-contrails-rechauffent-la-planete#article","isPartOf":{"@id":"https:\/\/www.africa-press.net\/guinee-conakry\/toutes-les-actualites\/salon-du-bourget-contrails-rechauffent-la-planete"},"author":{"name":"cfeditorfr","@id":"https:\/\/www.africa-press.net\/guinee-conakry\/#\/schema\/person\/2b1cf3cd81a31e3cd26889ca66d677f1"},"headline":"Salon du Bourget: Contrails Re\u0301chauffent la Plane\u0300Te","datePublished":"2025-06-28T12:00:00+00:00","dateModified":"2025-06-28T18:56:05+00:00","mainEntityOfPage":{"@id":"https:\/\/www.africa-press.net\/guinee-conakry\/toutes-les-actualites\/salon-du-bourget-contrails-rechauffent-la-planete"},"wordCount":859,"commentCount":0,"image":{"@id":"https:\/\/www.africa-press.net\/guinee-conakry\/toutes-les-actualites\/salon-du-bourget-contrails-rechauffent-la-planete#primaryimage"},"thumbnailUrl":"https:\/\/static.africa-press.net\/conakry\/sites\/63\/2025\/06\/sm_1751123944.477842.jpg","keywords":["Guin\u00e9e","S\u00e9n\u00e9gal"],"articleSection":["Divers","Toutes les actualit\u00e9s"],"inLanguage":"fr-FR","potentialAction":[{"@type":"CommentAction","name":"Comment","target":["https:\/\/www.africa-press.net\/guinee-conakry\/toutes-les-actualites\/salon-du-bourget-contrails-rechauffent-la-planete#respond"]}]},{"@type":"WebPage","@id":"https:\/\/www.africa-press.net\/guinee-conakry\/toutes-les-actualites\/salon-du-bourget-contrails-rechauffent-la-planete","url":"https:\/\/www.africa-press.net\/guinee-conakry\/toutes-les-actualites\/salon-du-bourget-contrails-rechauffent-la-planete","name":"Salon du Bourget: Contrails Re\u0301chauffent la Plane\u0300Te - guinee Conakry","isPartOf":{"@id":"https:\/\/www.africa-press.net\/guinee-conakry\/#website"},"primaryImageOfPage":{"@id":"https:\/\/www.africa-press.net\/guinee-conakry\/toutes-les-actualites\/salon-du-bourget-contrails-rechauffent-la-planete#primaryimage"},"image":{"@id":"https:\/\/www.africa-press.net\/guinee-conakry\/toutes-les-actualites\/salon-du-bourget-contrails-rechauffent-la-planete#primaryimage"},"thumbnailUrl":"https:\/\/static.africa-press.net\/conakry\/sites\/63\/2025\/06\/sm_1751123944.477842.jpg","datePublished":"2025-06-28T12:00:00+00:00","dateModified":"2025-06-28T18:56:05+00:00","author":{"@id":"https:\/\/www.africa-press.net\/guinee-conakry\/#\/schema\/person\/2b1cf3cd81a31e3cd26889ca66d677f1"},"description":"Les trai\u0302ne\u0301es de condensation des avions, c\u2019est le sujet qui va e\u0301merger de plus en plus dans les prochains mois, souli ...","breadcrumb":{"@id":"https:\/\/www.africa-press.net\/guinee-conakry\/toutes-les-actualites\/salon-du-bourget-contrails-rechauffent-la-planete#breadcrumb"},"inLanguage":"fr-FR","potentialAction":[{"@type":"ReadAction","target":["https:\/\/www.africa-press.net\/guinee-conakry\/toutes-les-actualites\/salon-du-bourget-contrails-rechauffent-la-planete"]}]},{"@type":"ImageObject","inLanguage":"fr-FR","@id":"https:\/\/www.africa-press.net\/guinee-conakry\/toutes-les-actualites\/salon-du-bourget-contrails-rechauffent-la-planete#primaryimage","url":"https:\/\/static.africa-press.net\/conakry\/sites\/63\/2025\/06\/sm_1751123944.477842.jpg","contentUrl":"https:\/\/static.africa-press.net\/conakry\/sites\/63\/2025\/06\/sm_1751123944.477842.jpg","width":1200,"height":899,"caption":"Salon du Bourget: Contrails Re\u0301chauffent la Plane\u0300Te"},{"@type":"BreadcrumbList","@id":"https:\/\/www.africa-press.net\/guinee-conakry\/toutes-les-actualites\/salon-du-bourget-contrails-rechauffent-la-planete#breadcrumb","itemListElement":[{"@type":"ListItem","position":1,"name":"Accueil","item":"https:\/\/www.africa-press.net\/guinee-conakry\/"},{"@type":"ListItem","position":2,"name":"Salon du Bourget: Contrails Re\u0301chauffent la Plane\u0300Te"}]},{"@type":"WebSite","@id":"https:\/\/www.africa-press.net\/guinee-conakry\/#website","url":"https:\/\/www.africa-press.net\/guinee-conakry\/","name":"guinee Conakry","description":"Just another Africa News Agency Sites site","potentialAction":[{"@type":"SearchAction","target":{"@type":"EntryPoint","urlTemplate":"https:\/\/www.africa-press.net\/guinee-conakry\/?s={search_term_string}"},"query-input":{"@type":"PropertyValueSpecification","valueRequired":true,"valueName":"search_term_string"}}],"inLanguage":"fr-FR"},{"@type":"Person","@id":"https:\/\/www.africa-press.net\/guinee-conakry\/#\/schema\/person\/2b1cf3cd81a31e3cd26889ca66d677f1","name":"cfeditorfr"}]}},"_links":{"self":[{"href":"https:\/\/www.africa-press.net\/guinee-conakry\/wp-json\/wp\/v2\/posts\/32690","targetHints":{"allow":["GET"]}}],"collection":[{"href":"https:\/\/www.africa-press.net\/guinee-conakry\/wp-json\/wp\/v2\/posts"}],"about":[{"href":"https:\/\/www.africa-press.net\/guinee-conakry\/wp-json\/wp\/v2\/types\/post"}],"author":[{"embeddable":true,"href":"https:\/\/www.africa-press.net\/guinee-conakry\/wp-json\/wp\/v2\/users\/82"}],"replies":[{"embeddable":true,"href":"https:\/\/www.africa-press.net\/guinee-conakry\/wp-json\/wp\/v2\/comments?post=32690"}],"version-history":[{"count":0,"href":"https:\/\/www.africa-press.net\/guinee-conakry\/wp-json\/wp\/v2\/posts\/32690\/revisions"}],"wp:featuredmedia":[{"embeddable":true,"href":"https:\/\/www.africa-press.net\/guinee-conakry\/wp-json\/wp\/v2\/media\/32689"}],"wp:attachment":[{"href":"https:\/\/www.africa-press.net\/guinee-conakry\/wp-json\/wp\/v2\/media?parent=32690"}],"wp:term":[{"taxonomy":"category","embeddable":true,"href":"https:\/\/www.africa-press.net\/guinee-conakry\/wp-json\/wp\/v2\/categories?post=32690"},{"taxonomy":"post_tag","embeddable":true,"href":"https:\/\/www.africa-press.net\/guinee-conakry\/wp-json\/wp\/v2\/tags?post=32690"}],"curies":[{"name":"wp","href":"https:\/\/api.w.org\/{rel}","templated":true}]}}