{"id":33799,"date":"2025-08-06T14:00:00","date_gmt":"2025-08-06T14:00:00","guid":{"rendered":"https:\/\/www.africa-press.net\/guinee-conakry\/politique\/referendum-du-21-septembre-comite-inter-parties-forme"},"modified":"2025-08-06T21:21:45","modified_gmt":"2025-08-06T21:21:45","slug":"referendum-du-21-septembre-comite-inter-parties-forme","status":"publish","type":"post","link":"https:\/\/www.africa-press.net\/guinee-conakry\/politique\/referendum-du-21-septembre-comite-inter-parties-forme","title":{"rendered":"Re\u0301fe\u0301rendum du 21 Septembre: Comite\u0301 Inter-Parties Forme\u0301"},"content":{"rendered":"<p><span style=\"color: #ff6600\"><strong>Africa-Press &#8211; Guin\u00e9e. <\/strong><\/span><b>Dans le cadre de l\u2019organisation du scrutin re\u0301fe\u0301rendaire pre\u0301vu le 21 septembre 2025, le ministe\u0300re de l\u2019administration du territoire et de la de\u0301centralisation, a\u0300 travers la Direction ge\u0301ne\u0301rale des e\u0301lections, a mis en place le comite\u0301 inter-parties ce mercredi 6 aou\u0302t 2025 a\u0300 Conakry.<\/b><\/p>\n<p>Ce comite\u0301 sera un espace d\u2019information et d\u2019e\u0301changes sur les activite\u0301s du processus re\u0301fe\u0301rendaire. Il constitue un cadre de concertation technique entre la Direction ge\u0301ne\u0301rale des e\u0301lections et les parties prenantes au processus de retour a\u0300 l\u2019ordre constitutionnel.<\/p>\n<p>A\u0300 l\u2019issue de cette rencontre, qui a connu la pre\u0301sence du ministre de l\u2019administration du territoire et de la de\u0301centralisation, Ibrahima Kalil Conde\u0301, du porte-parole du gouvernement Ousmane Gaoual Diallo, de membres du Conseil national de la transition (CNT), d\u2019acteurs de la socie\u0301te\u0301 civile guine\u0301enne et de partis politiques en re\u0300gle, Dje\u0301nab Toure\u0301, la directrice ge\u0301ne\u0301rale des e\u0301lections (DGE), a explique\u0301 l\u2019importance de ce comite\u0301.<\/p>\n<p>\u2018\u2019Je ne pense pas que ce soit tard, parce que la DGE vient d\u2019e\u0302tre installe\u0301e comme l\u2019organe gouvernemental en charge de l\u2019organisation du scrutin re\u0301fe\u0301rendaire\u2019\u2019, a-t-elle de\u0301clare\u0301.<\/p>\n<p>\u2018\u2019Une fois que les choses ont e\u0301te\u0301 faites dans les normes, parce qu\u2019il y a une loi fixant les modalite\u0301s d\u2019organisation du re\u0301fe\u0301rendum constitutionnel, qui cre\u0301e la Direction ge\u0301ne\u0301rale des e\u0301lections, comme e\u0301tant l\u2019organe gouvernemental au sein du MATD, apre\u0300s notre installation, il fallait que nous travaillions a\u0300 rendre le processus plus inclusif, mais de fac\u0327on technique. Certains partis politiques n\u2019ont pas re\u0301pondu\u2019\u2019, a indique\u0301 Mme Toure\u0301.<\/p>\n<p>Interroge\u0301e sur l\u2019absence de partis comme l\u2019UFDG de Cellou Dalein Diallo, l\u2019UFR de Sidya Toure\u0301 et le RPG Arc-en-ciel de l\u2019ancien pre\u0301sident Alpha Conde\u0301, elle rappelle que depuis 3 ans, \u2018\u2019nous sommes dans un processus d\u2019e\u0301valuation des partis politiques. Si vous avez suivi la publication des re\u0301sultats re\u0301cents sur l\u2019e\u0301valuation, nous sommes passe\u0301s de 46 a\u0300 77, puis 99 partis politiques re\u0301gularise\u0301s. Actuellement, 126 partis politiques ont e\u0301te\u0301 re\u0301gularise\u0301s. Certains n\u2019ont pas encore finalise\u0301 leur re\u0301gularisation. Une fois re\u0301gularise\u0301s, ils rejoindront le groupe\u2019\u2019.<\/p>\n<p>Pre\u0301sent a\u0300 la rencontre, Ibrahima Abe\u0301 Sylla, pre\u0301sident du parti Nouvelle ge\u0301ne\u0301ration pour la Re\u0301publique (NGR), s\u2019est fe\u0301licite\u0301 de la mise en place de ce comite\u0301.<\/p>\n<p>\u2018\u2019Le comite\u0301 inter-parties est essentiel dans le sens ou\u0300 il permettra des travaux internes entre nous, les autres parties: la socie\u0301te\u0301 civile, le gouvernement, etc.\u2019\u2019, a-t-il souligne\u0301<\/p>\n<p>A a\u0300 la question de savoir si la mise en place de ce comite\u0301 n\u2019est pas tardive, cet ancien ministre de l\u2019e\u0301nergie du gouvernement re\u0301pond: \u2018\u2019Non, pas du tout. Nous pouvons faire ce qui est possible pour aboutir a\u0300 une issue favorable pour tous. C\u2019est une ouverture, c\u0327a n\u2019a pas encore commence\u0301. Les de\u0301bats se renforceront au fur et a\u0300 mesure\u2019\u2019, conclut Abe\u0301 Sylla.<\/p>\n\r\n                <style type=\"text\/css\">\r\n                    \r\n                    #td_uid_1_69f35c93c32df  .td-doubleSlider-2 .td-item1 {\r\n                        background: url(https:\/\/static.africa-press.net\/conakry\/sites\/63\/2025\/08\/sm_1754543635.238121-80x60.jpg) 0 0 no-repeat;\r\n                    }\r\n                    #td_uid_1_69f35c93c32df  .td-doubleSlider-2 .td-item2 {\r\n                        background: url(https:\/\/static.africa-press.net\/conakry\/sites\/63\/2025\/08\/sm_1754543639.501752-80x60.jpg) 0 0 no-repeat;\r\n                    }\r\n                    #td_uid_1_69f35c93c32df  .td-doubleSlider-2 .td-item3 {\r\n                        background: url(https:\/\/static.africa-press.net\/conakry\/sites\/63\/2025\/08\/sm_1754543643.116052-80x60.jpg) 0 0 no-repeat;\r\n                    }\r\n                    #td_uid_1_69f35c93c32df  .td-doubleSlider-2 .td-item4 {\r\n                        background: url(https:\/\/static.africa-press.net\/conakry\/sites\/63\/2025\/08\/sm_1754543647.006224-80x60.jpg) 0 0 no-repeat;\r\n                    }\r\n                <\/style>\r\n\r\n                <div id=\"td_uid_1_69f35c93c32df\" class=\"td-gallery td-slide-on-2-columns\">\r\n                    <div class=\"post_td_gallery\">\r\n                        <div class=\"td-gallery-slide-top\">\r\n                           <div class=\"td-gallery-title\"><\/div>\r\n\r\n                            <div class=\"td-gallery-controls-wrapper\">\r\n                                <div class=\"td-gallery-slide-count\"><span class=\"td-gallery-slide-item-focus\">1<\/span> de 4<\/div>\r\n                                <div class=\"td-gallery-slide-prev-next-but\">\r\n                                    <i class = \"td-icon-left doubleSliderPrevButton\"><\/i>\r\n                                    <i class = \"td-icon-right doubleSliderNextButton\"><\/i>\r\n                                <\/div>\r\n                            <\/div>\r\n                        <\/div>\r\n\r\n                        <div class = \"td-doubleSlider-1 \">\r\n                            <div class = \"td-slider\">\r\n                                \r\n                    <div class = \"td-slide-item td-item1\">\r\n                        <figure class=\"td-slide-galery-figure td-slide-popup-gallery\">\r\n                            <a class=\"slide-gallery-image-link\" href=\"https:\/\/static.africa-press.net\/conakry\/sites\/63\/2025\/08\/sm_1754543635.238121.jpg\" title=\"sm_1754543635.238121\"  data-caption=\"\"  data-description=\"\">\r\n                                <img decoding=\"async\" src=\"https:\/\/static.africa-press.net\/conakry\/sites\/63\/2025\/08\/sm_1754543635.238121.jpg\" srcset=\"https:\/\/static.africa-press.net\/conakry\/sites\/63\/2025\/08\/sm_1754543635.238121.jpg 1080w, https:\/\/static.africa-press.net\/conakry\/sites\/63\/2025\/08\/sm_1754543635.238121-300x225.jpg 300w, https:\/\/static.africa-press.net\/conakry\/sites\/63\/2025\/08\/sm_1754543635.238121-1024x768.jpg 1024w, https:\/\/static.africa-press.net\/conakry\/sites\/63\/2025\/08\/sm_1754543635.238121-768x576.jpg 768w, https:\/\/static.africa-press.net\/conakry\/sites\/63\/2025\/08\/sm_1754543635.238121-80x60.jpg 80w\" sizes=\"(max-width: 1080px) 100vw, 1080px\" alt=\"\">\r\n                            <\/a>\r\n                            \r\n                        <\/figure>\r\n                    <\/div>\r\n                    <div class = \"td-slide-item td-item2\">\r\n                        <figure class=\"td-slide-galery-figure td-slide-popup-gallery\">\r\n                            <a class=\"slide-gallery-image-link\" href=\"https:\/\/static.africa-press.net\/conakry\/sites\/63\/2025\/08\/sm_1754543639.501752.jpg\" title=\"sm_1754543639.501752\"  data-caption=\"\"  data-description=\"\">\r\n                                <img decoding=\"async\" src=\"https:\/\/static.africa-press.net\/conakry\/sites\/63\/2025\/08\/sm_1754543639.501752.jpg\" srcset=\"https:\/\/static.africa-press.net\/conakry\/sites\/63\/2025\/08\/sm_1754543639.501752.jpg 1079w, https:\/\/static.africa-press.net\/conakry\/sites\/63\/2025\/08\/sm_1754543639.501752-300x169.jpg 300w, https:\/\/static.africa-press.net\/conakry\/sites\/63\/2025\/08\/sm_1754543639.501752-1024x576.jpg 1024w, https:\/\/static.africa-press.net\/conakry\/sites\/63\/2025\/08\/sm_1754543639.501752-768x432.jpg 768w\" sizes=\"(max-width: 1079px) 100vw, 1079px\" alt=\"\">\r\n                            <\/a>\r\n                            \r\n                        <\/figure>\r\n                    <\/div>\r\n                    <div class = \"td-slide-item td-item3\">\r\n                        <figure class=\"td-slide-galery-figure td-slide-popup-gallery\">\r\n                            <a class=\"slide-gallery-image-link\" href=\"https:\/\/static.africa-press.net\/conakry\/sites\/63\/2025\/08\/sm_1754543643.116052.jpg\" title=\"sm_1754543643.116052\"  data-caption=\"\"  data-description=\"\">\r\n                                <img decoding=\"async\" src=\"https:\/\/static.africa-press.net\/conakry\/sites\/63\/2025\/08\/sm_1754543643.116052.jpg\" srcset=\"https:\/\/static.africa-press.net\/conakry\/sites\/63\/2025\/08\/sm_1754543643.116052.jpg 1079w, https:\/\/static.africa-press.net\/conakry\/sites\/63\/2025\/08\/sm_1754543643.116052-300x169.jpg 300w, https:\/\/static.africa-press.net\/conakry\/sites\/63\/2025\/08\/sm_1754543643.116052-1024x576.jpg 1024w, https:\/\/static.africa-press.net\/conakry\/sites\/63\/2025\/08\/sm_1754543643.116052-768x432.jpg 768w\" sizes=\"(max-width: 1079px) 100vw, 1079px\" alt=\"\">\r\n                            <\/a>\r\n                            \r\n                        <\/figure>\r\n                    <\/div>\r\n                    <div class = \"td-slide-item td-item4\">\r\n                        <figure class=\"td-slide-galery-figure td-slide-popup-gallery\">\r\n                            <a class=\"slide-gallery-image-link\" href=\"https:\/\/static.africa-press.net\/conakry\/sites\/63\/2025\/08\/sm_1754543647.006224.jpg\" title=\"sm_1754543647.006224\"  data-caption=\"\"  data-description=\"\">\r\n                                <img decoding=\"async\" src=\"https:\/\/static.africa-press.net\/conakry\/sites\/63\/2025\/08\/sm_1754543647.006224.jpg\" srcset=\"https:\/\/static.africa-press.net\/conakry\/sites\/63\/2025\/08\/sm_1754543647.006224.jpg 750w, https:\/\/static.africa-press.net\/conakry\/sites\/63\/2025\/08\/sm_1754543647.006224-300x172.jpg 300w\" sizes=\"(max-width: 750px) 100vw, 750px\" alt=\"\">\r\n                            <\/a>\r\n                            \r\n                        <\/figure>\r\n                    <\/div>\r\n                            <\/div>\r\n                        <\/div>\r\n\r\n                        <div class = \"td-doubleSlider-2\">\r\n                            <div class = \"td-slider\">\r\n                                \r\n                    <div class = \"td-button td-item1\">\r\n                        <div class = \"td-border\"><\/div>\r\n                    <\/div>\r\n                    <div class = \"td-button td-item2\">\r\n                        <div class = \"td-border\"><\/div>\r\n                    <\/div>\r\n                    <div class = \"td-button td-item3\">\r\n                        <div class = \"td-border\"><\/div>\r\n                    <\/div>\r\n                    <div class = \"td-button td-item4\">\r\n                        <div class = \"td-border\"><\/div>\r\n                    <\/div>\r\n                            <\/div>\r\n                        <\/div>\r\n\r\n                    <\/div>\r\n\r\n                <\/div>\r\n                \n<p><strong>Pour plus d&rsquo;informations et d&rsquo;analyses sur la <span style=\"color: #ff6600\">Guin\u00e9e<\/span>, suivez <span style=\"color: #ff6600\">Africa-Press<\/span><\/strong><\/p>\n","protected":false},"excerpt":{"rendered":"<p>Africa-Press &#8211; Guin\u00e9e. Dans le cadre de l\u2019organisation du scrutin re\u0301fe\u0301rendaire pre\u0301vu le 21 septembre 2025, le ministe\u0300re de l\u2019administration du territoire et de la de\u0301centralisation, a\u0300 travers la Direction ge\u0301ne\u0301rale des e\u0301lections, a mis en place le comite\u0301 inter-parties ce mercredi 6 aou\u0302t 2025 a\u0300 Conakry. Ce comite\u0301 sera un espace d\u2019information et d\u2019e\u0301changes [&hellip;]<\/p>\n","protected":false},"author":82,"featured_media":33798,"comment_status":"open","ping_status":"closed","sticky":false,"template":"","format":"standard","meta":{"footnotes":""},"categories":[4,2,56,20,10],"tags":[58],"class_list":["post-33799","post","type-post","status-publish","format-standard","has-post-thumbnail","hentry","category-parties","category-politique","category-to-homepage","category-top-nouvelles","category-toutes-les-actualites","tag-guinee"],"yoast_head":"<!-- This site is optimized with the Yoast SEO Premium plugin v26.1 (Yoast SEO v27.0) - https:\/\/yoast.com\/product\/yoast-seo-premium-wordpress\/ -->\n<title>Re\u0301fe\u0301rendum du 21 Septembre: Comite\u0301 Inter-Parties Forme\u0301 - guinee Conakry<\/title>\n<meta name=\"description\" content=\"Dans le cadre de l\u2019organisation du scrutin re\u0301fe\u0301rendaire pre\u0301vu le 21 septembre 2025, le ministe\u0300re de l\u2019administrat ...\" \/>\n<meta name=\"robots\" content=\"index, follow, max-snippet:-1, max-image-preview:large, max-video-preview:-1\" \/>\n<link rel=\"canonical\" href=\"https:\/\/www.africa-press.net\/guinee-conakry\/politique\/referendum-du-21-septembre-comite-inter-parties-forme\" \/>\n<meta property=\"og:locale\" content=\"fr_FR\" \/>\n<meta property=\"og:type\" content=\"article\" \/>\n<meta property=\"og:title\" content=\"Re\u0301fe\u0301rendum du 21 Septembre: Comite\u0301 Inter-Parties Forme\u0301\" \/>\n<meta property=\"og:description\" content=\"Dans le cadre de l\u2019organisation du scrutin re\u0301fe\u0301rendaire pre\u0301vu le 21 septembre 2025, le ministe\u0300re de l\u2019administrat ...\" \/>\n<meta property=\"og:url\" content=\"https:\/\/www.africa-press.net\/guinee-conakry\/politique\/referendum-du-21-septembre-comite-inter-parties-forme\" \/>\n<meta property=\"og:site_name\" content=\"guinee Conakry\" \/>\n<meta property=\"article:published_time\" content=\"2025-08-06T14:00:00+00:00\" \/>\n<meta property=\"article:modified_time\" content=\"2025-08-06T21:21:45+00:00\" \/>\n<meta property=\"og:image\" content=\"https:\/\/static.africa-press.net\/conakry\/sites\/63\/2025\/08\/sm_1754543650.079407.jpg\" \/>\n\t<meta property=\"og:image:width\" content=\"1079\" \/>\n\t<meta property=\"og:image:height\" content=\"607\" \/>\n\t<meta property=\"og:image:type\" content=\"image\/jpeg\" \/>\n<meta name=\"author\" content=\"cfeditorfr\" \/>\n<meta name=\"twitter:card\" content=\"summary_large_image\" \/>\n<meta name=\"twitter:label1\" content=\"\u00c9crit par\" \/>\n\t<meta name=\"twitter:data1\" content=\"cfeditorfr\" \/>\n\t<meta name=\"twitter:label2\" content=\"Dur\u00e9e de lecture estim\u00e9e\" \/>\n\t<meta name=\"twitter:data2\" content=\"3 minutes\" \/>\n<script type=\"application\/ld+json\" class=\"yoast-schema-graph\">{\"@context\":\"https:\/\/schema.org\",\"@graph\":[{\"@type\":\"Article\",\"@id\":\"https:\/\/www.africa-press.net\/guinee-conakry\/politique\/referendum-du-21-septembre-comite-inter-parties-forme#article\",\"isPartOf\":{\"@id\":\"https:\/\/www.africa-press.net\/guinee-conakry\/politique\/referendum-du-21-septembre-comite-inter-parties-forme\"},\"author\":{\"name\":\"cfeditorfr\",\"@id\":\"https:\/\/www.africa-press.net\/guinee-conakry\/#\/schema\/person\/2b1cf3cd81a31e3cd26889ca66d677f1\"},\"headline\":\"Re\u0301fe\u0301rendum du 21 Septembre: Comite\u0301 Inter-Parties Forme\u0301\",\"datePublished\":\"2025-08-06T14:00:00+00:00\",\"dateModified\":\"2025-08-06T21:21:45+00:00\",\"mainEntityOfPage\":{\"@id\":\"https:\/\/www.africa-press.net\/guinee-conakry\/politique\/referendum-du-21-septembre-comite-inter-parties-forme\"},\"wordCount\":563,\"commentCount\":0,\"image\":{\"@id\":\"https:\/\/www.africa-press.net\/guinee-conakry\/politique\/referendum-du-21-septembre-comite-inter-parties-forme#primaryimage\"},\"thumbnailUrl\":\"https:\/\/static.africa-press.net\/conakry\/sites\/63\/2025\/08\/sm_1754543650.079407.jpg\",\"keywords\":[\"Guin\u00e9e\"],\"articleSection\":[\"Parties\",\"Politique\",\"to-homepage\",\"Top Nouvelles\",\"Toutes les actualit\u00e9s\"],\"inLanguage\":\"fr-FR\",\"potentialAction\":[{\"@type\":\"CommentAction\",\"name\":\"Comment\",\"target\":[\"https:\/\/www.africa-press.net\/guinee-conakry\/politique\/referendum-du-21-septembre-comite-inter-parties-forme#respond\"]}]},{\"@type\":\"WebPage\",\"@id\":\"https:\/\/www.africa-press.net\/guinee-conakry\/politique\/referendum-du-21-septembre-comite-inter-parties-forme\",\"url\":\"https:\/\/www.africa-press.net\/guinee-conakry\/politique\/referendum-du-21-septembre-comite-inter-parties-forme\",\"name\":\"Re\u0301fe\u0301rendum du 21 Septembre: Comite\u0301 Inter-Parties Forme\u0301 - guinee Conakry\",\"isPartOf\":{\"@id\":\"https:\/\/www.africa-press.net\/guinee-conakry\/#website\"},\"primaryImageOfPage\":{\"@id\":\"https:\/\/www.africa-press.net\/guinee-conakry\/politique\/referendum-du-21-septembre-comite-inter-parties-forme#primaryimage\"},\"image\":{\"@id\":\"https:\/\/www.africa-press.net\/guinee-conakry\/politique\/referendum-du-21-septembre-comite-inter-parties-forme#primaryimage\"},\"thumbnailUrl\":\"https:\/\/static.africa-press.net\/conakry\/sites\/63\/2025\/08\/sm_1754543650.079407.jpg\",\"datePublished\":\"2025-08-06T14:00:00+00:00\",\"dateModified\":\"2025-08-06T21:21:45+00:00\",\"author\":{\"@id\":\"https:\/\/www.africa-press.net\/guinee-conakry\/#\/schema\/person\/2b1cf3cd81a31e3cd26889ca66d677f1\"},\"description\":\"Dans le cadre de l\u2019organisation du scrutin re\u0301fe\u0301rendaire pre\u0301vu le 21 septembre 2025, le ministe\u0300re de l\u2019administrat ...\",\"breadcrumb\":{\"@id\":\"https:\/\/www.africa-press.net\/guinee-conakry\/politique\/referendum-du-21-septembre-comite-inter-parties-forme#breadcrumb\"},\"inLanguage\":\"fr-FR\",\"potentialAction\":[{\"@type\":\"ReadAction\",\"target\":[\"https:\/\/www.africa-press.net\/guinee-conakry\/politique\/referendum-du-21-septembre-comite-inter-parties-forme\"]}]},{\"@type\":\"ImageObject\",\"inLanguage\":\"fr-FR\",\"@id\":\"https:\/\/www.africa-press.net\/guinee-conakry\/politique\/referendum-du-21-septembre-comite-inter-parties-forme#primaryimage\",\"url\":\"https:\/\/static.africa-press.net\/conakry\/sites\/63\/2025\/08\/sm_1754543650.079407.jpg\",\"contentUrl\":\"https:\/\/static.africa-press.net\/conakry\/sites\/63\/2025\/08\/sm_1754543650.079407.jpg\",\"width\":1079,\"height\":607,\"caption\":\"Re\u0301fe\u0301rendum du 21 Septembre: Comite\u0301 Inter-Parties Forme\u0301\"},{\"@type\":\"BreadcrumbList\",\"@id\":\"https:\/\/www.africa-press.net\/guinee-conakry\/politique\/referendum-du-21-septembre-comite-inter-parties-forme#breadcrumb\",\"itemListElement\":[{\"@type\":\"ListItem\",\"position\":1,\"name\":\"Accueil\",\"item\":\"https:\/\/www.africa-press.net\/guinee-conakry\/\"},{\"@type\":\"ListItem\",\"position\":2,\"name\":\"Re\u0301fe\u0301rendum du 21 Septembre: Comite\u0301 Inter-Parties Forme\u0301\"}]},{\"@type\":\"WebSite\",\"@id\":\"https:\/\/www.africa-press.net\/guinee-conakry\/#website\",\"url\":\"https:\/\/www.africa-press.net\/guinee-conakry\/\",\"name\":\"guinee Conakry\",\"description\":\"Just another Africa News Agency Sites site\",\"potentialAction\":[{\"@type\":\"SearchAction\",\"target\":{\"@type\":\"EntryPoint\",\"urlTemplate\":\"https:\/\/www.africa-press.net\/guinee-conakry\/?s={search_term_string}\"},\"query-input\":{\"@type\":\"PropertyValueSpecification\",\"valueRequired\":true,\"valueName\":\"search_term_string\"}}],\"inLanguage\":\"fr-FR\"},{\"@type\":\"Person\",\"@id\":\"https:\/\/www.africa-press.net\/guinee-conakry\/#\/schema\/person\/2b1cf3cd81a31e3cd26889ca66d677f1\",\"name\":\"cfeditorfr\"}]}<\/script>\n<!-- \/ Yoast SEO Premium plugin. -->","yoast_head_json":{"title":"Re\u0301fe\u0301rendum du 21 Septembre: Comite\u0301 Inter-Parties Forme\u0301 - guinee Conakry","description":"Dans le cadre de l\u2019organisation du scrutin re\u0301fe\u0301rendaire pre\u0301vu le 21 septembre 2025, le ministe\u0300re de l\u2019administrat ...","robots":{"index":"index","follow":"follow","max-snippet":"max-snippet:-1","max-image-preview":"max-image-preview:large","max-video-preview":"max-video-preview:-1"},"canonical":"https:\/\/www.africa-press.net\/guinee-conakry\/politique\/referendum-du-21-septembre-comite-inter-parties-forme","og_locale":"fr_FR","og_type":"article","og_title":"Re\u0301fe\u0301rendum du 21 Septembre: Comite\u0301 Inter-Parties Forme\u0301","og_description":"Dans le cadre de l\u2019organisation du scrutin re\u0301fe\u0301rendaire pre\u0301vu le 21 septembre 2025, le ministe\u0300re de l\u2019administrat ...","og_url":"https:\/\/www.africa-press.net\/guinee-conakry\/politique\/referendum-du-21-septembre-comite-inter-parties-forme","og_site_name":"guinee Conakry","article_published_time":"2025-08-06T14:00:00+00:00","article_modified_time":"2025-08-06T21:21:45+00:00","og_image":[{"width":1079,"height":607,"url":"https:\/\/static.africa-press.net\/conakry\/sites\/63\/2025\/08\/sm_1754543650.079407.jpg","type":"image\/jpeg"}],"author":"cfeditorfr","twitter_card":"summary_large_image","twitter_misc":{"\u00c9crit par":"cfeditorfr","Dur\u00e9e de lecture estim\u00e9e":"3 minutes"},"schema":{"@context":"https:\/\/schema.org","@graph":[{"@type":"Article","@id":"https:\/\/www.africa-press.net\/guinee-conakry\/politique\/referendum-du-21-septembre-comite-inter-parties-forme#article","isPartOf":{"@id":"https:\/\/www.africa-press.net\/guinee-conakry\/politique\/referendum-du-21-septembre-comite-inter-parties-forme"},"author":{"name":"cfeditorfr","@id":"https:\/\/www.africa-press.net\/guinee-conakry\/#\/schema\/person\/2b1cf3cd81a31e3cd26889ca66d677f1"},"headline":"Re\u0301fe\u0301rendum du 21 Septembre: Comite\u0301 Inter-Parties Forme\u0301","datePublished":"2025-08-06T14:00:00+00:00","dateModified":"2025-08-06T21:21:45+00:00","mainEntityOfPage":{"@id":"https:\/\/www.africa-press.net\/guinee-conakry\/politique\/referendum-du-21-septembre-comite-inter-parties-forme"},"wordCount":563,"commentCount":0,"image":{"@id":"https:\/\/www.africa-press.net\/guinee-conakry\/politique\/referendum-du-21-septembre-comite-inter-parties-forme#primaryimage"},"thumbnailUrl":"https:\/\/static.africa-press.net\/conakry\/sites\/63\/2025\/08\/sm_1754543650.079407.jpg","keywords":["Guin\u00e9e"],"articleSection":["Parties","Politique","to-homepage","Top Nouvelles","Toutes les actualit\u00e9s"],"inLanguage":"fr-FR","potentialAction":[{"@type":"CommentAction","name":"Comment","target":["https:\/\/www.africa-press.net\/guinee-conakry\/politique\/referendum-du-21-septembre-comite-inter-parties-forme#respond"]}]},{"@type":"WebPage","@id":"https:\/\/www.africa-press.net\/guinee-conakry\/politique\/referendum-du-21-septembre-comite-inter-parties-forme","url":"https:\/\/www.africa-press.net\/guinee-conakry\/politique\/referendum-du-21-septembre-comite-inter-parties-forme","name":"Re\u0301fe\u0301rendum du 21 Septembre: Comite\u0301 Inter-Parties Forme\u0301 - guinee Conakry","isPartOf":{"@id":"https:\/\/www.africa-press.net\/guinee-conakry\/#website"},"primaryImageOfPage":{"@id":"https:\/\/www.africa-press.net\/guinee-conakry\/politique\/referendum-du-21-septembre-comite-inter-parties-forme#primaryimage"},"image":{"@id":"https:\/\/www.africa-press.net\/guinee-conakry\/politique\/referendum-du-21-septembre-comite-inter-parties-forme#primaryimage"},"thumbnailUrl":"https:\/\/static.africa-press.net\/conakry\/sites\/63\/2025\/08\/sm_1754543650.079407.jpg","datePublished":"2025-08-06T14:00:00+00:00","dateModified":"2025-08-06T21:21:45+00:00","author":{"@id":"https:\/\/www.africa-press.net\/guinee-conakry\/#\/schema\/person\/2b1cf3cd81a31e3cd26889ca66d677f1"},"description":"Dans le cadre de l\u2019organisation du scrutin re\u0301fe\u0301rendaire pre\u0301vu le 21 septembre 2025, le ministe\u0300re de l\u2019administrat ...","breadcrumb":{"@id":"https:\/\/www.africa-press.net\/guinee-conakry\/politique\/referendum-du-21-septembre-comite-inter-parties-forme#breadcrumb"},"inLanguage":"fr-FR","potentialAction":[{"@type":"ReadAction","target":["https:\/\/www.africa-press.net\/guinee-conakry\/politique\/referendum-du-21-septembre-comite-inter-parties-forme"]}]},{"@type":"ImageObject","inLanguage":"fr-FR","@id":"https:\/\/www.africa-press.net\/guinee-conakry\/politique\/referendum-du-21-septembre-comite-inter-parties-forme#primaryimage","url":"https:\/\/static.africa-press.net\/conakry\/sites\/63\/2025\/08\/sm_1754543650.079407.jpg","contentUrl":"https:\/\/static.africa-press.net\/conakry\/sites\/63\/2025\/08\/sm_1754543650.079407.jpg","width":1079,"height":607,"caption":"Re\u0301fe\u0301rendum du 21 Septembre: Comite\u0301 Inter-Parties Forme\u0301"},{"@type":"BreadcrumbList","@id":"https:\/\/www.africa-press.net\/guinee-conakry\/politique\/referendum-du-21-septembre-comite-inter-parties-forme#breadcrumb","itemListElement":[{"@type":"ListItem","position":1,"name":"Accueil","item":"https:\/\/www.africa-press.net\/guinee-conakry\/"},{"@type":"ListItem","position":2,"name":"Re\u0301fe\u0301rendum du 21 Septembre: Comite\u0301 Inter-Parties Forme\u0301"}]},{"@type":"WebSite","@id":"https:\/\/www.africa-press.net\/guinee-conakry\/#website","url":"https:\/\/www.africa-press.net\/guinee-conakry\/","name":"guinee Conakry","description":"Just another Africa News Agency Sites site","potentialAction":[{"@type":"SearchAction","target":{"@type":"EntryPoint","urlTemplate":"https:\/\/www.africa-press.net\/guinee-conakry\/?s={search_term_string}"},"query-input":{"@type":"PropertyValueSpecification","valueRequired":true,"valueName":"search_term_string"}}],"inLanguage":"fr-FR"},{"@type":"Person","@id":"https:\/\/www.africa-press.net\/guinee-conakry\/#\/schema\/person\/2b1cf3cd81a31e3cd26889ca66d677f1","name":"cfeditorfr"}]}},"_links":{"self":[{"href":"https:\/\/www.africa-press.net\/guinee-conakry\/wp-json\/wp\/v2\/posts\/33799","targetHints":{"allow":["GET"]}}],"collection":[{"href":"https:\/\/www.africa-press.net\/guinee-conakry\/wp-json\/wp\/v2\/posts"}],"about":[{"href":"https:\/\/www.africa-press.net\/guinee-conakry\/wp-json\/wp\/v2\/types\/post"}],"author":[{"embeddable":true,"href":"https:\/\/www.africa-press.net\/guinee-conakry\/wp-json\/wp\/v2\/users\/82"}],"replies":[{"embeddable":true,"href":"https:\/\/www.africa-press.net\/guinee-conakry\/wp-json\/wp\/v2\/comments?post=33799"}],"version-history":[{"count":0,"href":"https:\/\/www.africa-press.net\/guinee-conakry\/wp-json\/wp\/v2\/posts\/33799\/revisions"}],"wp:featuredmedia":[{"embeddable":true,"href":"https:\/\/www.africa-press.net\/guinee-conakry\/wp-json\/wp\/v2\/media\/33798"}],"wp:attachment":[{"href":"https:\/\/www.africa-press.net\/guinee-conakry\/wp-json\/wp\/v2\/media?parent=33799"}],"wp:term":[{"taxonomy":"category","embeddable":true,"href":"https:\/\/www.africa-press.net\/guinee-conakry\/wp-json\/wp\/v2\/categories?post=33799"},{"taxonomy":"post_tag","embeddable":true,"href":"https:\/\/www.africa-press.net\/guinee-conakry\/wp-json\/wp\/v2\/tags?post=33799"}],"curies":[{"name":"wp","href":"https:\/\/api.w.org\/{rel}","templated":true}]}}