{"id":35093,"date":"2025-10-10T12:10:00","date_gmt":"2025-10-10T12:10:00","guid":{"rendered":"https:\/\/www.africa-press.net\/guinee-conakry\/?p=35093"},"modified":"2025-10-10T10:28:33","modified_gmt":"2025-10-10T10:28:33","slug":"ambassadeur-de-france-en-guinee-plaide-pour-un-changement","status":"publish","type":"post","link":"https:\/\/www.africa-press.net\/guinee-conakry\/culture-et-art\/ambassadeur-de-france-en-guinee-plaide-pour-un-changement","title":{"rendered":"Ambassadeur de France en Guin\u00e9e Plaide pour un Changement"},"content":{"rendered":"<p><span style=\"color: #ff6600\"><strong>Africa-Press &#8211; Guin\u00e9e. <\/strong><\/span>Le Centre culturel franco-guine\u0301en (CCFG) a servi de cadre, ce jeudi 9 octobre, a\u0300 la pre\u0301sentation la station de\u0301die\u0301e a\u0300 l\u2019intelligence artificielle et des projets visant a\u0300 accompagner les acteurs culturels, e\u0301ducatifs, les me\u0301dias et la socie\u0301te\u0301. Le diplomate Luc Briard a annonce\u0301 la volonte\u0301 de la France de re\u0301affirmer des coope\u0301rations fructueuses avec les pays africains.<\/p>\n<p>\u2018\u2019Aujourd\u2019hui, la Guine\u0301e est en train de prendre sa place sur la cartographie mondiale de la cre\u0301ation contemporaine. Je rentre de l\u2019I\u0302le-de-France ou\u0300 il y a eu trois e\u0301ve\u0301nements qui illustrent ce que nous voulons vous dire. D\u2019abord, le 3 octobre, nous avons inaugure\u0301 le grand projet pre\u0301sidentiel de la Maison des Mondes Africains a\u0300 Paris, qui se veut le re\u0301ceptacle de la cre\u0301ation contemporaine africaine et de l\u2019afro-descendance, pour dire que trop longtemps, d\u2019autres que les africains ont raconte\u0301 les histoires des africains\u2019\u2019, indique l\u2019ambassadeur de France en Guine\u0301e.<\/p>\n<p>Et, poursuit Luc Briard, \u2018\u2019samedi soir, au Quai d\u2019Orsay, au ministe\u0300re de l\u2019Europe et des affaires e\u0301trange\u0300res, il y avait la clo\u0302ture de Africa Days, un e\u0301ve\u0301nement produit par Sciences Po Paris pour produire de la connaissance sur l\u2019Afrique et changer le regard que les franc\u0327ais ont sur l\u2019Afrique. Lors du di\u0302ner de gala, en pre\u0301sence du ministre de l\u2019Europe et des affaires e\u0301trange\u0300res Jean-Noe\u0308l Barrault, Circus Baobab a impressionne\u0301 toute l\u2019audience\u2019\u2019.<\/p>\n<p>Aussi, relate le chef de la repre\u0301sentation diplomatique franc\u0327aise en Guine\u0301e, \u2018\u2019nous e\u0301tions avec le ministre de la Culture a\u0300 Laval pour le festival Laval-Guine\u0301e Connect, ou\u0300 nous avons pu mesurer le poids des mobilite\u0301s des diasporas et leur engagement en France et en Guine\u0301e. C\u2019est tre\u0300s important, car cette se\u0301quence, qui a de\u0301bute\u0301 le 3 octobre, se poursuivra a\u0300 Lagos la semaine prochaine, avec Cre\u0301ation Africa. De\u0301ja\u0300, la premie\u0300re e\u0301dition en octobre 2023 e\u0301tait un vrai succe\u0300s (&#8230;). Et ce jeu vide\u0301o, aujourd\u2019hui, 100% guine\u0301en, est effectif\u2019\u2019.<\/p>\n<p><strong>Pour plus d&rsquo;informations et d&rsquo;analyses sur la <span style=\"color: #ff6600\">Guin\u00e9e<\/span>, suivez <span style=\"color: #ff6600\">Africa-Press<\/span><\/strong><\/p>\n","protected":false},"excerpt":{"rendered":"<p>Africa-Press &#8211; Guin\u00e9e. Le Centre culturel franco-guine\u0301en (CCFG) a servi de cadre, ce jeudi 9 octobre, a\u0300 la pre\u0301sentation la station de\u0301die\u0301e a\u0300 l\u2019intelligence artificielle et des projets visant a\u0300 accompagner les acteurs culturels, e\u0301ducatifs, les me\u0301dias et la socie\u0301te\u0301. Le diplomate Luc Briard a annonce\u0301 la volonte\u0301 de la France de re\u0301affirmer des coope\u0301rations [&hellip;]<\/p>\n","protected":false},"author":82,"featured_media":35092,"comment_status":"open","ping_status":"closed","sticky":false,"template":"","format":"standard","meta":{"footnotes":""},"categories":[5,10],"tags":[58],"class_list":["post-35093","post","type-post","status-publish","format-standard","has-post-thumbnail","hentry","category-culture-et-art","category-toutes-les-actualites","tag-guinee"],"yoast_head":"<!-- This site is optimized with the Yoast SEO Premium plugin v26.1 (Yoast SEO v27.0) - https:\/\/yoast.com\/product\/yoast-seo-premium-wordpress\/ -->\n<title>Ambassadeur de France en Guin\u00e9e Plaide pour un Changement - guinee Conakry<\/title>\n<meta name=\"description\" content=\"Le Centre culturel franco-guine\u0301en (CCFG) a servi de cadre, ce jeudi 9 octobre, a\u0300 la pre\u0301sentation la station de\u0301die\u0301e ...\" \/>\n<meta name=\"robots\" content=\"index, follow, max-snippet:-1, max-image-preview:large, max-video-preview:-1\" \/>\n<link rel=\"canonical\" href=\"https:\/\/www.africa-press.net\/guinee-conakry\/culture-et-art\/ambassadeur-de-france-en-guinee-plaide-pour-un-changement\" \/>\n<meta property=\"og:locale\" content=\"fr_FR\" \/>\n<meta property=\"og:type\" content=\"article\" \/>\n<meta property=\"og:title\" content=\"Ambassadeur de France en Guin\u00e9e Plaide pour un Changement\" \/>\n<meta property=\"og:description\" content=\"Le Centre culturel franco-guine\u0301en (CCFG) a servi de cadre, ce jeudi 9 octobre, a\u0300 la pre\u0301sentation la station de\u0301die\u0301e ...\" \/>\n<meta property=\"og:url\" content=\"https:\/\/www.africa-press.net\/guinee-conakry\/culture-et-art\/ambassadeur-de-france-en-guinee-plaide-pour-un-changement\" \/>\n<meta property=\"og:site_name\" content=\"guinee Conakry\" \/>\n<meta property=\"article:published_time\" content=\"2025-10-10T12:10:00+00:00\" \/>\n<meta property=\"og:image\" content=\"https:\/\/static.africa-press.net\/conakry\/sites\/63\/2025\/10\/sm_1760120354.528522.jpg\" \/>\n\t<meta property=\"og:image:width\" content=\"1280\" \/>\n\t<meta property=\"og:image:height\" content=\"720\" \/>\n\t<meta property=\"og:image:type\" content=\"image\/jpeg\" \/>\n<meta name=\"author\" content=\"cfeditorfr\" \/>\n<meta name=\"twitter:card\" content=\"summary_large_image\" \/>\n<meta name=\"twitter:label1\" content=\"\u00c9crit par\" \/>\n\t<meta name=\"twitter:data1\" content=\"cfeditorfr\" \/>\n\t<meta name=\"twitter:label2\" content=\"Dur\u00e9e de lecture estim\u00e9e\" \/>\n\t<meta name=\"twitter:data2\" content=\"2 minutes\" \/>\n<script type=\"application\/ld+json\" class=\"yoast-schema-graph\">{\"@context\":\"https:\/\/schema.org\",\"@graph\":[{\"@type\":\"Article\",\"@id\":\"https:\/\/www.africa-press.net\/guinee-conakry\/culture-et-art\/ambassadeur-de-france-en-guinee-plaide-pour-un-changement#article\",\"isPartOf\":{\"@id\":\"https:\/\/www.africa-press.net\/guinee-conakry\/culture-et-art\/ambassadeur-de-france-en-guinee-plaide-pour-un-changement\"},\"author\":{\"name\":\"cfeditorfr\",\"@id\":\"https:\/\/www.africa-press.net\/guinee-conakry\/#\/schema\/person\/2b1cf3cd81a31e3cd26889ca66d677f1\"},\"headline\":\"Ambassadeur de France en Guin\u00e9e Plaide pour un Changement\",\"datePublished\":\"2025-10-10T12:10:00+00:00\",\"mainEntityOfPage\":{\"@id\":\"https:\/\/www.africa-press.net\/guinee-conakry\/culture-et-art\/ambassadeur-de-france-en-guinee-plaide-pour-un-changement\"},\"wordCount\":391,\"commentCount\":0,\"image\":{\"@id\":\"https:\/\/www.africa-press.net\/guinee-conakry\/culture-et-art\/ambassadeur-de-france-en-guinee-plaide-pour-un-changement#primaryimage\"},\"thumbnailUrl\":\"https:\/\/static.africa-press.net\/conakry\/sites\/63\/2025\/10\/sm_1760120354.528522.jpg\",\"keywords\":[\"Guin\u00e9e\"],\"articleSection\":[\"Culture et Art\",\"Toutes les actualit\u00e9s\"],\"inLanguage\":\"fr-FR\",\"potentialAction\":[{\"@type\":\"CommentAction\",\"name\":\"Comment\",\"target\":[\"https:\/\/www.africa-press.net\/guinee-conakry\/culture-et-art\/ambassadeur-de-france-en-guinee-plaide-pour-un-changement#respond\"]}]},{\"@type\":\"WebPage\",\"@id\":\"https:\/\/www.africa-press.net\/guinee-conakry\/culture-et-art\/ambassadeur-de-france-en-guinee-plaide-pour-un-changement\",\"url\":\"https:\/\/www.africa-press.net\/guinee-conakry\/culture-et-art\/ambassadeur-de-france-en-guinee-plaide-pour-un-changement\",\"name\":\"Ambassadeur de France en Guin\u00e9e Plaide pour un Changement - guinee Conakry\",\"isPartOf\":{\"@id\":\"https:\/\/www.africa-press.net\/guinee-conakry\/#website\"},\"primaryImageOfPage\":{\"@id\":\"https:\/\/www.africa-press.net\/guinee-conakry\/culture-et-art\/ambassadeur-de-france-en-guinee-plaide-pour-un-changement#primaryimage\"},\"image\":{\"@id\":\"https:\/\/www.africa-press.net\/guinee-conakry\/culture-et-art\/ambassadeur-de-france-en-guinee-plaide-pour-un-changement#primaryimage\"},\"thumbnailUrl\":\"https:\/\/static.africa-press.net\/conakry\/sites\/63\/2025\/10\/sm_1760120354.528522.jpg\",\"datePublished\":\"2025-10-10T12:10:00+00:00\",\"author\":{\"@id\":\"https:\/\/www.africa-press.net\/guinee-conakry\/#\/schema\/person\/2b1cf3cd81a31e3cd26889ca66d677f1\"},\"description\":\"Le Centre culturel franco-guine\u0301en (CCFG) a servi de cadre, ce jeudi 9 octobre, a\u0300 la pre\u0301sentation la station de\u0301die\u0301e ...\",\"breadcrumb\":{\"@id\":\"https:\/\/www.africa-press.net\/guinee-conakry\/culture-et-art\/ambassadeur-de-france-en-guinee-plaide-pour-un-changement#breadcrumb\"},\"inLanguage\":\"fr-FR\",\"potentialAction\":[{\"@type\":\"ReadAction\",\"target\":[\"https:\/\/www.africa-press.net\/guinee-conakry\/culture-et-art\/ambassadeur-de-france-en-guinee-plaide-pour-un-changement\"]}]},{\"@type\":\"ImageObject\",\"inLanguage\":\"fr-FR\",\"@id\":\"https:\/\/www.africa-press.net\/guinee-conakry\/culture-et-art\/ambassadeur-de-france-en-guinee-plaide-pour-un-changement#primaryimage\",\"url\":\"https:\/\/static.africa-press.net\/conakry\/sites\/63\/2025\/10\/sm_1760120354.528522.jpg\",\"contentUrl\":\"https:\/\/static.africa-press.net\/conakry\/sites\/63\/2025\/10\/sm_1760120354.528522.jpg\",\"width\":1280,\"height\":720,\"caption\":\"Ambassadeur de France en Guin\u00e9e Plaide pour un Changement\"},{\"@type\":\"BreadcrumbList\",\"@id\":\"https:\/\/www.africa-press.net\/guinee-conakry\/culture-et-art\/ambassadeur-de-france-en-guinee-plaide-pour-un-changement#breadcrumb\",\"itemListElement\":[{\"@type\":\"ListItem\",\"position\":1,\"name\":\"Accueil\",\"item\":\"https:\/\/www.africa-press.net\/guinee-conakry\/\"},{\"@type\":\"ListItem\",\"position\":2,\"name\":\"Ambassadeur de France en Guin\u00e9e Plaide pour un Changement\"}]},{\"@type\":\"WebSite\",\"@id\":\"https:\/\/www.africa-press.net\/guinee-conakry\/#website\",\"url\":\"https:\/\/www.africa-press.net\/guinee-conakry\/\",\"name\":\"guinee Conakry\",\"description\":\"Just another Africa News Agency Sites site\",\"potentialAction\":[{\"@type\":\"SearchAction\",\"target\":{\"@type\":\"EntryPoint\",\"urlTemplate\":\"https:\/\/www.africa-press.net\/guinee-conakry\/?s={search_term_string}\"},\"query-input\":{\"@type\":\"PropertyValueSpecification\",\"valueRequired\":true,\"valueName\":\"search_term_string\"}}],\"inLanguage\":\"fr-FR\"},{\"@type\":\"Person\",\"@id\":\"https:\/\/www.africa-press.net\/guinee-conakry\/#\/schema\/person\/2b1cf3cd81a31e3cd26889ca66d677f1\",\"name\":\"cfeditorfr\"}]}<\/script>\n<!-- \/ Yoast SEO Premium plugin. -->","yoast_head_json":{"title":"Ambassadeur de France en Guin\u00e9e Plaide pour un Changement - guinee Conakry","description":"Le Centre culturel franco-guine\u0301en (CCFG) a servi de cadre, ce jeudi 9 octobre, a\u0300 la pre\u0301sentation la station de\u0301die\u0301e ...","robots":{"index":"index","follow":"follow","max-snippet":"max-snippet:-1","max-image-preview":"max-image-preview:large","max-video-preview":"max-video-preview:-1"},"canonical":"https:\/\/www.africa-press.net\/guinee-conakry\/culture-et-art\/ambassadeur-de-france-en-guinee-plaide-pour-un-changement","og_locale":"fr_FR","og_type":"article","og_title":"Ambassadeur de France en Guin\u00e9e Plaide pour un Changement","og_description":"Le Centre culturel franco-guine\u0301en (CCFG) a servi de cadre, ce jeudi 9 octobre, a\u0300 la pre\u0301sentation la station de\u0301die\u0301e ...","og_url":"https:\/\/www.africa-press.net\/guinee-conakry\/culture-et-art\/ambassadeur-de-france-en-guinee-plaide-pour-un-changement","og_site_name":"guinee Conakry","article_published_time":"2025-10-10T12:10:00+00:00","og_image":[{"width":1280,"height":720,"url":"https:\/\/static.africa-press.net\/conakry\/sites\/63\/2025\/10\/sm_1760120354.528522.jpg","type":"image\/jpeg"}],"author":"cfeditorfr","twitter_card":"summary_large_image","twitter_misc":{"\u00c9crit par":"cfeditorfr","Dur\u00e9e de lecture estim\u00e9e":"2 minutes"},"schema":{"@context":"https:\/\/schema.org","@graph":[{"@type":"Article","@id":"https:\/\/www.africa-press.net\/guinee-conakry\/culture-et-art\/ambassadeur-de-france-en-guinee-plaide-pour-un-changement#article","isPartOf":{"@id":"https:\/\/www.africa-press.net\/guinee-conakry\/culture-et-art\/ambassadeur-de-france-en-guinee-plaide-pour-un-changement"},"author":{"name":"cfeditorfr","@id":"https:\/\/www.africa-press.net\/guinee-conakry\/#\/schema\/person\/2b1cf3cd81a31e3cd26889ca66d677f1"},"headline":"Ambassadeur de France en Guin\u00e9e Plaide pour un Changement","datePublished":"2025-10-10T12:10:00+00:00","mainEntityOfPage":{"@id":"https:\/\/www.africa-press.net\/guinee-conakry\/culture-et-art\/ambassadeur-de-france-en-guinee-plaide-pour-un-changement"},"wordCount":391,"commentCount":0,"image":{"@id":"https:\/\/www.africa-press.net\/guinee-conakry\/culture-et-art\/ambassadeur-de-france-en-guinee-plaide-pour-un-changement#primaryimage"},"thumbnailUrl":"https:\/\/static.africa-press.net\/conakry\/sites\/63\/2025\/10\/sm_1760120354.528522.jpg","keywords":["Guin\u00e9e"],"articleSection":["Culture et Art","Toutes les actualit\u00e9s"],"inLanguage":"fr-FR","potentialAction":[{"@type":"CommentAction","name":"Comment","target":["https:\/\/www.africa-press.net\/guinee-conakry\/culture-et-art\/ambassadeur-de-france-en-guinee-plaide-pour-un-changement#respond"]}]},{"@type":"WebPage","@id":"https:\/\/www.africa-press.net\/guinee-conakry\/culture-et-art\/ambassadeur-de-france-en-guinee-plaide-pour-un-changement","url":"https:\/\/www.africa-press.net\/guinee-conakry\/culture-et-art\/ambassadeur-de-france-en-guinee-plaide-pour-un-changement","name":"Ambassadeur de France en Guin\u00e9e Plaide pour un Changement - guinee Conakry","isPartOf":{"@id":"https:\/\/www.africa-press.net\/guinee-conakry\/#website"},"primaryImageOfPage":{"@id":"https:\/\/www.africa-press.net\/guinee-conakry\/culture-et-art\/ambassadeur-de-france-en-guinee-plaide-pour-un-changement#primaryimage"},"image":{"@id":"https:\/\/www.africa-press.net\/guinee-conakry\/culture-et-art\/ambassadeur-de-france-en-guinee-plaide-pour-un-changement#primaryimage"},"thumbnailUrl":"https:\/\/static.africa-press.net\/conakry\/sites\/63\/2025\/10\/sm_1760120354.528522.jpg","datePublished":"2025-10-10T12:10:00+00:00","author":{"@id":"https:\/\/www.africa-press.net\/guinee-conakry\/#\/schema\/person\/2b1cf3cd81a31e3cd26889ca66d677f1"},"description":"Le Centre culturel franco-guine\u0301en (CCFG) a servi de cadre, ce jeudi 9 octobre, a\u0300 la pre\u0301sentation la station de\u0301die\u0301e ...","breadcrumb":{"@id":"https:\/\/www.africa-press.net\/guinee-conakry\/culture-et-art\/ambassadeur-de-france-en-guinee-plaide-pour-un-changement#breadcrumb"},"inLanguage":"fr-FR","potentialAction":[{"@type":"ReadAction","target":["https:\/\/www.africa-press.net\/guinee-conakry\/culture-et-art\/ambassadeur-de-france-en-guinee-plaide-pour-un-changement"]}]},{"@type":"ImageObject","inLanguage":"fr-FR","@id":"https:\/\/www.africa-press.net\/guinee-conakry\/culture-et-art\/ambassadeur-de-france-en-guinee-plaide-pour-un-changement#primaryimage","url":"https:\/\/static.africa-press.net\/conakry\/sites\/63\/2025\/10\/sm_1760120354.528522.jpg","contentUrl":"https:\/\/static.africa-press.net\/conakry\/sites\/63\/2025\/10\/sm_1760120354.528522.jpg","width":1280,"height":720,"caption":"Ambassadeur de France en Guin\u00e9e Plaide pour un Changement"},{"@type":"BreadcrumbList","@id":"https:\/\/www.africa-press.net\/guinee-conakry\/culture-et-art\/ambassadeur-de-france-en-guinee-plaide-pour-un-changement#breadcrumb","itemListElement":[{"@type":"ListItem","position":1,"name":"Accueil","item":"https:\/\/www.africa-press.net\/guinee-conakry\/"},{"@type":"ListItem","position":2,"name":"Ambassadeur de France en Guin\u00e9e Plaide pour un Changement"}]},{"@type":"WebSite","@id":"https:\/\/www.africa-press.net\/guinee-conakry\/#website","url":"https:\/\/www.africa-press.net\/guinee-conakry\/","name":"guinee Conakry","description":"Just another Africa News Agency Sites site","potentialAction":[{"@type":"SearchAction","target":{"@type":"EntryPoint","urlTemplate":"https:\/\/www.africa-press.net\/guinee-conakry\/?s={search_term_string}"},"query-input":{"@type":"PropertyValueSpecification","valueRequired":true,"valueName":"search_term_string"}}],"inLanguage":"fr-FR"},{"@type":"Person","@id":"https:\/\/www.africa-press.net\/guinee-conakry\/#\/schema\/person\/2b1cf3cd81a31e3cd26889ca66d677f1","name":"cfeditorfr"}]}},"_links":{"self":[{"href":"https:\/\/www.africa-press.net\/guinee-conakry\/wp-json\/wp\/v2\/posts\/35093","targetHints":{"allow":["GET"]}}],"collection":[{"href":"https:\/\/www.africa-press.net\/guinee-conakry\/wp-json\/wp\/v2\/posts"}],"about":[{"href":"https:\/\/www.africa-press.net\/guinee-conakry\/wp-json\/wp\/v2\/types\/post"}],"author":[{"embeddable":true,"href":"https:\/\/www.africa-press.net\/guinee-conakry\/wp-json\/wp\/v2\/users\/82"}],"replies":[{"embeddable":true,"href":"https:\/\/www.africa-press.net\/guinee-conakry\/wp-json\/wp\/v2\/comments?post=35093"}],"version-history":[{"count":0,"href":"https:\/\/www.africa-press.net\/guinee-conakry\/wp-json\/wp\/v2\/posts\/35093\/revisions"}],"wp:featuredmedia":[{"embeddable":true,"href":"https:\/\/www.africa-press.net\/guinee-conakry\/wp-json\/wp\/v2\/media\/35092"}],"wp:attachment":[{"href":"https:\/\/www.africa-press.net\/guinee-conakry\/wp-json\/wp\/v2\/media?parent=35093"}],"wp:term":[{"taxonomy":"category","embeddable":true,"href":"https:\/\/www.africa-press.net\/guinee-conakry\/wp-json\/wp\/v2\/categories?post=35093"},{"taxonomy":"post_tag","embeddable":true,"href":"https:\/\/www.africa-press.net\/guinee-conakry\/wp-json\/wp\/v2\/tags?post=35093"}],"curies":[{"name":"wp","href":"https:\/\/api.w.org\/{rel}","templated":true}]}}