{"id":36291,"date":"2025-11-22T14:00:00","date_gmt":"2025-11-22T14:00:00","guid":{"rendered":"https:\/\/www.africa-press.net\/guinee-conakry\/politique\/pup-soutient-mamadi-doumbouya-pour-presidentielle"},"modified":"2025-11-23T00:03:50","modified_gmt":"2025-11-23T00:03:50","slug":"pup-soutient-mamadi-doumbouya-pour-presidentielle","status":"publish","type":"post","link":"https:\/\/www.africa-press.net\/guinee-conakry\/parties\/pup-soutient-mamadi-doumbouya-pour-presidentielle","title":{"rendered":"PUP Soutient Mamadi Doumbouya pour Pr\u00e9sidentielle"},"content":{"rendered":"<p><span style=\"color: #ff6600\"><strong>Africa-Press &#8211; Guin\u00e9e. <\/strong><\/span><b>C\u2019est depuis son sie\u0300ge du quartier Cameroun, lors d\u2019une assemble\u0301e ge\u0301ne\u0301rale, que le Parti de l\u2019unite\u0301 et du progre\u0300s (PUP) a officialise\u0301 sa position. Son pre\u0301sident Fode\u0301 Bangoura a annonce\u0301 le soutien de son camp a\u0300 la candidature du ge\u0301ne\u0301ral Mamadi Doumbouya a\u0300 l\u2019e\u0301lection pre\u0301sidentielle pre\u0301vue le 28 de\u0301cembre prochain, appelant a\u0300 une mobilisation sans faille de ses militants.<\/b><\/p>\n<p>Re\u0301unis autour de leur pre\u0301sident Fode\u0301 Bangoura, les cadres et militants du Parti de l\u2019unite\u0301 et du progre\u0300s (PUP) ont de\u0301fini leur position pour le scrutin de 2025. C\u2019est apre\u0300s consultation de ses structures de base et de l\u2019ensemble des responsables politiques, dit-on, que le PUP a de\u0301cide\u0301 d\u2019apporter son soutien a\u0300 la candidature de Mamadi Doumbouya.<\/p>\n<p>Le PUP affirme que ce choix re\u0301sulte d\u2019une \u2018\u2019analyse responsable et lucide du contexte national, des aspirations profondes de notre peuple et des de\u0301fis majeurs auxquels notre pays reste confronte\u0301\u2019\u2019.<\/p>\n<p>Fide\u0300le a\u0300 sa \u2018\u2019tradition re\u0301publicaine et a\u0300 sa vocation d\u2019unite\u0301 nationale\u2019\u2019, le PUP estime que le contexte actuel exige un leadership fort pour garantir la stabilite\u0301 et la bonne marche des re\u0301formes.<\/p>\n<p>Il insiste sur le fait que \u2018\u2019la stabilite\u0301 du pays, la poursuite des re\u0301formes et la consolidation des acquis exigent un leadership visionnaire et cohe\u0301rent\u2019\u2019.<\/p>\n<p>Pour traduire cet engagement dans les urnes, le PUP a lance\u0301 un appel pressant a\u0300 ses militants et allie\u0301s, les exhortant a\u0300 \u2018\u2019voter massivement pour Mamadi Doumbouya afin d\u2019assurer la continuite\u0301 et le progre\u0300s\u2019\u2019.<\/p>\n<p>Il appelle e\u0301galement toutes ses structures et mouvements affilie\u0301s a\u0300 se \u2018\u2019mobiliser pleinement sur le terrain, dans la discipline, la paix et le respect des valeurs de\u0301mocratiques pour relayer ce mot d\u2019ordre et garantir une victoire e\u0301clatante a\u0300 notre valeureux candidat\u2019\u2019.<\/p>\n<p>Le PUP se dit convaincu que l\u2019implication active de ses membres renforcera la dynamique nationale. Son pre\u0301sident Fode\u0301 Bangoura assure qu\u2019ensemble, \u2018\u2019unis, nous ferons triompher la de\u0301mocratie, la stabilite\u0301 et le progre\u0300s\u2019\u2019.<\/p>\n<p><strong>Pour plus d&rsquo;informations et d&rsquo;analyses sur la <span style=\"color: #ff6600\">Guin\u00e9e<\/span>, suivez <span style=\"color: #ff6600\">Africa-Press<\/span><\/strong><\/p>\n","protected":false},"excerpt":{"rendered":"<p>Africa-Press &#8211; Guin\u00e9e. C\u2019est depuis son sie\u0300ge du quartier Cameroun, lors d\u2019une assemble\u0301e ge\u0301ne\u0301rale, que le Parti de l\u2019unite\u0301 et du progre\u0300s (PUP) a officialise\u0301 sa position. Son pre\u0301sident Fode\u0301 Bangoura a annonce\u0301 le soutien de son camp a\u0300 la candidature du ge\u0301ne\u0301ral Mamadi Doumbouya a\u0300 l\u2019e\u0301lection pre\u0301sidentielle pre\u0301vue le 28 de\u0301cembre prochain, appelant a\u0300 [&hellip;]<\/p>\n","protected":false},"author":82,"featured_media":36290,"comment_status":"open","ping_status":"closed","sticky":false,"template":"","format":"standard","meta":{"footnotes":""},"categories":[4,56,20,10],"tags":[58],"class_list":["post-36291","post","type-post","status-publish","format-standard","has-post-thumbnail","hentry","category-parties","category-to-homepage","category-top-nouvelles","category-toutes-les-actualites","tag-guinee"],"yoast_head":"<!-- This site is optimized with the Yoast SEO Premium plugin v26.1 (Yoast SEO v27.0) - https:\/\/yoast.com\/product\/yoast-seo-premium-wordpress\/ -->\n<title>PUP Soutient Mamadi Doumbouya pour Pr\u00e9sidentielle - guinee Conakry<\/title>\n<meta name=\"description\" content=\"C\u2019est depuis son sie\u0300ge du quartier Cameroun, lors d\u2019une assemble\u0301e ge\u0301ne\u0301rale, que le Parti de l\u2019unite\u0301 et du progre ...\" \/>\n<meta name=\"robots\" content=\"index, follow, max-snippet:-1, max-image-preview:large, max-video-preview:-1\" \/>\n<link rel=\"canonical\" href=\"https:\/\/www.africa-press.net\/guinee-conakry\/parties\/pup-soutient-mamadi-doumbouya-pour-presidentielle\" \/>\n<meta property=\"og:locale\" content=\"fr_FR\" \/>\n<meta property=\"og:type\" content=\"article\" \/>\n<meta property=\"og:title\" content=\"PUP Soutient Mamadi Doumbouya pour Pr\u00e9sidentielle\" \/>\n<meta property=\"og:description\" content=\"C\u2019est depuis son sie\u0300ge du quartier Cameroun, lors d\u2019une assemble\u0301e ge\u0301ne\u0301rale, que le Parti de l\u2019unite\u0301 et du progre ...\" \/>\n<meta property=\"og:url\" content=\"https:\/\/www.africa-press.net\/guinee-conakry\/parties\/pup-soutient-mamadi-doumbouya-pour-presidentielle\" \/>\n<meta property=\"og:site_name\" content=\"guinee Conakry\" \/>\n<meta property=\"article:published_time\" content=\"2025-11-22T14:00:00+00:00\" \/>\n<meta property=\"article:modified_time\" content=\"2025-11-23T00:03:50+00:00\" \/>\n<meta property=\"og:image\" content=\"https:\/\/static.africa-press.net\/conakry\/sites\/63\/2025\/11\/sm_1763884996.657362.jpg\" \/>\n\t<meta property=\"og:image:width\" content=\"1080\" \/>\n\t<meta property=\"og:image:height\" content=\"608\" \/>\n\t<meta property=\"og:image:type\" content=\"image\/jpeg\" \/>\n<meta name=\"author\" content=\"cfeditorfr\" \/>\n<meta name=\"twitter:card\" content=\"summary_large_image\" \/>\n<meta name=\"twitter:label1\" content=\"\u00c9crit par\" \/>\n\t<meta name=\"twitter:data1\" content=\"cfeditorfr\" \/>\n\t<meta name=\"twitter:label2\" content=\"Dur\u00e9e de lecture estim\u00e9e\" \/>\n\t<meta name=\"twitter:data2\" content=\"2 minutes\" \/>\n<script type=\"application\/ld+json\" class=\"yoast-schema-graph\">{\"@context\":\"https:\/\/schema.org\",\"@graph\":[{\"@type\":\"Article\",\"@id\":\"https:\/\/www.africa-press.net\/guinee-conakry\/parties\/pup-soutient-mamadi-doumbouya-pour-presidentielle#article\",\"isPartOf\":{\"@id\":\"https:\/\/www.africa-press.net\/guinee-conakry\/parties\/pup-soutient-mamadi-doumbouya-pour-presidentielle\"},\"author\":{\"name\":\"cfeditorfr\",\"@id\":\"https:\/\/www.africa-press.net\/guinee-conakry\/#\/schema\/person\/2b1cf3cd81a31e3cd26889ca66d677f1\"},\"headline\":\"PUP Soutient Mamadi Doumbouya pour Pr\u00e9sidentielle\",\"datePublished\":\"2025-11-22T14:00:00+00:00\",\"dateModified\":\"2025-11-23T00:03:50+00:00\",\"mainEntityOfPage\":{\"@id\":\"https:\/\/www.africa-press.net\/guinee-conakry\/parties\/pup-soutient-mamadi-doumbouya-pour-presidentielle\"},\"wordCount\":380,\"commentCount\":0,\"image\":{\"@id\":\"https:\/\/www.africa-press.net\/guinee-conakry\/parties\/pup-soutient-mamadi-doumbouya-pour-presidentielle#primaryimage\"},\"thumbnailUrl\":\"https:\/\/static.africa-press.net\/conakry\/sites\/63\/2025\/11\/sm_1763884996.657362.jpg\",\"keywords\":[\"Guin\u00e9e\"],\"articleSection\":[\"Parties\",\"to-homepage\",\"Top Nouvelles\",\"Toutes les actualit\u00e9s\"],\"inLanguage\":\"fr-FR\",\"potentialAction\":[{\"@type\":\"CommentAction\",\"name\":\"Comment\",\"target\":[\"https:\/\/www.africa-press.net\/guinee-conakry\/parties\/pup-soutient-mamadi-doumbouya-pour-presidentielle#respond\"]}]},{\"@type\":\"WebPage\",\"@id\":\"https:\/\/www.africa-press.net\/guinee-conakry\/parties\/pup-soutient-mamadi-doumbouya-pour-presidentielle\",\"url\":\"https:\/\/www.africa-press.net\/guinee-conakry\/parties\/pup-soutient-mamadi-doumbouya-pour-presidentielle\",\"name\":\"PUP Soutient Mamadi Doumbouya pour Pr\u00e9sidentielle - guinee Conakry\",\"isPartOf\":{\"@id\":\"https:\/\/www.africa-press.net\/guinee-conakry\/#website\"},\"primaryImageOfPage\":{\"@id\":\"https:\/\/www.africa-press.net\/guinee-conakry\/parties\/pup-soutient-mamadi-doumbouya-pour-presidentielle#primaryimage\"},\"image\":{\"@id\":\"https:\/\/www.africa-press.net\/guinee-conakry\/parties\/pup-soutient-mamadi-doumbouya-pour-presidentielle#primaryimage\"},\"thumbnailUrl\":\"https:\/\/static.africa-press.net\/conakry\/sites\/63\/2025\/11\/sm_1763884996.657362.jpg\",\"datePublished\":\"2025-11-22T14:00:00+00:00\",\"dateModified\":\"2025-11-23T00:03:50+00:00\",\"author\":{\"@id\":\"https:\/\/www.africa-press.net\/guinee-conakry\/#\/schema\/person\/2b1cf3cd81a31e3cd26889ca66d677f1\"},\"description\":\"C\u2019est depuis son sie\u0300ge du quartier Cameroun, lors d\u2019une assemble\u0301e ge\u0301ne\u0301rale, que le Parti de l\u2019unite\u0301 et du progre ...\",\"breadcrumb\":{\"@id\":\"https:\/\/www.africa-press.net\/guinee-conakry\/parties\/pup-soutient-mamadi-doumbouya-pour-presidentielle#breadcrumb\"},\"inLanguage\":\"fr-FR\",\"potentialAction\":[{\"@type\":\"ReadAction\",\"target\":[\"https:\/\/www.africa-press.net\/guinee-conakry\/parties\/pup-soutient-mamadi-doumbouya-pour-presidentielle\"]}]},{\"@type\":\"ImageObject\",\"inLanguage\":\"fr-FR\",\"@id\":\"https:\/\/www.africa-press.net\/guinee-conakry\/parties\/pup-soutient-mamadi-doumbouya-pour-presidentielle#primaryimage\",\"url\":\"https:\/\/static.africa-press.net\/conakry\/sites\/63\/2025\/11\/sm_1763884996.657362.jpg\",\"contentUrl\":\"https:\/\/static.africa-press.net\/conakry\/sites\/63\/2025\/11\/sm_1763884996.657362.jpg\",\"width\":1080,\"height\":608,\"caption\":\"PUP Soutient Mamadi Doumbouya pour Pr\u00e9sidentielle\"},{\"@type\":\"BreadcrumbList\",\"@id\":\"https:\/\/www.africa-press.net\/guinee-conakry\/parties\/pup-soutient-mamadi-doumbouya-pour-presidentielle#breadcrumb\",\"itemListElement\":[{\"@type\":\"ListItem\",\"position\":1,\"name\":\"Accueil\",\"item\":\"https:\/\/www.africa-press.net\/guinee-conakry\/\"},{\"@type\":\"ListItem\",\"position\":2,\"name\":\"PUP Soutient Mamadi Doumbouya pour Pr\u00e9sidentielle\"}]},{\"@type\":\"WebSite\",\"@id\":\"https:\/\/www.africa-press.net\/guinee-conakry\/#website\",\"url\":\"https:\/\/www.africa-press.net\/guinee-conakry\/\",\"name\":\"guinee Conakry\",\"description\":\"Just another Africa News Agency Sites site\",\"potentialAction\":[{\"@type\":\"SearchAction\",\"target\":{\"@type\":\"EntryPoint\",\"urlTemplate\":\"https:\/\/www.africa-press.net\/guinee-conakry\/?s={search_term_string}\"},\"query-input\":{\"@type\":\"PropertyValueSpecification\",\"valueRequired\":true,\"valueName\":\"search_term_string\"}}],\"inLanguage\":\"fr-FR\"},{\"@type\":\"Person\",\"@id\":\"https:\/\/www.africa-press.net\/guinee-conakry\/#\/schema\/person\/2b1cf3cd81a31e3cd26889ca66d677f1\",\"name\":\"cfeditorfr\"}]}<\/script>\n<!-- \/ Yoast SEO Premium plugin. -->","yoast_head_json":{"title":"PUP Soutient Mamadi Doumbouya pour Pr\u00e9sidentielle - guinee Conakry","description":"C\u2019est depuis son sie\u0300ge du quartier Cameroun, lors d\u2019une assemble\u0301e ge\u0301ne\u0301rale, que le Parti de l\u2019unite\u0301 et du progre ...","robots":{"index":"index","follow":"follow","max-snippet":"max-snippet:-1","max-image-preview":"max-image-preview:large","max-video-preview":"max-video-preview:-1"},"canonical":"https:\/\/www.africa-press.net\/guinee-conakry\/parties\/pup-soutient-mamadi-doumbouya-pour-presidentielle","og_locale":"fr_FR","og_type":"article","og_title":"PUP Soutient Mamadi Doumbouya pour Pr\u00e9sidentielle","og_description":"C\u2019est depuis son sie\u0300ge du quartier Cameroun, lors d\u2019une assemble\u0301e ge\u0301ne\u0301rale, que le Parti de l\u2019unite\u0301 et du progre ...","og_url":"https:\/\/www.africa-press.net\/guinee-conakry\/parties\/pup-soutient-mamadi-doumbouya-pour-presidentielle","og_site_name":"guinee Conakry","article_published_time":"2025-11-22T14:00:00+00:00","article_modified_time":"2025-11-23T00:03:50+00:00","og_image":[{"width":1080,"height":608,"url":"https:\/\/static.africa-press.net\/conakry\/sites\/63\/2025\/11\/sm_1763884996.657362.jpg","type":"image\/jpeg"}],"author":"cfeditorfr","twitter_card":"summary_large_image","twitter_misc":{"\u00c9crit par":"cfeditorfr","Dur\u00e9e de lecture estim\u00e9e":"2 minutes"},"schema":{"@context":"https:\/\/schema.org","@graph":[{"@type":"Article","@id":"https:\/\/www.africa-press.net\/guinee-conakry\/parties\/pup-soutient-mamadi-doumbouya-pour-presidentielle#article","isPartOf":{"@id":"https:\/\/www.africa-press.net\/guinee-conakry\/parties\/pup-soutient-mamadi-doumbouya-pour-presidentielle"},"author":{"name":"cfeditorfr","@id":"https:\/\/www.africa-press.net\/guinee-conakry\/#\/schema\/person\/2b1cf3cd81a31e3cd26889ca66d677f1"},"headline":"PUP Soutient Mamadi Doumbouya pour Pr\u00e9sidentielle","datePublished":"2025-11-22T14:00:00+00:00","dateModified":"2025-11-23T00:03:50+00:00","mainEntityOfPage":{"@id":"https:\/\/www.africa-press.net\/guinee-conakry\/parties\/pup-soutient-mamadi-doumbouya-pour-presidentielle"},"wordCount":380,"commentCount":0,"image":{"@id":"https:\/\/www.africa-press.net\/guinee-conakry\/parties\/pup-soutient-mamadi-doumbouya-pour-presidentielle#primaryimage"},"thumbnailUrl":"https:\/\/static.africa-press.net\/conakry\/sites\/63\/2025\/11\/sm_1763884996.657362.jpg","keywords":["Guin\u00e9e"],"articleSection":["Parties","to-homepage","Top Nouvelles","Toutes les actualit\u00e9s"],"inLanguage":"fr-FR","potentialAction":[{"@type":"CommentAction","name":"Comment","target":["https:\/\/www.africa-press.net\/guinee-conakry\/parties\/pup-soutient-mamadi-doumbouya-pour-presidentielle#respond"]}]},{"@type":"WebPage","@id":"https:\/\/www.africa-press.net\/guinee-conakry\/parties\/pup-soutient-mamadi-doumbouya-pour-presidentielle","url":"https:\/\/www.africa-press.net\/guinee-conakry\/parties\/pup-soutient-mamadi-doumbouya-pour-presidentielle","name":"PUP Soutient Mamadi Doumbouya pour Pr\u00e9sidentielle - guinee Conakry","isPartOf":{"@id":"https:\/\/www.africa-press.net\/guinee-conakry\/#website"},"primaryImageOfPage":{"@id":"https:\/\/www.africa-press.net\/guinee-conakry\/parties\/pup-soutient-mamadi-doumbouya-pour-presidentielle#primaryimage"},"image":{"@id":"https:\/\/www.africa-press.net\/guinee-conakry\/parties\/pup-soutient-mamadi-doumbouya-pour-presidentielle#primaryimage"},"thumbnailUrl":"https:\/\/static.africa-press.net\/conakry\/sites\/63\/2025\/11\/sm_1763884996.657362.jpg","datePublished":"2025-11-22T14:00:00+00:00","dateModified":"2025-11-23T00:03:50+00:00","author":{"@id":"https:\/\/www.africa-press.net\/guinee-conakry\/#\/schema\/person\/2b1cf3cd81a31e3cd26889ca66d677f1"},"description":"C\u2019est depuis son sie\u0300ge du quartier Cameroun, lors d\u2019une assemble\u0301e ge\u0301ne\u0301rale, que le Parti de l\u2019unite\u0301 et du progre ...","breadcrumb":{"@id":"https:\/\/www.africa-press.net\/guinee-conakry\/parties\/pup-soutient-mamadi-doumbouya-pour-presidentielle#breadcrumb"},"inLanguage":"fr-FR","potentialAction":[{"@type":"ReadAction","target":["https:\/\/www.africa-press.net\/guinee-conakry\/parties\/pup-soutient-mamadi-doumbouya-pour-presidentielle"]}]},{"@type":"ImageObject","inLanguage":"fr-FR","@id":"https:\/\/www.africa-press.net\/guinee-conakry\/parties\/pup-soutient-mamadi-doumbouya-pour-presidentielle#primaryimage","url":"https:\/\/static.africa-press.net\/conakry\/sites\/63\/2025\/11\/sm_1763884996.657362.jpg","contentUrl":"https:\/\/static.africa-press.net\/conakry\/sites\/63\/2025\/11\/sm_1763884996.657362.jpg","width":1080,"height":608,"caption":"PUP Soutient Mamadi Doumbouya pour Pr\u00e9sidentielle"},{"@type":"BreadcrumbList","@id":"https:\/\/www.africa-press.net\/guinee-conakry\/parties\/pup-soutient-mamadi-doumbouya-pour-presidentielle#breadcrumb","itemListElement":[{"@type":"ListItem","position":1,"name":"Accueil","item":"https:\/\/www.africa-press.net\/guinee-conakry\/"},{"@type":"ListItem","position":2,"name":"PUP Soutient Mamadi Doumbouya pour Pr\u00e9sidentielle"}]},{"@type":"WebSite","@id":"https:\/\/www.africa-press.net\/guinee-conakry\/#website","url":"https:\/\/www.africa-press.net\/guinee-conakry\/","name":"guinee Conakry","description":"Just another Africa News Agency Sites site","potentialAction":[{"@type":"SearchAction","target":{"@type":"EntryPoint","urlTemplate":"https:\/\/www.africa-press.net\/guinee-conakry\/?s={search_term_string}"},"query-input":{"@type":"PropertyValueSpecification","valueRequired":true,"valueName":"search_term_string"}}],"inLanguage":"fr-FR"},{"@type":"Person","@id":"https:\/\/www.africa-press.net\/guinee-conakry\/#\/schema\/person\/2b1cf3cd81a31e3cd26889ca66d677f1","name":"cfeditorfr"}]}},"_links":{"self":[{"href":"https:\/\/www.africa-press.net\/guinee-conakry\/wp-json\/wp\/v2\/posts\/36291","targetHints":{"allow":["GET"]}}],"collection":[{"href":"https:\/\/www.africa-press.net\/guinee-conakry\/wp-json\/wp\/v2\/posts"}],"about":[{"href":"https:\/\/www.africa-press.net\/guinee-conakry\/wp-json\/wp\/v2\/types\/post"}],"author":[{"embeddable":true,"href":"https:\/\/www.africa-press.net\/guinee-conakry\/wp-json\/wp\/v2\/users\/82"}],"replies":[{"embeddable":true,"href":"https:\/\/www.africa-press.net\/guinee-conakry\/wp-json\/wp\/v2\/comments?post=36291"}],"version-history":[{"count":0,"href":"https:\/\/www.africa-press.net\/guinee-conakry\/wp-json\/wp\/v2\/posts\/36291\/revisions"}],"wp:featuredmedia":[{"embeddable":true,"href":"https:\/\/www.africa-press.net\/guinee-conakry\/wp-json\/wp\/v2\/media\/36290"}],"wp:attachment":[{"href":"https:\/\/www.africa-press.net\/guinee-conakry\/wp-json\/wp\/v2\/media?parent=36291"}],"wp:term":[{"taxonomy":"category","embeddable":true,"href":"https:\/\/www.africa-press.net\/guinee-conakry\/wp-json\/wp\/v2\/categories?post=36291"},{"taxonomy":"post_tag","embeddable":true,"href":"https:\/\/www.africa-press.net\/guinee-conakry\/wp-json\/wp\/v2\/tags?post=36291"}],"curies":[{"name":"wp","href":"https:\/\/api.w.org\/{rel}","templated":true}]}}