{"id":36403,"date":"2025-11-25T14:00:00","date_gmt":"2025-11-25T14:00:00","guid":{"rendered":"https:\/\/www.africa-press.net\/guinee-conakry\/politique\/dalein-saisit-la-cour-de-justice-de-la-cedeao"},"modified":"2025-11-25T21:21:45","modified_gmt":"2025-11-25T21:21:45","slug":"dalein-saisit-la-cour-de-justice-de-la-cedeao","status":"publish","type":"post","link":"https:\/\/www.africa-press.net\/guinee-conakry\/politique\/dalein-saisit-la-cour-de-justice-de-la-cedeao","title":{"rendered":"Dalein Saisit la Cour de Justice de la CEDEAO"},"content":{"rendered":"<p><span style=\"color: #ff6600\"><strong>Africa-Press &#8211; Guin\u00e9e. <\/strong><\/span>Les avocats de l\u2019ancien Premier ministre Cellou Dalein Diallo ont annonce\u0301 avoir saisi, ce mardi 25 novembre, la Cour de justice de la Communaute\u0301 e\u0301conomique des E\u0301tats de l\u2019Afrique de l\u2019Ouest (CEDEAO) d\u2019une reque\u0302te en deux volets.<\/p>\n<p>D\u2019une part, ils demandent a\u0300 la Cour de constater la spoliation d\u2019un bien immobilier par l\u2019E\u0301tat guine\u0301en au pre\u0301judice de leur client, a\u0300 savoir son domicile a\u0300 Dixinn qui avait e\u0301te\u0301 rase\u0301 en 2022 par la junte militaire.<\/p>\n<p>D\u2019autre part, ils sollicitent qu\u2019elle dise et juge que la poursuite judiciaire engage\u0301e par la CRIEF contre Cellou Dalein Diallo dans le dossier \u00ab Air Guine\u0301e \u00bb est abusive.<\/p>\n<p>Dans un communique\u0301 rendu public, Mai\u0302tres Amadou Diallo, William Bourdon et Vincent Brengarth, qualifient cette de\u0301marche d\u2019\u2019\u2019action importante, fruit d\u2019une re\u0301flexion de plusieurs anne\u0301es et devant permettre a\u0300 leur client d\u2019e\u0302tre pleinement re\u0301tabli dans ses droits\u2019\u2019.<\/p>\n<p>Ils justifient la de\u0301cision de se tourner vers la juridiction re\u0301gionale par le fait que \u2018\u2019les recours devant les juridictions internes n\u2019ont aucune chance de prospe\u0301rer compte tenu de l\u2019absence de garantie juridictionnelle, en ce moment, en Guine\u0301e\u2019\u2019.<\/p>\n<p>Pour illustrer leurs propos, ils affirment que \u2018\u2019les de\u0301cisions de justice et\/ou les actes judiciaires pose\u0301s jusque-la\u0300 contre lui ont e\u0301te\u0301 un mal juge\u0301 manifeste assimilable a\u0300 un de\u0301ni de justice\u2019\u2019.<\/p>\n<p>\u2018\u2019M. Cellou Dalein Diallo a un temps et sans succe\u0300s nourri l\u2019espoir d\u2019un retour a\u0300 la raison des autorite\u0301s. Il est donc contraint de passer a\u0300 une phase supe\u0301rieure\u2019\u2019, pre\u0301cisent-ils dans le communique\u0301.<\/p>\n<p>Pour ces professionnels du droit, \u2018\u2019l\u2019E\u0301tat guine\u0301en a viole\u0301 les droits de l\u2019homme reconnus a\u0300 M. Cellou Dalein Diallo par sa loi nationale et les instruments juridiques internationaux a\u0300 vocation re\u0301gionale et universelle\u2019\u2019.<\/p>\n<p>Ils estiment qu\u2019il appartient de\u0301sormais a\u0300 la Cour de justice de la CEDEAO de \u2018\u2019constater le harce\u0300lement politico-judiciaire dont il fait l\u2019objet et d\u2019en tirer toutes les conse\u0301quences\u2019\u2019.<\/p>\n<p><strong>Pour plus d&rsquo;informations et d&rsquo;analyses sur la <span style=\"color: #ff6600\">Guin\u00e9e<\/span>, suivez <span style=\"color: #ff6600\">Africa-Press<\/span><\/strong><\/p>\n","protected":false},"excerpt":{"rendered":"<p>Africa-Press &#8211; Guin\u00e9e. Les avocats de l\u2019ancien Premier ministre Cellou Dalein Diallo ont annonce\u0301 avoir saisi, ce mardi 25 novembre, la Cour de justice de la Communaute\u0301 e\u0301conomique des E\u0301tats de l\u2019Afrique de l\u2019Ouest (CEDEAO) d\u2019une reque\u0302te en deux volets. D\u2019une part, ils demandent a\u0300 la Cour de constater la spoliation d\u2019un bien immobilier par [&hellip;]<\/p>\n","protected":false},"author":82,"featured_media":36402,"comment_status":"open","ping_status":"closed","sticky":false,"template":"","format":"standard","meta":{"footnotes":""},"categories":[2,56,20,10],"tags":[58],"class_list":["post-36403","post","type-post","status-publish","format-standard","has-post-thumbnail","hentry","category-politique","category-to-homepage","category-top-nouvelles","category-toutes-les-actualites","tag-guinee"],"yoast_head":"<!-- This site is optimized with the Yoast SEO Premium plugin v26.1 (Yoast SEO v27.0) - https:\/\/yoast.com\/product\/yoast-seo-premium-wordpress\/ -->\n<title>Dalein Saisit la Cour de Justice de la CEDEAO - guinee Conakry<\/title>\n<meta name=\"description\" content=\"Les avocats de l\u2019ancien Premier ministre Cellou Dalein Diallo ont annonce\u0301 avoir saisi, ce mardi 25 novembre, la Cour de ...\" \/>\n<meta name=\"robots\" content=\"index, follow, max-snippet:-1, max-image-preview:large, max-video-preview:-1\" \/>\n<link rel=\"canonical\" href=\"https:\/\/www.africa-press.net\/guinee-conakry\/politique\/dalein-saisit-la-cour-de-justice-de-la-cedeao\" \/>\n<meta property=\"og:locale\" content=\"fr_FR\" \/>\n<meta property=\"og:type\" content=\"article\" \/>\n<meta property=\"og:title\" content=\"Dalein Saisit la Cour de Justice de la CEDEAO\" \/>\n<meta property=\"og:description\" content=\"Les avocats de l\u2019ancien Premier ministre Cellou Dalein Diallo ont annonce\u0301 avoir saisi, ce mardi 25 novembre, la Cour de ...\" \/>\n<meta property=\"og:url\" content=\"https:\/\/www.africa-press.net\/guinee-conakry\/politique\/dalein-saisit-la-cour-de-justice-de-la-cedeao\" \/>\n<meta property=\"og:site_name\" content=\"guinee Conakry\" \/>\n<meta property=\"article:published_time\" content=\"2025-11-25T14:00:00+00:00\" \/>\n<meta property=\"article:modified_time\" content=\"2025-11-25T21:21:45+00:00\" \/>\n<meta property=\"og:image\" content=\"https:\/\/static.africa-press.net\/conakry\/sites\/63\/2025\/11\/sm_1764134083.918537.jpg\" \/>\n\t<meta property=\"og:image:width\" content=\"720\" \/>\n\t<meta property=\"og:image:height\" content=\"368\" \/>\n\t<meta property=\"og:image:type\" content=\"image\/jpeg\" \/>\n<meta name=\"author\" content=\"cfeditorfr\" \/>\n<meta name=\"twitter:card\" content=\"summary_large_image\" \/>\n<meta name=\"twitter:label1\" content=\"\u00c9crit par\" \/>\n\t<meta name=\"twitter:data1\" content=\"cfeditorfr\" \/>\n\t<meta name=\"twitter:label2\" content=\"Dur\u00e9e de lecture estim\u00e9e\" \/>\n\t<meta name=\"twitter:data2\" content=\"2 minutes\" \/>\n<script type=\"application\/ld+json\" class=\"yoast-schema-graph\">{\"@context\":\"https:\/\/schema.org\",\"@graph\":[{\"@type\":\"Article\",\"@id\":\"https:\/\/www.africa-press.net\/guinee-conakry\/politique\/dalein-saisit-la-cour-de-justice-de-la-cedeao#article\",\"isPartOf\":{\"@id\":\"https:\/\/www.africa-press.net\/guinee-conakry\/politique\/dalein-saisit-la-cour-de-justice-de-la-cedeao\"},\"author\":{\"name\":\"cfeditorfr\",\"@id\":\"https:\/\/www.africa-press.net\/guinee-conakry\/#\/schema\/person\/2b1cf3cd81a31e3cd26889ca66d677f1\"},\"headline\":\"Dalein Saisit la Cour de Justice de la CEDEAO\",\"datePublished\":\"2025-11-25T14:00:00+00:00\",\"dateModified\":\"2025-11-25T21:21:45+00:00\",\"mainEntityOfPage\":{\"@id\":\"https:\/\/www.africa-press.net\/guinee-conakry\/politique\/dalein-saisit-la-cour-de-justice-de-la-cedeao\"},\"wordCount\":380,\"commentCount\":0,\"image\":{\"@id\":\"https:\/\/www.africa-press.net\/guinee-conakry\/politique\/dalein-saisit-la-cour-de-justice-de-la-cedeao#primaryimage\"},\"thumbnailUrl\":\"https:\/\/static.africa-press.net\/conakry\/sites\/63\/2025\/11\/sm_1764134083.918537.jpg\",\"keywords\":[\"Guin\u00e9e\"],\"articleSection\":[\"Politique\",\"to-homepage\",\"Top Nouvelles\",\"Toutes les actualit\u00e9s\"],\"inLanguage\":\"fr-FR\",\"potentialAction\":[{\"@type\":\"CommentAction\",\"name\":\"Comment\",\"target\":[\"https:\/\/www.africa-press.net\/guinee-conakry\/politique\/dalein-saisit-la-cour-de-justice-de-la-cedeao#respond\"]}]},{\"@type\":\"WebPage\",\"@id\":\"https:\/\/www.africa-press.net\/guinee-conakry\/politique\/dalein-saisit-la-cour-de-justice-de-la-cedeao\",\"url\":\"https:\/\/www.africa-press.net\/guinee-conakry\/politique\/dalein-saisit-la-cour-de-justice-de-la-cedeao\",\"name\":\"Dalein Saisit la Cour de Justice de la CEDEAO - guinee Conakry\",\"isPartOf\":{\"@id\":\"https:\/\/www.africa-press.net\/guinee-conakry\/#website\"},\"primaryImageOfPage\":{\"@id\":\"https:\/\/www.africa-press.net\/guinee-conakry\/politique\/dalein-saisit-la-cour-de-justice-de-la-cedeao#primaryimage\"},\"image\":{\"@id\":\"https:\/\/www.africa-press.net\/guinee-conakry\/politique\/dalein-saisit-la-cour-de-justice-de-la-cedeao#primaryimage\"},\"thumbnailUrl\":\"https:\/\/static.africa-press.net\/conakry\/sites\/63\/2025\/11\/sm_1764134083.918537.jpg\",\"datePublished\":\"2025-11-25T14:00:00+00:00\",\"dateModified\":\"2025-11-25T21:21:45+00:00\",\"author\":{\"@id\":\"https:\/\/www.africa-press.net\/guinee-conakry\/#\/schema\/person\/2b1cf3cd81a31e3cd26889ca66d677f1\"},\"description\":\"Les avocats de l\u2019ancien Premier ministre Cellou Dalein Diallo ont annonce\u0301 avoir saisi, ce mardi 25 novembre, la Cour de ...\",\"breadcrumb\":{\"@id\":\"https:\/\/www.africa-press.net\/guinee-conakry\/politique\/dalein-saisit-la-cour-de-justice-de-la-cedeao#breadcrumb\"},\"inLanguage\":\"fr-FR\",\"potentialAction\":[{\"@type\":\"ReadAction\",\"target\":[\"https:\/\/www.africa-press.net\/guinee-conakry\/politique\/dalein-saisit-la-cour-de-justice-de-la-cedeao\"]}]},{\"@type\":\"ImageObject\",\"inLanguage\":\"fr-FR\",\"@id\":\"https:\/\/www.africa-press.net\/guinee-conakry\/politique\/dalein-saisit-la-cour-de-justice-de-la-cedeao#primaryimage\",\"url\":\"https:\/\/static.africa-press.net\/conakry\/sites\/63\/2025\/11\/sm_1764134083.918537.jpg\",\"contentUrl\":\"https:\/\/static.africa-press.net\/conakry\/sites\/63\/2025\/11\/sm_1764134083.918537.jpg\",\"width\":720,\"height\":368,\"caption\":\"Dalein Saisit la Cour de Justice de la CEDEAO\"},{\"@type\":\"BreadcrumbList\",\"@id\":\"https:\/\/www.africa-press.net\/guinee-conakry\/politique\/dalein-saisit-la-cour-de-justice-de-la-cedeao#breadcrumb\",\"itemListElement\":[{\"@type\":\"ListItem\",\"position\":1,\"name\":\"Accueil\",\"item\":\"https:\/\/www.africa-press.net\/guinee-conakry\/\"},{\"@type\":\"ListItem\",\"position\":2,\"name\":\"Dalein Saisit la Cour de Justice de la CEDEAO\"}]},{\"@type\":\"WebSite\",\"@id\":\"https:\/\/www.africa-press.net\/guinee-conakry\/#website\",\"url\":\"https:\/\/www.africa-press.net\/guinee-conakry\/\",\"name\":\"guinee Conakry\",\"description\":\"Just another Africa News Agency Sites site\",\"potentialAction\":[{\"@type\":\"SearchAction\",\"target\":{\"@type\":\"EntryPoint\",\"urlTemplate\":\"https:\/\/www.africa-press.net\/guinee-conakry\/?s={search_term_string}\"},\"query-input\":{\"@type\":\"PropertyValueSpecification\",\"valueRequired\":true,\"valueName\":\"search_term_string\"}}],\"inLanguage\":\"fr-FR\"},{\"@type\":\"Person\",\"@id\":\"https:\/\/www.africa-press.net\/guinee-conakry\/#\/schema\/person\/2b1cf3cd81a31e3cd26889ca66d677f1\",\"name\":\"cfeditorfr\"}]}<\/script>\n<!-- \/ Yoast SEO Premium plugin. -->","yoast_head_json":{"title":"Dalein Saisit la Cour de Justice de la CEDEAO - guinee Conakry","description":"Les avocats de l\u2019ancien Premier ministre Cellou Dalein Diallo ont annonce\u0301 avoir saisi, ce mardi 25 novembre, la Cour de ...","robots":{"index":"index","follow":"follow","max-snippet":"max-snippet:-1","max-image-preview":"max-image-preview:large","max-video-preview":"max-video-preview:-1"},"canonical":"https:\/\/www.africa-press.net\/guinee-conakry\/politique\/dalein-saisit-la-cour-de-justice-de-la-cedeao","og_locale":"fr_FR","og_type":"article","og_title":"Dalein Saisit la Cour de Justice de la CEDEAO","og_description":"Les avocats de l\u2019ancien Premier ministre Cellou Dalein Diallo ont annonce\u0301 avoir saisi, ce mardi 25 novembre, la Cour de ...","og_url":"https:\/\/www.africa-press.net\/guinee-conakry\/politique\/dalein-saisit-la-cour-de-justice-de-la-cedeao","og_site_name":"guinee Conakry","article_published_time":"2025-11-25T14:00:00+00:00","article_modified_time":"2025-11-25T21:21:45+00:00","og_image":[{"width":720,"height":368,"url":"https:\/\/static.africa-press.net\/conakry\/sites\/63\/2025\/11\/sm_1764134083.918537.jpg","type":"image\/jpeg"}],"author":"cfeditorfr","twitter_card":"summary_large_image","twitter_misc":{"\u00c9crit par":"cfeditorfr","Dur\u00e9e de lecture estim\u00e9e":"2 minutes"},"schema":{"@context":"https:\/\/schema.org","@graph":[{"@type":"Article","@id":"https:\/\/www.africa-press.net\/guinee-conakry\/politique\/dalein-saisit-la-cour-de-justice-de-la-cedeao#article","isPartOf":{"@id":"https:\/\/www.africa-press.net\/guinee-conakry\/politique\/dalein-saisit-la-cour-de-justice-de-la-cedeao"},"author":{"name":"cfeditorfr","@id":"https:\/\/www.africa-press.net\/guinee-conakry\/#\/schema\/person\/2b1cf3cd81a31e3cd26889ca66d677f1"},"headline":"Dalein Saisit la Cour de Justice de la CEDEAO","datePublished":"2025-11-25T14:00:00+00:00","dateModified":"2025-11-25T21:21:45+00:00","mainEntityOfPage":{"@id":"https:\/\/www.africa-press.net\/guinee-conakry\/politique\/dalein-saisit-la-cour-de-justice-de-la-cedeao"},"wordCount":380,"commentCount":0,"image":{"@id":"https:\/\/www.africa-press.net\/guinee-conakry\/politique\/dalein-saisit-la-cour-de-justice-de-la-cedeao#primaryimage"},"thumbnailUrl":"https:\/\/static.africa-press.net\/conakry\/sites\/63\/2025\/11\/sm_1764134083.918537.jpg","keywords":["Guin\u00e9e"],"articleSection":["Politique","to-homepage","Top Nouvelles","Toutes les actualit\u00e9s"],"inLanguage":"fr-FR","potentialAction":[{"@type":"CommentAction","name":"Comment","target":["https:\/\/www.africa-press.net\/guinee-conakry\/politique\/dalein-saisit-la-cour-de-justice-de-la-cedeao#respond"]}]},{"@type":"WebPage","@id":"https:\/\/www.africa-press.net\/guinee-conakry\/politique\/dalein-saisit-la-cour-de-justice-de-la-cedeao","url":"https:\/\/www.africa-press.net\/guinee-conakry\/politique\/dalein-saisit-la-cour-de-justice-de-la-cedeao","name":"Dalein Saisit la Cour de Justice de la CEDEAO - guinee Conakry","isPartOf":{"@id":"https:\/\/www.africa-press.net\/guinee-conakry\/#website"},"primaryImageOfPage":{"@id":"https:\/\/www.africa-press.net\/guinee-conakry\/politique\/dalein-saisit-la-cour-de-justice-de-la-cedeao#primaryimage"},"image":{"@id":"https:\/\/www.africa-press.net\/guinee-conakry\/politique\/dalein-saisit-la-cour-de-justice-de-la-cedeao#primaryimage"},"thumbnailUrl":"https:\/\/static.africa-press.net\/conakry\/sites\/63\/2025\/11\/sm_1764134083.918537.jpg","datePublished":"2025-11-25T14:00:00+00:00","dateModified":"2025-11-25T21:21:45+00:00","author":{"@id":"https:\/\/www.africa-press.net\/guinee-conakry\/#\/schema\/person\/2b1cf3cd81a31e3cd26889ca66d677f1"},"description":"Les avocats de l\u2019ancien Premier ministre Cellou Dalein Diallo ont annonce\u0301 avoir saisi, ce mardi 25 novembre, la Cour de ...","breadcrumb":{"@id":"https:\/\/www.africa-press.net\/guinee-conakry\/politique\/dalein-saisit-la-cour-de-justice-de-la-cedeao#breadcrumb"},"inLanguage":"fr-FR","potentialAction":[{"@type":"ReadAction","target":["https:\/\/www.africa-press.net\/guinee-conakry\/politique\/dalein-saisit-la-cour-de-justice-de-la-cedeao"]}]},{"@type":"ImageObject","inLanguage":"fr-FR","@id":"https:\/\/www.africa-press.net\/guinee-conakry\/politique\/dalein-saisit-la-cour-de-justice-de-la-cedeao#primaryimage","url":"https:\/\/static.africa-press.net\/conakry\/sites\/63\/2025\/11\/sm_1764134083.918537.jpg","contentUrl":"https:\/\/static.africa-press.net\/conakry\/sites\/63\/2025\/11\/sm_1764134083.918537.jpg","width":720,"height":368,"caption":"Dalein Saisit la Cour de Justice de la CEDEAO"},{"@type":"BreadcrumbList","@id":"https:\/\/www.africa-press.net\/guinee-conakry\/politique\/dalein-saisit-la-cour-de-justice-de-la-cedeao#breadcrumb","itemListElement":[{"@type":"ListItem","position":1,"name":"Accueil","item":"https:\/\/www.africa-press.net\/guinee-conakry\/"},{"@type":"ListItem","position":2,"name":"Dalein Saisit la Cour de Justice de la CEDEAO"}]},{"@type":"WebSite","@id":"https:\/\/www.africa-press.net\/guinee-conakry\/#website","url":"https:\/\/www.africa-press.net\/guinee-conakry\/","name":"guinee Conakry","description":"Just another Africa News Agency Sites site","potentialAction":[{"@type":"SearchAction","target":{"@type":"EntryPoint","urlTemplate":"https:\/\/www.africa-press.net\/guinee-conakry\/?s={search_term_string}"},"query-input":{"@type":"PropertyValueSpecification","valueRequired":true,"valueName":"search_term_string"}}],"inLanguage":"fr-FR"},{"@type":"Person","@id":"https:\/\/www.africa-press.net\/guinee-conakry\/#\/schema\/person\/2b1cf3cd81a31e3cd26889ca66d677f1","name":"cfeditorfr"}]}},"_links":{"self":[{"href":"https:\/\/www.africa-press.net\/guinee-conakry\/wp-json\/wp\/v2\/posts\/36403","targetHints":{"allow":["GET"]}}],"collection":[{"href":"https:\/\/www.africa-press.net\/guinee-conakry\/wp-json\/wp\/v2\/posts"}],"about":[{"href":"https:\/\/www.africa-press.net\/guinee-conakry\/wp-json\/wp\/v2\/types\/post"}],"author":[{"embeddable":true,"href":"https:\/\/www.africa-press.net\/guinee-conakry\/wp-json\/wp\/v2\/users\/82"}],"replies":[{"embeddable":true,"href":"https:\/\/www.africa-press.net\/guinee-conakry\/wp-json\/wp\/v2\/comments?post=36403"}],"version-history":[{"count":0,"href":"https:\/\/www.africa-press.net\/guinee-conakry\/wp-json\/wp\/v2\/posts\/36403\/revisions"}],"wp:featuredmedia":[{"embeddable":true,"href":"https:\/\/www.africa-press.net\/guinee-conakry\/wp-json\/wp\/v2\/media\/36402"}],"wp:attachment":[{"href":"https:\/\/www.africa-press.net\/guinee-conakry\/wp-json\/wp\/v2\/media?parent=36403"}],"wp:term":[{"taxonomy":"category","embeddable":true,"href":"https:\/\/www.africa-press.net\/guinee-conakry\/wp-json\/wp\/v2\/categories?post=36403"},{"taxonomy":"post_tag","embeddable":true,"href":"https:\/\/www.africa-press.net\/guinee-conakry\/wp-json\/wp\/v2\/tags?post=36403"}],"curies":[{"name":"wp","href":"https:\/\/api.w.org\/{rel}","templated":true}]}}