{"id":36566,"date":"2025-11-30T14:00:00","date_gmt":"2025-11-30T14:00:00","guid":{"rendered":"https:\/\/www.africa-press.net\/guinee-conakry\/politique\/mobilisation-au-stade-de-lambanyi-pour-abdoulaye-yero-balde"},"modified":"2025-11-30T14:00:00","modified_gmt":"2025-11-30T14:00:00","slug":"mobilisation-au-stade-de-lambanyi-pour-abdoulaye-yero-balde","status":"publish","type":"post","link":"https:\/\/www.africa-press.net\/guinee-conakry\/politique\/mobilisation-au-stade-de-lambanyi-pour-abdoulaye-yero-balde","title":{"rendered":"Mobilisation au Stade de Lambanyi pour Abdoulaye Y\u00e9ro Bald\u00e9"},"content":{"rendered":"<p><span style=\"color: #ff6600\"><strong>Africa-Press &#8211; Guin\u00e9e. <\/strong><\/span>Le Front de\u0301mocratique de Guine\u0301e (FRONDEG) a proce\u0301de\u0301, ce dimanche 30 novembre 2025, au lancement officiel de sa campagne pre\u0301sidentielle au stade de Lambanyi. Une foule immense, mobilise\u0301e de\u0300s les premie\u0300res heures du matin a\u0300 Enco 5 jusqu\u2019au stade, a accueilli le candidat du parti, Abdoulaye Ye\u0301ro Balde\u0301, venu de\u0301voiler ses priorite\u0301s et galvaniser ses partisans.<\/p>\n<p>Le candidat a salue\u0301 la forte mobilisation, qu\u2019il a qualifie\u0301e de preuve que \u2018\u2019la Guine\u0301e est debout\u2019\u2019. Il a promis que s\u2019il est e\u0301lu pre\u0301sident de la Re\u0301publique, la justice, la liberte\u0301 de la presse et la liberte\u0301 de pense\u0301e seront pleinement respecte\u0301es.<\/p>\n<p>Abdoulaye Ye\u0301ro Balde\u0301 s\u2019est engage\u0301 a\u0300 garantir la se\u0301curite\u0301 de tous les citoyens ainsi qu\u2019un meilleur acce\u0300s aux services sociaux de base. Il a rappele\u0301 que la Guine\u0301e dispose des ressources ne\u0301cessaires pour offrir a\u0300 chaque citoyen une e\u0301ducation de qualite\u0301, une couverture sanitaire ade\u0301quate, l\u2019acce\u0300s a\u0300 l\u2019eau, a\u0300 l\u2019e\u0301lectricite\u0301 et a\u0300 des infrastructures modernes.<\/p>\n<p>Le candidat du FRONDEG a exhorte\u0301 ses partisans a\u0300 rester vigilants lors du scrutin du 28 de\u0301cembre. \u2018\u2019Rien n\u2019est gagne\u0301 d\u2019avance. Il faut que nous soyons pre\u0302ts a\u0300 aller voter massivement et a\u0300 se\u0301curiser nos votes\u2019\u2019, a-t-il lance\u0301.<\/p>\n<p>Il a mis l\u2019accent sur la ne\u0301cessite\u0301 de pre\u0301server l\u2019unite\u0301 nationale, affirmant que la mobilisation au stade de Lambanyi prouve que \u2018\u2019toute la Guine\u0301e est re\u0301unie ici\u2019\u2019, tout en appelant ses partisans a\u0300 mener une campagne pacifique, sans provocations: \u2018\u2019On ne re\u0301pond a\u0300 aucune provocation. Convainquez par les arguments, dans vos familles, vos quartiers, vos villages, vos pre\u0301fectures\u2019\u2019.<\/p>\n<p>Il estime que la Guine\u0301e se trouve a\u0300 un tournant historique, apre\u0300s 67 ans d\u2019inde\u0301pendance, de\u0301nonc\u0327ant le manque eau potable, d\u2019e\u0301lectricite\u0301, d\u2019un ve\u0301ritable syste\u0300me e\u0301ducatif et d\u2019opportunite\u0301s d\u2019emploi pour les jeunes.<\/p>\n<p>Ye\u0301ro Balde\u0301 promet, s\u2019il acce\u0300de a\u0300 la magistrature supre\u0302me du pays, \u2018\u2019dans cinq ans, la Guine\u0301e va e\u0301merger sur la sce\u0300ne internationale\u2019\u2019.<\/p>\n<p><strong>Pour plus d&rsquo;informations et d&rsquo;analyses sur la <span style=\"color: #ff6600\">Guin\u00e9e<\/span>, suivez <span style=\"color: #ff6600\">Africa-Press<span style=\"color: #ff6600\"><\/span><\/strong><\/p>\n","protected":false},"excerpt":{"rendered":"<p>Africa-Press &#8211; Guin\u00e9e. Le Front de\u0301mocratique de Guine\u0301e (FRONDEG) a proce\u0301de\u0301, ce dimanche 30 novembre 2025, au lancement officiel de sa campagne pre\u0301sidentielle au stade de Lambanyi. Une foule immense, mobilise\u0301e de\u0300s les premie\u0300res heures du matin a\u0300 Enco 5 jusqu\u2019au stade, a accueilli le candidat du parti, Abdoulaye Ye\u0301ro Balde\u0301, venu de\u0301voiler ses priorite\u0301s [&hellip;]<\/p>\n","protected":false},"author":82,"featured_media":36565,"comment_status":"open","ping_status":"closed","sticky":false,"template":"","format":"standard","meta":{"footnotes":""},"categories":[2,56,20,10],"tags":[58],"class_list":["post-36566","post","type-post","status-publish","format-standard","has-post-thumbnail","hentry","category-politique","category-to-homepage","category-top-nouvelles","category-toutes-les-actualites","tag-guinee"],"yoast_head":"<!-- This site is optimized with the Yoast SEO Premium plugin v26.1 (Yoast SEO v27.0) - https:\/\/yoast.com\/product\/yoast-seo-premium-wordpress\/ -->\n<title>Mobilisation au Stade de Lambanyi pour Abdoulaye Y\u00e9ro Bald\u00e9 - guinee Conakry<\/title>\n<meta name=\"robots\" content=\"index, follow, max-snippet:-1, max-image-preview:large, max-video-preview:-1\" \/>\n<link rel=\"canonical\" href=\"https:\/\/www.africa-press.net\/guinee-conakry\/politique\/mobilisation-au-stade-de-lambanyi-pour-abdoulaye-yero-balde\" \/>\n<meta property=\"og:locale\" content=\"fr_FR\" \/>\n<meta property=\"og:type\" content=\"article\" \/>\n<meta property=\"og:title\" content=\"Mobilisation au Stade de Lambanyi pour Abdoulaye Y\u00e9ro Bald\u00e9\" \/>\n<meta property=\"og:description\" content=\"Africa-Press &#8211; Guin\u00e9e. Le Front de\u0301mocratique de Guine\u0301e (FRONDEG) a proce\u0301de\u0301, ce dimanche 30 novembre 2025, au lancement officiel de sa campagne pre\u0301sidentielle au stade de Lambanyi. Une foule immense, mobilise\u0301e de\u0300s les premie\u0300res heures du matin a\u0300 Enco 5 jusqu\u2019au stade, a accueilli le candidat du parti, Abdoulaye Ye\u0301ro Balde\u0301, venu de\u0301voiler ses priorite\u0301s [&hellip;]\" \/>\n<meta property=\"og:url\" content=\"https:\/\/www.africa-press.net\/guinee-conakry\/politique\/mobilisation-au-stade-de-lambanyi-pour-abdoulaye-yero-balde\" \/>\n<meta property=\"og:site_name\" content=\"guinee Conakry\" \/>\n<meta property=\"article:published_time\" content=\"2025-11-30T14:00:00+00:00\" \/>\n<meta name=\"author\" content=\"cfeditorfr\" \/>\n<meta name=\"twitter:card\" content=\"summary_large_image\" \/>\n<meta name=\"twitter:label1\" content=\"\u00c9crit par\" \/>\n\t<meta name=\"twitter:data1\" content=\"cfeditorfr\" \/>\n\t<meta name=\"twitter:label2\" content=\"Dur\u00e9e de lecture estim\u00e9e\" \/>\n\t<meta name=\"twitter:data2\" content=\"2 minutes\" \/>\n<script type=\"application\/ld+json\" class=\"yoast-schema-graph\">{\"@context\":\"https:\/\/schema.org\",\"@graph\":[{\"@type\":\"Article\",\"@id\":\"https:\/\/www.africa-press.net\/guinee-conakry\/politique\/mobilisation-au-stade-de-lambanyi-pour-abdoulaye-yero-balde#article\",\"isPartOf\":{\"@id\":\"https:\/\/www.africa-press.net\/guinee-conakry\/politique\/mobilisation-au-stade-de-lambanyi-pour-abdoulaye-yero-balde\"},\"author\":{\"name\":\"cfeditorfr\",\"@id\":\"https:\/\/www.africa-press.net\/guinee-conakry\/#\/schema\/person\/2b1cf3cd81a31e3cd26889ca66d677f1\"},\"headline\":\"Mobilisation au Stade de Lambanyi pour Abdoulaye Y\u00e9ro Bald\u00e9\",\"datePublished\":\"2025-11-30T14:00:00+00:00\",\"mainEntityOfPage\":{\"@id\":\"https:\/\/www.africa-press.net\/guinee-conakry\/politique\/mobilisation-au-stade-de-lambanyi-pour-abdoulaye-yero-balde\"},\"wordCount\":394,\"commentCount\":0,\"image\":{\"@id\":\"https:\/\/www.africa-press.net\/guinee-conakry\/politique\/mobilisation-au-stade-de-lambanyi-pour-abdoulaye-yero-balde#primaryimage\"},\"thumbnailUrl\":\"https:\/\/static.africa-press.net\/conakry\/sites\/63\/2025\/11\/sm_1764558327.299028.jpg\",\"keywords\":[\"Guin\u00e9e\"],\"articleSection\":[\"Politique\",\"to-homepage\",\"Top Nouvelles\",\"Toutes les actualit\u00e9s\"],\"inLanguage\":\"fr-FR\",\"potentialAction\":[{\"@type\":\"CommentAction\",\"name\":\"Comment\",\"target\":[\"https:\/\/www.africa-press.net\/guinee-conakry\/politique\/mobilisation-au-stade-de-lambanyi-pour-abdoulaye-yero-balde#respond\"]}]},{\"@type\":\"WebPage\",\"@id\":\"https:\/\/www.africa-press.net\/guinee-conakry\/politique\/mobilisation-au-stade-de-lambanyi-pour-abdoulaye-yero-balde\",\"url\":\"https:\/\/www.africa-press.net\/guinee-conakry\/politique\/mobilisation-au-stade-de-lambanyi-pour-abdoulaye-yero-balde\",\"name\":\"Mobilisation au Stade de Lambanyi pour Abdoulaye Y\u00e9ro Bald\u00e9 - guinee Conakry\",\"isPartOf\":{\"@id\":\"https:\/\/www.africa-press.net\/guinee-conakry\/#website\"},\"primaryImageOfPage\":{\"@id\":\"https:\/\/www.africa-press.net\/guinee-conakry\/politique\/mobilisation-au-stade-de-lambanyi-pour-abdoulaye-yero-balde#primaryimage\"},\"image\":{\"@id\":\"https:\/\/www.africa-press.net\/guinee-conakry\/politique\/mobilisation-au-stade-de-lambanyi-pour-abdoulaye-yero-balde#primaryimage\"},\"thumbnailUrl\":\"https:\/\/static.africa-press.net\/conakry\/sites\/63\/2025\/11\/sm_1764558327.299028.jpg\",\"datePublished\":\"2025-11-30T14:00:00+00:00\",\"author\":{\"@id\":\"https:\/\/www.africa-press.net\/guinee-conakry\/#\/schema\/person\/2b1cf3cd81a31e3cd26889ca66d677f1\"},\"breadcrumb\":{\"@id\":\"https:\/\/www.africa-press.net\/guinee-conakry\/politique\/mobilisation-au-stade-de-lambanyi-pour-abdoulaye-yero-balde#breadcrumb\"},\"inLanguage\":\"fr-FR\",\"potentialAction\":[{\"@type\":\"ReadAction\",\"target\":[\"https:\/\/www.africa-press.net\/guinee-conakry\/politique\/mobilisation-au-stade-de-lambanyi-pour-abdoulaye-yero-balde\"]}]},{\"@type\":\"ImageObject\",\"inLanguage\":\"fr-FR\",\"@id\":\"https:\/\/www.africa-press.net\/guinee-conakry\/politique\/mobilisation-au-stade-de-lambanyi-pour-abdoulaye-yero-balde#primaryimage\",\"url\":\"https:\/\/static.africa-press.net\/conakry\/sites\/63\/2025\/11\/sm_1764558327.299028.jpg\",\"contentUrl\":\"https:\/\/static.africa-press.net\/conakry\/sites\/63\/2025\/11\/sm_1764558327.299028.jpg\",\"width\":1020,\"height\":574,\"caption\":\"Mobilisation au Stade de Lambanyi pour Abdoulaye Y\u00e9ro Bald\u00e9\"},{\"@type\":\"BreadcrumbList\",\"@id\":\"https:\/\/www.africa-press.net\/guinee-conakry\/politique\/mobilisation-au-stade-de-lambanyi-pour-abdoulaye-yero-balde#breadcrumb\",\"itemListElement\":[{\"@type\":\"ListItem\",\"position\":1,\"name\":\"Accueil\",\"item\":\"https:\/\/www.africa-press.net\/guinee-conakry\/\"},{\"@type\":\"ListItem\",\"position\":2,\"name\":\"Mobilisation au Stade de Lambanyi pour Abdoulaye Y\u00e9ro Bald\u00e9\"}]},{\"@type\":\"WebSite\",\"@id\":\"https:\/\/www.africa-press.net\/guinee-conakry\/#website\",\"url\":\"https:\/\/www.africa-press.net\/guinee-conakry\/\",\"name\":\"guinee Conakry\",\"description\":\"Just another Africa News Agency Sites site\",\"potentialAction\":[{\"@type\":\"SearchAction\",\"target\":{\"@type\":\"EntryPoint\",\"urlTemplate\":\"https:\/\/www.africa-press.net\/guinee-conakry\/?s={search_term_string}\"},\"query-input\":{\"@type\":\"PropertyValueSpecification\",\"valueRequired\":true,\"valueName\":\"search_term_string\"}}],\"inLanguage\":\"fr-FR\"},{\"@type\":\"Person\",\"@id\":\"https:\/\/www.africa-press.net\/guinee-conakry\/#\/schema\/person\/2b1cf3cd81a31e3cd26889ca66d677f1\",\"name\":\"cfeditorfr\"}]}<\/script>\n<!-- \/ Yoast SEO Premium plugin. -->","yoast_head_json":{"title":"Mobilisation au Stade de Lambanyi pour Abdoulaye Y\u00e9ro Bald\u00e9 - guinee Conakry","robots":{"index":"index","follow":"follow","max-snippet":"max-snippet:-1","max-image-preview":"max-image-preview:large","max-video-preview":"max-video-preview:-1"},"canonical":"https:\/\/www.africa-press.net\/guinee-conakry\/politique\/mobilisation-au-stade-de-lambanyi-pour-abdoulaye-yero-balde","og_locale":"fr_FR","og_type":"article","og_title":"Mobilisation au Stade de Lambanyi pour Abdoulaye Y\u00e9ro Bald\u00e9","og_description":"Africa-Press &#8211; Guin\u00e9e. Le Front de\u0301mocratique de Guine\u0301e (FRONDEG) a proce\u0301de\u0301, ce dimanche 30 novembre 2025, au lancement officiel de sa campagne pre\u0301sidentielle au stade de Lambanyi. Une foule immense, mobilise\u0301e de\u0300s les premie\u0300res heures du matin a\u0300 Enco 5 jusqu\u2019au stade, a accueilli le candidat du parti, Abdoulaye Ye\u0301ro Balde\u0301, venu de\u0301voiler ses priorite\u0301s [&hellip;]","og_url":"https:\/\/www.africa-press.net\/guinee-conakry\/politique\/mobilisation-au-stade-de-lambanyi-pour-abdoulaye-yero-balde","og_site_name":"guinee Conakry","article_published_time":"2025-11-30T14:00:00+00:00","author":"cfeditorfr","twitter_card":"summary_large_image","twitter_misc":{"\u00c9crit par":"cfeditorfr","Dur\u00e9e de lecture estim\u00e9e":"2 minutes"},"schema":{"@context":"https:\/\/schema.org","@graph":[{"@type":"Article","@id":"https:\/\/www.africa-press.net\/guinee-conakry\/politique\/mobilisation-au-stade-de-lambanyi-pour-abdoulaye-yero-balde#article","isPartOf":{"@id":"https:\/\/www.africa-press.net\/guinee-conakry\/politique\/mobilisation-au-stade-de-lambanyi-pour-abdoulaye-yero-balde"},"author":{"name":"cfeditorfr","@id":"https:\/\/www.africa-press.net\/guinee-conakry\/#\/schema\/person\/2b1cf3cd81a31e3cd26889ca66d677f1"},"headline":"Mobilisation au Stade de Lambanyi pour Abdoulaye Y\u00e9ro Bald\u00e9","datePublished":"2025-11-30T14:00:00+00:00","mainEntityOfPage":{"@id":"https:\/\/www.africa-press.net\/guinee-conakry\/politique\/mobilisation-au-stade-de-lambanyi-pour-abdoulaye-yero-balde"},"wordCount":394,"commentCount":0,"image":{"@id":"https:\/\/www.africa-press.net\/guinee-conakry\/politique\/mobilisation-au-stade-de-lambanyi-pour-abdoulaye-yero-balde#primaryimage"},"thumbnailUrl":"https:\/\/static.africa-press.net\/conakry\/sites\/63\/2025\/11\/sm_1764558327.299028.jpg","keywords":["Guin\u00e9e"],"articleSection":["Politique","to-homepage","Top Nouvelles","Toutes les actualit\u00e9s"],"inLanguage":"fr-FR","potentialAction":[{"@type":"CommentAction","name":"Comment","target":["https:\/\/www.africa-press.net\/guinee-conakry\/politique\/mobilisation-au-stade-de-lambanyi-pour-abdoulaye-yero-balde#respond"]}]},{"@type":"WebPage","@id":"https:\/\/www.africa-press.net\/guinee-conakry\/politique\/mobilisation-au-stade-de-lambanyi-pour-abdoulaye-yero-balde","url":"https:\/\/www.africa-press.net\/guinee-conakry\/politique\/mobilisation-au-stade-de-lambanyi-pour-abdoulaye-yero-balde","name":"Mobilisation au Stade de Lambanyi pour Abdoulaye Y\u00e9ro Bald\u00e9 - guinee Conakry","isPartOf":{"@id":"https:\/\/www.africa-press.net\/guinee-conakry\/#website"},"primaryImageOfPage":{"@id":"https:\/\/www.africa-press.net\/guinee-conakry\/politique\/mobilisation-au-stade-de-lambanyi-pour-abdoulaye-yero-balde#primaryimage"},"image":{"@id":"https:\/\/www.africa-press.net\/guinee-conakry\/politique\/mobilisation-au-stade-de-lambanyi-pour-abdoulaye-yero-balde#primaryimage"},"thumbnailUrl":"https:\/\/static.africa-press.net\/conakry\/sites\/63\/2025\/11\/sm_1764558327.299028.jpg","datePublished":"2025-11-30T14:00:00+00:00","author":{"@id":"https:\/\/www.africa-press.net\/guinee-conakry\/#\/schema\/person\/2b1cf3cd81a31e3cd26889ca66d677f1"},"breadcrumb":{"@id":"https:\/\/www.africa-press.net\/guinee-conakry\/politique\/mobilisation-au-stade-de-lambanyi-pour-abdoulaye-yero-balde#breadcrumb"},"inLanguage":"fr-FR","potentialAction":[{"@type":"ReadAction","target":["https:\/\/www.africa-press.net\/guinee-conakry\/politique\/mobilisation-au-stade-de-lambanyi-pour-abdoulaye-yero-balde"]}]},{"@type":"ImageObject","inLanguage":"fr-FR","@id":"https:\/\/www.africa-press.net\/guinee-conakry\/politique\/mobilisation-au-stade-de-lambanyi-pour-abdoulaye-yero-balde#primaryimage","url":"https:\/\/static.africa-press.net\/conakry\/sites\/63\/2025\/11\/sm_1764558327.299028.jpg","contentUrl":"https:\/\/static.africa-press.net\/conakry\/sites\/63\/2025\/11\/sm_1764558327.299028.jpg","width":1020,"height":574,"caption":"Mobilisation au Stade de Lambanyi pour Abdoulaye Y\u00e9ro Bald\u00e9"},{"@type":"BreadcrumbList","@id":"https:\/\/www.africa-press.net\/guinee-conakry\/politique\/mobilisation-au-stade-de-lambanyi-pour-abdoulaye-yero-balde#breadcrumb","itemListElement":[{"@type":"ListItem","position":1,"name":"Accueil","item":"https:\/\/www.africa-press.net\/guinee-conakry\/"},{"@type":"ListItem","position":2,"name":"Mobilisation au Stade de Lambanyi pour Abdoulaye Y\u00e9ro Bald\u00e9"}]},{"@type":"WebSite","@id":"https:\/\/www.africa-press.net\/guinee-conakry\/#website","url":"https:\/\/www.africa-press.net\/guinee-conakry\/","name":"guinee Conakry","description":"Just another Africa News Agency Sites site","potentialAction":[{"@type":"SearchAction","target":{"@type":"EntryPoint","urlTemplate":"https:\/\/www.africa-press.net\/guinee-conakry\/?s={search_term_string}"},"query-input":{"@type":"PropertyValueSpecification","valueRequired":true,"valueName":"search_term_string"}}],"inLanguage":"fr-FR"},{"@type":"Person","@id":"https:\/\/www.africa-press.net\/guinee-conakry\/#\/schema\/person\/2b1cf3cd81a31e3cd26889ca66d677f1","name":"cfeditorfr"}]}},"_links":{"self":[{"href":"https:\/\/www.africa-press.net\/guinee-conakry\/wp-json\/wp\/v2\/posts\/36566","targetHints":{"allow":["GET"]}}],"collection":[{"href":"https:\/\/www.africa-press.net\/guinee-conakry\/wp-json\/wp\/v2\/posts"}],"about":[{"href":"https:\/\/www.africa-press.net\/guinee-conakry\/wp-json\/wp\/v2\/types\/post"}],"author":[{"embeddable":true,"href":"https:\/\/www.africa-press.net\/guinee-conakry\/wp-json\/wp\/v2\/users\/82"}],"replies":[{"embeddable":true,"href":"https:\/\/www.africa-press.net\/guinee-conakry\/wp-json\/wp\/v2\/comments?post=36566"}],"version-history":[{"count":0,"href":"https:\/\/www.africa-press.net\/guinee-conakry\/wp-json\/wp\/v2\/posts\/36566\/revisions"}],"wp:featuredmedia":[{"embeddable":true,"href":"https:\/\/www.africa-press.net\/guinee-conakry\/wp-json\/wp\/v2\/media\/36565"}],"wp:attachment":[{"href":"https:\/\/www.africa-press.net\/guinee-conakry\/wp-json\/wp\/v2\/media?parent=36566"}],"wp:term":[{"taxonomy":"category","embeddable":true,"href":"https:\/\/www.africa-press.net\/guinee-conakry\/wp-json\/wp\/v2\/categories?post=36566"},{"taxonomy":"post_tag","embeddable":true,"href":"https:\/\/www.africa-press.net\/guinee-conakry\/wp-json\/wp\/v2\/tags?post=36566"}],"curies":[{"name":"wp","href":"https:\/\/api.w.org\/{rel}","templated":true}]}}