{"id":38707,"date":"2026-03-13T14:00:00","date_gmt":"2026-03-13T14:00:00","guid":{"rendered":"https:\/\/www.africa-press.net\/guinee-conakry\/politique\/doumbouya-sengage-a-proteger-lavenir-de-la-guinee"},"modified":"2026-03-13T19:18:59","modified_gmt":"2026-03-13T19:18:59","slug":"doumbouya-sengage-a-proteger-lavenir-de-la-guinee","status":"publish","type":"post","link":"https:\/\/www.africa-press.net\/guinee-conakry\/politique\/doumbouya-sengage-a-proteger-lavenir-de-la-guinee","title":{"rendered":"Doumbouya S&rsquo;Engage \u00e0 Prot\u00e9ger L&rsquo;Avenir de la Guin\u00e9e"},"content":{"rendered":"<p><span style=\"color: #ff6600\"><strong>Africa-Press &#8211; Guin\u00e9e. <\/strong><\/span>Moins d\u2019une semaine apre\u0300s son retour en Guine\u0301e, le chef de l\u2019E\u0301tat a pre\u0301side\u0301 ce jeudi 12 mars 2026 une \u2018\u2019re\u0301union exceptionnelle\u2019\u2019 du Conseil supe\u0301rieur de de\u0301fense nationale. Selon la Pre\u0301sidence de la Re\u0301publique, cette re\u0301union e\u0301tait consacre\u0301e aux questions strate\u0301giques lie\u0301es a\u0300 la se\u0301curite\u0301 nationale et a\u0300 la stabilite\u0301 du pays.<\/p>\n<p>Cette rencontre a re\u0301uni la haute hie\u0301rarchie militaire et paramilitaire, le pre\u0301sident du Conseil national de la transition, Dansa Kourouma, le Premier ministre Bah Oury, le ministre secre\u0301taire ge\u0301ne\u0301ral de la pre\u0301sidence, Amara Camara, le ministre directeur de cabinet de la Pre\u0301sidence, Djiba Diakite\u0301, ainsi que des membres du gouvernement.<\/p>\n<p>Face a\u0300 la \u2018\u2019ne\u0301cessite\u0301 de renforcer la vigilance et la coordination des institutions en charge de la se\u0301curite\u0301\u2019\u2019, le pre\u0301sident de la Re\u0301publique a \u2018\u2019donne\u0301 des instructions fermes aux membres statutaires du Conseil afin de mobiliser l\u2019ensemble des forces de de\u0301fense et de se\u0301curite\u0301\u2019\u2019.<\/p>\n<p>\u2018\u2019L\u2019objectif est clair: garantir la se\u0301curite\u0301 des populations, pre\u0301server la stabilite\u0301 nationale et assurer l\u2019inte\u0301grite\u0301 des personnes et de leurs biens sur toute l\u2019e\u0301tendue du territoire national\u2019\u2019, a assure\u0301 la DCI.<\/p>\n<p>Le chef de l\u2019E\u0301tat a rappele\u0301 aux responsables pre\u0301sents \u2018\u2019l\u2019ampleur de leurs responsabilite\u0301s et la le\u0301gitimite\u0301 de leur mission au service de la nation\u2019\u2019.<\/p>\n<p>Avant d\u2019insister sur \u2018\u2019l\u2019impe\u0301ratif de discipline, de coordination et de re\u0301activite\u0301 des forces engage\u0301es dans la protection du pays\u2019\u2019.<\/p>\n<p>Le pre\u0301sident Mamadi Doumbouya a re\u0301affirme\u0301 son \u2018\u2019engagement constant a\u0300 veiller sur le peuple de Guine\u0301e, a\u0300 prote\u0301ger son avenir et a\u0300 consolider les bases d\u2019un pays re\u0301solument tourne\u0301 vers la paix, la stabilite\u0301 et le de\u0301veloppement durable\u2019\u2019.<\/p>\n<p><strong>Pour plus d&rsquo;informations et d&rsquo;analyses sur la <span style=\"color: #ff6600\">Guin\u00e9e<\/span>, suivez <span style=\"color: #ff6600\">Africa-Press<\/span><\/strong><\/p>\n","protected":false},"excerpt":{"rendered":"<p>Africa-Press &#8211; Guin\u00e9e. Moins d\u2019une semaine apre\u0300s son retour en Guine\u0301e, le chef de l\u2019E\u0301tat a pre\u0301side\u0301 ce jeudi 12 mars 2026 une \u2018\u2019re\u0301union exceptionnelle\u2019\u2019 du Conseil supe\u0301rieur de de\u0301fense nationale. Selon la Pre\u0301sidence de la Re\u0301publique, cette re\u0301union e\u0301tait consacre\u0301e aux questions strate\u0301giques lie\u0301es a\u0300 la se\u0301curite\u0301 nationale et a\u0300 la stabilite\u0301 du pays. [&hellip;]<\/p>\n","protected":false},"author":82,"featured_media":38706,"comment_status":"open","ping_status":"closed","sticky":false,"template":"","format":"standard","meta":{"footnotes":""},"categories":[2,20,10],"tags":[58],"class_list":["post-38707","post","type-post","status-publish","format-standard","has-post-thumbnail","hentry","category-politique","category-top-nouvelles","category-toutes-les-actualites","tag-guinee"],"yoast_head":"<!-- This site is optimized with the Yoast SEO Premium plugin v26.1 (Yoast SEO v27.0) - https:\/\/yoast.com\/product\/yoast-seo-premium-wordpress\/ -->\n<title>Doumbouya S&#039;Engage \u00e0 Prot\u00e9ger L&#039;Avenir de la Guin\u00e9e - guinee Conakry<\/title>\n<meta name=\"description\" content=\"Moins d\u2019une semaine apre\u0300s son retour en Guine\u0301e, le chef de l\u2019E\u0301tat a pre\u0301side\u0301 ce jeudi 12 mars 2026 une \u2018\u2019re\u0301union ex ...\" \/>\n<meta name=\"robots\" content=\"index, follow, max-snippet:-1, max-image-preview:large, max-video-preview:-1\" \/>\n<link rel=\"canonical\" href=\"https:\/\/www.africa-press.net\/guinee-conakry\/politique\/doumbouya-sengage-a-proteger-lavenir-de-la-guinee\" \/>\n<meta property=\"og:locale\" content=\"fr_FR\" \/>\n<meta property=\"og:type\" content=\"article\" \/>\n<meta property=\"og:title\" content=\"Doumbouya S&#039;Engage \u00e0 Prot\u00e9ger L&#039;Avenir de la Guin\u00e9e\" \/>\n<meta property=\"og:description\" content=\"Moins d\u2019une semaine apre\u0300s son retour en Guine\u0301e, le chef de l\u2019E\u0301tat a pre\u0301side\u0301 ce jeudi 12 mars 2026 une \u2018\u2019re\u0301union ex ...\" \/>\n<meta property=\"og:url\" content=\"https:\/\/www.africa-press.net\/guinee-conakry\/politique\/doumbouya-sengage-a-proteger-lavenir-de-la-guinee\" \/>\n<meta property=\"og:site_name\" content=\"guinee Conakry\" \/>\n<meta property=\"article:published_time\" content=\"2026-03-13T14:00:00+00:00\" \/>\n<meta property=\"article:modified_time\" content=\"2026-03-13T19:18:59+00:00\" \/>\n<meta property=\"og:image\" content=\"https:\/\/static.africa-press.net\/conakry\/sites\/63\/2026\/03\/sm_1773416881.450139.jpg\" \/>\n\t<meta property=\"og:image:width\" content=\"1280\" \/>\n\t<meta property=\"og:image:height\" content=\"720\" \/>\n\t<meta property=\"og:image:type\" content=\"image\/jpeg\" \/>\n<meta name=\"author\" content=\"cfeditorfr\" \/>\n<meta name=\"twitter:card\" content=\"summary_large_image\" \/>\n<meta name=\"twitter:label1\" content=\"\u00c9crit par\" \/>\n\t<meta name=\"twitter:data1\" content=\"cfeditorfr\" \/>\n\t<meta name=\"twitter:label2\" content=\"Dur\u00e9e de lecture estim\u00e9e\" \/>\n\t<meta name=\"twitter:data2\" content=\"2 minutes\" \/>\n<script type=\"application\/ld+json\" class=\"yoast-schema-graph\">{\"@context\":\"https:\/\/schema.org\",\"@graph\":[{\"@type\":\"Article\",\"@id\":\"https:\/\/www.africa-press.net\/guinee-conakry\/politique\/doumbouya-sengage-a-proteger-lavenir-de-la-guinee#article\",\"isPartOf\":{\"@id\":\"https:\/\/www.africa-press.net\/guinee-conakry\/politique\/doumbouya-sengage-a-proteger-lavenir-de-la-guinee\"},\"author\":{\"name\":\"cfeditorfr\",\"@id\":\"https:\/\/www.africa-press.net\/guinee-conakry\/#\/schema\/person\/2b1cf3cd81a31e3cd26889ca66d677f1\"},\"headline\":\"Doumbouya S&rsquo;Engage \u00e0 Prot\u00e9ger L&rsquo;Avenir de la Guin\u00e9e\",\"datePublished\":\"2026-03-13T14:00:00+00:00\",\"dateModified\":\"2026-03-13T19:18:59+00:00\",\"mainEntityOfPage\":{\"@id\":\"https:\/\/www.africa-press.net\/guinee-conakry\/politique\/doumbouya-sengage-a-proteger-lavenir-de-la-guinee\"},\"wordCount\":341,\"commentCount\":0,\"image\":{\"@id\":\"https:\/\/www.africa-press.net\/guinee-conakry\/politique\/doumbouya-sengage-a-proteger-lavenir-de-la-guinee#primaryimage\"},\"thumbnailUrl\":\"https:\/\/static.africa-press.net\/conakry\/sites\/63\/2026\/03\/sm_1773416881.450139.jpg\",\"keywords\":[\"Guin\u00e9e\"],\"articleSection\":[\"Politique\",\"Top Nouvelles\",\"Toutes les actualit\u00e9s\"],\"inLanguage\":\"fr-FR\",\"potentialAction\":[{\"@type\":\"CommentAction\",\"name\":\"Comment\",\"target\":[\"https:\/\/www.africa-press.net\/guinee-conakry\/politique\/doumbouya-sengage-a-proteger-lavenir-de-la-guinee#respond\"]}]},{\"@type\":\"WebPage\",\"@id\":\"https:\/\/www.africa-press.net\/guinee-conakry\/politique\/doumbouya-sengage-a-proteger-lavenir-de-la-guinee\",\"url\":\"https:\/\/www.africa-press.net\/guinee-conakry\/politique\/doumbouya-sengage-a-proteger-lavenir-de-la-guinee\",\"name\":\"Doumbouya S'Engage \u00e0 Prot\u00e9ger L'Avenir de la Guin\u00e9e - guinee Conakry\",\"isPartOf\":{\"@id\":\"https:\/\/www.africa-press.net\/guinee-conakry\/#website\"},\"primaryImageOfPage\":{\"@id\":\"https:\/\/www.africa-press.net\/guinee-conakry\/politique\/doumbouya-sengage-a-proteger-lavenir-de-la-guinee#primaryimage\"},\"image\":{\"@id\":\"https:\/\/www.africa-press.net\/guinee-conakry\/politique\/doumbouya-sengage-a-proteger-lavenir-de-la-guinee#primaryimage\"},\"thumbnailUrl\":\"https:\/\/static.africa-press.net\/conakry\/sites\/63\/2026\/03\/sm_1773416881.450139.jpg\",\"datePublished\":\"2026-03-13T14:00:00+00:00\",\"dateModified\":\"2026-03-13T19:18:59+00:00\",\"author\":{\"@id\":\"https:\/\/www.africa-press.net\/guinee-conakry\/#\/schema\/person\/2b1cf3cd81a31e3cd26889ca66d677f1\"},\"description\":\"Moins d\u2019une semaine apre\u0300s son retour en Guine\u0301e, le chef de l\u2019E\u0301tat a pre\u0301side\u0301 ce jeudi 12 mars 2026 une \u2018\u2019re\u0301union ex ...\",\"breadcrumb\":{\"@id\":\"https:\/\/www.africa-press.net\/guinee-conakry\/politique\/doumbouya-sengage-a-proteger-lavenir-de-la-guinee#breadcrumb\"},\"inLanguage\":\"fr-FR\",\"potentialAction\":[{\"@type\":\"ReadAction\",\"target\":[\"https:\/\/www.africa-press.net\/guinee-conakry\/politique\/doumbouya-sengage-a-proteger-lavenir-de-la-guinee\"]}]},{\"@type\":\"ImageObject\",\"inLanguage\":\"fr-FR\",\"@id\":\"https:\/\/www.africa-press.net\/guinee-conakry\/politique\/doumbouya-sengage-a-proteger-lavenir-de-la-guinee#primaryimage\",\"url\":\"https:\/\/static.africa-press.net\/conakry\/sites\/63\/2026\/03\/sm_1773416881.450139.jpg\",\"contentUrl\":\"https:\/\/static.africa-press.net\/conakry\/sites\/63\/2026\/03\/sm_1773416881.450139.jpg\",\"width\":1280,\"height\":720,\"caption\":\"Doumbouya S'Engage \u00e0 Prot\u00e9ger L'Avenir de la Guin\u00e9e\"},{\"@type\":\"BreadcrumbList\",\"@id\":\"https:\/\/www.africa-press.net\/guinee-conakry\/politique\/doumbouya-sengage-a-proteger-lavenir-de-la-guinee#breadcrumb\",\"itemListElement\":[{\"@type\":\"ListItem\",\"position\":1,\"name\":\"Accueil\",\"item\":\"https:\/\/www.africa-press.net\/guinee-conakry\/\"},{\"@type\":\"ListItem\",\"position\":2,\"name\":\"Doumbouya S&#8217;Engage \u00e0 Prot\u00e9ger L&#8217;Avenir de la Guin\u00e9e\"}]},{\"@type\":\"WebSite\",\"@id\":\"https:\/\/www.africa-press.net\/guinee-conakry\/#website\",\"url\":\"https:\/\/www.africa-press.net\/guinee-conakry\/\",\"name\":\"guinee Conakry\",\"description\":\"Just another Africa News Agency Sites site\",\"potentialAction\":[{\"@type\":\"SearchAction\",\"target\":{\"@type\":\"EntryPoint\",\"urlTemplate\":\"https:\/\/www.africa-press.net\/guinee-conakry\/?s={search_term_string}\"},\"query-input\":{\"@type\":\"PropertyValueSpecification\",\"valueRequired\":true,\"valueName\":\"search_term_string\"}}],\"inLanguage\":\"fr-FR\"},{\"@type\":\"Person\",\"@id\":\"https:\/\/www.africa-press.net\/guinee-conakry\/#\/schema\/person\/2b1cf3cd81a31e3cd26889ca66d677f1\",\"name\":\"cfeditorfr\"}]}<\/script>\n<!-- \/ Yoast SEO Premium plugin. -->","yoast_head_json":{"title":"Doumbouya S'Engage \u00e0 Prot\u00e9ger L'Avenir de la Guin\u00e9e - guinee Conakry","description":"Moins d\u2019une semaine apre\u0300s son retour en Guine\u0301e, le chef de l\u2019E\u0301tat a pre\u0301side\u0301 ce jeudi 12 mars 2026 une \u2018\u2019re\u0301union ex ...","robots":{"index":"index","follow":"follow","max-snippet":"max-snippet:-1","max-image-preview":"max-image-preview:large","max-video-preview":"max-video-preview:-1"},"canonical":"https:\/\/www.africa-press.net\/guinee-conakry\/politique\/doumbouya-sengage-a-proteger-lavenir-de-la-guinee","og_locale":"fr_FR","og_type":"article","og_title":"Doumbouya S'Engage \u00e0 Prot\u00e9ger L'Avenir de la Guin\u00e9e","og_description":"Moins d\u2019une semaine apre\u0300s son retour en Guine\u0301e, le chef de l\u2019E\u0301tat a pre\u0301side\u0301 ce jeudi 12 mars 2026 une \u2018\u2019re\u0301union ex ...","og_url":"https:\/\/www.africa-press.net\/guinee-conakry\/politique\/doumbouya-sengage-a-proteger-lavenir-de-la-guinee","og_site_name":"guinee Conakry","article_published_time":"2026-03-13T14:00:00+00:00","article_modified_time":"2026-03-13T19:18:59+00:00","og_image":[{"width":1280,"height":720,"url":"https:\/\/static.africa-press.net\/conakry\/sites\/63\/2026\/03\/sm_1773416881.450139.jpg","type":"image\/jpeg"}],"author":"cfeditorfr","twitter_card":"summary_large_image","twitter_misc":{"\u00c9crit par":"cfeditorfr","Dur\u00e9e de lecture estim\u00e9e":"2 minutes"},"schema":{"@context":"https:\/\/schema.org","@graph":[{"@type":"Article","@id":"https:\/\/www.africa-press.net\/guinee-conakry\/politique\/doumbouya-sengage-a-proteger-lavenir-de-la-guinee#article","isPartOf":{"@id":"https:\/\/www.africa-press.net\/guinee-conakry\/politique\/doumbouya-sengage-a-proteger-lavenir-de-la-guinee"},"author":{"name":"cfeditorfr","@id":"https:\/\/www.africa-press.net\/guinee-conakry\/#\/schema\/person\/2b1cf3cd81a31e3cd26889ca66d677f1"},"headline":"Doumbouya S&rsquo;Engage \u00e0 Prot\u00e9ger L&rsquo;Avenir de la Guin\u00e9e","datePublished":"2026-03-13T14:00:00+00:00","dateModified":"2026-03-13T19:18:59+00:00","mainEntityOfPage":{"@id":"https:\/\/www.africa-press.net\/guinee-conakry\/politique\/doumbouya-sengage-a-proteger-lavenir-de-la-guinee"},"wordCount":341,"commentCount":0,"image":{"@id":"https:\/\/www.africa-press.net\/guinee-conakry\/politique\/doumbouya-sengage-a-proteger-lavenir-de-la-guinee#primaryimage"},"thumbnailUrl":"https:\/\/static.africa-press.net\/conakry\/sites\/63\/2026\/03\/sm_1773416881.450139.jpg","keywords":["Guin\u00e9e"],"articleSection":["Politique","Top Nouvelles","Toutes les actualit\u00e9s"],"inLanguage":"fr-FR","potentialAction":[{"@type":"CommentAction","name":"Comment","target":["https:\/\/www.africa-press.net\/guinee-conakry\/politique\/doumbouya-sengage-a-proteger-lavenir-de-la-guinee#respond"]}]},{"@type":"WebPage","@id":"https:\/\/www.africa-press.net\/guinee-conakry\/politique\/doumbouya-sengage-a-proteger-lavenir-de-la-guinee","url":"https:\/\/www.africa-press.net\/guinee-conakry\/politique\/doumbouya-sengage-a-proteger-lavenir-de-la-guinee","name":"Doumbouya S'Engage \u00e0 Prot\u00e9ger L'Avenir de la Guin\u00e9e - guinee Conakry","isPartOf":{"@id":"https:\/\/www.africa-press.net\/guinee-conakry\/#website"},"primaryImageOfPage":{"@id":"https:\/\/www.africa-press.net\/guinee-conakry\/politique\/doumbouya-sengage-a-proteger-lavenir-de-la-guinee#primaryimage"},"image":{"@id":"https:\/\/www.africa-press.net\/guinee-conakry\/politique\/doumbouya-sengage-a-proteger-lavenir-de-la-guinee#primaryimage"},"thumbnailUrl":"https:\/\/static.africa-press.net\/conakry\/sites\/63\/2026\/03\/sm_1773416881.450139.jpg","datePublished":"2026-03-13T14:00:00+00:00","dateModified":"2026-03-13T19:18:59+00:00","author":{"@id":"https:\/\/www.africa-press.net\/guinee-conakry\/#\/schema\/person\/2b1cf3cd81a31e3cd26889ca66d677f1"},"description":"Moins d\u2019une semaine apre\u0300s son retour en Guine\u0301e, le chef de l\u2019E\u0301tat a pre\u0301side\u0301 ce jeudi 12 mars 2026 une \u2018\u2019re\u0301union ex ...","breadcrumb":{"@id":"https:\/\/www.africa-press.net\/guinee-conakry\/politique\/doumbouya-sengage-a-proteger-lavenir-de-la-guinee#breadcrumb"},"inLanguage":"fr-FR","potentialAction":[{"@type":"ReadAction","target":["https:\/\/www.africa-press.net\/guinee-conakry\/politique\/doumbouya-sengage-a-proteger-lavenir-de-la-guinee"]}]},{"@type":"ImageObject","inLanguage":"fr-FR","@id":"https:\/\/www.africa-press.net\/guinee-conakry\/politique\/doumbouya-sengage-a-proteger-lavenir-de-la-guinee#primaryimage","url":"https:\/\/static.africa-press.net\/conakry\/sites\/63\/2026\/03\/sm_1773416881.450139.jpg","contentUrl":"https:\/\/static.africa-press.net\/conakry\/sites\/63\/2026\/03\/sm_1773416881.450139.jpg","width":1280,"height":720,"caption":"Doumbouya S'Engage \u00e0 Prot\u00e9ger L'Avenir de la Guin\u00e9e"},{"@type":"BreadcrumbList","@id":"https:\/\/www.africa-press.net\/guinee-conakry\/politique\/doumbouya-sengage-a-proteger-lavenir-de-la-guinee#breadcrumb","itemListElement":[{"@type":"ListItem","position":1,"name":"Accueil","item":"https:\/\/www.africa-press.net\/guinee-conakry\/"},{"@type":"ListItem","position":2,"name":"Doumbouya S&#8217;Engage \u00e0 Prot\u00e9ger L&#8217;Avenir de la Guin\u00e9e"}]},{"@type":"WebSite","@id":"https:\/\/www.africa-press.net\/guinee-conakry\/#website","url":"https:\/\/www.africa-press.net\/guinee-conakry\/","name":"guinee Conakry","description":"Just another Africa News Agency Sites site","potentialAction":[{"@type":"SearchAction","target":{"@type":"EntryPoint","urlTemplate":"https:\/\/www.africa-press.net\/guinee-conakry\/?s={search_term_string}"},"query-input":{"@type":"PropertyValueSpecification","valueRequired":true,"valueName":"search_term_string"}}],"inLanguage":"fr-FR"},{"@type":"Person","@id":"https:\/\/www.africa-press.net\/guinee-conakry\/#\/schema\/person\/2b1cf3cd81a31e3cd26889ca66d677f1","name":"cfeditorfr"}]}},"_links":{"self":[{"href":"https:\/\/www.africa-press.net\/guinee-conakry\/wp-json\/wp\/v2\/posts\/38707","targetHints":{"allow":["GET"]}}],"collection":[{"href":"https:\/\/www.africa-press.net\/guinee-conakry\/wp-json\/wp\/v2\/posts"}],"about":[{"href":"https:\/\/www.africa-press.net\/guinee-conakry\/wp-json\/wp\/v2\/types\/post"}],"author":[{"embeddable":true,"href":"https:\/\/www.africa-press.net\/guinee-conakry\/wp-json\/wp\/v2\/users\/82"}],"replies":[{"embeddable":true,"href":"https:\/\/www.africa-press.net\/guinee-conakry\/wp-json\/wp\/v2\/comments?post=38707"}],"version-history":[{"count":0,"href":"https:\/\/www.africa-press.net\/guinee-conakry\/wp-json\/wp\/v2\/posts\/38707\/revisions"}],"wp:featuredmedia":[{"embeddable":true,"href":"https:\/\/www.africa-press.net\/guinee-conakry\/wp-json\/wp\/v2\/media\/38706"}],"wp:attachment":[{"href":"https:\/\/www.africa-press.net\/guinee-conakry\/wp-json\/wp\/v2\/media?parent=38707"}],"wp:term":[{"taxonomy":"category","embeddable":true,"href":"https:\/\/www.africa-press.net\/guinee-conakry\/wp-json\/wp\/v2\/categories?post=38707"},{"taxonomy":"post_tag","embeddable":true,"href":"https:\/\/www.africa-press.net\/guinee-conakry\/wp-json\/wp\/v2\/tags?post=38707"}],"curies":[{"name":"wp","href":"https:\/\/api.w.org\/{rel}","templated":true}]}}