{"id":38713,"date":"2026-03-13T13:00:00","date_gmt":"2026-03-13T13:00:00","guid":{"rendered":"https:\/\/www.africa-press.net\/guinee-conakry\/politique\/guinee-privilegie-la-diplomatie-face-a-lallemagne"},"modified":"2026-03-14T00:32:55","modified_gmt":"2026-03-14T00:32:55","slug":"guinee-privilegie-la-diplomatie-face-a-lallemagne","status":"publish","type":"post","link":"https:\/\/www.africa-press.net\/guinee-conakry\/politique\/guinee-privilegie-la-diplomatie-face-a-lallemagne","title":{"rendered":"Guin\u00e9e Privil\u00e9gie la Diplomatie Face \u00e0 L&rsquo;Allemagne"},"content":{"rendered":"<p><span style=\"color: #ff6600\"><strong>Africa-Press &#8211; Guin\u00e9e. <\/strong><\/span>Les ope\u0301rations de rapatriement de guine\u0301ens en situation irre\u0301gulie\u0300re en Allemagne ont provoque\u0301 des tensions diplomatiques entre Conakry et Berlin. Face a\u0300 cette situation, les autorite\u0301s guine\u0301ennes se veulent rassurantes, affirmant qu\u2019il s\u2019agit de diffe\u0301rends pouvant e\u0302tre re\u0301gle\u0301s par le dialogue et dans le respect mutuel entre les deux pays.<\/p>\n<p>\u2018\u2019La Re\u0301publique fe\u0301de\u0301rale d\u2019Allemagne est un pays ami de la Guine\u0301e. C\u2019est un pays qui a aide\u0301 la Guine\u0301e au de\u0301but de l\u2019inde\u0301pendance: la formation de nos cadres. Donc, il n\u2019y a aucune ombre entre la Re\u0301publique fe\u0301de\u0301rale d\u2019Allemagne et la Re\u0301publique de Guine\u0301e. Nous avons des proble\u0300mes que nous ge\u0301rons ensemble, dans le respect mutuel. Nous avons des proble\u0300mes que nous devons ge\u0301rer dans la concertation. C\u2019est ce que nous faisons. Nous ne le faisons pas seulement avec l\u2019Allemagne. Et nous le faisons aussi avec tous les pays de l\u2019Union europe\u0301enne et d\u2019autres pays qui ne sont pas membres de l\u2019Union europe\u0301enne\u2019\u2019, affirme le ministre des affaires e\u0301trange\u0300res, de l\u2019inte\u0301gration africaine et des guine\u0301ens e\u0301tablis a\u0300 l\u2019e\u0301tranger.<\/p>\n<p>Mais, souligne Morissanda Kouyate\u0301, \u2018\u2019chacun de nous, chaque pays a son opinion publique. Nous sommes la\u0300 pour c\u0327a, pour nos populations. Lorsqu\u2019il y a un petit conflit qui surgit, nous devons nous donner la main. C\u2019est ce que nous faisons maintenant avec l\u2019Allemagne pour re\u0301soudre cela. Je veux que cela soit clair, il n\u2019y a pas de diffe\u0301rence avec la Re\u0301publique fe\u0301de\u0301rale d\u2019Allemagne. Nous ge\u0301rons un phe\u0301nome\u0300ne que nous ge\u0301rons aussi avec tous les autres pays\u2019\u2019.<\/p>\n<p>\u2018\u2019Nous allons trouver des solutions, mais dans la dignite\u0301 de chaque peuple, dans le respect de chaque e\u0302tre humain. Je voudrais ajouter cela pour que tout le monde se sente serein. Ici, sur cette terre de Guine\u0301e, vous e\u0302tes dans un pays ami ou\u0300 tout peut se re\u0301gler par le dialogue, par la compre\u0301hension mutuelle. Il n\u2019y a pas de fusils ici, il n\u2019y a pas de bombes ici. Il y a un c\u0153ur qui est ouvert, le c\u0153ur du peuple de Guine\u0301e, et qui est ouvert a\u0300 la paix\u2019\u2019, rassure le patron de la diplomatie guine\u0301enne.<\/p>\n<p><strong>Pour plus d&rsquo;informations et d&rsquo;analyses sur la <span style=\"color: #ff6600\">Guin\u00e9e<\/span>, suivez <span style=\"color: #ff6600\">Africa-Press<\/span><\/strong><\/p>\n","protected":false},"excerpt":{"rendered":"<p>Africa-Press &#8211; Guin\u00e9e. Les ope\u0301rations de rapatriement de guine\u0301ens en situation irre\u0301gulie\u0300re en Allemagne ont provoque\u0301 des tensions diplomatiques entre Conakry et Berlin. Face a\u0300 cette situation, les autorite\u0301s guine\u0301ennes se veulent rassurantes, affirmant qu\u2019il s\u2019agit de diffe\u0301rends pouvant e\u0302tre re\u0301gle\u0301s par le dialogue et dans le respect mutuel entre les deux pays. \u2018\u2019La Re\u0301publique [&hellip;]<\/p>\n","protected":false},"author":82,"featured_media":38712,"comment_status":"open","ping_status":"closed","sticky":false,"template":"","format":"standard","meta":{"footnotes":""},"categories":[2,20,10],"tags":[58],"class_list":["post-38713","post","type-post","status-publish","format-standard","has-post-thumbnail","hentry","category-politique","category-top-nouvelles","category-toutes-les-actualites","tag-guinee"],"yoast_head":"<!-- This site is optimized with the Yoast SEO Premium plugin v26.1 (Yoast SEO v27.0) - https:\/\/yoast.com\/product\/yoast-seo-premium-wordpress\/ -->\n<title>Guin\u00e9e Privil\u00e9gie la Diplomatie Face \u00e0 L&#039;Allemagne - guinee Conakry<\/title>\n<meta name=\"description\" content=\"Les ope\u0301rations de rapatriement de guine\u0301ens en situation irre\u0301gulie\u0300re en Allemagne ont provoque\u0301 des tensions diplomat ...\" \/>\n<meta name=\"robots\" content=\"index, follow, max-snippet:-1, max-image-preview:large, max-video-preview:-1\" \/>\n<link rel=\"canonical\" href=\"https:\/\/www.africa-press.net\/guinee-conakry\/politique\/guinee-privilegie-la-diplomatie-face-a-lallemagne\" \/>\n<meta property=\"og:locale\" content=\"fr_FR\" \/>\n<meta property=\"og:type\" content=\"article\" \/>\n<meta property=\"og:title\" content=\"Guin\u00e9e Privil\u00e9gie la Diplomatie Face \u00e0 L&#039;Allemagne\" \/>\n<meta property=\"og:description\" content=\"Les ope\u0301rations de rapatriement de guine\u0301ens en situation irre\u0301gulie\u0300re en Allemagne ont provoque\u0301 des tensions diplomat ...\" \/>\n<meta property=\"og:url\" content=\"https:\/\/www.africa-press.net\/guinee-conakry\/politique\/guinee-privilegie-la-diplomatie-face-a-lallemagne\" \/>\n<meta property=\"og:site_name\" content=\"guinee Conakry\" \/>\n<meta property=\"article:published_time\" content=\"2026-03-13T13:00:00+00:00\" \/>\n<meta property=\"article:modified_time\" content=\"2026-03-14T00:32:55+00:00\" \/>\n<meta property=\"og:image\" content=\"https:\/\/static.africa-press.net\/conakry\/sites\/63\/2026\/03\/sm_1773417085.336683.jpg\" \/>\n\t<meta property=\"og:image:width\" content=\"1280\" \/>\n\t<meta property=\"og:image:height\" content=\"720\" \/>\n\t<meta property=\"og:image:type\" content=\"image\/jpeg\" \/>\n<meta name=\"author\" content=\"cfeditorfr\" \/>\n<meta name=\"twitter:card\" content=\"summary_large_image\" \/>\n<meta name=\"twitter:label1\" content=\"\u00c9crit par\" \/>\n\t<meta name=\"twitter:data1\" content=\"cfeditorfr\" \/>\n\t<meta name=\"twitter:label2\" content=\"Dur\u00e9e de lecture estim\u00e9e\" \/>\n\t<meta name=\"twitter:data2\" content=\"3 minutes\" \/>\n<script type=\"application\/ld+json\" class=\"yoast-schema-graph\">{\"@context\":\"https:\/\/schema.org\",\"@graph\":[{\"@type\":\"Article\",\"@id\":\"https:\/\/www.africa-press.net\/guinee-conakry\/politique\/guinee-privilegie-la-diplomatie-face-a-lallemagne#article\",\"isPartOf\":{\"@id\":\"https:\/\/www.africa-press.net\/guinee-conakry\/politique\/guinee-privilegie-la-diplomatie-face-a-lallemagne\"},\"author\":{\"name\":\"cfeditorfr\",\"@id\":\"https:\/\/www.africa-press.net\/guinee-conakry\/#\/schema\/person\/2b1cf3cd81a31e3cd26889ca66d677f1\"},\"headline\":\"Guin\u00e9e Privil\u00e9gie la Diplomatie Face \u00e0 L&rsquo;Allemagne\",\"datePublished\":\"2026-03-13T13:00:00+00:00\",\"dateModified\":\"2026-03-14T00:32:55+00:00\",\"mainEntityOfPage\":{\"@id\":\"https:\/\/www.africa-press.net\/guinee-conakry\/politique\/guinee-privilegie-la-diplomatie-face-a-lallemagne\"},\"wordCount\":441,\"commentCount\":0,\"image\":{\"@id\":\"https:\/\/www.africa-press.net\/guinee-conakry\/politique\/guinee-privilegie-la-diplomatie-face-a-lallemagne#primaryimage\"},\"thumbnailUrl\":\"https:\/\/static.africa-press.net\/conakry\/sites\/63\/2026\/03\/sm_1773417085.336683.jpg\",\"keywords\":[\"Guin\u00e9e\"],\"articleSection\":[\"Politique\",\"Top Nouvelles\",\"Toutes les actualit\u00e9s\"],\"inLanguage\":\"fr-FR\",\"potentialAction\":[{\"@type\":\"CommentAction\",\"name\":\"Comment\",\"target\":[\"https:\/\/www.africa-press.net\/guinee-conakry\/politique\/guinee-privilegie-la-diplomatie-face-a-lallemagne#respond\"]}]},{\"@type\":\"WebPage\",\"@id\":\"https:\/\/www.africa-press.net\/guinee-conakry\/politique\/guinee-privilegie-la-diplomatie-face-a-lallemagne\",\"url\":\"https:\/\/www.africa-press.net\/guinee-conakry\/politique\/guinee-privilegie-la-diplomatie-face-a-lallemagne\",\"name\":\"Guin\u00e9e Privil\u00e9gie la Diplomatie Face \u00e0 L'Allemagne - guinee Conakry\",\"isPartOf\":{\"@id\":\"https:\/\/www.africa-press.net\/guinee-conakry\/#website\"},\"primaryImageOfPage\":{\"@id\":\"https:\/\/www.africa-press.net\/guinee-conakry\/politique\/guinee-privilegie-la-diplomatie-face-a-lallemagne#primaryimage\"},\"image\":{\"@id\":\"https:\/\/www.africa-press.net\/guinee-conakry\/politique\/guinee-privilegie-la-diplomatie-face-a-lallemagne#primaryimage\"},\"thumbnailUrl\":\"https:\/\/static.africa-press.net\/conakry\/sites\/63\/2026\/03\/sm_1773417085.336683.jpg\",\"datePublished\":\"2026-03-13T13:00:00+00:00\",\"dateModified\":\"2026-03-14T00:32:55+00:00\",\"author\":{\"@id\":\"https:\/\/www.africa-press.net\/guinee-conakry\/#\/schema\/person\/2b1cf3cd81a31e3cd26889ca66d677f1\"},\"description\":\"Les ope\u0301rations de rapatriement de guine\u0301ens en situation irre\u0301gulie\u0300re en Allemagne ont provoque\u0301 des tensions diplomat ...\",\"breadcrumb\":{\"@id\":\"https:\/\/www.africa-press.net\/guinee-conakry\/politique\/guinee-privilegie-la-diplomatie-face-a-lallemagne#breadcrumb\"},\"inLanguage\":\"fr-FR\",\"potentialAction\":[{\"@type\":\"ReadAction\",\"target\":[\"https:\/\/www.africa-press.net\/guinee-conakry\/politique\/guinee-privilegie-la-diplomatie-face-a-lallemagne\"]}]},{\"@type\":\"ImageObject\",\"inLanguage\":\"fr-FR\",\"@id\":\"https:\/\/www.africa-press.net\/guinee-conakry\/politique\/guinee-privilegie-la-diplomatie-face-a-lallemagne#primaryimage\",\"url\":\"https:\/\/static.africa-press.net\/conakry\/sites\/63\/2026\/03\/sm_1773417085.336683.jpg\",\"contentUrl\":\"https:\/\/static.africa-press.net\/conakry\/sites\/63\/2026\/03\/sm_1773417085.336683.jpg\",\"width\":1280,\"height\":720,\"caption\":\"Guin\u00e9e Privil\u00e9gie la Diplomatie Face \u00e0 L'Allemagne\"},{\"@type\":\"BreadcrumbList\",\"@id\":\"https:\/\/www.africa-press.net\/guinee-conakry\/politique\/guinee-privilegie-la-diplomatie-face-a-lallemagne#breadcrumb\",\"itemListElement\":[{\"@type\":\"ListItem\",\"position\":1,\"name\":\"Accueil\",\"item\":\"https:\/\/www.africa-press.net\/guinee-conakry\/\"},{\"@type\":\"ListItem\",\"position\":2,\"name\":\"Guin\u00e9e Privil\u00e9gie la Diplomatie Face \u00e0 L&#8217;Allemagne\"}]},{\"@type\":\"WebSite\",\"@id\":\"https:\/\/www.africa-press.net\/guinee-conakry\/#website\",\"url\":\"https:\/\/www.africa-press.net\/guinee-conakry\/\",\"name\":\"guinee Conakry\",\"description\":\"Just another Africa News Agency Sites site\",\"potentialAction\":[{\"@type\":\"SearchAction\",\"target\":{\"@type\":\"EntryPoint\",\"urlTemplate\":\"https:\/\/www.africa-press.net\/guinee-conakry\/?s={search_term_string}\"},\"query-input\":{\"@type\":\"PropertyValueSpecification\",\"valueRequired\":true,\"valueName\":\"search_term_string\"}}],\"inLanguage\":\"fr-FR\"},{\"@type\":\"Person\",\"@id\":\"https:\/\/www.africa-press.net\/guinee-conakry\/#\/schema\/person\/2b1cf3cd81a31e3cd26889ca66d677f1\",\"name\":\"cfeditorfr\"}]}<\/script>\n<!-- \/ Yoast SEO Premium plugin. -->","yoast_head_json":{"title":"Guin\u00e9e Privil\u00e9gie la Diplomatie Face \u00e0 L'Allemagne - guinee Conakry","description":"Les ope\u0301rations de rapatriement de guine\u0301ens en situation irre\u0301gulie\u0300re en Allemagne ont provoque\u0301 des tensions diplomat ...","robots":{"index":"index","follow":"follow","max-snippet":"max-snippet:-1","max-image-preview":"max-image-preview:large","max-video-preview":"max-video-preview:-1"},"canonical":"https:\/\/www.africa-press.net\/guinee-conakry\/politique\/guinee-privilegie-la-diplomatie-face-a-lallemagne","og_locale":"fr_FR","og_type":"article","og_title":"Guin\u00e9e Privil\u00e9gie la Diplomatie Face \u00e0 L'Allemagne","og_description":"Les ope\u0301rations de rapatriement de guine\u0301ens en situation irre\u0301gulie\u0300re en Allemagne ont provoque\u0301 des tensions diplomat ...","og_url":"https:\/\/www.africa-press.net\/guinee-conakry\/politique\/guinee-privilegie-la-diplomatie-face-a-lallemagne","og_site_name":"guinee Conakry","article_published_time":"2026-03-13T13:00:00+00:00","article_modified_time":"2026-03-14T00:32:55+00:00","og_image":[{"width":1280,"height":720,"url":"https:\/\/static.africa-press.net\/conakry\/sites\/63\/2026\/03\/sm_1773417085.336683.jpg","type":"image\/jpeg"}],"author":"cfeditorfr","twitter_card":"summary_large_image","twitter_misc":{"\u00c9crit par":"cfeditorfr","Dur\u00e9e de lecture estim\u00e9e":"3 minutes"},"schema":{"@context":"https:\/\/schema.org","@graph":[{"@type":"Article","@id":"https:\/\/www.africa-press.net\/guinee-conakry\/politique\/guinee-privilegie-la-diplomatie-face-a-lallemagne#article","isPartOf":{"@id":"https:\/\/www.africa-press.net\/guinee-conakry\/politique\/guinee-privilegie-la-diplomatie-face-a-lallemagne"},"author":{"name":"cfeditorfr","@id":"https:\/\/www.africa-press.net\/guinee-conakry\/#\/schema\/person\/2b1cf3cd81a31e3cd26889ca66d677f1"},"headline":"Guin\u00e9e Privil\u00e9gie la Diplomatie Face \u00e0 L&rsquo;Allemagne","datePublished":"2026-03-13T13:00:00+00:00","dateModified":"2026-03-14T00:32:55+00:00","mainEntityOfPage":{"@id":"https:\/\/www.africa-press.net\/guinee-conakry\/politique\/guinee-privilegie-la-diplomatie-face-a-lallemagne"},"wordCount":441,"commentCount":0,"image":{"@id":"https:\/\/www.africa-press.net\/guinee-conakry\/politique\/guinee-privilegie-la-diplomatie-face-a-lallemagne#primaryimage"},"thumbnailUrl":"https:\/\/static.africa-press.net\/conakry\/sites\/63\/2026\/03\/sm_1773417085.336683.jpg","keywords":["Guin\u00e9e"],"articleSection":["Politique","Top Nouvelles","Toutes les actualit\u00e9s"],"inLanguage":"fr-FR","potentialAction":[{"@type":"CommentAction","name":"Comment","target":["https:\/\/www.africa-press.net\/guinee-conakry\/politique\/guinee-privilegie-la-diplomatie-face-a-lallemagne#respond"]}]},{"@type":"WebPage","@id":"https:\/\/www.africa-press.net\/guinee-conakry\/politique\/guinee-privilegie-la-diplomatie-face-a-lallemagne","url":"https:\/\/www.africa-press.net\/guinee-conakry\/politique\/guinee-privilegie-la-diplomatie-face-a-lallemagne","name":"Guin\u00e9e Privil\u00e9gie la Diplomatie Face \u00e0 L'Allemagne - guinee Conakry","isPartOf":{"@id":"https:\/\/www.africa-press.net\/guinee-conakry\/#website"},"primaryImageOfPage":{"@id":"https:\/\/www.africa-press.net\/guinee-conakry\/politique\/guinee-privilegie-la-diplomatie-face-a-lallemagne#primaryimage"},"image":{"@id":"https:\/\/www.africa-press.net\/guinee-conakry\/politique\/guinee-privilegie-la-diplomatie-face-a-lallemagne#primaryimage"},"thumbnailUrl":"https:\/\/static.africa-press.net\/conakry\/sites\/63\/2026\/03\/sm_1773417085.336683.jpg","datePublished":"2026-03-13T13:00:00+00:00","dateModified":"2026-03-14T00:32:55+00:00","author":{"@id":"https:\/\/www.africa-press.net\/guinee-conakry\/#\/schema\/person\/2b1cf3cd81a31e3cd26889ca66d677f1"},"description":"Les ope\u0301rations de rapatriement de guine\u0301ens en situation irre\u0301gulie\u0300re en Allemagne ont provoque\u0301 des tensions diplomat ...","breadcrumb":{"@id":"https:\/\/www.africa-press.net\/guinee-conakry\/politique\/guinee-privilegie-la-diplomatie-face-a-lallemagne#breadcrumb"},"inLanguage":"fr-FR","potentialAction":[{"@type":"ReadAction","target":["https:\/\/www.africa-press.net\/guinee-conakry\/politique\/guinee-privilegie-la-diplomatie-face-a-lallemagne"]}]},{"@type":"ImageObject","inLanguage":"fr-FR","@id":"https:\/\/www.africa-press.net\/guinee-conakry\/politique\/guinee-privilegie-la-diplomatie-face-a-lallemagne#primaryimage","url":"https:\/\/static.africa-press.net\/conakry\/sites\/63\/2026\/03\/sm_1773417085.336683.jpg","contentUrl":"https:\/\/static.africa-press.net\/conakry\/sites\/63\/2026\/03\/sm_1773417085.336683.jpg","width":1280,"height":720,"caption":"Guin\u00e9e Privil\u00e9gie la Diplomatie Face \u00e0 L'Allemagne"},{"@type":"BreadcrumbList","@id":"https:\/\/www.africa-press.net\/guinee-conakry\/politique\/guinee-privilegie-la-diplomatie-face-a-lallemagne#breadcrumb","itemListElement":[{"@type":"ListItem","position":1,"name":"Accueil","item":"https:\/\/www.africa-press.net\/guinee-conakry\/"},{"@type":"ListItem","position":2,"name":"Guin\u00e9e Privil\u00e9gie la Diplomatie Face \u00e0 L&#8217;Allemagne"}]},{"@type":"WebSite","@id":"https:\/\/www.africa-press.net\/guinee-conakry\/#website","url":"https:\/\/www.africa-press.net\/guinee-conakry\/","name":"guinee Conakry","description":"Just another Africa News Agency Sites site","potentialAction":[{"@type":"SearchAction","target":{"@type":"EntryPoint","urlTemplate":"https:\/\/www.africa-press.net\/guinee-conakry\/?s={search_term_string}"},"query-input":{"@type":"PropertyValueSpecification","valueRequired":true,"valueName":"search_term_string"}}],"inLanguage":"fr-FR"},{"@type":"Person","@id":"https:\/\/www.africa-press.net\/guinee-conakry\/#\/schema\/person\/2b1cf3cd81a31e3cd26889ca66d677f1","name":"cfeditorfr"}]}},"_links":{"self":[{"href":"https:\/\/www.africa-press.net\/guinee-conakry\/wp-json\/wp\/v2\/posts\/38713","targetHints":{"allow":["GET"]}}],"collection":[{"href":"https:\/\/www.africa-press.net\/guinee-conakry\/wp-json\/wp\/v2\/posts"}],"about":[{"href":"https:\/\/www.africa-press.net\/guinee-conakry\/wp-json\/wp\/v2\/types\/post"}],"author":[{"embeddable":true,"href":"https:\/\/www.africa-press.net\/guinee-conakry\/wp-json\/wp\/v2\/users\/82"}],"replies":[{"embeddable":true,"href":"https:\/\/www.africa-press.net\/guinee-conakry\/wp-json\/wp\/v2\/comments?post=38713"}],"version-history":[{"count":0,"href":"https:\/\/www.africa-press.net\/guinee-conakry\/wp-json\/wp\/v2\/posts\/38713\/revisions"}],"wp:featuredmedia":[{"embeddable":true,"href":"https:\/\/www.africa-press.net\/guinee-conakry\/wp-json\/wp\/v2\/media\/38712"}],"wp:attachment":[{"href":"https:\/\/www.africa-press.net\/guinee-conakry\/wp-json\/wp\/v2\/media?parent=38713"}],"wp:term":[{"taxonomy":"category","embeddable":true,"href":"https:\/\/www.africa-press.net\/guinee-conakry\/wp-json\/wp\/v2\/categories?post=38713"},{"taxonomy":"post_tag","embeddable":true,"href":"https:\/\/www.africa-press.net\/guinee-conakry\/wp-json\/wp\/v2\/tags?post=38713"}],"curies":[{"name":"wp","href":"https:\/\/api.w.org\/{rel}","templated":true}]}}