{"id":38736,"date":"2026-03-14T12:10:00","date_gmt":"2026-03-14T12:10:00","guid":{"rendered":"https:\/\/www.africa-press.net\/guinee-conakry\/politique\/guinee-liberia-tensions-persistantes-a-la-frontiere"},"modified":"2026-03-15T23:09:38","modified_gmt":"2026-03-15T23:09:38","slug":"guinee-liberia-tensions-persistantes-a-la-frontiere","status":"publish","type":"post","link":"https:\/\/www.africa-press.net\/guinee-conakry\/politique\/guinee-liberia-tensions-persistantes-a-la-frontiere","title":{"rendered":"Guin\u00e9e-Lib\u00e9ria: Tensions Persistantes \u00e0 la Fronti\u00e8re"},"content":{"rendered":"<p><span style=\"color: #ff6600\"><strong>Africa-Press &#8211; Guin\u00e9e. <\/strong><\/span>Des tensions ont e\u0301te\u0301 signale\u0301es le 10 mars dans la localite\u0301 de Kie\u0301sse\u0300ne\u0300ye, situe\u0301e pre\u0300s de la ville de Gue\u0301cke\u0301dou, a\u0300 environ 700 kilome\u0300tres de Conakry, en Guine\u0301e forestie\u0300re, a\u0300 la frontie\u0300re avec le Libe\u0301ria.<\/p>\n<p>Selon plusieurs me\u0301dias guine\u0301ens, l\u2019incident aurait e\u0301clate\u0301 lorsque des jeunes libe\u0301riens ont arrache\u0301 le drapeau guine\u0301en installe\u0301 dans la zone pour y hisser le drapeau de leur pays.<\/p>\n<p>L\u2019intervention de militaires guine\u0301ens a ensuite provoque\u0301 des accrochages avec les populations locales. Les soldats guine\u0301ens se seraient finalement replie\u0301s afin d\u2019e\u0301viter une escalade de la situation.<\/p>\n<p>Les Libe\u0301riens affirment que la zone ou\u0300 e\u0301tait installe\u0301 le drapeau appartient a\u0300 leur territoire, tandis que les autorite\u0301s guine\u0301ennes soutiennent le contraire.<\/p>\n<p>Toujours selon des sources me\u0301diatiques, des jeunes guine\u0301ens ont tente\u0301 de se rendre sur place pour re\u0301pondre a\u0300 cette provocation, mais ils en ont e\u0301te\u0301 dissuade\u0301s par le pre\u0301fet de Gue\u0301cke\u0301dou afin d\u2019e\u0301viter une aggravation des tensions.<\/p>\n<p>A\u0300 la suite de cet incident, les autorite\u0301s libe\u0301riennes ont publie\u0301 un communique\u0301 appelant au calme et re\u0301affirmant leur volonte\u0301 de privile\u0301gier une solution diplomatique a\u0300 ce diffe\u0301rend frontalier.<\/p>\n<p>Le gouvernement de Monrovia a assure\u0301 vouloir pre\u0301server les relations de bon voisinage entre les deux pays et a annonce\u0301 des actions de sensibilisation aupre\u0300s des populations vivant dans cette zone frontalie\u0300re afin d\u2019e\u0301viter toute initiative susceptible d\u2019alimenter les tensions.<\/p>\n<p>Ces nouveaux incidents interviennent quelques jours seulement apre\u0300s une rencontre de haut niveau entre les autorite\u0301s guine\u0301ennes et libe\u0301riennes. Le 8 mars, a\u0300 Gue\u0301cke\u0301dou, le ministre guine\u0301en de l\u2019Administration du territoire et de la De\u0301centralisation, le ge\u0301ne\u0301ral Ibrahima Kalil Conde\u0301, et le ministre libe\u0301rien des Affaires inte\u0301rieures, Niuma Ley, ont conduit d\u2019importantes de\u0301le\u0301gations pour discuter de la gestion de la frontie\u0300re commune.<\/p>\n<p>Les deux parties avaient alors convenu de privile\u0301gier les canaux diplomatiques pour re\u0301soudre leur diffe\u0301rend.<\/p>\n<p>Cette rencontre faisait suite a\u0300 un autre incident lie\u0301 a\u0300 l\u2019extraction de sable dans le fleuve Makona, qui traverse les deux pays. Les autorite\u0301s guine\u0301ennes avaient ordonne\u0301 a\u0300 l\u2019arme\u0301e de saisir les machines d\u2019une entreprise de construction libe\u0301rienne accuse\u0301e d\u2019exploiter du sable dans le fleuve.<\/p>\n<p>Conakry estime que cette activite\u0301 se de\u0301roulait sur son territoire et qu\u2019elle ne\u0301cessitait une autorisation pre\u0301alable des autorite\u0301s guine\u0301ennes. De son co\u0302te\u0301, Monrovia affirme que l\u2019ope\u0301ration avait lieu dans la ville de Foya, situe\u0301e du co\u0302te\u0301 libe\u0301rien de la frontie\u0300re.<\/p>\n<p>Par ailleurs, les autorite\u0301s guine\u0301ennes accusent le Libe\u0301ria d\u2019avoir de\u0301place\u0301 son drapeau pour l\u2019installer a\u0300 l\u2019inte\u0301rieur des limites du territoire guine\u0301en.<\/p>\n<p>Le ministre guine\u0301en de l\u2019Administration du territoire et de la De\u0301centralisation, le ge\u0301ne\u0301ral Ibrahima Kalil Conde\u0301, a de\u0301nonce\u0301 ce geste, le qualifiant d\u2019occupation ille\u0301gale et estimant qu\u2019il viole le principe d\u2019intangibilite\u0301 des frontie\u0300res he\u0301rite\u0301es de la pe\u0301riode coloniale.<\/p>\n<p><strong>Pour plus d&rsquo;informations et d&rsquo;analyses sur la <span style=\"color: #ff6600\">Guin\u00e9e<\/span>, suivez <span style=\"color: #ff6600\">Africa-Press<\/span><\/strong><\/p>\n","protected":false},"excerpt":{"rendered":"<p>Africa-Press &#8211; Guin\u00e9e. Des tensions ont e\u0301te\u0301 signale\u0301es le 10 mars dans la localite\u0301 de Kie\u0301sse\u0300ne\u0300ye, situe\u0301e pre\u0300s de la ville de Gue\u0301cke\u0301dou, a\u0300 environ 700 kilome\u0300tres de Conakry, en Guine\u0301e forestie\u0300re, a\u0300 la frontie\u0300re avec le Libe\u0301ria. Selon plusieurs me\u0301dias guine\u0301ens, l\u2019incident aurait e\u0301clate\u0301 lorsque des jeunes libe\u0301riens ont arrache\u0301 le drapeau guine\u0301en installe\u0301 [&hellip;]<\/p>\n","protected":false},"author":82,"featured_media":38735,"comment_status":"open","ping_status":"closed","sticky":false,"template":"","format":"standard","meta":{"footnotes":""},"categories":[2,10],"tags":[1216,58,1218,1217],"class_list":["post-38736","post","type-post","status-publish","format-standard","has-post-thumbnail","hentry","category-politique","category-toutes-les-actualites","tag-frontieres","tag-guinee","tag-liberia","tag-tensions"],"yoast_head":"<!-- This site is optimized with the Yoast SEO Premium plugin v26.1 (Yoast SEO v27.0) - https:\/\/yoast.com\/product\/yoast-seo-premium-wordpress\/ -->\n<title>Guin\u00e9e-Lib\u00e9ria: Tensions Persistantes \u00e0 la Fronti\u00e8re - guinee Conakry<\/title>\n<meta name=\"description\" content=\"Des tensions ont e\u0301te\u0301 signale\u0301es le 10 mars dans la localite\u0301 de Kie\u0301sse\u0300ne\u0300ye, situe\u0301e pre\u0300s de la ville de Gue\u0301cke\u0301do ...\" \/>\n<meta name=\"robots\" content=\"index, follow, max-snippet:-1, max-image-preview:large, max-video-preview:-1\" \/>\n<link rel=\"canonical\" href=\"https:\/\/www.africa-press.net\/guinee-conakry\/politique\/guinee-liberia-tensions-persistantes-a-la-frontiere\" \/>\n<meta property=\"og:locale\" content=\"fr_FR\" \/>\n<meta property=\"og:type\" content=\"article\" \/>\n<meta property=\"og:title\" content=\"Guin\u00e9e-Lib\u00e9ria: Tensions Persistantes \u00e0 la Fronti\u00e8re\" \/>\n<meta property=\"og:description\" content=\"Des tensions ont e\u0301te\u0301 signale\u0301es le 10 mars dans la localite\u0301 de Kie\u0301sse\u0300ne\u0300ye, situe\u0301e pre\u0300s de la ville de Gue\u0301cke\u0301do ...\" \/>\n<meta property=\"og:url\" content=\"https:\/\/www.africa-press.net\/guinee-conakry\/politique\/guinee-liberia-tensions-persistantes-a-la-frontiere\" \/>\n<meta property=\"og:site_name\" content=\"guinee Conakry\" \/>\n<meta property=\"article:published_time\" content=\"2026-03-14T12:10:00+00:00\" \/>\n<meta property=\"article:modified_time\" content=\"2026-03-15T23:09:38+00:00\" \/>\n<meta property=\"og:image\" content=\"https:\/\/static.africa-press.net\/conakry\/sites\/63\/2026\/03\/sm_1773519070.140695.jpg\" \/>\n\t<meta property=\"og:image:width\" content=\"846\" \/>\n\t<meta property=\"og:image:height\" content=\"476\" \/>\n\t<meta property=\"og:image:type\" content=\"image\/jpeg\" \/>\n<meta name=\"author\" content=\"cfeditorfr\" \/>\n<meta name=\"twitter:card\" content=\"summary_large_image\" \/>\n<meta name=\"twitter:label1\" content=\"\u00c9crit par\" \/>\n\t<meta name=\"twitter:data1\" content=\"cfeditorfr\" \/>\n\t<meta name=\"twitter:label2\" content=\"Dur\u00e9e de lecture estim\u00e9e\" \/>\n\t<meta name=\"twitter:data2\" content=\"3 minutes\" \/>\n<script type=\"application\/ld+json\" class=\"yoast-schema-graph\">{\"@context\":\"https:\/\/schema.org\",\"@graph\":[{\"@type\":\"Article\",\"@id\":\"https:\/\/www.africa-press.net\/guinee-conakry\/politique\/guinee-liberia-tensions-persistantes-a-la-frontiere#article\",\"isPartOf\":{\"@id\":\"https:\/\/www.africa-press.net\/guinee-conakry\/politique\/guinee-liberia-tensions-persistantes-a-la-frontiere\"},\"author\":{\"name\":\"cfeditorfr\",\"@id\":\"https:\/\/www.africa-press.net\/guinee-conakry\/#\/schema\/person\/2b1cf3cd81a31e3cd26889ca66d677f1\"},\"headline\":\"Guin\u00e9e-Lib\u00e9ria: Tensions Persistantes \u00e0 la Fronti\u00e8re\",\"datePublished\":\"2026-03-14T12:10:00+00:00\",\"dateModified\":\"2026-03-15T23:09:38+00:00\",\"mainEntityOfPage\":{\"@id\":\"https:\/\/www.africa-press.net\/guinee-conakry\/politique\/guinee-liberia-tensions-persistantes-a-la-frontiere\"},\"wordCount\":578,\"commentCount\":0,\"image\":{\"@id\":\"https:\/\/www.africa-press.net\/guinee-conakry\/politique\/guinee-liberia-tensions-persistantes-a-la-frontiere#primaryimage\"},\"thumbnailUrl\":\"https:\/\/static.africa-press.net\/conakry\/sites\/63\/2026\/03\/sm_1773519070.140695.jpg\",\"keywords\":[\"Fronti\u00e8res\",\"Guin\u00e9e\",\"Lib\u00e9ria\",\"Tensions\"],\"articleSection\":[\"Politique\",\"Toutes les actualit\u00e9s\"],\"inLanguage\":\"fr-FR\",\"potentialAction\":[{\"@type\":\"CommentAction\",\"name\":\"Comment\",\"target\":[\"https:\/\/www.africa-press.net\/guinee-conakry\/politique\/guinee-liberia-tensions-persistantes-a-la-frontiere#respond\"]}]},{\"@type\":\"WebPage\",\"@id\":\"https:\/\/www.africa-press.net\/guinee-conakry\/politique\/guinee-liberia-tensions-persistantes-a-la-frontiere\",\"url\":\"https:\/\/www.africa-press.net\/guinee-conakry\/politique\/guinee-liberia-tensions-persistantes-a-la-frontiere\",\"name\":\"Guin\u00e9e-Lib\u00e9ria: Tensions Persistantes \u00e0 la Fronti\u00e8re - guinee Conakry\",\"isPartOf\":{\"@id\":\"https:\/\/www.africa-press.net\/guinee-conakry\/#website\"},\"primaryImageOfPage\":{\"@id\":\"https:\/\/www.africa-press.net\/guinee-conakry\/politique\/guinee-liberia-tensions-persistantes-a-la-frontiere#primaryimage\"},\"image\":{\"@id\":\"https:\/\/www.africa-press.net\/guinee-conakry\/politique\/guinee-liberia-tensions-persistantes-a-la-frontiere#primaryimage\"},\"thumbnailUrl\":\"https:\/\/static.africa-press.net\/conakry\/sites\/63\/2026\/03\/sm_1773519070.140695.jpg\",\"datePublished\":\"2026-03-14T12:10:00+00:00\",\"dateModified\":\"2026-03-15T23:09:38+00:00\",\"author\":{\"@id\":\"https:\/\/www.africa-press.net\/guinee-conakry\/#\/schema\/person\/2b1cf3cd81a31e3cd26889ca66d677f1\"},\"description\":\"Des tensions ont e\u0301te\u0301 signale\u0301es le 10 mars dans la localite\u0301 de Kie\u0301sse\u0300ne\u0300ye, situe\u0301e pre\u0300s de la ville de Gue\u0301cke\u0301do ...\",\"breadcrumb\":{\"@id\":\"https:\/\/www.africa-press.net\/guinee-conakry\/politique\/guinee-liberia-tensions-persistantes-a-la-frontiere#breadcrumb\"},\"inLanguage\":\"fr-FR\",\"potentialAction\":[{\"@type\":\"ReadAction\",\"target\":[\"https:\/\/www.africa-press.net\/guinee-conakry\/politique\/guinee-liberia-tensions-persistantes-a-la-frontiere\"]}]},{\"@type\":\"ImageObject\",\"inLanguage\":\"fr-FR\",\"@id\":\"https:\/\/www.africa-press.net\/guinee-conakry\/politique\/guinee-liberia-tensions-persistantes-a-la-frontiere#primaryimage\",\"url\":\"https:\/\/static.africa-press.net\/conakry\/sites\/63\/2026\/03\/sm_1773519070.140695.jpg\",\"contentUrl\":\"https:\/\/static.africa-press.net\/conakry\/sites\/63\/2026\/03\/sm_1773519070.140695.jpg\",\"width\":846,\"height\":476,\"caption\":\"Guin\u00e9e-Lib\u00e9ria: Tensions Persistantes \u00e0 la Fronti\u00e8re\"},{\"@type\":\"BreadcrumbList\",\"@id\":\"https:\/\/www.africa-press.net\/guinee-conakry\/politique\/guinee-liberia-tensions-persistantes-a-la-frontiere#breadcrumb\",\"itemListElement\":[{\"@type\":\"ListItem\",\"position\":1,\"name\":\"Accueil\",\"item\":\"https:\/\/www.africa-press.net\/guinee-conakry\/\"},{\"@type\":\"ListItem\",\"position\":2,\"name\":\"Guin\u00e9e-Lib\u00e9ria: Tensions Persistantes \u00e0 la Fronti\u00e8re\"}]},{\"@type\":\"WebSite\",\"@id\":\"https:\/\/www.africa-press.net\/guinee-conakry\/#website\",\"url\":\"https:\/\/www.africa-press.net\/guinee-conakry\/\",\"name\":\"guinee Conakry\",\"description\":\"Just another Africa News Agency Sites site\",\"potentialAction\":[{\"@type\":\"SearchAction\",\"target\":{\"@type\":\"EntryPoint\",\"urlTemplate\":\"https:\/\/www.africa-press.net\/guinee-conakry\/?s={search_term_string}\"},\"query-input\":{\"@type\":\"PropertyValueSpecification\",\"valueRequired\":true,\"valueName\":\"search_term_string\"}}],\"inLanguage\":\"fr-FR\"},{\"@type\":\"Person\",\"@id\":\"https:\/\/www.africa-press.net\/guinee-conakry\/#\/schema\/person\/2b1cf3cd81a31e3cd26889ca66d677f1\",\"name\":\"cfeditorfr\"}]}<\/script>\n<!-- \/ Yoast SEO Premium plugin. -->","yoast_head_json":{"title":"Guin\u00e9e-Lib\u00e9ria: Tensions Persistantes \u00e0 la Fronti\u00e8re - guinee Conakry","description":"Des tensions ont e\u0301te\u0301 signale\u0301es le 10 mars dans la localite\u0301 de Kie\u0301sse\u0300ne\u0300ye, situe\u0301e pre\u0300s de la ville de Gue\u0301cke\u0301do ...","robots":{"index":"index","follow":"follow","max-snippet":"max-snippet:-1","max-image-preview":"max-image-preview:large","max-video-preview":"max-video-preview:-1"},"canonical":"https:\/\/www.africa-press.net\/guinee-conakry\/politique\/guinee-liberia-tensions-persistantes-a-la-frontiere","og_locale":"fr_FR","og_type":"article","og_title":"Guin\u00e9e-Lib\u00e9ria: Tensions Persistantes \u00e0 la Fronti\u00e8re","og_description":"Des tensions ont e\u0301te\u0301 signale\u0301es le 10 mars dans la localite\u0301 de Kie\u0301sse\u0300ne\u0300ye, situe\u0301e pre\u0300s de la ville de Gue\u0301cke\u0301do ...","og_url":"https:\/\/www.africa-press.net\/guinee-conakry\/politique\/guinee-liberia-tensions-persistantes-a-la-frontiere","og_site_name":"guinee Conakry","article_published_time":"2026-03-14T12:10:00+00:00","article_modified_time":"2026-03-15T23:09:38+00:00","og_image":[{"width":846,"height":476,"url":"https:\/\/static.africa-press.net\/conakry\/sites\/63\/2026\/03\/sm_1773519070.140695.jpg","type":"image\/jpeg"}],"author":"cfeditorfr","twitter_card":"summary_large_image","twitter_misc":{"\u00c9crit par":"cfeditorfr","Dur\u00e9e de lecture estim\u00e9e":"3 minutes"},"schema":{"@context":"https:\/\/schema.org","@graph":[{"@type":"Article","@id":"https:\/\/www.africa-press.net\/guinee-conakry\/politique\/guinee-liberia-tensions-persistantes-a-la-frontiere#article","isPartOf":{"@id":"https:\/\/www.africa-press.net\/guinee-conakry\/politique\/guinee-liberia-tensions-persistantes-a-la-frontiere"},"author":{"name":"cfeditorfr","@id":"https:\/\/www.africa-press.net\/guinee-conakry\/#\/schema\/person\/2b1cf3cd81a31e3cd26889ca66d677f1"},"headline":"Guin\u00e9e-Lib\u00e9ria: Tensions Persistantes \u00e0 la Fronti\u00e8re","datePublished":"2026-03-14T12:10:00+00:00","dateModified":"2026-03-15T23:09:38+00:00","mainEntityOfPage":{"@id":"https:\/\/www.africa-press.net\/guinee-conakry\/politique\/guinee-liberia-tensions-persistantes-a-la-frontiere"},"wordCount":578,"commentCount":0,"image":{"@id":"https:\/\/www.africa-press.net\/guinee-conakry\/politique\/guinee-liberia-tensions-persistantes-a-la-frontiere#primaryimage"},"thumbnailUrl":"https:\/\/static.africa-press.net\/conakry\/sites\/63\/2026\/03\/sm_1773519070.140695.jpg","keywords":["Fronti\u00e8res","Guin\u00e9e","Lib\u00e9ria","Tensions"],"articleSection":["Politique","Toutes les actualit\u00e9s"],"inLanguage":"fr-FR","potentialAction":[{"@type":"CommentAction","name":"Comment","target":["https:\/\/www.africa-press.net\/guinee-conakry\/politique\/guinee-liberia-tensions-persistantes-a-la-frontiere#respond"]}]},{"@type":"WebPage","@id":"https:\/\/www.africa-press.net\/guinee-conakry\/politique\/guinee-liberia-tensions-persistantes-a-la-frontiere","url":"https:\/\/www.africa-press.net\/guinee-conakry\/politique\/guinee-liberia-tensions-persistantes-a-la-frontiere","name":"Guin\u00e9e-Lib\u00e9ria: Tensions Persistantes \u00e0 la Fronti\u00e8re - guinee Conakry","isPartOf":{"@id":"https:\/\/www.africa-press.net\/guinee-conakry\/#website"},"primaryImageOfPage":{"@id":"https:\/\/www.africa-press.net\/guinee-conakry\/politique\/guinee-liberia-tensions-persistantes-a-la-frontiere#primaryimage"},"image":{"@id":"https:\/\/www.africa-press.net\/guinee-conakry\/politique\/guinee-liberia-tensions-persistantes-a-la-frontiere#primaryimage"},"thumbnailUrl":"https:\/\/static.africa-press.net\/conakry\/sites\/63\/2026\/03\/sm_1773519070.140695.jpg","datePublished":"2026-03-14T12:10:00+00:00","dateModified":"2026-03-15T23:09:38+00:00","author":{"@id":"https:\/\/www.africa-press.net\/guinee-conakry\/#\/schema\/person\/2b1cf3cd81a31e3cd26889ca66d677f1"},"description":"Des tensions ont e\u0301te\u0301 signale\u0301es le 10 mars dans la localite\u0301 de Kie\u0301sse\u0300ne\u0300ye, situe\u0301e pre\u0300s de la ville de Gue\u0301cke\u0301do ...","breadcrumb":{"@id":"https:\/\/www.africa-press.net\/guinee-conakry\/politique\/guinee-liberia-tensions-persistantes-a-la-frontiere#breadcrumb"},"inLanguage":"fr-FR","potentialAction":[{"@type":"ReadAction","target":["https:\/\/www.africa-press.net\/guinee-conakry\/politique\/guinee-liberia-tensions-persistantes-a-la-frontiere"]}]},{"@type":"ImageObject","inLanguage":"fr-FR","@id":"https:\/\/www.africa-press.net\/guinee-conakry\/politique\/guinee-liberia-tensions-persistantes-a-la-frontiere#primaryimage","url":"https:\/\/static.africa-press.net\/conakry\/sites\/63\/2026\/03\/sm_1773519070.140695.jpg","contentUrl":"https:\/\/static.africa-press.net\/conakry\/sites\/63\/2026\/03\/sm_1773519070.140695.jpg","width":846,"height":476,"caption":"Guin\u00e9e-Lib\u00e9ria: Tensions Persistantes \u00e0 la Fronti\u00e8re"},{"@type":"BreadcrumbList","@id":"https:\/\/www.africa-press.net\/guinee-conakry\/politique\/guinee-liberia-tensions-persistantes-a-la-frontiere#breadcrumb","itemListElement":[{"@type":"ListItem","position":1,"name":"Accueil","item":"https:\/\/www.africa-press.net\/guinee-conakry\/"},{"@type":"ListItem","position":2,"name":"Guin\u00e9e-Lib\u00e9ria: Tensions Persistantes \u00e0 la Fronti\u00e8re"}]},{"@type":"WebSite","@id":"https:\/\/www.africa-press.net\/guinee-conakry\/#website","url":"https:\/\/www.africa-press.net\/guinee-conakry\/","name":"guinee Conakry","description":"Just another Africa News Agency Sites site","potentialAction":[{"@type":"SearchAction","target":{"@type":"EntryPoint","urlTemplate":"https:\/\/www.africa-press.net\/guinee-conakry\/?s={search_term_string}"},"query-input":{"@type":"PropertyValueSpecification","valueRequired":true,"valueName":"search_term_string"}}],"inLanguage":"fr-FR"},{"@type":"Person","@id":"https:\/\/www.africa-press.net\/guinee-conakry\/#\/schema\/person\/2b1cf3cd81a31e3cd26889ca66d677f1","name":"cfeditorfr"}]}},"_links":{"self":[{"href":"https:\/\/www.africa-press.net\/guinee-conakry\/wp-json\/wp\/v2\/posts\/38736","targetHints":{"allow":["GET"]}}],"collection":[{"href":"https:\/\/www.africa-press.net\/guinee-conakry\/wp-json\/wp\/v2\/posts"}],"about":[{"href":"https:\/\/www.africa-press.net\/guinee-conakry\/wp-json\/wp\/v2\/types\/post"}],"author":[{"embeddable":true,"href":"https:\/\/www.africa-press.net\/guinee-conakry\/wp-json\/wp\/v2\/users\/82"}],"replies":[{"embeddable":true,"href":"https:\/\/www.africa-press.net\/guinee-conakry\/wp-json\/wp\/v2\/comments?post=38736"}],"version-history":[{"count":0,"href":"https:\/\/www.africa-press.net\/guinee-conakry\/wp-json\/wp\/v2\/posts\/38736\/revisions"}],"wp:featuredmedia":[{"embeddable":true,"href":"https:\/\/www.africa-press.net\/guinee-conakry\/wp-json\/wp\/v2\/media\/38735"}],"wp:attachment":[{"href":"https:\/\/www.africa-press.net\/guinee-conakry\/wp-json\/wp\/v2\/media?parent=38736"}],"wp:term":[{"taxonomy":"category","embeddable":true,"href":"https:\/\/www.africa-press.net\/guinee-conakry\/wp-json\/wp\/v2\/categories?post=38736"},{"taxonomy":"post_tag","embeddable":true,"href":"https:\/\/www.africa-press.net\/guinee-conakry\/wp-json\/wp\/v2\/tags?post=38736"}],"curies":[{"name":"wp","href":"https:\/\/api.w.org\/{rel}","templated":true}]}}