{"id":38741,"date":"2026-03-14T12:10:00","date_gmt":"2026-03-14T12:10:00","guid":{"rendered":"https:\/\/www.africa-press.net\/guinee-conakry\/politique\/bah-oury-appelle-a-limplication-pour-la-transformation"},"modified":"2026-03-15T23:21:48","modified_gmt":"2026-03-15T23:21:48","slug":"bah-oury-appelle-a-limplication-pour-la-transformation","status":"publish","type":"post","link":"https:\/\/www.africa-press.net\/guinee-conakry\/politique\/bah-oury-appelle-a-limplication-pour-la-transformation","title":{"rendered":"Bah Oury Appelle \u00e0 L&rsquo;Implication pour la Transformation"},"content":{"rendered":"<p><span style=\"color: #ff6600\"><strong>Africa-Press &#8211; Guin\u00e9e. <\/strong><\/span>Ce vendredi 13 mars, le Premier ministre Bah Oury a partage\u0301 la rupture collective avec le personnel de la Primature. Pour le chef du gouvernement, cette rencontre constitue un moment de communion, \u2018\u2019dans un contexte particulier marque\u0301 par la concomitance du mois saint du Ramadan pour les fide\u0300les musulmans et du Care\u0302me observe\u0301 par les chre\u0301tiens\u2019\u2019.<\/p>\n<p>\u2018\u2019C\u2019est une initiative tre\u0300s inte\u0301ressante de re\u0301unir ici l\u2019ensemble du personnel de la Primature autour de cette rupture. C\u2019est la premie\u0300re fois que cela se fait, et j\u2019espe\u0300re que ce n\u2019est que le de\u0301but d\u2019une tradition appele\u0301e a\u0300 durer\u2019\u2019, a indique\u0301 le Premier ministre Bah Oury.<\/p>\n<p>Il a e\u0301galement salue\u0301 la contribution de son personnel dans l\u2019administration guine\u0301enne. \u2018\u2019Les femmes et les hommes qui servent quotidiennement a\u0300 la Primature constituent une ve\u0301ritable famille professionnelle, unie par le sens du devoir et l\u2019engagement au service de la Nation\u2019\u2019, a-t-il assure\u0301.<\/p>\n<p>Invitant les travailleurs a\u0300 \u2018\u2019renforcer l\u2019esprit de solidarite\u0301 et de mobilisation collective afin d\u2019accompagner les re\u0301formes engage\u0301es par les autorite\u0301s\u2019\u2019, le locataire du palais de la Colombe a souligne\u0301 que \u2018\u2019la pe\u0301riode actuelle est riche en enjeux et exige l\u2019implication de tous pour contribuer a\u0300 la re\u0301ussite de l\u2019\u0153uvre de transformation engage\u0301e sous le leadership du pre\u0301sident de la Re\u0301publique, le Ge\u0301ne\u0301ral Mamadi Doumbouya\u2019\u2019.<\/p>\n<p><strong>Pour plus d&rsquo;informations et d&rsquo;analyses sur la <span style=\"color: #ff6600\">Guin\u00e9e<\/span>, suivez <span style=\"color: #ff6600\">Africa-Press<\/span><\/strong><\/p>\n","protected":false},"excerpt":{"rendered":"<p>Africa-Press &#8211; Guin\u00e9e. Ce vendredi 13 mars, le Premier ministre Bah Oury a partage\u0301 la rupture collective avec le personnel de la Primature. Pour le chef du gouvernement, cette rencontre constitue un moment de communion, \u2018\u2019dans un contexte particulier marque\u0301 par la concomitance du mois saint du Ramadan pour les fide\u0300les musulmans et du Care\u0302me [&hellip;]<\/p>\n","protected":false},"author":82,"featured_media":38740,"comment_status":"open","ping_status":"closed","sticky":false,"template":"","format":"standard","meta":{"footnotes":""},"categories":[2,10],"tags":[58],"class_list":["post-38741","post","type-post","status-publish","format-standard","has-post-thumbnail","hentry","category-politique","category-toutes-les-actualites","tag-guinee"],"yoast_head":"<!-- This site is optimized with the Yoast SEO Premium plugin v26.1 (Yoast SEO v27.0) - https:\/\/yoast.com\/product\/yoast-seo-premium-wordpress\/ -->\n<title>Bah Oury Appelle \u00e0 L&#039;Implication pour la Transformation - guinee Conakry<\/title>\n<meta name=\"description\" content=\"Ce vendredi 13 mars, le Premier ministre Bah Oury a partage\u0301 la rupture collective avec le personnel de la Primature. Po ...\" \/>\n<meta name=\"robots\" content=\"index, follow, max-snippet:-1, max-image-preview:large, max-video-preview:-1\" \/>\n<link rel=\"canonical\" href=\"https:\/\/www.africa-press.net\/guinee-conakry\/politique\/bah-oury-appelle-a-limplication-pour-la-transformation\" \/>\n<meta property=\"og:locale\" content=\"fr_FR\" \/>\n<meta property=\"og:type\" content=\"article\" \/>\n<meta property=\"og:title\" content=\"Bah Oury Appelle \u00e0 L&#039;Implication pour la Transformation\" \/>\n<meta property=\"og:description\" content=\"Ce vendredi 13 mars, le Premier ministre Bah Oury a partage\u0301 la rupture collective avec le personnel de la Primature. Po ...\" \/>\n<meta property=\"og:url\" content=\"https:\/\/www.africa-press.net\/guinee-conakry\/politique\/bah-oury-appelle-a-limplication-pour-la-transformation\" \/>\n<meta property=\"og:site_name\" content=\"guinee Conakry\" \/>\n<meta property=\"article:published_time\" content=\"2026-03-14T12:10:00+00:00\" \/>\n<meta property=\"article:modified_time\" content=\"2026-03-15T23:21:48+00:00\" \/>\n<meta property=\"og:image\" content=\"https:\/\/static.africa-press.net\/conakry\/sites\/63\/2026\/03\/sm_1773519342.275618.jpg\" \/>\n\t<meta property=\"og:image:width\" content=\"1280\" \/>\n\t<meta property=\"og:image:height\" content=\"720\" \/>\n\t<meta property=\"og:image:type\" content=\"image\/jpeg\" \/>\n<meta name=\"author\" content=\"cfeditorfr\" \/>\n<meta name=\"twitter:card\" content=\"summary_large_image\" \/>\n<meta name=\"twitter:label1\" content=\"\u00c9crit par\" \/>\n\t<meta name=\"twitter:data1\" content=\"cfeditorfr\" \/>\n\t<meta name=\"twitter:label2\" content=\"Dur\u00e9e de lecture estim\u00e9e\" \/>\n\t<meta name=\"twitter:data2\" content=\"2 minutes\" \/>\n<script type=\"application\/ld+json\" class=\"yoast-schema-graph\">{\"@context\":\"https:\/\/schema.org\",\"@graph\":[{\"@type\":\"Article\",\"@id\":\"https:\/\/www.africa-press.net\/guinee-conakry\/politique\/bah-oury-appelle-a-limplication-pour-la-transformation#article\",\"isPartOf\":{\"@id\":\"https:\/\/www.africa-press.net\/guinee-conakry\/politique\/bah-oury-appelle-a-limplication-pour-la-transformation\"},\"author\":{\"name\":\"cfeditorfr\",\"@id\":\"https:\/\/www.africa-press.net\/guinee-conakry\/#\/schema\/person\/2b1cf3cd81a31e3cd26889ca66d677f1\"},\"headline\":\"Bah Oury Appelle \u00e0 L&rsquo;Implication pour la Transformation\",\"datePublished\":\"2026-03-14T12:10:00+00:00\",\"dateModified\":\"2026-03-15T23:21:48+00:00\",\"mainEntityOfPage\":{\"@id\":\"https:\/\/www.africa-press.net\/guinee-conakry\/politique\/bah-oury-appelle-a-limplication-pour-la-transformation\"},\"wordCount\":268,\"commentCount\":0,\"image\":{\"@id\":\"https:\/\/www.africa-press.net\/guinee-conakry\/politique\/bah-oury-appelle-a-limplication-pour-la-transformation#primaryimage\"},\"thumbnailUrl\":\"https:\/\/static.africa-press.net\/conakry\/sites\/63\/2026\/03\/sm_1773519342.275618.jpg\",\"keywords\":[\"Guin\u00e9e\"],\"articleSection\":[\"Politique\",\"Toutes les actualit\u00e9s\"],\"inLanguage\":\"fr-FR\",\"potentialAction\":[{\"@type\":\"CommentAction\",\"name\":\"Comment\",\"target\":[\"https:\/\/www.africa-press.net\/guinee-conakry\/politique\/bah-oury-appelle-a-limplication-pour-la-transformation#respond\"]}]},{\"@type\":\"WebPage\",\"@id\":\"https:\/\/www.africa-press.net\/guinee-conakry\/politique\/bah-oury-appelle-a-limplication-pour-la-transformation\",\"url\":\"https:\/\/www.africa-press.net\/guinee-conakry\/politique\/bah-oury-appelle-a-limplication-pour-la-transformation\",\"name\":\"Bah Oury Appelle \u00e0 L'Implication pour la Transformation - guinee Conakry\",\"isPartOf\":{\"@id\":\"https:\/\/www.africa-press.net\/guinee-conakry\/#website\"},\"primaryImageOfPage\":{\"@id\":\"https:\/\/www.africa-press.net\/guinee-conakry\/politique\/bah-oury-appelle-a-limplication-pour-la-transformation#primaryimage\"},\"image\":{\"@id\":\"https:\/\/www.africa-press.net\/guinee-conakry\/politique\/bah-oury-appelle-a-limplication-pour-la-transformation#primaryimage\"},\"thumbnailUrl\":\"https:\/\/static.africa-press.net\/conakry\/sites\/63\/2026\/03\/sm_1773519342.275618.jpg\",\"datePublished\":\"2026-03-14T12:10:00+00:00\",\"dateModified\":\"2026-03-15T23:21:48+00:00\",\"author\":{\"@id\":\"https:\/\/www.africa-press.net\/guinee-conakry\/#\/schema\/person\/2b1cf3cd81a31e3cd26889ca66d677f1\"},\"description\":\"Ce vendredi 13 mars, le Premier ministre Bah Oury a partage\u0301 la rupture collective avec le personnel de la Primature. Po ...\",\"breadcrumb\":{\"@id\":\"https:\/\/www.africa-press.net\/guinee-conakry\/politique\/bah-oury-appelle-a-limplication-pour-la-transformation#breadcrumb\"},\"inLanguage\":\"fr-FR\",\"potentialAction\":[{\"@type\":\"ReadAction\",\"target\":[\"https:\/\/www.africa-press.net\/guinee-conakry\/politique\/bah-oury-appelle-a-limplication-pour-la-transformation\"]}]},{\"@type\":\"ImageObject\",\"inLanguage\":\"fr-FR\",\"@id\":\"https:\/\/www.africa-press.net\/guinee-conakry\/politique\/bah-oury-appelle-a-limplication-pour-la-transformation#primaryimage\",\"url\":\"https:\/\/static.africa-press.net\/conakry\/sites\/63\/2026\/03\/sm_1773519342.275618.jpg\",\"contentUrl\":\"https:\/\/static.africa-press.net\/conakry\/sites\/63\/2026\/03\/sm_1773519342.275618.jpg\",\"width\":1280,\"height\":720,\"caption\":\"Bah Oury Appelle \u00e0 L'Implication pour la Transformation\"},{\"@type\":\"BreadcrumbList\",\"@id\":\"https:\/\/www.africa-press.net\/guinee-conakry\/politique\/bah-oury-appelle-a-limplication-pour-la-transformation#breadcrumb\",\"itemListElement\":[{\"@type\":\"ListItem\",\"position\":1,\"name\":\"Accueil\",\"item\":\"https:\/\/www.africa-press.net\/guinee-conakry\/\"},{\"@type\":\"ListItem\",\"position\":2,\"name\":\"Bah Oury Appelle \u00e0 L&#8217;Implication pour la Transformation\"}]},{\"@type\":\"WebSite\",\"@id\":\"https:\/\/www.africa-press.net\/guinee-conakry\/#website\",\"url\":\"https:\/\/www.africa-press.net\/guinee-conakry\/\",\"name\":\"guinee Conakry\",\"description\":\"Just another Africa News Agency Sites site\",\"potentialAction\":[{\"@type\":\"SearchAction\",\"target\":{\"@type\":\"EntryPoint\",\"urlTemplate\":\"https:\/\/www.africa-press.net\/guinee-conakry\/?s={search_term_string}\"},\"query-input\":{\"@type\":\"PropertyValueSpecification\",\"valueRequired\":true,\"valueName\":\"search_term_string\"}}],\"inLanguage\":\"fr-FR\"},{\"@type\":\"Person\",\"@id\":\"https:\/\/www.africa-press.net\/guinee-conakry\/#\/schema\/person\/2b1cf3cd81a31e3cd26889ca66d677f1\",\"name\":\"cfeditorfr\"}]}<\/script>\n<!-- \/ Yoast SEO Premium plugin. -->","yoast_head_json":{"title":"Bah Oury Appelle \u00e0 L'Implication pour la Transformation - guinee Conakry","description":"Ce vendredi 13 mars, le Premier ministre Bah Oury a partage\u0301 la rupture collective avec le personnel de la Primature. Po ...","robots":{"index":"index","follow":"follow","max-snippet":"max-snippet:-1","max-image-preview":"max-image-preview:large","max-video-preview":"max-video-preview:-1"},"canonical":"https:\/\/www.africa-press.net\/guinee-conakry\/politique\/bah-oury-appelle-a-limplication-pour-la-transformation","og_locale":"fr_FR","og_type":"article","og_title":"Bah Oury Appelle \u00e0 L'Implication pour la Transformation","og_description":"Ce vendredi 13 mars, le Premier ministre Bah Oury a partage\u0301 la rupture collective avec le personnel de la Primature. Po ...","og_url":"https:\/\/www.africa-press.net\/guinee-conakry\/politique\/bah-oury-appelle-a-limplication-pour-la-transformation","og_site_name":"guinee Conakry","article_published_time":"2026-03-14T12:10:00+00:00","article_modified_time":"2026-03-15T23:21:48+00:00","og_image":[{"width":1280,"height":720,"url":"https:\/\/static.africa-press.net\/conakry\/sites\/63\/2026\/03\/sm_1773519342.275618.jpg","type":"image\/jpeg"}],"author":"cfeditorfr","twitter_card":"summary_large_image","twitter_misc":{"\u00c9crit par":"cfeditorfr","Dur\u00e9e de lecture estim\u00e9e":"2 minutes"},"schema":{"@context":"https:\/\/schema.org","@graph":[{"@type":"Article","@id":"https:\/\/www.africa-press.net\/guinee-conakry\/politique\/bah-oury-appelle-a-limplication-pour-la-transformation#article","isPartOf":{"@id":"https:\/\/www.africa-press.net\/guinee-conakry\/politique\/bah-oury-appelle-a-limplication-pour-la-transformation"},"author":{"name":"cfeditorfr","@id":"https:\/\/www.africa-press.net\/guinee-conakry\/#\/schema\/person\/2b1cf3cd81a31e3cd26889ca66d677f1"},"headline":"Bah Oury Appelle \u00e0 L&rsquo;Implication pour la Transformation","datePublished":"2026-03-14T12:10:00+00:00","dateModified":"2026-03-15T23:21:48+00:00","mainEntityOfPage":{"@id":"https:\/\/www.africa-press.net\/guinee-conakry\/politique\/bah-oury-appelle-a-limplication-pour-la-transformation"},"wordCount":268,"commentCount":0,"image":{"@id":"https:\/\/www.africa-press.net\/guinee-conakry\/politique\/bah-oury-appelle-a-limplication-pour-la-transformation#primaryimage"},"thumbnailUrl":"https:\/\/static.africa-press.net\/conakry\/sites\/63\/2026\/03\/sm_1773519342.275618.jpg","keywords":["Guin\u00e9e"],"articleSection":["Politique","Toutes les actualit\u00e9s"],"inLanguage":"fr-FR","potentialAction":[{"@type":"CommentAction","name":"Comment","target":["https:\/\/www.africa-press.net\/guinee-conakry\/politique\/bah-oury-appelle-a-limplication-pour-la-transformation#respond"]}]},{"@type":"WebPage","@id":"https:\/\/www.africa-press.net\/guinee-conakry\/politique\/bah-oury-appelle-a-limplication-pour-la-transformation","url":"https:\/\/www.africa-press.net\/guinee-conakry\/politique\/bah-oury-appelle-a-limplication-pour-la-transformation","name":"Bah Oury Appelle \u00e0 L'Implication pour la Transformation - guinee Conakry","isPartOf":{"@id":"https:\/\/www.africa-press.net\/guinee-conakry\/#website"},"primaryImageOfPage":{"@id":"https:\/\/www.africa-press.net\/guinee-conakry\/politique\/bah-oury-appelle-a-limplication-pour-la-transformation#primaryimage"},"image":{"@id":"https:\/\/www.africa-press.net\/guinee-conakry\/politique\/bah-oury-appelle-a-limplication-pour-la-transformation#primaryimage"},"thumbnailUrl":"https:\/\/static.africa-press.net\/conakry\/sites\/63\/2026\/03\/sm_1773519342.275618.jpg","datePublished":"2026-03-14T12:10:00+00:00","dateModified":"2026-03-15T23:21:48+00:00","author":{"@id":"https:\/\/www.africa-press.net\/guinee-conakry\/#\/schema\/person\/2b1cf3cd81a31e3cd26889ca66d677f1"},"description":"Ce vendredi 13 mars, le Premier ministre Bah Oury a partage\u0301 la rupture collective avec le personnel de la Primature. Po ...","breadcrumb":{"@id":"https:\/\/www.africa-press.net\/guinee-conakry\/politique\/bah-oury-appelle-a-limplication-pour-la-transformation#breadcrumb"},"inLanguage":"fr-FR","potentialAction":[{"@type":"ReadAction","target":["https:\/\/www.africa-press.net\/guinee-conakry\/politique\/bah-oury-appelle-a-limplication-pour-la-transformation"]}]},{"@type":"ImageObject","inLanguage":"fr-FR","@id":"https:\/\/www.africa-press.net\/guinee-conakry\/politique\/bah-oury-appelle-a-limplication-pour-la-transformation#primaryimage","url":"https:\/\/static.africa-press.net\/conakry\/sites\/63\/2026\/03\/sm_1773519342.275618.jpg","contentUrl":"https:\/\/static.africa-press.net\/conakry\/sites\/63\/2026\/03\/sm_1773519342.275618.jpg","width":1280,"height":720,"caption":"Bah Oury Appelle \u00e0 L'Implication pour la Transformation"},{"@type":"BreadcrumbList","@id":"https:\/\/www.africa-press.net\/guinee-conakry\/politique\/bah-oury-appelle-a-limplication-pour-la-transformation#breadcrumb","itemListElement":[{"@type":"ListItem","position":1,"name":"Accueil","item":"https:\/\/www.africa-press.net\/guinee-conakry\/"},{"@type":"ListItem","position":2,"name":"Bah Oury Appelle \u00e0 L&#8217;Implication pour la Transformation"}]},{"@type":"WebSite","@id":"https:\/\/www.africa-press.net\/guinee-conakry\/#website","url":"https:\/\/www.africa-press.net\/guinee-conakry\/","name":"guinee Conakry","description":"Just another Africa News Agency Sites site","potentialAction":[{"@type":"SearchAction","target":{"@type":"EntryPoint","urlTemplate":"https:\/\/www.africa-press.net\/guinee-conakry\/?s={search_term_string}"},"query-input":{"@type":"PropertyValueSpecification","valueRequired":true,"valueName":"search_term_string"}}],"inLanguage":"fr-FR"},{"@type":"Person","@id":"https:\/\/www.africa-press.net\/guinee-conakry\/#\/schema\/person\/2b1cf3cd81a31e3cd26889ca66d677f1","name":"cfeditorfr"}]}},"_links":{"self":[{"href":"https:\/\/www.africa-press.net\/guinee-conakry\/wp-json\/wp\/v2\/posts\/38741","targetHints":{"allow":["GET"]}}],"collection":[{"href":"https:\/\/www.africa-press.net\/guinee-conakry\/wp-json\/wp\/v2\/posts"}],"about":[{"href":"https:\/\/www.africa-press.net\/guinee-conakry\/wp-json\/wp\/v2\/types\/post"}],"author":[{"embeddable":true,"href":"https:\/\/www.africa-press.net\/guinee-conakry\/wp-json\/wp\/v2\/users\/82"}],"replies":[{"embeddable":true,"href":"https:\/\/www.africa-press.net\/guinee-conakry\/wp-json\/wp\/v2\/comments?post=38741"}],"version-history":[{"count":0,"href":"https:\/\/www.africa-press.net\/guinee-conakry\/wp-json\/wp\/v2\/posts\/38741\/revisions"}],"wp:featuredmedia":[{"embeddable":true,"href":"https:\/\/www.africa-press.net\/guinee-conakry\/wp-json\/wp\/v2\/media\/38740"}],"wp:attachment":[{"href":"https:\/\/www.africa-press.net\/guinee-conakry\/wp-json\/wp\/v2\/media?parent=38741"}],"wp:term":[{"taxonomy":"category","embeddable":true,"href":"https:\/\/www.africa-press.net\/guinee-conakry\/wp-json\/wp\/v2\/categories?post=38741"},{"taxonomy":"post_tag","embeddable":true,"href":"https:\/\/www.africa-press.net\/guinee-conakry\/wp-json\/wp\/v2\/tags?post=38741"}],"curies":[{"name":"wp","href":"https:\/\/api.w.org\/{rel}","templated":true}]}}