{"id":38808,"date":"2026-03-18T12:10:00","date_gmt":"2026-03-18T12:10:00","guid":{"rendered":"https:\/\/www.africa-press.net\/guinee-conakry\/politique\/senegal-saisit-le-tas-apres-forfait-contre-maroc"},"modified":"2026-03-18T23:58:51","modified_gmt":"2026-03-18T23:58:51","slug":"senegal-saisit-le-tas-apres-forfait-contre-maroc","status":"publish","type":"post","link":"https:\/\/www.africa-press.net\/guinee-conakry\/sports\/senegal-saisit-le-tas-apres-forfait-contre-maroc","title":{"rendered":"S\u00e9n\u00e9gal Saisit le TAS Apr\u00e8s Forfait Contre Maroc"},"content":{"rendered":"<p><span style=\"color: #ff6600\"><strong>Africa-Press &#8211; Guin\u00e9e. <\/strong><\/span>La Fe\u0301de\u0301ration se\u0301ne\u0301galaise de football (FSF) a annonce\u0301, mardi, son intention de saisir le Tribunal arbitral du sport (TAS), apre\u0300s la de\u0301cision du Jury d\u2019appel de la Confe\u0301de\u0301ration africaine de football (CAF) de de\u0301clarer le Se\u0301ne\u0301gal perdant par forfait face au Maroc lors de la CAN 2025.<\/p>\n<p>La Confe\u0301de\u0301ration Africaine de Football a annonce\u0301 mardi avoir de\u0301cide\u0301 \u00ab de de\u0301clarer l\u2019e\u0301quipe nationale du Se\u0301ne\u0301gal forfait lors de la finale \u00bb du 18 janvier, remporte\u0301e 1-0 par les Se\u0301ne\u0301galais, \u00ab le re\u0301sultat e\u0301tant homologue\u0301 sur le score de 3-0 \u00bb en faveur du Maroc pre\u0301cise un communique\u0301 de la CAF. Cette de\u0301cision sur \u00ab\u00a0tapis vert\u00a0\u00bb sacre le Maroc vainqueur de s\u0327a CAN.<\/p>\n<p>Dans un communique\u0301, la FSF indique avoir pris connaissance de la de\u0301cision rendue le 17 mars 2026 dans le cadre de l\u2019affaire lie\u0301e au match n\u00b052 de la Coupe d\u2019Afrique des Nations TotalEnergies Maroc 2025, opposant le Se\u0301ne\u0301gal au Maroc.<\/p>\n<p>Selon cette de\u0301cision, le Jury d\u2019appel a juge\u0301 recevable le recours introduit par la Fe\u0301de\u0301ration royale marocaine de football (FRMF) et a annule\u0301 la de\u0301cision initiale du Jury disciplinaire, estimant que le droit d\u2019e\u0302tre entendu n\u2019avait pas e\u0301te\u0301 respecte\u0301 en premie\u0300re instance.<\/p>\n<p>L\u2019instance a e\u0301galement conside\u0301re\u0301 que le comportement de l\u2019e\u0301quipe se\u0301ne\u0301galaise constituait une violation du re\u0300glement de la compe\u0301tition.<\/p>\n<p>Le jury d\u2019appel de la CAF justifie sa de\u0301cision par l\u2019application des articles 82 et 84 du re\u0300glement de la Coupe d\u2019Afrique des Nations (CAN), selon lesquels si une e\u0301quipe \u00ab refuse de jouer ou quitte le terrain avant la fin re\u0301glementaire du match \u00bb, \u00ab elle sera conside\u0301re\u0301e comme perdante et sera de\u0301finitivement e\u0301limine\u0301e de la compe\u0301tition en cours \u00bb.<\/p>\n<p>En conse\u0301quence, la CAF a prononce\u0301 la de\u0301faite du Se\u0301ne\u0301gal par forfait, avec un score de 3-0 en faveur du Maroc.<\/p>\n<p>La Fe\u0301de\u0301ration se\u0301ne\u0301galaise a de\u0301nonce\u0301 une de\u0301cision \u00ab inique, sans pre\u0301ce\u0301dent et inacceptable \u00bb, estimant qu\u2019elle \u00ab jette le discre\u0301dit sur le football africain \u00bb.<\/p>\n<p>Face a\u0300 cette situation, la FSF a annonce\u0301 qu\u2019elle engagerait \u00ab dans les plus brefs de\u0301lais \u00bb une proce\u0301dure d\u2019appel devant le TAS, base\u0301 a\u0300 Lausanne, afin de de\u0301fendre \u00ab ses droits et les inte\u0301re\u0302ts du football se\u0301ne\u0301galais \u00bb.<\/p>\n<p>Elle a par ailleurs re\u0301affirme\u0301 son attachement aux principes d\u2019inte\u0301grite\u0301 et de justice sportive, assurant qu\u2019elle tiendra l\u2019opinion publique informe\u0301e des suites de cette affaire.<\/p>\n<p><strong>Pour plus d&rsquo;informations et d&rsquo;analyses sur la <span style=\"color: #ff6600\">Guin\u00e9e<\/span>, suivez <span style=\"color: #ff6600\">Africa-Press<\/span><\/strong><\/p>\n","protected":false},"excerpt":{"rendered":"<p>Africa-Press &#8211; Guin\u00e9e. La Fe\u0301de\u0301ration se\u0301ne\u0301galaise de football (FSF) a annonce\u0301, mardi, son intention de saisir le Tribunal arbitral du sport (TAS), apre\u0300s la de\u0301cision du Jury d\u2019appel de la Confe\u0301de\u0301ration africaine de football (CAF) de de\u0301clarer le Se\u0301ne\u0301gal perdant par forfait face au Maroc lors de la CAN 2025. La Confe\u0301de\u0301ration Africaine de Football [&hellip;]<\/p>\n","protected":false},"author":82,"featured_media":38807,"comment_status":"open","ping_status":"closed","sticky":false,"template":"","format":"standard","meta":{"footnotes":""},"categories":[6,10],"tags":[359,125,58,187,84],"class_list":["post-38808","post","type-post","status-publish","format-standard","has-post-thumbnail","hentry","category-sports","category-toutes-les-actualites","tag-can-2025","tag-football","tag-guinee","tag-maroc","tag-senegal"],"yoast_head":"<!-- This site is optimized with the Yoast SEO Premium plugin v26.1 (Yoast SEO v27.0) - https:\/\/yoast.com\/product\/yoast-seo-premium-wordpress\/ -->\n<title>S\u00e9n\u00e9gal Saisit le TAS Apr\u00e8s Forfait Contre Maroc - guinee Conakry<\/title>\n<meta name=\"description\" content=\"La Fe\u0301de\u0301ration se\u0301ne\u0301galaise de football (FSF) a annonce\u0301, mardi, son intention de saisir le Tribunal arbitral du sport ...\" \/>\n<meta name=\"robots\" content=\"index, follow, max-snippet:-1, max-image-preview:large, max-video-preview:-1\" \/>\n<link rel=\"canonical\" href=\"https:\/\/www.africa-press.net\/guinee-conakry\/sports\/senegal-saisit-le-tas-apres-forfait-contre-maroc\" \/>\n<meta property=\"og:locale\" content=\"fr_FR\" \/>\n<meta property=\"og:type\" content=\"article\" \/>\n<meta property=\"og:title\" content=\"S\u00e9n\u00e9gal Saisit le TAS Apr\u00e8s Forfait Contre Maroc\" \/>\n<meta property=\"og:description\" content=\"La Fe\u0301de\u0301ration se\u0301ne\u0301galaise de football (FSF) a annonce\u0301, mardi, son intention de saisir le Tribunal arbitral du sport ...\" \/>\n<meta property=\"og:url\" content=\"https:\/\/www.africa-press.net\/guinee-conakry\/sports\/senegal-saisit-le-tas-apres-forfait-contre-maroc\" \/>\n<meta property=\"og:site_name\" content=\"guinee Conakry\" \/>\n<meta property=\"article:published_time\" content=\"2026-03-18T12:10:00+00:00\" \/>\n<meta property=\"article:modified_time\" content=\"2026-03-18T23:58:51+00:00\" \/>\n<meta property=\"og:image\" content=\"https:\/\/static.africa-press.net\/conakry\/sites\/63\/2026\/03\/sm_1773864538.263989.jpg\" \/>\n\t<meta property=\"og:image:width\" content=\"864\" \/>\n\t<meta property=\"og:image:height\" content=\"486\" \/>\n\t<meta property=\"og:image:type\" content=\"image\/jpeg\" \/>\n<meta name=\"author\" content=\"cfeditorfr\" \/>\n<meta name=\"twitter:card\" content=\"summary_large_image\" \/>\n<meta name=\"twitter:label1\" content=\"\u00c9crit par\" \/>\n\t<meta name=\"twitter:data1\" content=\"cfeditorfr\" \/>\n\t<meta name=\"twitter:label2\" content=\"Dur\u00e9e de lecture estim\u00e9e\" \/>\n\t<meta name=\"twitter:data2\" content=\"3 minutes\" \/>\n<script type=\"application\/ld+json\" class=\"yoast-schema-graph\">{\"@context\":\"https:\/\/schema.org\",\"@graph\":[{\"@type\":\"Article\",\"@id\":\"https:\/\/www.africa-press.net\/guinee-conakry\/sports\/senegal-saisit-le-tas-apres-forfait-contre-maroc#article\",\"isPartOf\":{\"@id\":\"https:\/\/www.africa-press.net\/guinee-conakry\/sports\/senegal-saisit-le-tas-apres-forfait-contre-maroc\"},\"author\":{\"name\":\"cfeditorfr\",\"@id\":\"https:\/\/www.africa-press.net\/guinee-conakry\/#\/schema\/person\/2b1cf3cd81a31e3cd26889ca66d677f1\"},\"headline\":\"S\u00e9n\u00e9gal Saisit le TAS Apr\u00e8s Forfait Contre Maroc\",\"datePublished\":\"2026-03-18T12:10:00+00:00\",\"dateModified\":\"2026-03-18T23:58:51+00:00\",\"mainEntityOfPage\":{\"@id\":\"https:\/\/www.africa-press.net\/guinee-conakry\/sports\/senegal-saisit-le-tas-apres-forfait-contre-maroc\"},\"wordCount\":482,\"commentCount\":0,\"image\":{\"@id\":\"https:\/\/www.africa-press.net\/guinee-conakry\/sports\/senegal-saisit-le-tas-apres-forfait-contre-maroc#primaryimage\"},\"thumbnailUrl\":\"https:\/\/static.africa-press.net\/conakry\/sites\/63\/2026\/03\/sm_1773864538.263989.jpg\",\"keywords\":[\"CAN 2025\",\"Football\",\"Guin\u00e9e\",\"Maroc\",\"S\u00e9n\u00e9gal\"],\"articleSection\":[\"Sports\",\"Toutes les actualit\u00e9s\"],\"inLanguage\":\"fr-FR\",\"potentialAction\":[{\"@type\":\"CommentAction\",\"name\":\"Comment\",\"target\":[\"https:\/\/www.africa-press.net\/guinee-conakry\/sports\/senegal-saisit-le-tas-apres-forfait-contre-maroc#respond\"]}]},{\"@type\":\"WebPage\",\"@id\":\"https:\/\/www.africa-press.net\/guinee-conakry\/sports\/senegal-saisit-le-tas-apres-forfait-contre-maroc\",\"url\":\"https:\/\/www.africa-press.net\/guinee-conakry\/sports\/senegal-saisit-le-tas-apres-forfait-contre-maroc\",\"name\":\"S\u00e9n\u00e9gal Saisit le TAS Apr\u00e8s Forfait Contre Maroc - guinee Conakry\",\"isPartOf\":{\"@id\":\"https:\/\/www.africa-press.net\/guinee-conakry\/#website\"},\"primaryImageOfPage\":{\"@id\":\"https:\/\/www.africa-press.net\/guinee-conakry\/sports\/senegal-saisit-le-tas-apres-forfait-contre-maroc#primaryimage\"},\"image\":{\"@id\":\"https:\/\/www.africa-press.net\/guinee-conakry\/sports\/senegal-saisit-le-tas-apres-forfait-contre-maroc#primaryimage\"},\"thumbnailUrl\":\"https:\/\/static.africa-press.net\/conakry\/sites\/63\/2026\/03\/sm_1773864538.263989.jpg\",\"datePublished\":\"2026-03-18T12:10:00+00:00\",\"dateModified\":\"2026-03-18T23:58:51+00:00\",\"author\":{\"@id\":\"https:\/\/www.africa-press.net\/guinee-conakry\/#\/schema\/person\/2b1cf3cd81a31e3cd26889ca66d677f1\"},\"description\":\"La Fe\u0301de\u0301ration se\u0301ne\u0301galaise de football (FSF) a annonce\u0301, mardi, son intention de saisir le Tribunal arbitral du sport ...\",\"breadcrumb\":{\"@id\":\"https:\/\/www.africa-press.net\/guinee-conakry\/sports\/senegal-saisit-le-tas-apres-forfait-contre-maroc#breadcrumb\"},\"inLanguage\":\"fr-FR\",\"potentialAction\":[{\"@type\":\"ReadAction\",\"target\":[\"https:\/\/www.africa-press.net\/guinee-conakry\/sports\/senegal-saisit-le-tas-apres-forfait-contre-maroc\"]}]},{\"@type\":\"ImageObject\",\"inLanguage\":\"fr-FR\",\"@id\":\"https:\/\/www.africa-press.net\/guinee-conakry\/sports\/senegal-saisit-le-tas-apres-forfait-contre-maroc#primaryimage\",\"url\":\"https:\/\/static.africa-press.net\/conakry\/sites\/63\/2026\/03\/sm_1773864538.263989.jpg\",\"contentUrl\":\"https:\/\/static.africa-press.net\/conakry\/sites\/63\/2026\/03\/sm_1773864538.263989.jpg\",\"width\":864,\"height\":486,\"caption\":\"S\u00e9n\u00e9gal Saisit le TAS Apr\u00e8s Forfait Contre Maroc\"},{\"@type\":\"BreadcrumbList\",\"@id\":\"https:\/\/www.africa-press.net\/guinee-conakry\/sports\/senegal-saisit-le-tas-apres-forfait-contre-maroc#breadcrumb\",\"itemListElement\":[{\"@type\":\"ListItem\",\"position\":1,\"name\":\"Accueil\",\"item\":\"https:\/\/www.africa-press.net\/guinee-conakry\/\"},{\"@type\":\"ListItem\",\"position\":2,\"name\":\"S\u00e9n\u00e9gal Saisit le TAS Apr\u00e8s Forfait Contre Maroc\"}]},{\"@type\":\"WebSite\",\"@id\":\"https:\/\/www.africa-press.net\/guinee-conakry\/#website\",\"url\":\"https:\/\/www.africa-press.net\/guinee-conakry\/\",\"name\":\"guinee Conakry\",\"description\":\"Just another Africa News Agency Sites site\",\"potentialAction\":[{\"@type\":\"SearchAction\",\"target\":{\"@type\":\"EntryPoint\",\"urlTemplate\":\"https:\/\/www.africa-press.net\/guinee-conakry\/?s={search_term_string}\"},\"query-input\":{\"@type\":\"PropertyValueSpecification\",\"valueRequired\":true,\"valueName\":\"search_term_string\"}}],\"inLanguage\":\"fr-FR\"},{\"@type\":\"Person\",\"@id\":\"https:\/\/www.africa-press.net\/guinee-conakry\/#\/schema\/person\/2b1cf3cd81a31e3cd26889ca66d677f1\",\"name\":\"cfeditorfr\"}]}<\/script>\n<!-- \/ Yoast SEO Premium plugin. -->","yoast_head_json":{"title":"S\u00e9n\u00e9gal Saisit le TAS Apr\u00e8s Forfait Contre Maroc - guinee Conakry","description":"La Fe\u0301de\u0301ration se\u0301ne\u0301galaise de football (FSF) a annonce\u0301, mardi, son intention de saisir le Tribunal arbitral du sport ...","robots":{"index":"index","follow":"follow","max-snippet":"max-snippet:-1","max-image-preview":"max-image-preview:large","max-video-preview":"max-video-preview:-1"},"canonical":"https:\/\/www.africa-press.net\/guinee-conakry\/sports\/senegal-saisit-le-tas-apres-forfait-contre-maroc","og_locale":"fr_FR","og_type":"article","og_title":"S\u00e9n\u00e9gal Saisit le TAS Apr\u00e8s Forfait Contre Maroc","og_description":"La Fe\u0301de\u0301ration se\u0301ne\u0301galaise de football (FSF) a annonce\u0301, mardi, son intention de saisir le Tribunal arbitral du sport ...","og_url":"https:\/\/www.africa-press.net\/guinee-conakry\/sports\/senegal-saisit-le-tas-apres-forfait-contre-maroc","og_site_name":"guinee Conakry","article_published_time":"2026-03-18T12:10:00+00:00","article_modified_time":"2026-03-18T23:58:51+00:00","og_image":[{"width":864,"height":486,"url":"https:\/\/static.africa-press.net\/conakry\/sites\/63\/2026\/03\/sm_1773864538.263989.jpg","type":"image\/jpeg"}],"author":"cfeditorfr","twitter_card":"summary_large_image","twitter_misc":{"\u00c9crit par":"cfeditorfr","Dur\u00e9e de lecture estim\u00e9e":"3 minutes"},"schema":{"@context":"https:\/\/schema.org","@graph":[{"@type":"Article","@id":"https:\/\/www.africa-press.net\/guinee-conakry\/sports\/senegal-saisit-le-tas-apres-forfait-contre-maroc#article","isPartOf":{"@id":"https:\/\/www.africa-press.net\/guinee-conakry\/sports\/senegal-saisit-le-tas-apres-forfait-contre-maroc"},"author":{"name":"cfeditorfr","@id":"https:\/\/www.africa-press.net\/guinee-conakry\/#\/schema\/person\/2b1cf3cd81a31e3cd26889ca66d677f1"},"headline":"S\u00e9n\u00e9gal Saisit le TAS Apr\u00e8s Forfait Contre Maroc","datePublished":"2026-03-18T12:10:00+00:00","dateModified":"2026-03-18T23:58:51+00:00","mainEntityOfPage":{"@id":"https:\/\/www.africa-press.net\/guinee-conakry\/sports\/senegal-saisit-le-tas-apres-forfait-contre-maroc"},"wordCount":482,"commentCount":0,"image":{"@id":"https:\/\/www.africa-press.net\/guinee-conakry\/sports\/senegal-saisit-le-tas-apres-forfait-contre-maroc#primaryimage"},"thumbnailUrl":"https:\/\/static.africa-press.net\/conakry\/sites\/63\/2026\/03\/sm_1773864538.263989.jpg","keywords":["CAN 2025","Football","Guin\u00e9e","Maroc","S\u00e9n\u00e9gal"],"articleSection":["Sports","Toutes les actualit\u00e9s"],"inLanguage":"fr-FR","potentialAction":[{"@type":"CommentAction","name":"Comment","target":["https:\/\/www.africa-press.net\/guinee-conakry\/sports\/senegal-saisit-le-tas-apres-forfait-contre-maroc#respond"]}]},{"@type":"WebPage","@id":"https:\/\/www.africa-press.net\/guinee-conakry\/sports\/senegal-saisit-le-tas-apres-forfait-contre-maroc","url":"https:\/\/www.africa-press.net\/guinee-conakry\/sports\/senegal-saisit-le-tas-apres-forfait-contre-maroc","name":"S\u00e9n\u00e9gal Saisit le TAS Apr\u00e8s Forfait Contre Maroc - guinee Conakry","isPartOf":{"@id":"https:\/\/www.africa-press.net\/guinee-conakry\/#website"},"primaryImageOfPage":{"@id":"https:\/\/www.africa-press.net\/guinee-conakry\/sports\/senegal-saisit-le-tas-apres-forfait-contre-maroc#primaryimage"},"image":{"@id":"https:\/\/www.africa-press.net\/guinee-conakry\/sports\/senegal-saisit-le-tas-apres-forfait-contre-maroc#primaryimage"},"thumbnailUrl":"https:\/\/static.africa-press.net\/conakry\/sites\/63\/2026\/03\/sm_1773864538.263989.jpg","datePublished":"2026-03-18T12:10:00+00:00","dateModified":"2026-03-18T23:58:51+00:00","author":{"@id":"https:\/\/www.africa-press.net\/guinee-conakry\/#\/schema\/person\/2b1cf3cd81a31e3cd26889ca66d677f1"},"description":"La Fe\u0301de\u0301ration se\u0301ne\u0301galaise de football (FSF) a annonce\u0301, mardi, son intention de saisir le Tribunal arbitral du sport ...","breadcrumb":{"@id":"https:\/\/www.africa-press.net\/guinee-conakry\/sports\/senegal-saisit-le-tas-apres-forfait-contre-maroc#breadcrumb"},"inLanguage":"fr-FR","potentialAction":[{"@type":"ReadAction","target":["https:\/\/www.africa-press.net\/guinee-conakry\/sports\/senegal-saisit-le-tas-apres-forfait-contre-maroc"]}]},{"@type":"ImageObject","inLanguage":"fr-FR","@id":"https:\/\/www.africa-press.net\/guinee-conakry\/sports\/senegal-saisit-le-tas-apres-forfait-contre-maroc#primaryimage","url":"https:\/\/static.africa-press.net\/conakry\/sites\/63\/2026\/03\/sm_1773864538.263989.jpg","contentUrl":"https:\/\/static.africa-press.net\/conakry\/sites\/63\/2026\/03\/sm_1773864538.263989.jpg","width":864,"height":486,"caption":"S\u00e9n\u00e9gal Saisit le TAS Apr\u00e8s Forfait Contre Maroc"},{"@type":"BreadcrumbList","@id":"https:\/\/www.africa-press.net\/guinee-conakry\/sports\/senegal-saisit-le-tas-apres-forfait-contre-maroc#breadcrumb","itemListElement":[{"@type":"ListItem","position":1,"name":"Accueil","item":"https:\/\/www.africa-press.net\/guinee-conakry\/"},{"@type":"ListItem","position":2,"name":"S\u00e9n\u00e9gal Saisit le TAS Apr\u00e8s Forfait Contre Maroc"}]},{"@type":"WebSite","@id":"https:\/\/www.africa-press.net\/guinee-conakry\/#website","url":"https:\/\/www.africa-press.net\/guinee-conakry\/","name":"guinee Conakry","description":"Just another Africa News Agency Sites site","potentialAction":[{"@type":"SearchAction","target":{"@type":"EntryPoint","urlTemplate":"https:\/\/www.africa-press.net\/guinee-conakry\/?s={search_term_string}"},"query-input":{"@type":"PropertyValueSpecification","valueRequired":true,"valueName":"search_term_string"}}],"inLanguage":"fr-FR"},{"@type":"Person","@id":"https:\/\/www.africa-press.net\/guinee-conakry\/#\/schema\/person\/2b1cf3cd81a31e3cd26889ca66d677f1","name":"cfeditorfr"}]}},"_links":{"self":[{"href":"https:\/\/www.africa-press.net\/guinee-conakry\/wp-json\/wp\/v2\/posts\/38808","targetHints":{"allow":["GET"]}}],"collection":[{"href":"https:\/\/www.africa-press.net\/guinee-conakry\/wp-json\/wp\/v2\/posts"}],"about":[{"href":"https:\/\/www.africa-press.net\/guinee-conakry\/wp-json\/wp\/v2\/types\/post"}],"author":[{"embeddable":true,"href":"https:\/\/www.africa-press.net\/guinee-conakry\/wp-json\/wp\/v2\/users\/82"}],"replies":[{"embeddable":true,"href":"https:\/\/www.africa-press.net\/guinee-conakry\/wp-json\/wp\/v2\/comments?post=38808"}],"version-history":[{"count":0,"href":"https:\/\/www.africa-press.net\/guinee-conakry\/wp-json\/wp\/v2\/posts\/38808\/revisions"}],"wp:featuredmedia":[{"embeddable":true,"href":"https:\/\/www.africa-press.net\/guinee-conakry\/wp-json\/wp\/v2\/media\/38807"}],"wp:attachment":[{"href":"https:\/\/www.africa-press.net\/guinee-conakry\/wp-json\/wp\/v2\/media?parent=38808"}],"wp:term":[{"taxonomy":"category","embeddable":true,"href":"https:\/\/www.africa-press.net\/guinee-conakry\/wp-json\/wp\/v2\/categories?post=38808"},{"taxonomy":"post_tag","embeddable":true,"href":"https:\/\/www.africa-press.net\/guinee-conakry\/wp-json\/wp\/v2\/tags?post=38808"}],"curies":[{"name":"wp","href":"https:\/\/api.w.org\/{rel}","templated":true}]}}