{"id":38819,"date":"2026-03-18T12:10:00","date_gmt":"2026-03-18T12:10:00","guid":{"rendered":"https:\/\/www.africa-press.net\/guinee-conakry\/politique\/fode-oussou-fofana-rendre-hommage-a-abdoulaye-sankara"},"modified":"2026-03-19T00:11:42","modified_gmt":"2026-03-19T00:11:42","slug":"fode-oussou-fofana-rendre-hommage-a-abdoulaye-sankara","status":"publish","type":"post","link":"https:\/\/www.africa-press.net\/guinee-conakry\/toutes-les-actualites\/fode-oussou-fofana-rendre-hommage-a-abdoulaye-sankara","title":{"rendered":"Fod\u00e9 Oussou Fofana Rendre Hommage \u00e0 Abdoulaye Sankara"},"content":{"rendered":"<p><span style=\"color: #ff6600\"><strong>Africa-Press &#8211; Guin\u00e9e. <\/strong><\/span><b>Depuis l\u2019annonce du de\u0301ce\u0300s du journaliste Abdoulaye Sankara, plus connu sous le nom de Abou Maco, ancien directeur adjoint du Bureau de presse de la Pre\u0301sidence de la Re\u0301publique, les hommages fusent de partout pour saluer la me\u0301moire d\u2019un professionnel accompli et d\u2019un homme profonde\u0301ment humain. L\u2019ancien de\u0301pute\u0301 Fode\u0301 Oussou Fofana lui a rendu hommage&#8230;<\/b><br \/>\n<b>Hommage a\u0300 mon cher fre\u0300re et ami Abdoulaye Sankara<\/b><\/p>\n<p>Il y a peu, a\u0300 l\u2019occasion de son anniversaire, je lui adressais ces mots remplis d\u2019estime et d\u2019affection, saluant un homme qui m\u2019impressionnait par la profondeur de ses analyses sociopolitiques, son humilite\u0301, sa courtoisie et sa grande culture, devenu au fil du temps bien plus qu\u2019un interlocuteur: un fre\u0300re, un ami, un confident, un e\u0302tre lumineux et inspirant. Jamais je n\u2019aurais imagine\u0301 que ces mots re\u0301sonneraient aujourd\u2019hui comme un adieu.<\/p>\n<p>Dans la nuit du mardi 17 mars 2026, a\u0300 la surprise ge\u0301ne\u0301rale, Abdoulaye nous a quitte\u0301s. Refusant d\u2019y croire, j\u2019ai imme\u0301diatement appele\u0301 son nume\u0301ro. C\u2019est son fils qui a de\u0301croche\u0301 pour me confirmer l\u2019impensable: celui qui me conside\u0301rait comme son fre\u0300re et ami, toujours pre\u0301sent pour de\u0301fendre avec brio chacune de mes prises de parole, a re\u0301pondu a\u0300 l\u2019appel de son Seigneur.<\/p>\n<p>La Guine\u0301e perd l\u2019un de ses dignes fils. La presse guine\u0301enne perd un mai\u0302tre, un professionnel d\u2019exception, dote\u0301 d\u2019une plume remarquable et d\u2019une rigueur admirable. Mais au-dela\u0300 du journaliste, c\u2019est un homme profonde\u0301ment humain qui s\u2019en va: Abdoulaye re\u0301pandait autour de lui la bonne humeur, la courtoisie et la sagesse.<\/p>\n<p>Formateur dans l\u2019a\u0302me, il a contribue\u0301 a\u0300 l\u2019e\u0301mergence et a\u0300 l\u2019encadrement de nombreux journalistes guine\u0301ens. A\u0300 l\u2019image de Traore\u0301, fondateur de Guinee7, qui parle de lui avec fierte\u0301, ils sont aujourd\u2019hui nombreux a\u0300 te\u0301moigner de son influence, de son exigence professionnelle et de son he\u0301ritage intellectuel.<\/p>\n<p>A\u0300 Lambandji Wariya, les Diankate\u0301 perdent un voisin exemplaire, un homme de valeur. Mon cher fre\u0300re et ami, ton de\u0301part me bouleverse profonde\u0301ment. Tu resteras a\u0300 jamais dans nos c\u0153urs et dans nos prie\u0300res.<\/p>\n<p>A\u0300 sa famille biologique, a\u0300 ses enfants, a\u0300 l\u2019ensemble de la presse guine\u0301enne et a\u0300 tous ses e\u0301le\u0300ves disse\u0301mine\u0301s a\u0300 travers les re\u0301dactions du pays, je pre\u0301sente mes since\u0300res et attriste\u0301es condole\u0301ances. Repose en paix, mon valeureux fre\u0300re et ami. Je te promets de ne jamais t\u2019oublier et de te garder dans mes prie\u0300res.<\/p>\n<p><strong>Pour plus d&rsquo;informations et d&rsquo;analyses sur la <span style=\"color: #ff6600\">Guin\u00e9e<\/span>, suivez <span style=\"color: #ff6600\">Africa-Press<\/span><\/strong><\/p>\n","protected":false},"excerpt":{"rendered":"<p>Africa-Press &#8211; Guin\u00e9e. Depuis l\u2019annonce du de\u0301ce\u0300s du journaliste Abdoulaye Sankara, plus connu sous le nom de Abou Maco, ancien directeur adjoint du Bureau de presse de la Pre\u0301sidence de la Re\u0301publique, les hommages fusent de partout pour saluer la me\u0301moire d\u2019un professionnel accompli et d\u2019un homme profonde\u0301ment humain. L\u2019ancien de\u0301pute\u0301 Fode\u0301 Oussou Fofana lui [&hellip;]<\/p>\n","protected":false},"author":82,"featured_media":38818,"comment_status":"open","ping_status":"closed","sticky":false,"template":"","format":"standard","meta":{"footnotes":""},"categories":[21,10],"tags":[58],"class_list":["post-38819","post","type-post","status-publish","format-standard","has-post-thumbnail","hentry","category-communaute","category-toutes-les-actualites","tag-guinee"],"yoast_head":"<!-- This site is optimized with the Yoast SEO Premium plugin v26.1 (Yoast SEO v27.0) - https:\/\/yoast.com\/product\/yoast-seo-premium-wordpress\/ -->\n<title>Fod\u00e9 Oussou Fofana Rendre Hommage \u00e0 Abdoulaye Sankara - guinee Conakry<\/title>\n<meta name=\"description\" content=\"Depuis l\u2019annonce du de\u0301ce\u0300s du journaliste Abdoulaye Sankara, plus connu sous le nom de Abou Maco, ancien directeur a ...\" \/>\n<meta name=\"robots\" content=\"index, follow, max-snippet:-1, max-image-preview:large, max-video-preview:-1\" \/>\n<link rel=\"canonical\" href=\"https:\/\/www.africa-press.net\/guinee-conakry\/toutes-les-actualites\/fode-oussou-fofana-rendre-hommage-a-abdoulaye-sankara\" \/>\n<meta property=\"og:locale\" content=\"fr_FR\" \/>\n<meta property=\"og:type\" content=\"article\" \/>\n<meta property=\"og:title\" content=\"Fod\u00e9 Oussou Fofana Rendre Hommage \u00e0 Abdoulaye Sankara\" \/>\n<meta property=\"og:description\" content=\"Depuis l\u2019annonce du de\u0301ce\u0300s du journaliste Abdoulaye Sankara, plus connu sous le nom de Abou Maco, ancien directeur a ...\" \/>\n<meta property=\"og:url\" content=\"https:\/\/www.africa-press.net\/guinee-conakry\/toutes-les-actualites\/fode-oussou-fofana-rendre-hommage-a-abdoulaye-sankara\" \/>\n<meta property=\"og:site_name\" content=\"guinee Conakry\" \/>\n<meta property=\"article:published_time\" content=\"2026-03-18T12:10:00+00:00\" \/>\n<meta property=\"article:modified_time\" content=\"2026-03-19T00:11:42+00:00\" \/>\n<meta property=\"og:image\" content=\"https:\/\/static.africa-press.net\/conakry\/sites\/63\/2026\/03\/sm_1773866371.64097.jpg\" \/>\n\t<meta property=\"og:image:width\" content=\"1280\" \/>\n\t<meta property=\"og:image:height\" content=\"720\" \/>\n\t<meta property=\"og:image:type\" content=\"image\/jpeg\" \/>\n<meta name=\"author\" content=\"cfeditorfr\" \/>\n<meta name=\"twitter:card\" content=\"summary_large_image\" \/>\n<meta name=\"twitter:label1\" content=\"\u00c9crit par\" \/>\n\t<meta name=\"twitter:data1\" content=\"cfeditorfr\" \/>\n\t<meta name=\"twitter:label2\" content=\"Dur\u00e9e de lecture estim\u00e9e\" \/>\n\t<meta name=\"twitter:data2\" content=\"3 minutes\" \/>\n<script type=\"application\/ld+json\" class=\"yoast-schema-graph\">{\"@context\":\"https:\/\/schema.org\",\"@graph\":[{\"@type\":\"Article\",\"@id\":\"https:\/\/www.africa-press.net\/guinee-conakry\/toutes-les-actualites\/fode-oussou-fofana-rendre-hommage-a-abdoulaye-sankara#article\",\"isPartOf\":{\"@id\":\"https:\/\/www.africa-press.net\/guinee-conakry\/toutes-les-actualites\/fode-oussou-fofana-rendre-hommage-a-abdoulaye-sankara\"},\"author\":{\"name\":\"cfeditorfr\",\"@id\":\"https:\/\/www.africa-press.net\/guinee-conakry\/#\/schema\/person\/2b1cf3cd81a31e3cd26889ca66d677f1\"},\"headline\":\"Fod\u00e9 Oussou Fofana Rendre Hommage \u00e0 Abdoulaye Sankara\",\"datePublished\":\"2026-03-18T12:10:00+00:00\",\"dateModified\":\"2026-03-19T00:11:42+00:00\",\"mainEntityOfPage\":{\"@id\":\"https:\/\/www.africa-press.net\/guinee-conakry\/toutes-les-actualites\/fode-oussou-fofana-rendre-hommage-a-abdoulaye-sankara\"},\"wordCount\":480,\"commentCount\":0,\"image\":{\"@id\":\"https:\/\/www.africa-press.net\/guinee-conakry\/toutes-les-actualites\/fode-oussou-fofana-rendre-hommage-a-abdoulaye-sankara#primaryimage\"},\"thumbnailUrl\":\"https:\/\/static.africa-press.net\/conakry\/sites\/63\/2026\/03\/sm_1773866371.64097.jpg\",\"keywords\":[\"Guin\u00e9e\"],\"articleSection\":[\"Communaut\u00e9\",\"Toutes les actualit\u00e9s\"],\"inLanguage\":\"fr-FR\",\"potentialAction\":[{\"@type\":\"CommentAction\",\"name\":\"Comment\",\"target\":[\"https:\/\/www.africa-press.net\/guinee-conakry\/toutes-les-actualites\/fode-oussou-fofana-rendre-hommage-a-abdoulaye-sankara#respond\"]}]},{\"@type\":\"WebPage\",\"@id\":\"https:\/\/www.africa-press.net\/guinee-conakry\/toutes-les-actualites\/fode-oussou-fofana-rendre-hommage-a-abdoulaye-sankara\",\"url\":\"https:\/\/www.africa-press.net\/guinee-conakry\/toutes-les-actualites\/fode-oussou-fofana-rendre-hommage-a-abdoulaye-sankara\",\"name\":\"Fod\u00e9 Oussou Fofana Rendre Hommage \u00e0 Abdoulaye Sankara - guinee Conakry\",\"isPartOf\":{\"@id\":\"https:\/\/www.africa-press.net\/guinee-conakry\/#website\"},\"primaryImageOfPage\":{\"@id\":\"https:\/\/www.africa-press.net\/guinee-conakry\/toutes-les-actualites\/fode-oussou-fofana-rendre-hommage-a-abdoulaye-sankara#primaryimage\"},\"image\":{\"@id\":\"https:\/\/www.africa-press.net\/guinee-conakry\/toutes-les-actualites\/fode-oussou-fofana-rendre-hommage-a-abdoulaye-sankara#primaryimage\"},\"thumbnailUrl\":\"https:\/\/static.africa-press.net\/conakry\/sites\/63\/2026\/03\/sm_1773866371.64097.jpg\",\"datePublished\":\"2026-03-18T12:10:00+00:00\",\"dateModified\":\"2026-03-19T00:11:42+00:00\",\"author\":{\"@id\":\"https:\/\/www.africa-press.net\/guinee-conakry\/#\/schema\/person\/2b1cf3cd81a31e3cd26889ca66d677f1\"},\"description\":\"Depuis l\u2019annonce du de\u0301ce\u0300s du journaliste Abdoulaye Sankara, plus connu sous le nom de Abou Maco, ancien directeur a ...\",\"breadcrumb\":{\"@id\":\"https:\/\/www.africa-press.net\/guinee-conakry\/toutes-les-actualites\/fode-oussou-fofana-rendre-hommage-a-abdoulaye-sankara#breadcrumb\"},\"inLanguage\":\"fr-FR\",\"potentialAction\":[{\"@type\":\"ReadAction\",\"target\":[\"https:\/\/www.africa-press.net\/guinee-conakry\/toutes-les-actualites\/fode-oussou-fofana-rendre-hommage-a-abdoulaye-sankara\"]}]},{\"@type\":\"ImageObject\",\"inLanguage\":\"fr-FR\",\"@id\":\"https:\/\/www.africa-press.net\/guinee-conakry\/toutes-les-actualites\/fode-oussou-fofana-rendre-hommage-a-abdoulaye-sankara#primaryimage\",\"url\":\"https:\/\/static.africa-press.net\/conakry\/sites\/63\/2026\/03\/sm_1773866371.64097.jpg\",\"contentUrl\":\"https:\/\/static.africa-press.net\/conakry\/sites\/63\/2026\/03\/sm_1773866371.64097.jpg\",\"width\":1280,\"height\":720,\"caption\":\"Fod\u00e9 Oussou Fofana Rendre Hommage \u00e0 Abdoulaye Sankara\"},{\"@type\":\"BreadcrumbList\",\"@id\":\"https:\/\/www.africa-press.net\/guinee-conakry\/toutes-les-actualites\/fode-oussou-fofana-rendre-hommage-a-abdoulaye-sankara#breadcrumb\",\"itemListElement\":[{\"@type\":\"ListItem\",\"position\":1,\"name\":\"Accueil\",\"item\":\"https:\/\/www.africa-press.net\/guinee-conakry\/\"},{\"@type\":\"ListItem\",\"position\":2,\"name\":\"Fod\u00e9 Oussou Fofana Rendre Hommage \u00e0 Abdoulaye Sankara\"}]},{\"@type\":\"WebSite\",\"@id\":\"https:\/\/www.africa-press.net\/guinee-conakry\/#website\",\"url\":\"https:\/\/www.africa-press.net\/guinee-conakry\/\",\"name\":\"guinee Conakry\",\"description\":\"Just another Africa News Agency Sites site\",\"potentialAction\":[{\"@type\":\"SearchAction\",\"target\":{\"@type\":\"EntryPoint\",\"urlTemplate\":\"https:\/\/www.africa-press.net\/guinee-conakry\/?s={search_term_string}\"},\"query-input\":{\"@type\":\"PropertyValueSpecification\",\"valueRequired\":true,\"valueName\":\"search_term_string\"}}],\"inLanguage\":\"fr-FR\"},{\"@type\":\"Person\",\"@id\":\"https:\/\/www.africa-press.net\/guinee-conakry\/#\/schema\/person\/2b1cf3cd81a31e3cd26889ca66d677f1\",\"name\":\"cfeditorfr\"}]}<\/script>\n<!-- \/ Yoast SEO Premium plugin. -->","yoast_head_json":{"title":"Fod\u00e9 Oussou Fofana Rendre Hommage \u00e0 Abdoulaye Sankara - guinee Conakry","description":"Depuis l\u2019annonce du de\u0301ce\u0300s du journaliste Abdoulaye Sankara, plus connu sous le nom de Abou Maco, ancien directeur a ...","robots":{"index":"index","follow":"follow","max-snippet":"max-snippet:-1","max-image-preview":"max-image-preview:large","max-video-preview":"max-video-preview:-1"},"canonical":"https:\/\/www.africa-press.net\/guinee-conakry\/toutes-les-actualites\/fode-oussou-fofana-rendre-hommage-a-abdoulaye-sankara","og_locale":"fr_FR","og_type":"article","og_title":"Fod\u00e9 Oussou Fofana Rendre Hommage \u00e0 Abdoulaye Sankara","og_description":"Depuis l\u2019annonce du de\u0301ce\u0300s du journaliste Abdoulaye Sankara, plus connu sous le nom de Abou Maco, ancien directeur a ...","og_url":"https:\/\/www.africa-press.net\/guinee-conakry\/toutes-les-actualites\/fode-oussou-fofana-rendre-hommage-a-abdoulaye-sankara","og_site_name":"guinee Conakry","article_published_time":"2026-03-18T12:10:00+00:00","article_modified_time":"2026-03-19T00:11:42+00:00","og_image":[{"width":1280,"height":720,"url":"https:\/\/static.africa-press.net\/conakry\/sites\/63\/2026\/03\/sm_1773866371.64097.jpg","type":"image\/jpeg"}],"author":"cfeditorfr","twitter_card":"summary_large_image","twitter_misc":{"\u00c9crit par":"cfeditorfr","Dur\u00e9e de lecture estim\u00e9e":"3 minutes"},"schema":{"@context":"https:\/\/schema.org","@graph":[{"@type":"Article","@id":"https:\/\/www.africa-press.net\/guinee-conakry\/toutes-les-actualites\/fode-oussou-fofana-rendre-hommage-a-abdoulaye-sankara#article","isPartOf":{"@id":"https:\/\/www.africa-press.net\/guinee-conakry\/toutes-les-actualites\/fode-oussou-fofana-rendre-hommage-a-abdoulaye-sankara"},"author":{"name":"cfeditorfr","@id":"https:\/\/www.africa-press.net\/guinee-conakry\/#\/schema\/person\/2b1cf3cd81a31e3cd26889ca66d677f1"},"headline":"Fod\u00e9 Oussou Fofana Rendre Hommage \u00e0 Abdoulaye Sankara","datePublished":"2026-03-18T12:10:00+00:00","dateModified":"2026-03-19T00:11:42+00:00","mainEntityOfPage":{"@id":"https:\/\/www.africa-press.net\/guinee-conakry\/toutes-les-actualites\/fode-oussou-fofana-rendre-hommage-a-abdoulaye-sankara"},"wordCount":480,"commentCount":0,"image":{"@id":"https:\/\/www.africa-press.net\/guinee-conakry\/toutes-les-actualites\/fode-oussou-fofana-rendre-hommage-a-abdoulaye-sankara#primaryimage"},"thumbnailUrl":"https:\/\/static.africa-press.net\/conakry\/sites\/63\/2026\/03\/sm_1773866371.64097.jpg","keywords":["Guin\u00e9e"],"articleSection":["Communaut\u00e9","Toutes les actualit\u00e9s"],"inLanguage":"fr-FR","potentialAction":[{"@type":"CommentAction","name":"Comment","target":["https:\/\/www.africa-press.net\/guinee-conakry\/toutes-les-actualites\/fode-oussou-fofana-rendre-hommage-a-abdoulaye-sankara#respond"]}]},{"@type":"WebPage","@id":"https:\/\/www.africa-press.net\/guinee-conakry\/toutes-les-actualites\/fode-oussou-fofana-rendre-hommage-a-abdoulaye-sankara","url":"https:\/\/www.africa-press.net\/guinee-conakry\/toutes-les-actualites\/fode-oussou-fofana-rendre-hommage-a-abdoulaye-sankara","name":"Fod\u00e9 Oussou Fofana Rendre Hommage \u00e0 Abdoulaye Sankara - guinee Conakry","isPartOf":{"@id":"https:\/\/www.africa-press.net\/guinee-conakry\/#website"},"primaryImageOfPage":{"@id":"https:\/\/www.africa-press.net\/guinee-conakry\/toutes-les-actualites\/fode-oussou-fofana-rendre-hommage-a-abdoulaye-sankara#primaryimage"},"image":{"@id":"https:\/\/www.africa-press.net\/guinee-conakry\/toutes-les-actualites\/fode-oussou-fofana-rendre-hommage-a-abdoulaye-sankara#primaryimage"},"thumbnailUrl":"https:\/\/static.africa-press.net\/conakry\/sites\/63\/2026\/03\/sm_1773866371.64097.jpg","datePublished":"2026-03-18T12:10:00+00:00","dateModified":"2026-03-19T00:11:42+00:00","author":{"@id":"https:\/\/www.africa-press.net\/guinee-conakry\/#\/schema\/person\/2b1cf3cd81a31e3cd26889ca66d677f1"},"description":"Depuis l\u2019annonce du de\u0301ce\u0300s du journaliste Abdoulaye Sankara, plus connu sous le nom de Abou Maco, ancien directeur a ...","breadcrumb":{"@id":"https:\/\/www.africa-press.net\/guinee-conakry\/toutes-les-actualites\/fode-oussou-fofana-rendre-hommage-a-abdoulaye-sankara#breadcrumb"},"inLanguage":"fr-FR","potentialAction":[{"@type":"ReadAction","target":["https:\/\/www.africa-press.net\/guinee-conakry\/toutes-les-actualites\/fode-oussou-fofana-rendre-hommage-a-abdoulaye-sankara"]}]},{"@type":"ImageObject","inLanguage":"fr-FR","@id":"https:\/\/www.africa-press.net\/guinee-conakry\/toutes-les-actualites\/fode-oussou-fofana-rendre-hommage-a-abdoulaye-sankara#primaryimage","url":"https:\/\/static.africa-press.net\/conakry\/sites\/63\/2026\/03\/sm_1773866371.64097.jpg","contentUrl":"https:\/\/static.africa-press.net\/conakry\/sites\/63\/2026\/03\/sm_1773866371.64097.jpg","width":1280,"height":720,"caption":"Fod\u00e9 Oussou Fofana Rendre Hommage \u00e0 Abdoulaye Sankara"},{"@type":"BreadcrumbList","@id":"https:\/\/www.africa-press.net\/guinee-conakry\/toutes-les-actualites\/fode-oussou-fofana-rendre-hommage-a-abdoulaye-sankara#breadcrumb","itemListElement":[{"@type":"ListItem","position":1,"name":"Accueil","item":"https:\/\/www.africa-press.net\/guinee-conakry\/"},{"@type":"ListItem","position":2,"name":"Fod\u00e9 Oussou Fofana Rendre Hommage \u00e0 Abdoulaye Sankara"}]},{"@type":"WebSite","@id":"https:\/\/www.africa-press.net\/guinee-conakry\/#website","url":"https:\/\/www.africa-press.net\/guinee-conakry\/","name":"guinee Conakry","description":"Just another Africa News Agency Sites site","potentialAction":[{"@type":"SearchAction","target":{"@type":"EntryPoint","urlTemplate":"https:\/\/www.africa-press.net\/guinee-conakry\/?s={search_term_string}"},"query-input":{"@type":"PropertyValueSpecification","valueRequired":true,"valueName":"search_term_string"}}],"inLanguage":"fr-FR"},{"@type":"Person","@id":"https:\/\/www.africa-press.net\/guinee-conakry\/#\/schema\/person\/2b1cf3cd81a31e3cd26889ca66d677f1","name":"cfeditorfr"}]}},"_links":{"self":[{"href":"https:\/\/www.africa-press.net\/guinee-conakry\/wp-json\/wp\/v2\/posts\/38819","targetHints":{"allow":["GET"]}}],"collection":[{"href":"https:\/\/www.africa-press.net\/guinee-conakry\/wp-json\/wp\/v2\/posts"}],"about":[{"href":"https:\/\/www.africa-press.net\/guinee-conakry\/wp-json\/wp\/v2\/types\/post"}],"author":[{"embeddable":true,"href":"https:\/\/www.africa-press.net\/guinee-conakry\/wp-json\/wp\/v2\/users\/82"}],"replies":[{"embeddable":true,"href":"https:\/\/www.africa-press.net\/guinee-conakry\/wp-json\/wp\/v2\/comments?post=38819"}],"version-history":[{"count":0,"href":"https:\/\/www.africa-press.net\/guinee-conakry\/wp-json\/wp\/v2\/posts\/38819\/revisions"}],"wp:featuredmedia":[{"embeddable":true,"href":"https:\/\/www.africa-press.net\/guinee-conakry\/wp-json\/wp\/v2\/media\/38818"}],"wp:attachment":[{"href":"https:\/\/www.africa-press.net\/guinee-conakry\/wp-json\/wp\/v2\/media?parent=38819"}],"wp:term":[{"taxonomy":"category","embeddable":true,"href":"https:\/\/www.africa-press.net\/guinee-conakry\/wp-json\/wp\/v2\/categories?post=38819"},{"taxonomy":"post_tag","embeddable":true,"href":"https:\/\/www.africa-press.net\/guinee-conakry\/wp-json\/wp\/v2\/tags?post=38819"}],"curies":[{"name":"wp","href":"https:\/\/api.w.org\/{rel}","templated":true}]}}