{"id":39266,"date":"2026-04-29T22:42:05","date_gmt":"2026-04-29T22:42:05","guid":{"rendered":"https:\/\/www.africa-press.net\/guinee-conakry\/politique\/le-pape-leon-xiv-en-afrique-tournee-spirituelle"},"modified":"2026-04-29T23:12:20","modified_gmt":"2026-04-29T23:12:20","slug":"le-pape-leon-xiv-en-afrique-tournee-spirituelle","status":"publish","type":"post","link":"https:\/\/www.africa-press.net\/guinee-conakry\/politique\/le-pape-leon-xiv-en-afrique-tournee-spirituelle","title":{"rendered":"Le Pape L\u00e9on XIV en Afrique: Tourn\u00e9e Spirituelle"},"content":{"rendered":"<p><span class=\"ap-article-header-tag\"> <strong>Africa-Press &#8211; Guin\u00e9e. <\/strong> <\/span>Du 13 au 23 avril, le pape Le\u0301on XIV a effectue\u0301 une tourne\u0301e en Afrique, marque\u0301e par quatre e\u0301tapes majeures: l\u2019Alge\u0301rie, le Cameroun, l\u2019Angola et la Guine\u0301e e\u0301quatoriale.<\/p>\n<p>De\u0300s le 13 avril, le souverain pontife a entame\u0301 ce de\u0301placement pre\u0301sente\u0301 comme son premier voyage majeur depuis son e\u0301lection en mai dernier. Cette tourne\u0301e reve\u0302t a\u0300 la fois une dimension pastorale, diplomatique et strate\u0301gique, illustrant la volonte\u0301 du Saint-Sie\u0300ge de renforcer sa pre\u0301sence sur un continent en pleine recomposition ge\u0301opolitique et religieuse.<\/p>\n<p>En Alge\u0301rie, il a e\u0301te\u0301 rec\u0327u par le pre\u0301sident Abdelmadjid Tebboune, avant de rencontrer les autorite\u0301s politiques, la socie\u0301te\u0301 civile et le corps diplomatique. Le 15 avril, il s\u2019est rendu au Cameroun ou\u0300 il a e\u0301te\u0301 accueilli par le pre\u0301sident Paul Biya et a poursuivi ses e\u0301changes avec les acteurs institutionnels et civils. Le 18 avril, il a e\u0301te\u0301 rec\u0327u en Angola par le pre\u0301sident Joa\u0303o Lourenc\u0327o. Enfin, le 21 avril, il a conclu son pe\u0301riple en Guine\u0301e e\u0301quatoriale aupre\u0300s du pre\u0301sident Teodoro Obiang Nguema Mbasogo.<\/p>\n<p>Cette tourne\u0301e s\u2019inscrit dans la continuite\u0301 des de\u0301placements pontificaux sur le continent africain, apre\u0300s la visite du pape Franc\u0327ois en 2023. Elle intervient dans un contexte mondial marque\u0301 par des recompositions profondes, ou\u0300 l\u2019Afrique s\u2019affirme comme un po\u0302le central du catholicisme, porte\u0301e par une croissance de\u0301mographique et religieuse soutenue. En choisissant ce continent pour sa premie\u0300re grande tourne\u0301e, Le\u0301on XIV confirme une orientation strate\u0301gique visant a\u0300 renforcer le poids du Sud global dans l\u2019E\u0301glise catholique.<\/p>\n<p><b>Un message de paix<\/b><\/p>\n<p>De l\u2019Alge\u0301rie a\u0300 la Guine\u0301e e\u0301quatoriale, en passant par le Cameroun et l\u2019Angola, le pape Le\u0301on XIV a construit un message articule\u0301 autour de la paix, de la justice et du dialogue.<\/p>\n<p>En Alge\u0301rie, il a affirme\u0301 que \u00ab Dieu souhaite la paix pour toutes les nations \u00bb, rappelant que celle-ci ne se limite pas a\u0300 l\u2019absence de conflit mais constitue \u00ab l\u2019expression de la justice et de la dignite\u0301 \u00bb. Il a insiste\u0301 sur le ro\u0302le du pardon, soulignant que \u00ab cette paix, qui permet d\u2019envisager l\u2019avenir avec un esprit re\u0301concilie\u0301, n\u2019est possible que par le pardon \u00bb et avertissant: \u00ab On ne peut pas ajouter du ressentiment au ressentiment, de ge\u0301ne\u0301ration en ge\u0301ne\u0301ration \u00bb.<\/p>\n<p>Au Cameroun, il a appele\u0301 a\u0300 une \u00ab paix de\u0301sarme\u0301e \u00bb, de\u0301nonc\u0327ant les logiques de guerre et de violence: \u00ab Le monde a soif de paix. [&#8230;] Assez de guerres, avec leur douloureux corte\u0300ge de morts, de destructions, d\u2019exile\u0301s \u00bb. Il a plaide\u0301 pour un de\u0301passement des inte\u0301re\u0302ts partisans au profit du bien commun.<\/p>\n<p>En Angola, le pape a e\u0301largi son discours a\u0300 la gouvernance politique, encourageant les responsables a\u0300 accepter les divergences: \u00ab N\u2019ayez pas peur de la dissidence [&#8230;] sachez ge\u0301rer les conflits en les transformant en chemins de renouveau \u00bb. Il a e\u0301galement insiste\u0301 sur la primaute\u0301 du bien collectif.<\/p>\n<p>Enfin, en Guine\u0301e e\u0301quatoriale, il a appele\u0301 a\u0300 une vision tourne\u0301e vers l\u2019avenir, exhortant a\u0300 \u00ab avoir le courage de visions nouvelles et d\u2019un pacte e\u0301ducatif \u00bb, et pre\u0301sentant la \u00ab cite\u0301 de Dieu, cite\u0301 de paix \u00bb comme une \u00ab promesse \u00bb et une \u00ab ta\u0302che \u00bb.<\/p>\n<p><b>Une tourne\u0301e a\u0300 forte porte\u0301e politique<\/b><\/p>\n<p>Le choix des pays visite\u0301s illustre la diversite\u0301 des de\u0301fis africains: dialogue interreligieux en Alge\u0301rie, recherche de stabilite\u0301 au Cameroun, gouvernance et justice sociale en Angola et en Guine\u0301e e\u0301quatoriale.<\/p>\n<p>Cette se\u0301quence diplomatique confirme la dimension strate\u0301gique du de\u0301placement pontifical. L\u2019Afrique, riche en ressources mais confronte\u0301e a\u0300 de fortes ine\u0301galite\u0301s et tensions politiques, apparai\u0302t comme un espace central pour la diplomatie du Vatican.<\/p>\n<p><b>Alge\u0301rie: dialogue interreligieux et appel a\u0300 la solidarite\u0301 mondiale<\/b><\/p>\n<p>En Alge\u0301rie, pays a\u0300 majorite\u0301 musulmane, la visite du pape s\u2019inscrit dans une dynamique de dialogue interreligieux. Il a encourage\u0301 le pays a\u0300 jouer un ro\u0302le dans les e\u0301quilibres internationaux, affirmant: \u00ab Si vous savez dialoguer avec les aspirations de tout le monde et vous montrer solidaires avec les souffrances de nombreux pays&#8230; votre expe\u0301rience pourra contribuer a\u0300 imaginer et a\u0300 instaurer une plus grande justice entre les peuples \u00bb.<\/p>\n<p>Il a e\u0301galement de\u0301nonce\u0301 les de\u0301se\u0301quilibres du syste\u0300me international, e\u0301voquant \u00ab les violations constantes du droit international \u00bb et les \u00ab nouvelles tentations coloniales \u00bb. S\u2019adressant aux autorite\u0301s, il a rappele\u0301 que \u00ab la ve\u0301ritable force d\u2019un pays re\u0301side dans la coope\u0301ration de tout le monde a\u0300 la re\u0301alisation du bien commun \u00bb.<\/p>\n<p>Enfin, il a alerte\u0301 sur les crises en Me\u0301diterrane\u0301e et dans le Sahara, de\u0301clarant: \u00ab Malheur a\u0300 nous si nous en faisons des cimetie\u0300res ou\u0300 meurt l\u2019espe\u0301rance! \u00bb.<\/p>\n<p><b>Cameroun: gouvernance et lutte contre la corruption<\/b><\/p>\n<p>Au Cameroun, dans un contexte marque\u0301 par des tensions politiques et sociales, le pape a insiste\u0301 sur la responsabilite\u0301 des dirigeants. Il a appele\u0301 a\u0300 \u00ab oser faire un examen de conscience et un saut qualitatif courageux \u00bb, rappelant que \u00ab la transparence dans la gestion des ressources publiques et le respect de l\u2019E\u0301tat de droit sont essentiels pour re\u0301tablir la confiance \u00bb.<\/p>\n<p>Il a ajoute\u0301 que \u00ab les institutions justes et cre\u0301dibles deviennent des piliers de la stabilite\u0301 \u00bb, et que \u00ab l\u2019autorite\u0301 publique est appele\u0301e a\u0300 e\u0302tre un pont, et jamais un facteur de division \u00bb.<\/p>\n<p>Il a e\u0301galement de\u0301nonce\u0301 la corruption, qualifie\u0301e de \u00ab chai\u0302nes qui de\u0301figurent l\u2019autorite\u0301 en la vidant de sa cre\u0301dibilite\u0301 \u00bb, tout en soulignant les atouts du pays, notamment ses ressources humaines et culturelles.<\/p>\n<p><b>Guine\u0301e e\u0301quatoriale: critique de l\u2019e\u0301conomie mondiale<\/b><\/p>\n<p>En Guine\u0301e e\u0301quatoriale, le pape a de\u0301nonce\u0301 une \u00ab e\u0301conomie de l\u2019exclusion \u00bb et les de\u0301rives de la mondialisation. Il a mis en garde contre l\u2019usage des technologies a\u0300 des fins de conflit, soulignant qu\u2019elles \u00ab semblent conc\u0327ues et utilise\u0301es principalement a\u0300 des fins belliqueuses \u00bb.<\/p>\n<p>Il a e\u0301galement condamne\u0301 les logiques de domination, affirmant: \u00ab Dieu ne veut pas cela. Son Saint Nom ne peut e\u0302tre profane\u0301 par la volonte\u0301 de domination, l\u2019arrogance et la discrimination \u00bb.<\/p>\n<p><b>La mission du Vatican en Afrique<\/b><\/p>\n<p>Entre le IVe et le VIIe sie\u0300cle, l\u2019Afrique du Nord constitue un centre majeur du christianisme antique. Apre\u0300s les conque\u0302tes du VIIe sie\u0300cle, la pre\u0301sence institutionnelle chre\u0301tienne de\u0301cline fortement, avant de re\u0301apparai\u0302tre progressivement a\u0300 la fin du XVe sie\u0300cle avec les missions portugaises.<\/p>\n<p>L\u2019implantation durable du catholicisme intervient surtout au XIXe sie\u0300cle dans le contexte colonial, marquant une structuration progressive de l\u2019E\u0301glise sur le continent.<\/p>\n<p>Aujourd\u2019hui, selon The Guardian, le choix de Le\u0301on XIV traduit une reconnaissance du ro\u0302le central de l\u2019Afrique dans l\u2019avenir du catholicisme. Le professeur Adriaan van Klinken souligne que \u00ab L\u2019Afrique est le lieu de la vitalite\u0301, de la croissance et de l\u2019avenir de l\u2019E\u0301glise. \u00bb, rappelant que pre\u0300s de 20 % des catholiques vivent sur le continent.<\/p>\n<p>De son co\u0302te\u0301, John Pontifex e\u0301voque une croissance rapide, avec la cre\u0301ation de 14 nouveaux dioce\u0300ses en une anne\u0301e et une augmentation de 7 millions de fide\u0300les.<\/p>\n<p><b>Une pre\u0301sence constante du Vatican sur le continent<\/b><\/p>\n<p>Depuis des anne\u0301es, le Vatican maintient une se\u0301rie de visites papales en Afrique, marque\u0301es par des contextes politiques, sociaux et religieux forts, refle\u0301tant l\u2019importance croissante du continent pour l\u2019E\u0301glise catholique.<\/p>\n<p>En 1969, le pape Paul VI effectue un de\u0301placement historique en Ouganda, devenant le premier souverain pontife a\u0300 fouler le sol africain. Il s\u2019y rend notamment au sanctuaire des Martyrs de Namugongo, dans un contexte de reconnaissance des figures chre\u0301tiennes africaines.<\/p>\n<p>En 1980, Jean-Paul II entame une vaste tourne\u0301e africaine de onze jours, passant par six pays dont la DRC, le Kenya et le Ghana. Ce voyage marque un tournant diplomatique et spirituel, avec des appels a\u0300 la justice sociale et au de\u0301veloppement face aux crises e\u0301conomiques et politiques.<\/p>\n<p>En 2009, le pape Benoi\u0302t XVI visite le Cameroun et l\u2019Angola. Il appelle a\u0300 la re\u0301conciliation dans des pays encore marque\u0301s par les conflits arme\u0301s, tout en suscitant des controverses lie\u0301es a\u0300 ses positions sur la lutte contre le VIH\/Sida.<\/p>\n<p>En 2015, le pape Franc\u0327ois se rend en Kenya, Ouganda et en Re\u0301publique centrafricaine. A\u0300 Bangui, il lance un appel a\u0300 la paix dans un pays en guerre civile, affirmant que l\u2019Afrique est \u00ab le continent de l\u2019espe\u0301rance \u00bb.<\/p>\n<p>Ces visites illustrent la continuite\u0301 d\u2019une diplomatie pontificale active en Afrique, entre message spirituel, enjeux humanitaires et re\u0301alite\u0301s ge\u0301opolitiques.<\/p>\n<p>Le pape Franc\u0327ois, pre\u0301de\u0301cesseur de Le\u0301on XIV, s\u2019e\u0301tait de\u0301ja\u0300 rendu a\u0300 cinq reprises en Afrique, visitant dix pays avec des messages centre\u0301s sur la paix et la re\u0301conciliation.<\/p>\n<p>Selon les donne\u0301es des Missionnaires d\u2019Afrique, la congre\u0301gation est aujourd\u2019hui pre\u0301sente dans 46 pays, avec environ 210 communaute\u0301s, dont 26 en Afrique. Elle compte 1 063 missionnaires de 35 nationalite\u0301s, avec une moyenne d\u2019a\u0302ge de 60,37 ans, illustrant a\u0300 la fois son enracinement international et les de\u0301fis du renouvellement.<\/p>\n<p><b>Une lecture ge\u0301opolitique critique<\/b><\/p>\n<p>Certains analystes proposent une lecture diffe\u0301rente des visites papales au Cameroun, estimant qu\u2019elles ne se limitent pas a\u0300 une porte\u0301e strictement religieuse.<\/p>\n<p>C\u2019est notamment le cas de l\u2019universitaire camerounais David Tonghou Ngong, qui, dans un article publie\u0301 sur le site Africa Is a Country, soutient que ces de\u0301placements interviennent souvent dans des contextes de fortes tensions politiques et peuvent e\u0302tre interpre\u0301te\u0301s comme une forme de le\u0301gitimation indirecte du pouvoir en place.<\/p>\n<p>Cette analyse s\u2019inscrit dans une critique plus large de ce qu\u2019il qualifie de \u00ab ne\u0301ocolonialisme catholique \u00bb, selon lequel le pouvoir re\u0301el ne re\u0301siderait pas dans les institutions locales mais a\u0300 l\u2019exte\u0301rieur, tandis que les populations seraient maintenues dans l\u2019illusion de contro\u0302ler leur destin.<\/p>\n<p>Dans ce contexte, la visite annonce\u0301e de Le\u0301on XIV, sur fond d\u2019e\u0301lections conteste\u0301es et de soupc\u0327ons de fraude, est pre\u0301sente\u0301e comme une simple visite pastorale, malgre\u0301 les appels du pe\u0300re Ludovic Lado demandant son annulation.<\/p>\n<p>Le silence du Vatican face a\u0300 ces inquie\u0301tudes est interpre\u0301te\u0301 par certains critiques comme un soutien moral implicite a\u0300 un re\u0301gime conteste\u0301, renforc\u0327ant ainsi l\u2019ide\u0301e que ces de\u0301placements pontificaux contribueraient, volontairement ou non, a\u0300 consolider des pouvoirs autoritaires.<\/p>\n<p>En 2023, le pape Franc\u0327ois a fait l\u2019objet de vives critiques sur le continent africain apre\u0300s la publication de la de\u0301claration Fiducia supplicans, qui autorise des be\u0301ne\u0301dictions non liturgiques pour les couples de me\u0302me sexe, sans reconnai\u0302tre pour autant le mariage homosexuel au sein de l\u2019E\u0301glise.<\/p>\n<p>Cette de\u0301cision a suscite\u0301 une forte opposition de plusieurs responsables eccle\u0301siastiques africains, qui estiment que de telles be\u0301ne\u0301dictions ne sont pas compatibles avec le contexte culturel et pastoral du continent et risquent de cre\u0301er une confusion doctrinale.<\/p>\n<p>Le cardinal Fridolin Ambongo, s\u2019exprimant au nom de plusieurs confe\u0301rences e\u0301piscopales africaines, a notamment de\u0301clare\u0301 que cette position du Vatican \u00ab ne peut pas e\u0302tre applique\u0301e en Afrique sans provoquer un scandale pastoral et une rupture avec les fide\u0300les \u00bb, illustrant ainsi les profondes divergences entre Rome et une partie de l\u2019E\u0301glise africaine sur les questions lie\u0301es a\u0300 l\u2019homosexualite\u0301.<\/p>\n<p class=\"ap-article-footer-note\">Retrouvez plus d\u2019actualit\u00e9s et d\u2019analyses sur <span class=\"ap-highlight-country\">Guin\u00e9e<\/span> sur le site <span class=\"ap-highlight-brand\">Africa Press<\/span><\/p>\n","protected":false},"excerpt":{"rendered":"<p>Africa-Press &#8211; Guin\u00e9e. Du 13 au 23 avril, le pape Le\u0301on XIV a effectue\u0301 une tourne\u0301e en Afrique, marque\u0301e par quatre e\u0301tapes majeures: l\u2019Alge\u0301rie, le Cameroun, l\u2019Angola et la Guine\u0301e e\u0301quatoriale. De\u0300s le 13 avril, le souverain pontife a entame\u0301 ce de\u0301placement pre\u0301sente\u0301 comme son premier voyage majeur depuis son e\u0301lection en mai dernier. Cette [&hellip;]<\/p>\n","protected":false},"author":82,"featured_media":39265,"comment_status":"open","ping_status":"closed","sticky":false,"template":"","format":"standard","meta":{"footnotes":""},"categories":[2,10],"tags":[58],"class_list":["post-39266","post","type-post","status-publish","format-standard","has-post-thumbnail","hentry","category-politique","category-toutes-les-actualites","tag-guinee"],"yoast_head":"<!-- This site is optimized with the Yoast SEO Premium plugin v26.1 (Yoast SEO v27.0) - https:\/\/yoast.com\/product\/yoast-seo-premium-wordpress\/ -->\n<title>Le Pape L\u00e9on XIV en Afrique: Tourn\u00e9e Spirituelle - guinee Conakry<\/title>\n<meta name=\"description\" content=\"-article-header-tag&quot;&gt; Africa-Press - Guine\u0301e. Du 13 au 23 avril, le pape Le\u0301on ...\" \/>\n<meta name=\"robots\" content=\"index, follow, max-snippet:-1, max-image-preview:large, max-video-preview:-1\" \/>\n<link rel=\"canonical\" href=\"https:\/\/www.africa-press.net\/guinee-conakry\/politique\/le-pape-leon-xiv-en-afrique-tournee-spirituelle\" \/>\n<meta property=\"og:locale\" content=\"fr_FR\" \/>\n<meta property=\"og:type\" content=\"article\" \/>\n<meta property=\"og:title\" content=\"Le Pape L\u00e9on XIV en Afrique: Tourn\u00e9e Spirituelle\" \/>\n<meta property=\"og:description\" content=\"-article-header-tag&quot;&gt; Africa-Press - Guine\u0301e. Du 13 au 23 avril, le pape Le\u0301on ...\" \/>\n<meta property=\"og:url\" content=\"https:\/\/www.africa-press.net\/guinee-conakry\/politique\/le-pape-leon-xiv-en-afrique-tournee-spirituelle\" \/>\n<meta property=\"og:site_name\" content=\"guinee Conakry\" \/>\n<meta property=\"article:published_time\" content=\"2026-04-29T22:42:05+00:00\" \/>\n<meta property=\"article:modified_time\" content=\"2026-04-29T23:12:20+00:00\" \/>\n<meta property=\"og:image\" content=\"https:\/\/static.africa-press.net\/conakry\/sites\/63\/2026\/04\/sm_1777504054.222575.jpg\" \/>\n\t<meta property=\"og:image:width\" content=\"729\" \/>\n\t<meta property=\"og:image:height\" content=\"486\" \/>\n\t<meta property=\"og:image:type\" content=\"image\/jpeg\" \/>\n<meta name=\"author\" content=\"cfeditorfr\" \/>\n<meta name=\"twitter:card\" content=\"summary_large_image\" \/>\n<meta name=\"twitter:label1\" content=\"\u00c9crit par\" \/>\n\t<meta name=\"twitter:data1\" content=\"cfeditorfr\" \/>\n\t<meta name=\"twitter:label2\" content=\"Dur\u00e9e de lecture estim\u00e9e\" \/>\n\t<meta name=\"twitter:data2\" content=\"9 minutes\" \/>\n<script type=\"application\/ld+json\" class=\"yoast-schema-graph\">{\"@context\":\"https:\/\/schema.org\",\"@graph\":[{\"@type\":\"Article\",\"@id\":\"https:\/\/www.africa-press.net\/guinee-conakry\/politique\/le-pape-leon-xiv-en-afrique-tournee-spirituelle#article\",\"isPartOf\":{\"@id\":\"https:\/\/www.africa-press.net\/guinee-conakry\/politique\/le-pape-leon-xiv-en-afrique-tournee-spirituelle\"},\"author\":{\"name\":\"cfeditorfr\",\"@id\":\"https:\/\/www.africa-press.net\/guinee-conakry\/#\/schema\/person\/2b1cf3cd81a31e3cd26889ca66d677f1\"},\"headline\":\"Le Pape L\u00e9on XIV en Afrique: Tourn\u00e9e Spirituelle\",\"datePublished\":\"2026-04-29T22:42:05+00:00\",\"dateModified\":\"2026-04-29T23:12:20+00:00\",\"mainEntityOfPage\":{\"@id\":\"https:\/\/www.africa-press.net\/guinee-conakry\/politique\/le-pape-leon-xiv-en-afrique-tournee-spirituelle\"},\"wordCount\":2012,\"commentCount\":0,\"image\":{\"@id\":\"https:\/\/www.africa-press.net\/guinee-conakry\/politique\/le-pape-leon-xiv-en-afrique-tournee-spirituelle#primaryimage\"},\"thumbnailUrl\":\"https:\/\/static.africa-press.net\/conakry\/sites\/63\/2026\/04\/sm_1777504054.222575.jpg\",\"keywords\":[\"Guin\u00e9e\"],\"articleSection\":[\"Politique\",\"Toutes les actualit\u00e9s\"],\"inLanguage\":\"fr-FR\",\"potentialAction\":[{\"@type\":\"CommentAction\",\"name\":\"Comment\",\"target\":[\"https:\/\/www.africa-press.net\/guinee-conakry\/politique\/le-pape-leon-xiv-en-afrique-tournee-spirituelle#respond\"]}]},{\"@type\":\"WebPage\",\"@id\":\"https:\/\/www.africa-press.net\/guinee-conakry\/politique\/le-pape-leon-xiv-en-afrique-tournee-spirituelle\",\"url\":\"https:\/\/www.africa-press.net\/guinee-conakry\/politique\/le-pape-leon-xiv-en-afrique-tournee-spirituelle\",\"name\":\"Le Pape L\u00e9on XIV en Afrique: Tourn\u00e9e Spirituelle - guinee Conakry\",\"isPartOf\":{\"@id\":\"https:\/\/www.africa-press.net\/guinee-conakry\/#website\"},\"primaryImageOfPage\":{\"@id\":\"https:\/\/www.africa-press.net\/guinee-conakry\/politique\/le-pape-leon-xiv-en-afrique-tournee-spirituelle#primaryimage\"},\"image\":{\"@id\":\"https:\/\/www.africa-press.net\/guinee-conakry\/politique\/le-pape-leon-xiv-en-afrique-tournee-spirituelle#primaryimage\"},\"thumbnailUrl\":\"https:\/\/static.africa-press.net\/conakry\/sites\/63\/2026\/04\/sm_1777504054.222575.jpg\",\"datePublished\":\"2026-04-29T22:42:05+00:00\",\"dateModified\":\"2026-04-29T23:12:20+00:00\",\"author\":{\"@id\":\"https:\/\/www.africa-press.net\/guinee-conakry\/#\/schema\/person\/2b1cf3cd81a31e3cd26889ca66d677f1\"},\"description\":\"-article-header-tag\\\"> Africa-Press - Guine\u0301e. Du 13 au 23 avril, le pape Le\u0301on ...\",\"breadcrumb\":{\"@id\":\"https:\/\/www.africa-press.net\/guinee-conakry\/politique\/le-pape-leon-xiv-en-afrique-tournee-spirituelle#breadcrumb\"},\"inLanguage\":\"fr-FR\",\"potentialAction\":[{\"@type\":\"ReadAction\",\"target\":[\"https:\/\/www.africa-press.net\/guinee-conakry\/politique\/le-pape-leon-xiv-en-afrique-tournee-spirituelle\"]}]},{\"@type\":\"ImageObject\",\"inLanguage\":\"fr-FR\",\"@id\":\"https:\/\/www.africa-press.net\/guinee-conakry\/politique\/le-pape-leon-xiv-en-afrique-tournee-spirituelle#primaryimage\",\"url\":\"https:\/\/static.africa-press.net\/conakry\/sites\/63\/2026\/04\/sm_1777504054.222575.jpg\",\"contentUrl\":\"https:\/\/static.africa-press.net\/conakry\/sites\/63\/2026\/04\/sm_1777504054.222575.jpg\",\"width\":729,\"height\":486,\"caption\":\"Le Pape L\u00e9on XIV en Afrique: Tourn\u00e9e Spirituelle\"},{\"@type\":\"BreadcrumbList\",\"@id\":\"https:\/\/www.africa-press.net\/guinee-conakry\/politique\/le-pape-leon-xiv-en-afrique-tournee-spirituelle#breadcrumb\",\"itemListElement\":[{\"@type\":\"ListItem\",\"position\":1,\"name\":\"Accueil\",\"item\":\"https:\/\/www.africa-press.net\/guinee-conakry\/\"},{\"@type\":\"ListItem\",\"position\":2,\"name\":\"Le Pape L\u00e9on XIV en Afrique: Tourn\u00e9e Spirituelle\"}]},{\"@type\":\"WebSite\",\"@id\":\"https:\/\/www.africa-press.net\/guinee-conakry\/#website\",\"url\":\"https:\/\/www.africa-press.net\/guinee-conakry\/\",\"name\":\"guinee Conakry\",\"description\":\"Just another Africa News Agency Sites site\",\"potentialAction\":[{\"@type\":\"SearchAction\",\"target\":{\"@type\":\"EntryPoint\",\"urlTemplate\":\"https:\/\/www.africa-press.net\/guinee-conakry\/?s={search_term_string}\"},\"query-input\":{\"@type\":\"PropertyValueSpecification\",\"valueRequired\":true,\"valueName\":\"search_term_string\"}}],\"inLanguage\":\"fr-FR\"},{\"@type\":\"Person\",\"@id\":\"https:\/\/www.africa-press.net\/guinee-conakry\/#\/schema\/person\/2b1cf3cd81a31e3cd26889ca66d677f1\",\"name\":\"cfeditorfr\"}]}<\/script>\n<!-- \/ Yoast SEO Premium plugin. -->","yoast_head_json":{"title":"Le Pape L\u00e9on XIV en Afrique: Tourn\u00e9e Spirituelle - guinee Conakry","description":"-article-header-tag\"> Africa-Press - Guine\u0301e. Du 13 au 23 avril, le pape Le\u0301on ...","robots":{"index":"index","follow":"follow","max-snippet":"max-snippet:-1","max-image-preview":"max-image-preview:large","max-video-preview":"max-video-preview:-1"},"canonical":"https:\/\/www.africa-press.net\/guinee-conakry\/politique\/le-pape-leon-xiv-en-afrique-tournee-spirituelle","og_locale":"fr_FR","og_type":"article","og_title":"Le Pape L\u00e9on XIV en Afrique: Tourn\u00e9e Spirituelle","og_description":"-article-header-tag\"> Africa-Press - Guine\u0301e. Du 13 au 23 avril, le pape Le\u0301on ...","og_url":"https:\/\/www.africa-press.net\/guinee-conakry\/politique\/le-pape-leon-xiv-en-afrique-tournee-spirituelle","og_site_name":"guinee Conakry","article_published_time":"2026-04-29T22:42:05+00:00","article_modified_time":"2026-04-29T23:12:20+00:00","og_image":[{"width":729,"height":486,"url":"https:\/\/static.africa-press.net\/conakry\/sites\/63\/2026\/04\/sm_1777504054.222575.jpg","type":"image\/jpeg"}],"author":"cfeditorfr","twitter_card":"summary_large_image","twitter_misc":{"\u00c9crit par":"cfeditorfr","Dur\u00e9e de lecture estim\u00e9e":"9 minutes"},"schema":{"@context":"https:\/\/schema.org","@graph":[{"@type":"Article","@id":"https:\/\/www.africa-press.net\/guinee-conakry\/politique\/le-pape-leon-xiv-en-afrique-tournee-spirituelle#article","isPartOf":{"@id":"https:\/\/www.africa-press.net\/guinee-conakry\/politique\/le-pape-leon-xiv-en-afrique-tournee-spirituelle"},"author":{"name":"cfeditorfr","@id":"https:\/\/www.africa-press.net\/guinee-conakry\/#\/schema\/person\/2b1cf3cd81a31e3cd26889ca66d677f1"},"headline":"Le Pape L\u00e9on XIV en Afrique: Tourn\u00e9e Spirituelle","datePublished":"2026-04-29T22:42:05+00:00","dateModified":"2026-04-29T23:12:20+00:00","mainEntityOfPage":{"@id":"https:\/\/www.africa-press.net\/guinee-conakry\/politique\/le-pape-leon-xiv-en-afrique-tournee-spirituelle"},"wordCount":2012,"commentCount":0,"image":{"@id":"https:\/\/www.africa-press.net\/guinee-conakry\/politique\/le-pape-leon-xiv-en-afrique-tournee-spirituelle#primaryimage"},"thumbnailUrl":"https:\/\/static.africa-press.net\/conakry\/sites\/63\/2026\/04\/sm_1777504054.222575.jpg","keywords":["Guin\u00e9e"],"articleSection":["Politique","Toutes les actualit\u00e9s"],"inLanguage":"fr-FR","potentialAction":[{"@type":"CommentAction","name":"Comment","target":["https:\/\/www.africa-press.net\/guinee-conakry\/politique\/le-pape-leon-xiv-en-afrique-tournee-spirituelle#respond"]}]},{"@type":"WebPage","@id":"https:\/\/www.africa-press.net\/guinee-conakry\/politique\/le-pape-leon-xiv-en-afrique-tournee-spirituelle","url":"https:\/\/www.africa-press.net\/guinee-conakry\/politique\/le-pape-leon-xiv-en-afrique-tournee-spirituelle","name":"Le Pape L\u00e9on XIV en Afrique: Tourn\u00e9e Spirituelle - guinee Conakry","isPartOf":{"@id":"https:\/\/www.africa-press.net\/guinee-conakry\/#website"},"primaryImageOfPage":{"@id":"https:\/\/www.africa-press.net\/guinee-conakry\/politique\/le-pape-leon-xiv-en-afrique-tournee-spirituelle#primaryimage"},"image":{"@id":"https:\/\/www.africa-press.net\/guinee-conakry\/politique\/le-pape-leon-xiv-en-afrique-tournee-spirituelle#primaryimage"},"thumbnailUrl":"https:\/\/static.africa-press.net\/conakry\/sites\/63\/2026\/04\/sm_1777504054.222575.jpg","datePublished":"2026-04-29T22:42:05+00:00","dateModified":"2026-04-29T23:12:20+00:00","author":{"@id":"https:\/\/www.africa-press.net\/guinee-conakry\/#\/schema\/person\/2b1cf3cd81a31e3cd26889ca66d677f1"},"description":"-article-header-tag\"> Africa-Press - Guine\u0301e. Du 13 au 23 avril, le pape Le\u0301on ...","breadcrumb":{"@id":"https:\/\/www.africa-press.net\/guinee-conakry\/politique\/le-pape-leon-xiv-en-afrique-tournee-spirituelle#breadcrumb"},"inLanguage":"fr-FR","potentialAction":[{"@type":"ReadAction","target":["https:\/\/www.africa-press.net\/guinee-conakry\/politique\/le-pape-leon-xiv-en-afrique-tournee-spirituelle"]}]},{"@type":"ImageObject","inLanguage":"fr-FR","@id":"https:\/\/www.africa-press.net\/guinee-conakry\/politique\/le-pape-leon-xiv-en-afrique-tournee-spirituelle#primaryimage","url":"https:\/\/static.africa-press.net\/conakry\/sites\/63\/2026\/04\/sm_1777504054.222575.jpg","contentUrl":"https:\/\/static.africa-press.net\/conakry\/sites\/63\/2026\/04\/sm_1777504054.222575.jpg","width":729,"height":486,"caption":"Le Pape L\u00e9on XIV en Afrique: Tourn\u00e9e Spirituelle"},{"@type":"BreadcrumbList","@id":"https:\/\/www.africa-press.net\/guinee-conakry\/politique\/le-pape-leon-xiv-en-afrique-tournee-spirituelle#breadcrumb","itemListElement":[{"@type":"ListItem","position":1,"name":"Accueil","item":"https:\/\/www.africa-press.net\/guinee-conakry\/"},{"@type":"ListItem","position":2,"name":"Le Pape L\u00e9on XIV en Afrique: Tourn\u00e9e Spirituelle"}]},{"@type":"WebSite","@id":"https:\/\/www.africa-press.net\/guinee-conakry\/#website","url":"https:\/\/www.africa-press.net\/guinee-conakry\/","name":"guinee Conakry","description":"Just another Africa News Agency Sites site","potentialAction":[{"@type":"SearchAction","target":{"@type":"EntryPoint","urlTemplate":"https:\/\/www.africa-press.net\/guinee-conakry\/?s={search_term_string}"},"query-input":{"@type":"PropertyValueSpecification","valueRequired":true,"valueName":"search_term_string"}}],"inLanguage":"fr-FR"},{"@type":"Person","@id":"https:\/\/www.africa-press.net\/guinee-conakry\/#\/schema\/person\/2b1cf3cd81a31e3cd26889ca66d677f1","name":"cfeditorfr"}]}},"_links":{"self":[{"href":"https:\/\/www.africa-press.net\/guinee-conakry\/wp-json\/wp\/v2\/posts\/39266","targetHints":{"allow":["GET"]}}],"collection":[{"href":"https:\/\/www.africa-press.net\/guinee-conakry\/wp-json\/wp\/v2\/posts"}],"about":[{"href":"https:\/\/www.africa-press.net\/guinee-conakry\/wp-json\/wp\/v2\/types\/post"}],"author":[{"embeddable":true,"href":"https:\/\/www.africa-press.net\/guinee-conakry\/wp-json\/wp\/v2\/users\/82"}],"replies":[{"embeddable":true,"href":"https:\/\/www.africa-press.net\/guinee-conakry\/wp-json\/wp\/v2\/comments?post=39266"}],"version-history":[{"count":1,"href":"https:\/\/www.africa-press.net\/guinee-conakry\/wp-json\/wp\/v2\/posts\/39266\/revisions"}],"predecessor-version":[{"id":39269,"href":"https:\/\/www.africa-press.net\/guinee-conakry\/wp-json\/wp\/v2\/posts\/39266\/revisions\/39269"}],"wp:featuredmedia":[{"embeddable":true,"href":"https:\/\/www.africa-press.net\/guinee-conakry\/wp-json\/wp\/v2\/media\/39265"}],"wp:attachment":[{"href":"https:\/\/www.africa-press.net\/guinee-conakry\/wp-json\/wp\/v2\/media?parent=39266"}],"wp:term":[{"taxonomy":"category","embeddable":true,"href":"https:\/\/www.africa-press.net\/guinee-conakry\/wp-json\/wp\/v2\/categories?post=39266"},{"taxonomy":"post_tag","embeddable":true,"href":"https:\/\/www.africa-press.net\/guinee-conakry\/wp-json\/wp\/v2\/tags?post=39266"}],"curies":[{"name":"wp","href":"https:\/\/api.w.org\/{rel}","templated":true}]}}