{"id":39307,"date":"2026-04-30T12:10:00","date_gmt":"2026-04-30T12:10:00","guid":{"rendered":"https:\/\/www.africa-press.net\/guinee-conakry\/politique\/souverainete-durable-et-systeme-educatif-performant"},"modified":"2026-04-30T16:43:43","modified_gmt":"2026-04-30T16:43:43","slug":"souverainete-durable-et-systeme-educatif-performant","status":"publish","type":"post","link":"https:\/\/www.africa-press.net\/guinee-conakry\/toutes-les-actualites\/souverainete-durable-et-systeme-educatif-performant","title":{"rendered":"Souverainet\u00e9 Durable et Syst\u00e8me \u00c9ducatif Performant"},"content":{"rendered":"<div class=\"ap-summary\" dir=\"ltr\" lang=\"fr\">\n<h4>CE Qu\u2019Il Faut Savoir<\/h4>\n<p>Le ministre du plan, Isma\u00ebl Nab\u00e9, a lanc\u00e9 le processus d&rsquo;\u00e9laboration de la carte scolaire, un projet strat\u00e9gique pour am\u00e9liorer le syst\u00e8me \u00e9ducatif en Guin\u00e9e. Cette initiative vise \u00e0 anticiper les besoins futurs et \u00e0 garantir une planification efficace des ressources \u00e9ducatives, en s&rsquo;inscrivant dans la vision Simandou 2040.<\/p>\n<\/div>\n<p><span class=\"ap-article-header-tag\"> <strong>Africa-Press &#8211; Guin\u00e9e. <\/strong> <\/span>En participant ce mercredi 29 avril au lancement du processus d\u2019e\u0301laboration de la carte scolaire, le ministre du plan, de la coope\u0301ration internationale et du de\u0301veloppement a assure\u0301 que ce projet de\u0301passe de loin un simple exercice de cartographie. Pour Ismae\u0308l Nabe\u0301, il s\u2019agit d\u2019un outil strate\u0301gique de planification, d\u2019aide a\u0300 la de\u0301cision, d\u2019un levier fondamental de transformation du syste\u0300me e\u0301ducatif.<\/p>\n<p>\u2018\u2019Pendant trop longtemps, notre syste\u0300me e\u0301ducatif a e\u0301te\u0301 confronte\u0301 a\u0300 des de\u0301fis structurels. Une pression croissante sur les infrastructures, des affectations d\u2019enseignants dicte\u0301es par l\u2019urgence, des implantations scolaires parfois insuffisamment aligne\u0301es sur les re\u0301alite\u0301s territoriales et de\u0301mographiques. Ces de\u0301fis appellent une re\u0301ponse structurelle. Et cette re\u0301ponse, c\u2019est pre\u0301cise\u0301ment la carte scolaire. Mais soyons clairs, une carte scolaire n\u2019a de valeur que par la qualite\u0301 des donne\u0301es qui la fondent. Elle n\u2019a d\u2019impact que si elle e\u0301claire ve\u0301ritablement la de\u0301cision publique (&#8230;)\u2019\u2019, indique le ministre du plan, de la coope\u0301ration internationale et du de\u0301veloppement.<\/p>\n<p>Pour Ismae\u0308l Nabe\u0301, \u2018\u2019la carte scolaire que nous construisons aujourd\u2019hui ne sera pas une simple cartographie descriptive. Elle sera un re\u0301fe\u0301rentiel national unique, un outil de souverainete\u0301 de\u0301cisionnelle. Elle permettra d\u2019anticiper les besoins futurs. Elle sera une architecture de planification au service de l\u2019e\u0301quite\u0301 territoriale et de la performance du syste\u0300me e\u0301ducatif. Elle orientera de manie\u0300re rationnelle les investissements en infrastructures, en ressources humaines, mais aussi en e\u0301quipements. Elle permettra surtout de franchir un cap de\u0301cisif: passer de l\u2019approximation a\u0300 la planification, passer de la re\u0301action a\u0300 l\u2019anticipation, mais surtout passer de la dispersion a\u0300 la cohe\u0301rence\u2019\u2019.<\/p>\n<p>\u2018\u2019Ce processus s\u2019inscrit pleinement dans la vision porte\u0301e au plus haut niveau de l\u2019E\u0301tat, sous le leadership e\u0301claire\u0301 de Son Excellence, Monsieur le pre\u0301sident de la Re\u0301publique, Monsieur Mamadi Doumbouya (&#8230;). La Guine\u0301e s\u2019engage re\u0301solument dans une modernisation de son action publique fonde\u0301e sur la donne\u0301e, la planification et les re\u0301sultats. Il s\u2019inscrit e\u0301galement dans la dynamique du programme socio-e\u0301conomique durable responsable Simandou 2040, qui place le capital humain au c\u0153ur de la transformation nationale. Car il n\u2019y a pas de transformation e\u0301conomique sans compe\u0301tence. Il n\u2019y a pas de souverainete\u0301 durable sans un syste\u0300me e\u0301ducatif performant. Le succe\u0300s de cette initiative reposera sur un principe simple mais fondamental: la coordination. Coordination entre le ministe\u0300re en charge de l\u2019e\u0301ducation et les autres de\u0301partements sectoriels. Coordination entre le niveau central et les territoires. Coordination avec les partenaires techniques et financiers. Car une carte scolaire ne prend toute sa valeur que lorsqu\u2019elle est utilise\u0301e, lorsqu\u2019elle est partage\u0301e, lorsqu\u2019elle est inte\u0301gre\u0301e dans les de\u0301cisions publiques\u2019\u2019, assure-t-il.<\/p>\n<p>Selon le ministre Nabe\u0301, \u2018\u2019la qualite\u0301 d\u2019un syste\u0300me e\u0301ducatif de\u0301pend de la qualite\u0301 de sa planification. La qualite\u0301 de sa planification de\u0301pend de la qualite\u0301 de ses donne\u0301es (&#8230;). La Guine\u0301e pose les bases d\u2019un syste\u0300me e\u0301ducatif plus cohe\u0301rent, plus e\u0301quitable et plus performant. C\u2019est ainsi que nous pre\u0301parerons les ge\u0301ne\u0301rations futures. C\u2019est ainsi que nous porterons la vision Simandou 2040. C\u2019est ainsi que nous construisons une Guine\u0301e durablement transforme\u0301e, plus forte, plus e\u0301quitable et plus souveraine\u2019\u2019.<\/p>\n<p>La Guine\u0301e, comme de nombreux pays d&rsquo;Afrique, fait face a\u0300 des de\u0301fis structurels dans son syste\u0300me e\u0301ducatif, notamment des infrastructures inade\u0301quates et une re\u0301partition ine\u0301gale des enseignants. Le gouvernement guine\u0301en, sous la direction du pre\u0301sident Mamadi Doumbouya, s&rsquo;engage a\u0300 moderniser son action publique en inte\u0301grant des donne\u0301es fiables et une planification strate\u0301gique. La carte scolaire est conc\u0327ue pour e\u0302tre un outil essentiel dans cette transformation, visant a\u0300 ame\u0301liorer l&rsquo;e\u0301quite\u0301 et la performance du syste\u0300me e\u0301ducatif.<\/p>\n<p class=\"ap-article-footer-note\">Retrouvez plus d\u2019actualit\u00e9s et d\u2019analyses sur <span class=\"ap-highlight-country\">Guin\u00e9e<\/span> sur le site <span class=\"ap-highlight-brand\">Africa Press<\/span><\/p>\n","protected":false},"excerpt":{"rendered":"<p>CE Qu\u2019Il Faut Savoir Le ministre du plan, Isma\u00ebl Nab\u00e9, a lanc\u00e9 le processus d&rsquo;\u00e9laboration de la carte scolaire, un projet strat\u00e9gique pour am\u00e9liorer le syst\u00e8me \u00e9ducatif en Guin\u00e9e. Cette initiative vise \u00e0 anticiper les besoins futurs et \u00e0 garantir une planification efficace des ressources \u00e9ducatives, en s&rsquo;inscrivant dans la vision Simandou 2040. Africa-Press &#8211; [&hellip;]<\/p>\n","protected":false},"author":82,"featured_media":39306,"comment_status":"open","ping_status":"closed","sticky":false,"template":"","format":"standard","meta":{"footnotes":""},"categories":[21,10],"tags":[458,184,58,1236,519],"class_list":["post-39307","post","type-post","status-publish","format-standard","has-post-thumbnail","hentry","category-communaute","category-toutes-les-actualites","tag-developpement","tag-education","tag-guinee","tag-planification","tag-souverainete"],"yoast_head":"<!-- This site is optimized with the Yoast SEO Premium plugin v26.1 (Yoast SEO v27.0) - https:\/\/yoast.com\/product\/yoast-seo-premium-wordpress\/ -->\n<title>Souverainet\u00e9 Durable et Syst\u00e8me \u00c9ducatif Performant - guinee Conakry<\/title>\n<meta name=\"description\" content=\"Le ministre Isma\u00ebl Nab\u00e9 pr\u00e9sente la carte scolaire comme un outil cl\u00e9 pour transformer l&#039;\u00e9ducation en Guin\u00e9e.\" \/>\n<meta name=\"robots\" content=\"index, follow, max-snippet:-1, max-image-preview:large, max-video-preview:-1\" \/>\n<link rel=\"canonical\" href=\"https:\/\/www.africa-press.net\/guinee-conakry\/toutes-les-actualites\/souverainete-durable-et-systeme-educatif-performant\" \/>\n<meta property=\"og:locale\" content=\"fr_FR\" \/>\n<meta property=\"og:type\" content=\"article\" \/>\n<meta property=\"og:title\" content=\"Souverainet\u00e9 Durable et Syst\u00e8me \u00c9ducatif Performant\" \/>\n<meta property=\"og:description\" content=\"Le ministre Isma\u00ebl Nab\u00e9 pr\u00e9sente la carte scolaire comme un outil cl\u00e9 pour transformer l&#039;\u00e9ducation en Guin\u00e9e.\" \/>\n<meta property=\"og:url\" content=\"https:\/\/www.africa-press.net\/guinee-conakry\/toutes-les-actualites\/souverainete-durable-et-systeme-educatif-performant\" \/>\n<meta property=\"og:site_name\" content=\"guinee Conakry\" \/>\n<meta property=\"article:published_time\" content=\"2026-04-30T12:10:00+00:00\" \/>\n<meta property=\"article:modified_time\" content=\"2026-04-30T16:43:43+00:00\" \/>\n<meta property=\"og:image\" content=\"https:\/\/static.africa-press.net\/conakry\/sites\/63\/2026\/04\/sm_1777567145.988088.jpg\" \/>\n\t<meta property=\"og:image:width\" content=\"1440\" \/>\n\t<meta property=\"og:image:height\" content=\"960\" \/>\n\t<meta property=\"og:image:type\" content=\"image\/jpeg\" \/>\n<meta name=\"author\" content=\"cfeditorfr\" \/>\n<meta name=\"twitter:card\" content=\"summary_large_image\" \/>\n<meta name=\"twitter:label1\" content=\"\u00c9crit par\" \/>\n\t<meta name=\"twitter:data1\" content=\"cfeditorfr\" \/>\n\t<meta name=\"twitter:label2\" content=\"Dur\u00e9e de lecture estim\u00e9e\" \/>\n\t<meta name=\"twitter:data2\" content=\"4 minutes\" \/>\n<script type=\"application\/ld+json\" class=\"yoast-schema-graph\">{\"@context\":\"https:\/\/schema.org\",\"@graph\":[{\"@type\":\"Article\",\"@id\":\"https:\/\/www.africa-press.net\/guinee-conakry\/toutes-les-actualites\/souverainete-durable-et-systeme-educatif-performant#article\",\"isPartOf\":{\"@id\":\"https:\/\/www.africa-press.net\/guinee-conakry\/toutes-les-actualites\/souverainete-durable-et-systeme-educatif-performant\"},\"author\":{\"name\":\"cfeditorfr\",\"@id\":\"https:\/\/www.africa-press.net\/guinee-conakry\/#\/schema\/person\/2b1cf3cd81a31e3cd26889ca66d677f1\"},\"headline\":\"Souverainet\u00e9 Durable et Syst\u00e8me \u00c9ducatif Performant\",\"datePublished\":\"2026-04-30T12:10:00+00:00\",\"dateModified\":\"2026-04-30T16:43:43+00:00\",\"mainEntityOfPage\":{\"@id\":\"https:\/\/www.africa-press.net\/guinee-conakry\/toutes-les-actualites\/souverainete-durable-et-systeme-educatif-performant\"},\"wordCount\":780,\"commentCount\":0,\"image\":{\"@id\":\"https:\/\/www.africa-press.net\/guinee-conakry\/toutes-les-actualites\/souverainete-durable-et-systeme-educatif-performant#primaryimage\"},\"thumbnailUrl\":\"https:\/\/static.africa-press.net\/conakry\/sites\/63\/2026\/04\/sm_1777567145.988088.jpg\",\"keywords\":[\"D\u00e9veloppement\",\"Education\",\"Guin\u00e9e\",\"planification\",\"Souverainet\u00e9\"],\"articleSection\":[\"Communaut\u00e9\",\"Toutes les actualit\u00e9s\"],\"inLanguage\":\"fr-FR\",\"potentialAction\":[{\"@type\":\"CommentAction\",\"name\":\"Comment\",\"target\":[\"https:\/\/www.africa-press.net\/guinee-conakry\/toutes-les-actualites\/souverainete-durable-et-systeme-educatif-performant#respond\"]}]},{\"@type\":\"WebPage\",\"@id\":\"https:\/\/www.africa-press.net\/guinee-conakry\/toutes-les-actualites\/souverainete-durable-et-systeme-educatif-performant\",\"url\":\"https:\/\/www.africa-press.net\/guinee-conakry\/toutes-les-actualites\/souverainete-durable-et-systeme-educatif-performant\",\"name\":\"Souverainet\u00e9 Durable et Syst\u00e8me \u00c9ducatif Performant - guinee Conakry\",\"isPartOf\":{\"@id\":\"https:\/\/www.africa-press.net\/guinee-conakry\/#website\"},\"primaryImageOfPage\":{\"@id\":\"https:\/\/www.africa-press.net\/guinee-conakry\/toutes-les-actualites\/souverainete-durable-et-systeme-educatif-performant#primaryimage\"},\"image\":{\"@id\":\"https:\/\/www.africa-press.net\/guinee-conakry\/toutes-les-actualites\/souverainete-durable-et-systeme-educatif-performant#primaryimage\"},\"thumbnailUrl\":\"https:\/\/static.africa-press.net\/conakry\/sites\/63\/2026\/04\/sm_1777567145.988088.jpg\",\"datePublished\":\"2026-04-30T12:10:00+00:00\",\"dateModified\":\"2026-04-30T16:43:43+00:00\",\"author\":{\"@id\":\"https:\/\/www.africa-press.net\/guinee-conakry\/#\/schema\/person\/2b1cf3cd81a31e3cd26889ca66d677f1\"},\"description\":\"Le ministre Isma\u00ebl Nab\u00e9 pr\u00e9sente la carte scolaire comme un outil cl\u00e9 pour transformer l'\u00e9ducation en Guin\u00e9e.\",\"breadcrumb\":{\"@id\":\"https:\/\/www.africa-press.net\/guinee-conakry\/toutes-les-actualites\/souverainete-durable-et-systeme-educatif-performant#breadcrumb\"},\"inLanguage\":\"fr-FR\",\"potentialAction\":[{\"@type\":\"ReadAction\",\"target\":[\"https:\/\/www.africa-press.net\/guinee-conakry\/toutes-les-actualites\/souverainete-durable-et-systeme-educatif-performant\"]}]},{\"@type\":\"ImageObject\",\"inLanguage\":\"fr-FR\",\"@id\":\"https:\/\/www.africa-press.net\/guinee-conakry\/toutes-les-actualites\/souverainete-durable-et-systeme-educatif-performant#primaryimage\",\"url\":\"https:\/\/static.africa-press.net\/conakry\/sites\/63\/2026\/04\/sm_1777567145.988088.jpg\",\"contentUrl\":\"https:\/\/static.africa-press.net\/conakry\/sites\/63\/2026\/04\/sm_1777567145.988088.jpg\",\"width\":1440,\"height\":960,\"caption\":\"Souverainet\u00e9 Durable et Syst\u00e8me \u00c9ducatif Performant\"},{\"@type\":\"BreadcrumbList\",\"@id\":\"https:\/\/www.africa-press.net\/guinee-conakry\/toutes-les-actualites\/souverainete-durable-et-systeme-educatif-performant#breadcrumb\",\"itemListElement\":[{\"@type\":\"ListItem\",\"position\":1,\"name\":\"Accueil\",\"item\":\"https:\/\/www.africa-press.net\/guinee-conakry\/\"},{\"@type\":\"ListItem\",\"position\":2,\"name\":\"Souverainet\u00e9 Durable et Syst\u00e8me \u00c9ducatif Performant\"}]},{\"@type\":\"WebSite\",\"@id\":\"https:\/\/www.africa-press.net\/guinee-conakry\/#website\",\"url\":\"https:\/\/www.africa-press.net\/guinee-conakry\/\",\"name\":\"guinee Conakry\",\"description\":\"Just another Africa News Agency Sites site\",\"potentialAction\":[{\"@type\":\"SearchAction\",\"target\":{\"@type\":\"EntryPoint\",\"urlTemplate\":\"https:\/\/www.africa-press.net\/guinee-conakry\/?s={search_term_string}\"},\"query-input\":{\"@type\":\"PropertyValueSpecification\",\"valueRequired\":true,\"valueName\":\"search_term_string\"}}],\"inLanguage\":\"fr-FR\"},{\"@type\":\"Person\",\"@id\":\"https:\/\/www.africa-press.net\/guinee-conakry\/#\/schema\/person\/2b1cf3cd81a31e3cd26889ca66d677f1\",\"name\":\"cfeditorfr\"}]}<\/script>\n<!-- \/ Yoast SEO Premium plugin. -->","yoast_head_json":{"title":"Souverainet\u00e9 Durable et Syst\u00e8me \u00c9ducatif Performant - guinee Conakry","description":"Le ministre Isma\u00ebl Nab\u00e9 pr\u00e9sente la carte scolaire comme un outil cl\u00e9 pour transformer l'\u00e9ducation en Guin\u00e9e.","robots":{"index":"index","follow":"follow","max-snippet":"max-snippet:-1","max-image-preview":"max-image-preview:large","max-video-preview":"max-video-preview:-1"},"canonical":"https:\/\/www.africa-press.net\/guinee-conakry\/toutes-les-actualites\/souverainete-durable-et-systeme-educatif-performant","og_locale":"fr_FR","og_type":"article","og_title":"Souverainet\u00e9 Durable et Syst\u00e8me \u00c9ducatif Performant","og_description":"Le ministre Isma\u00ebl Nab\u00e9 pr\u00e9sente la carte scolaire comme un outil cl\u00e9 pour transformer l'\u00e9ducation en Guin\u00e9e.","og_url":"https:\/\/www.africa-press.net\/guinee-conakry\/toutes-les-actualites\/souverainete-durable-et-systeme-educatif-performant","og_site_name":"guinee Conakry","article_published_time":"2026-04-30T12:10:00+00:00","article_modified_time":"2026-04-30T16:43:43+00:00","og_image":[{"width":1440,"height":960,"url":"https:\/\/static.africa-press.net\/conakry\/sites\/63\/2026\/04\/sm_1777567145.988088.jpg","type":"image\/jpeg"}],"author":"cfeditorfr","twitter_card":"summary_large_image","twitter_misc":{"\u00c9crit par":"cfeditorfr","Dur\u00e9e de lecture estim\u00e9e":"4 minutes"},"schema":{"@context":"https:\/\/schema.org","@graph":[{"@type":"Article","@id":"https:\/\/www.africa-press.net\/guinee-conakry\/toutes-les-actualites\/souverainete-durable-et-systeme-educatif-performant#article","isPartOf":{"@id":"https:\/\/www.africa-press.net\/guinee-conakry\/toutes-les-actualites\/souverainete-durable-et-systeme-educatif-performant"},"author":{"name":"cfeditorfr","@id":"https:\/\/www.africa-press.net\/guinee-conakry\/#\/schema\/person\/2b1cf3cd81a31e3cd26889ca66d677f1"},"headline":"Souverainet\u00e9 Durable et Syst\u00e8me \u00c9ducatif Performant","datePublished":"2026-04-30T12:10:00+00:00","dateModified":"2026-04-30T16:43:43+00:00","mainEntityOfPage":{"@id":"https:\/\/www.africa-press.net\/guinee-conakry\/toutes-les-actualites\/souverainete-durable-et-systeme-educatif-performant"},"wordCount":780,"commentCount":0,"image":{"@id":"https:\/\/www.africa-press.net\/guinee-conakry\/toutes-les-actualites\/souverainete-durable-et-systeme-educatif-performant#primaryimage"},"thumbnailUrl":"https:\/\/static.africa-press.net\/conakry\/sites\/63\/2026\/04\/sm_1777567145.988088.jpg","keywords":["D\u00e9veloppement","Education","Guin\u00e9e","planification","Souverainet\u00e9"],"articleSection":["Communaut\u00e9","Toutes les actualit\u00e9s"],"inLanguage":"fr-FR","potentialAction":[{"@type":"CommentAction","name":"Comment","target":["https:\/\/www.africa-press.net\/guinee-conakry\/toutes-les-actualites\/souverainete-durable-et-systeme-educatif-performant#respond"]}]},{"@type":"WebPage","@id":"https:\/\/www.africa-press.net\/guinee-conakry\/toutes-les-actualites\/souverainete-durable-et-systeme-educatif-performant","url":"https:\/\/www.africa-press.net\/guinee-conakry\/toutes-les-actualites\/souverainete-durable-et-systeme-educatif-performant","name":"Souverainet\u00e9 Durable et Syst\u00e8me \u00c9ducatif Performant - guinee Conakry","isPartOf":{"@id":"https:\/\/www.africa-press.net\/guinee-conakry\/#website"},"primaryImageOfPage":{"@id":"https:\/\/www.africa-press.net\/guinee-conakry\/toutes-les-actualites\/souverainete-durable-et-systeme-educatif-performant#primaryimage"},"image":{"@id":"https:\/\/www.africa-press.net\/guinee-conakry\/toutes-les-actualites\/souverainete-durable-et-systeme-educatif-performant#primaryimage"},"thumbnailUrl":"https:\/\/static.africa-press.net\/conakry\/sites\/63\/2026\/04\/sm_1777567145.988088.jpg","datePublished":"2026-04-30T12:10:00+00:00","dateModified":"2026-04-30T16:43:43+00:00","author":{"@id":"https:\/\/www.africa-press.net\/guinee-conakry\/#\/schema\/person\/2b1cf3cd81a31e3cd26889ca66d677f1"},"description":"Le ministre Isma\u00ebl Nab\u00e9 pr\u00e9sente la carte scolaire comme un outil cl\u00e9 pour transformer l'\u00e9ducation en Guin\u00e9e.","breadcrumb":{"@id":"https:\/\/www.africa-press.net\/guinee-conakry\/toutes-les-actualites\/souverainete-durable-et-systeme-educatif-performant#breadcrumb"},"inLanguage":"fr-FR","potentialAction":[{"@type":"ReadAction","target":["https:\/\/www.africa-press.net\/guinee-conakry\/toutes-les-actualites\/souverainete-durable-et-systeme-educatif-performant"]}]},{"@type":"ImageObject","inLanguage":"fr-FR","@id":"https:\/\/www.africa-press.net\/guinee-conakry\/toutes-les-actualites\/souverainete-durable-et-systeme-educatif-performant#primaryimage","url":"https:\/\/static.africa-press.net\/conakry\/sites\/63\/2026\/04\/sm_1777567145.988088.jpg","contentUrl":"https:\/\/static.africa-press.net\/conakry\/sites\/63\/2026\/04\/sm_1777567145.988088.jpg","width":1440,"height":960,"caption":"Souverainet\u00e9 Durable et Syst\u00e8me \u00c9ducatif Performant"},{"@type":"BreadcrumbList","@id":"https:\/\/www.africa-press.net\/guinee-conakry\/toutes-les-actualites\/souverainete-durable-et-systeme-educatif-performant#breadcrumb","itemListElement":[{"@type":"ListItem","position":1,"name":"Accueil","item":"https:\/\/www.africa-press.net\/guinee-conakry\/"},{"@type":"ListItem","position":2,"name":"Souverainet\u00e9 Durable et Syst\u00e8me \u00c9ducatif Performant"}]},{"@type":"WebSite","@id":"https:\/\/www.africa-press.net\/guinee-conakry\/#website","url":"https:\/\/www.africa-press.net\/guinee-conakry\/","name":"guinee Conakry","description":"Just another Africa News Agency Sites site","potentialAction":[{"@type":"SearchAction","target":{"@type":"EntryPoint","urlTemplate":"https:\/\/www.africa-press.net\/guinee-conakry\/?s={search_term_string}"},"query-input":{"@type":"PropertyValueSpecification","valueRequired":true,"valueName":"search_term_string"}}],"inLanguage":"fr-FR"},{"@type":"Person","@id":"https:\/\/www.africa-press.net\/guinee-conakry\/#\/schema\/person\/2b1cf3cd81a31e3cd26889ca66d677f1","name":"cfeditorfr"}]}},"_links":{"self":[{"href":"https:\/\/www.africa-press.net\/guinee-conakry\/wp-json\/wp\/v2\/posts\/39307","targetHints":{"allow":["GET"]}}],"collection":[{"href":"https:\/\/www.africa-press.net\/guinee-conakry\/wp-json\/wp\/v2\/posts"}],"about":[{"href":"https:\/\/www.africa-press.net\/guinee-conakry\/wp-json\/wp\/v2\/types\/post"}],"author":[{"embeddable":true,"href":"https:\/\/www.africa-press.net\/guinee-conakry\/wp-json\/wp\/v2\/users\/82"}],"replies":[{"embeddable":true,"href":"https:\/\/www.africa-press.net\/guinee-conakry\/wp-json\/wp\/v2\/comments?post=39307"}],"version-history":[{"count":1,"href":"https:\/\/www.africa-press.net\/guinee-conakry\/wp-json\/wp\/v2\/posts\/39307\/revisions"}],"predecessor-version":[{"id":39311,"href":"https:\/\/www.africa-press.net\/guinee-conakry\/wp-json\/wp\/v2\/posts\/39307\/revisions\/39311"}],"wp:featuredmedia":[{"embeddable":true,"href":"https:\/\/www.africa-press.net\/guinee-conakry\/wp-json\/wp\/v2\/media\/39306"}],"wp:attachment":[{"href":"https:\/\/www.africa-press.net\/guinee-conakry\/wp-json\/wp\/v2\/media?parent=39307"}],"wp:term":[{"taxonomy":"category","embeddable":true,"href":"https:\/\/www.africa-press.net\/guinee-conakry\/wp-json\/wp\/v2\/categories?post=39307"},{"taxonomy":"post_tag","embeddable":true,"href":"https:\/\/www.africa-press.net\/guinee-conakry\/wp-json\/wp\/v2\/tags?post=39307"}],"curies":[{"name":"wp","href":"https:\/\/api.w.org\/{rel}","templated":true}]}}