{"id":39346,"date":"2026-04-30T21:08:28","date_gmt":"2026-04-30T21:08:28","guid":{"rendered":"https:\/\/www.africa-press.net\/guinee-conakry\/politique\/le-marche-commun-dafrique-de-louest-et-la-cedeao"},"modified":"2026-05-01T00:40:24","modified_gmt":"2026-05-01T00:40:24","slug":"le-marche-commun-dafrique-de-louest-et-la-cedeao","status":"publish","type":"post","link":"https:\/\/www.africa-press.net\/guinee-conakry\/economie\/le-marche-commun-dafrique-de-louest-et-la-cedeao","title":{"rendered":"Le March\u00e9 Commun D&rsquo;Afrique de L&rsquo;Ouest et la CEDEAO"},"content":{"rendered":"<p><span class=\"ap-article-header-tag\"> <strong>Africa-Press &#8211; Guin\u00e9e. <\/strong> <\/span>La question de la suppression des obstacles a\u0300 l&rsquo;e\u0301tablissement d&rsquo;un marche\u0301 commun efficace en Afrique de l&rsquo;Ouest figure en te\u0302te de l&rsquo;ordre du jour des re\u0301unions qui se de\u0301roulent sur deux jours en Co\u0302te d&rsquo;Ivoire, a\u0300 l&rsquo;initiative de la communaute\u0301 e\u0301conomique des E\u0301tats de l&rsquo;Afrique de l&rsquo;Ouest, avec la participation d&rsquo;experts, d&rsquo;institutions et d&rsquo;acteurs des chai\u0302nes de production nationales.<\/p>\n<p>Ces re\u0301unions se concentrent sur les moyens d&rsquo;ame\u0301liorer l&rsquo;inte\u0301gration des marche\u0301s re\u0301gionaux et d&rsquo;assurer la connexion des produits agricoles provenant de grands marche\u0301s, tels que Kano au Nigeria et Kumasi au Ghana, avec les grandes villes du continent, ce qui favorise la circulation des biens et le commerce interre\u0301gional.<\/p>\n<p>Les producteurs affirment que les de\u0301fis actuels demeurent, notamment les complexite\u0301s et les proce\u0301dures administratives aux postes frontaliers, qui entravent le transport et la commercialisation des marchandises sur les marche\u0301s des autres pays d&rsquo;Afrique de l&rsquo;Ouest. Ils soulignent e\u0301galement que les cou\u0302ts de transport restent tre\u0300s e\u0301leve\u0301s, ce qui re\u0301duit la viabilite\u0301 du commerce re\u0301gional.<\/p>\n<p>Mamadou Sisoko, pre\u0301sident d&rsquo;honneur d&rsquo;un re\u0301seau d&rsquo;organisations de producteurs en Afrique de l&rsquo;Ouest, estime que le de\u0301veloppement du transport ferroviaire est une priorite\u0301 urgente, soulignant l&rsquo;absence des infrastructures ne\u0301cessaires.<\/p>\n<p>Il a explique\u0301 que le transport de mai\u0308s de Bobo Dioulasso a\u0300 Dakar pourrait cou\u0302ter plus que son prix de vente sur le marche\u0301, en raison de la de\u0301pendance aux camions et de la dure\u0301e du transport, rendant l&rsquo;ope\u0301ration e\u0301conomiquement non viable.<\/p>\n<p>La communaute\u0301 e\u0301conomique des E\u0301tats de l&rsquo;Afrique de l&rsquo;Ouest reconnai\u0302t ces difficulte\u0301s et travaille a\u0300 diversifier ses projets dans le secteur des transports. Kolawole Sofola, directeur du commerce a\u0300 la Commission de la communaute\u0301, a confirme\u0301 qu&rsquo;il existe des plans pour de\u0301velopper le transport ferroviaire et ae\u0301rien, en plus de renforcer les corridors maritimes, surtout que douze E\u0301tats membres de\u0301pendent d&rsquo;une e\u0301conomie co\u0302tie\u0300re, ce qui fait du secteur maritime un axe strate\u0301gique dans les efforts d&rsquo;inte\u0301gration, sans se limiter aux routes terrestres.<\/p>\n<p>Les estimations du Club du Sahel et de l&rsquo;Afrique de l&rsquo;Ouest, affilie\u0301 a\u0300 l&rsquo;Organisation de coope\u0301ration et de de\u0301veloppement e\u0301conomiques, indiquent qu&rsquo;environ 10 milliards de dollars de commerce en Afrique de l&rsquo;Ouest ne se refle\u0300tent pas dans les statistiques officielles, ce qui illustre l&rsquo;ampleur de l&rsquo;e\u0301conomie informelle et les de\u0301fis lie\u0301s a\u0300 la mesure de l&rsquo;activite\u0301 commerciale dans la re\u0301gion.<\/p>\n<p class=\"ap-article-footer-note\">Retrouvez plus d\u2019actualit\u00e9s et d\u2019analyses sur <span class=\"ap-highlight-country\">Guin\u00e9e<\/span> sur le site <span class=\"ap-highlight-brand\">Africa Press<\/span><\/p>\n","protected":false},"excerpt":{"rendered":"<p>Africa-Press &#8211; Guin\u00e9e. La question de la suppression des obstacles a\u0300 l&rsquo;e\u0301tablissement d&rsquo;un marche\u0301 commun efficace en Afrique de l&rsquo;Ouest figure en te\u0302te de l&rsquo;ordre du jour des re\u0301unions qui se de\u0301roulent sur deux jours en Co\u0302te d&rsquo;Ivoire, a\u0300 l&rsquo;initiative de la communaute\u0301 e\u0301conomique des E\u0301tats de l&rsquo;Afrique de l&rsquo;Ouest, avec la participation d&rsquo;experts, d&rsquo;institutions [&hellip;]<\/p>\n","protected":false},"author":82,"featured_media":39345,"comment_status":"open","ping_status":"closed","sticky":false,"template":"","format":"standard","meta":{"footnotes":""},"categories":[3,10],"tags":[58],"class_list":["post-39346","post","type-post","status-publish","format-standard","has-post-thumbnail","hentry","category-economie","category-toutes-les-actualites","tag-guinee"],"yoast_head":"<!-- This site is optimized with the Yoast SEO Premium plugin v26.1 (Yoast SEO v27.0) - https:\/\/yoast.com\/product\/yoast-seo-premium-wordpress\/ -->\n<title>Le March\u00e9 Commun D&#039;Afrique de L&#039;Ouest et la CEDEAO - guinee Conakry<\/title>\n<meta name=\"description\" content=\"-article-header-tag&quot;&gt; Africa-Press - Guine\u0301e. La question de la suppression de ...\" \/>\n<meta name=\"robots\" content=\"index, follow, max-snippet:-1, max-image-preview:large, max-video-preview:-1\" \/>\n<link rel=\"canonical\" href=\"https:\/\/www.africa-press.net\/guinee-conakry\/economie\/le-marche-commun-dafrique-de-louest-et-la-cedeao\" \/>\n<meta property=\"og:locale\" content=\"fr_FR\" \/>\n<meta property=\"og:type\" content=\"article\" \/>\n<meta property=\"og:title\" content=\"Le March\u00e9 Commun D&#039;Afrique de L&#039;Ouest et la CEDEAO\" \/>\n<meta property=\"og:description\" content=\"-article-header-tag&quot;&gt; Africa-Press - Guine\u0301e. La question de la suppression de ...\" \/>\n<meta property=\"og:url\" content=\"https:\/\/www.africa-press.net\/guinee-conakry\/economie\/le-marche-commun-dafrique-de-louest-et-la-cedeao\" \/>\n<meta property=\"og:site_name\" content=\"guinee Conakry\" \/>\n<meta property=\"article:published_time\" content=\"2026-04-30T21:08:28+00:00\" \/>\n<meta property=\"article:modified_time\" content=\"2026-05-01T00:40:24+00:00\" \/>\n<meta property=\"og:image\" content=\"https:\/\/static.africa-press.net\/conakry\/sites\/63\/2026\/05\/sm_1777594709.876183.jpg\" \/>\n\t<meta property=\"og:image:width\" content=\"1024\" \/>\n\t<meta property=\"og:image:height\" content=\"576\" \/>\n\t<meta property=\"og:image:type\" content=\"image\/jpeg\" \/>\n<meta name=\"author\" content=\"cfeditorfr\" \/>\n<meta name=\"twitter:card\" content=\"summary_large_image\" \/>\n<meta name=\"twitter:label1\" content=\"\u00c9crit par\" \/>\n\t<meta name=\"twitter:data1\" content=\"cfeditorfr\" \/>\n\t<meta name=\"twitter:label2\" content=\"Dur\u00e9e de lecture estim\u00e9e\" \/>\n\t<meta name=\"twitter:data2\" content=\"3 minutes\" \/>\n<script type=\"application\/ld+json\" class=\"yoast-schema-graph\">{\"@context\":\"https:\/\/schema.org\",\"@graph\":[{\"@type\":\"Article\",\"@id\":\"https:\/\/www.africa-press.net\/guinee-conakry\/economie\/le-marche-commun-dafrique-de-louest-et-la-cedeao#article\",\"isPartOf\":{\"@id\":\"https:\/\/www.africa-press.net\/guinee-conakry\/economie\/le-marche-commun-dafrique-de-louest-et-la-cedeao\"},\"author\":{\"name\":\"cfeditorfr\",\"@id\":\"https:\/\/www.africa-press.net\/guinee-conakry\/#\/schema\/person\/2b1cf3cd81a31e3cd26889ca66d677f1\"},\"headline\":\"Le March\u00e9 Commun D&rsquo;Afrique de L&rsquo;Ouest et la CEDEAO\",\"datePublished\":\"2026-04-30T21:08:28+00:00\",\"dateModified\":\"2026-05-01T00:40:24+00:00\",\"mainEntityOfPage\":{\"@id\":\"https:\/\/www.africa-press.net\/guinee-conakry\/economie\/le-marche-commun-dafrique-de-louest-et-la-cedeao\"},\"wordCount\":498,\"commentCount\":0,\"image\":{\"@id\":\"https:\/\/www.africa-press.net\/guinee-conakry\/economie\/le-marche-commun-dafrique-de-louest-et-la-cedeao#primaryimage\"},\"thumbnailUrl\":\"https:\/\/static.africa-press.net\/conakry\/sites\/63\/2026\/05\/sm_1777594709.876183.jpg\",\"keywords\":[\"Guin\u00e9e\"],\"articleSection\":[\"\u00c9conomie\",\"Toutes les actualit\u00e9s\"],\"inLanguage\":\"fr-FR\",\"potentialAction\":[{\"@type\":\"CommentAction\",\"name\":\"Comment\",\"target\":[\"https:\/\/www.africa-press.net\/guinee-conakry\/economie\/le-marche-commun-dafrique-de-louest-et-la-cedeao#respond\"]}]},{\"@type\":\"WebPage\",\"@id\":\"https:\/\/www.africa-press.net\/guinee-conakry\/economie\/le-marche-commun-dafrique-de-louest-et-la-cedeao\",\"url\":\"https:\/\/www.africa-press.net\/guinee-conakry\/economie\/le-marche-commun-dafrique-de-louest-et-la-cedeao\",\"name\":\"Le March\u00e9 Commun D'Afrique de L'Ouest et la CEDEAO - guinee Conakry\",\"isPartOf\":{\"@id\":\"https:\/\/www.africa-press.net\/guinee-conakry\/#website\"},\"primaryImageOfPage\":{\"@id\":\"https:\/\/www.africa-press.net\/guinee-conakry\/economie\/le-marche-commun-dafrique-de-louest-et-la-cedeao#primaryimage\"},\"image\":{\"@id\":\"https:\/\/www.africa-press.net\/guinee-conakry\/economie\/le-marche-commun-dafrique-de-louest-et-la-cedeao#primaryimage\"},\"thumbnailUrl\":\"https:\/\/static.africa-press.net\/conakry\/sites\/63\/2026\/05\/sm_1777594709.876183.jpg\",\"datePublished\":\"2026-04-30T21:08:28+00:00\",\"dateModified\":\"2026-05-01T00:40:24+00:00\",\"author\":{\"@id\":\"https:\/\/www.africa-press.net\/guinee-conakry\/#\/schema\/person\/2b1cf3cd81a31e3cd26889ca66d677f1\"},\"description\":\"-article-header-tag\\\"> Africa-Press - Guine\u0301e. La question de la suppression de ...\",\"breadcrumb\":{\"@id\":\"https:\/\/www.africa-press.net\/guinee-conakry\/economie\/le-marche-commun-dafrique-de-louest-et-la-cedeao#breadcrumb\"},\"inLanguage\":\"fr-FR\",\"potentialAction\":[{\"@type\":\"ReadAction\",\"target\":[\"https:\/\/www.africa-press.net\/guinee-conakry\/economie\/le-marche-commun-dafrique-de-louest-et-la-cedeao\"]}]},{\"@type\":\"ImageObject\",\"inLanguage\":\"fr-FR\",\"@id\":\"https:\/\/www.africa-press.net\/guinee-conakry\/economie\/le-marche-commun-dafrique-de-louest-et-la-cedeao#primaryimage\",\"url\":\"https:\/\/static.africa-press.net\/conakry\/sites\/63\/2026\/05\/sm_1777594709.876183.jpg\",\"contentUrl\":\"https:\/\/static.africa-press.net\/conakry\/sites\/63\/2026\/05\/sm_1777594709.876183.jpg\",\"width\":1024,\"height\":576,\"caption\":\"Le March\u00e9 Commun D'Afrique de L'Ouest et la CEDEAO\"},{\"@type\":\"BreadcrumbList\",\"@id\":\"https:\/\/www.africa-press.net\/guinee-conakry\/economie\/le-marche-commun-dafrique-de-louest-et-la-cedeao#breadcrumb\",\"itemListElement\":[{\"@type\":\"ListItem\",\"position\":1,\"name\":\"Accueil\",\"item\":\"https:\/\/www.africa-press.net\/guinee-conakry\/\"},{\"@type\":\"ListItem\",\"position\":2,\"name\":\"Le March\u00e9 Commun D&#8217;Afrique de L&#8217;Ouest et la CEDEAO\"}]},{\"@type\":\"WebSite\",\"@id\":\"https:\/\/www.africa-press.net\/guinee-conakry\/#website\",\"url\":\"https:\/\/www.africa-press.net\/guinee-conakry\/\",\"name\":\"guinee Conakry\",\"description\":\"Just another Africa News Agency Sites site\",\"potentialAction\":[{\"@type\":\"SearchAction\",\"target\":{\"@type\":\"EntryPoint\",\"urlTemplate\":\"https:\/\/www.africa-press.net\/guinee-conakry\/?s={search_term_string}\"},\"query-input\":{\"@type\":\"PropertyValueSpecification\",\"valueRequired\":true,\"valueName\":\"search_term_string\"}}],\"inLanguage\":\"fr-FR\"},{\"@type\":\"Person\",\"@id\":\"https:\/\/www.africa-press.net\/guinee-conakry\/#\/schema\/person\/2b1cf3cd81a31e3cd26889ca66d677f1\",\"name\":\"cfeditorfr\"}]}<\/script>\n<!-- \/ Yoast SEO Premium plugin. -->","yoast_head_json":{"title":"Le March\u00e9 Commun D'Afrique de L'Ouest et la CEDEAO - guinee Conakry","description":"-article-header-tag\"> Africa-Press - Guine\u0301e. La question de la suppression de ...","robots":{"index":"index","follow":"follow","max-snippet":"max-snippet:-1","max-image-preview":"max-image-preview:large","max-video-preview":"max-video-preview:-1"},"canonical":"https:\/\/www.africa-press.net\/guinee-conakry\/economie\/le-marche-commun-dafrique-de-louest-et-la-cedeao","og_locale":"fr_FR","og_type":"article","og_title":"Le March\u00e9 Commun D'Afrique de L'Ouest et la CEDEAO","og_description":"-article-header-tag\"> Africa-Press - Guine\u0301e. La question de la suppression de ...","og_url":"https:\/\/www.africa-press.net\/guinee-conakry\/economie\/le-marche-commun-dafrique-de-louest-et-la-cedeao","og_site_name":"guinee Conakry","article_published_time":"2026-04-30T21:08:28+00:00","article_modified_time":"2026-05-01T00:40:24+00:00","og_image":[{"width":1024,"height":576,"url":"https:\/\/static.africa-press.net\/conakry\/sites\/63\/2026\/05\/sm_1777594709.876183.jpg","type":"image\/jpeg"}],"author":"cfeditorfr","twitter_card":"summary_large_image","twitter_misc":{"\u00c9crit par":"cfeditorfr","Dur\u00e9e de lecture estim\u00e9e":"3 minutes"},"schema":{"@context":"https:\/\/schema.org","@graph":[{"@type":"Article","@id":"https:\/\/www.africa-press.net\/guinee-conakry\/economie\/le-marche-commun-dafrique-de-louest-et-la-cedeao#article","isPartOf":{"@id":"https:\/\/www.africa-press.net\/guinee-conakry\/economie\/le-marche-commun-dafrique-de-louest-et-la-cedeao"},"author":{"name":"cfeditorfr","@id":"https:\/\/www.africa-press.net\/guinee-conakry\/#\/schema\/person\/2b1cf3cd81a31e3cd26889ca66d677f1"},"headline":"Le March\u00e9 Commun D&rsquo;Afrique de L&rsquo;Ouest et la CEDEAO","datePublished":"2026-04-30T21:08:28+00:00","dateModified":"2026-05-01T00:40:24+00:00","mainEntityOfPage":{"@id":"https:\/\/www.africa-press.net\/guinee-conakry\/economie\/le-marche-commun-dafrique-de-louest-et-la-cedeao"},"wordCount":498,"commentCount":0,"image":{"@id":"https:\/\/www.africa-press.net\/guinee-conakry\/economie\/le-marche-commun-dafrique-de-louest-et-la-cedeao#primaryimage"},"thumbnailUrl":"https:\/\/static.africa-press.net\/conakry\/sites\/63\/2026\/05\/sm_1777594709.876183.jpg","keywords":["Guin\u00e9e"],"articleSection":["\u00c9conomie","Toutes les actualit\u00e9s"],"inLanguage":"fr-FR","potentialAction":[{"@type":"CommentAction","name":"Comment","target":["https:\/\/www.africa-press.net\/guinee-conakry\/economie\/le-marche-commun-dafrique-de-louest-et-la-cedeao#respond"]}]},{"@type":"WebPage","@id":"https:\/\/www.africa-press.net\/guinee-conakry\/economie\/le-marche-commun-dafrique-de-louest-et-la-cedeao","url":"https:\/\/www.africa-press.net\/guinee-conakry\/economie\/le-marche-commun-dafrique-de-louest-et-la-cedeao","name":"Le March\u00e9 Commun D'Afrique de L'Ouest et la CEDEAO - guinee Conakry","isPartOf":{"@id":"https:\/\/www.africa-press.net\/guinee-conakry\/#website"},"primaryImageOfPage":{"@id":"https:\/\/www.africa-press.net\/guinee-conakry\/economie\/le-marche-commun-dafrique-de-louest-et-la-cedeao#primaryimage"},"image":{"@id":"https:\/\/www.africa-press.net\/guinee-conakry\/economie\/le-marche-commun-dafrique-de-louest-et-la-cedeao#primaryimage"},"thumbnailUrl":"https:\/\/static.africa-press.net\/conakry\/sites\/63\/2026\/05\/sm_1777594709.876183.jpg","datePublished":"2026-04-30T21:08:28+00:00","dateModified":"2026-05-01T00:40:24+00:00","author":{"@id":"https:\/\/www.africa-press.net\/guinee-conakry\/#\/schema\/person\/2b1cf3cd81a31e3cd26889ca66d677f1"},"description":"-article-header-tag\"> Africa-Press - Guine\u0301e. La question de la suppression de ...","breadcrumb":{"@id":"https:\/\/www.africa-press.net\/guinee-conakry\/economie\/le-marche-commun-dafrique-de-louest-et-la-cedeao#breadcrumb"},"inLanguage":"fr-FR","potentialAction":[{"@type":"ReadAction","target":["https:\/\/www.africa-press.net\/guinee-conakry\/economie\/le-marche-commun-dafrique-de-louest-et-la-cedeao"]}]},{"@type":"ImageObject","inLanguage":"fr-FR","@id":"https:\/\/www.africa-press.net\/guinee-conakry\/economie\/le-marche-commun-dafrique-de-louest-et-la-cedeao#primaryimage","url":"https:\/\/static.africa-press.net\/conakry\/sites\/63\/2026\/05\/sm_1777594709.876183.jpg","contentUrl":"https:\/\/static.africa-press.net\/conakry\/sites\/63\/2026\/05\/sm_1777594709.876183.jpg","width":1024,"height":576,"caption":"Le March\u00e9 Commun D'Afrique de L'Ouest et la CEDEAO"},{"@type":"BreadcrumbList","@id":"https:\/\/www.africa-press.net\/guinee-conakry\/economie\/le-marche-commun-dafrique-de-louest-et-la-cedeao#breadcrumb","itemListElement":[{"@type":"ListItem","position":1,"name":"Accueil","item":"https:\/\/www.africa-press.net\/guinee-conakry\/"},{"@type":"ListItem","position":2,"name":"Le March\u00e9 Commun D&#8217;Afrique de L&#8217;Ouest et la CEDEAO"}]},{"@type":"WebSite","@id":"https:\/\/www.africa-press.net\/guinee-conakry\/#website","url":"https:\/\/www.africa-press.net\/guinee-conakry\/","name":"guinee Conakry","description":"Just another Africa News Agency Sites site","potentialAction":[{"@type":"SearchAction","target":{"@type":"EntryPoint","urlTemplate":"https:\/\/www.africa-press.net\/guinee-conakry\/?s={search_term_string}"},"query-input":{"@type":"PropertyValueSpecification","valueRequired":true,"valueName":"search_term_string"}}],"inLanguage":"fr-FR"},{"@type":"Person","@id":"https:\/\/www.africa-press.net\/guinee-conakry\/#\/schema\/person\/2b1cf3cd81a31e3cd26889ca66d677f1","name":"cfeditorfr"}]}},"_links":{"self":[{"href":"https:\/\/www.africa-press.net\/guinee-conakry\/wp-json\/wp\/v2\/posts\/39346","targetHints":{"allow":["GET"]}}],"collection":[{"href":"https:\/\/www.africa-press.net\/guinee-conakry\/wp-json\/wp\/v2\/posts"}],"about":[{"href":"https:\/\/www.africa-press.net\/guinee-conakry\/wp-json\/wp\/v2\/types\/post"}],"author":[{"embeddable":true,"href":"https:\/\/www.africa-press.net\/guinee-conakry\/wp-json\/wp\/v2\/users\/82"}],"replies":[{"embeddable":true,"href":"https:\/\/www.africa-press.net\/guinee-conakry\/wp-json\/wp\/v2\/comments?post=39346"}],"version-history":[{"count":1,"href":"https:\/\/www.africa-press.net\/guinee-conakry\/wp-json\/wp\/v2\/posts\/39346\/revisions"}],"predecessor-version":[{"id":39351,"href":"https:\/\/www.africa-press.net\/guinee-conakry\/wp-json\/wp\/v2\/posts\/39346\/revisions\/39351"}],"wp:featuredmedia":[{"embeddable":true,"href":"https:\/\/www.africa-press.net\/guinee-conakry\/wp-json\/wp\/v2\/media\/39345"}],"wp:attachment":[{"href":"https:\/\/www.africa-press.net\/guinee-conakry\/wp-json\/wp\/v2\/media?parent=39346"}],"wp:term":[{"taxonomy":"category","embeddable":true,"href":"https:\/\/www.africa-press.net\/guinee-conakry\/wp-json\/wp\/v2\/categories?post=39346"},{"taxonomy":"post_tag","embeddable":true,"href":"https:\/\/www.africa-press.net\/guinee-conakry\/wp-json\/wp\/v2\/tags?post=39346"}],"curies":[{"name":"wp","href":"https:\/\/api.w.org\/{rel}","templated":true}]}}