{"id":17079,"date":"2025-01-13T01:46:51","date_gmt":"2025-01-13T01:46:51","guid":{"rendered":"https:\/\/www.africa-press.net\/guinee-equatoriale\/politique\/debut-des-preparatifs-des-sessions-parlementaires-2025"},"modified":"2025-01-15T08:15:05","modified_gmt":"2025-01-15T08:15:05","slug":"debut-des-preparatifs-des-sessions-parlementaires-2025","status":"publish","type":"post","link":"https:\/\/www.africa-press.net\/guinee-equatoriale\/politique\/debut-des-preparatifs-des-sessions-parlementaires-2025","title":{"rendered":"D\u00e9but des Pr\u00e9paratifs des Sessions Parlementaires 2025"},"content":{"rendered":"<p><span style=\"color: #ff6600\"><strong>Africa-Press &#8211; Guinee Equatoriale. <\/strong><\/span>Les pre\u0301paratifs pour le premier cycle ordinaire des sessions parlementaires nationales de 2025 ont de\u0301bute\u0301 a\u0300 la Chambre des de\u0301pute\u0301s.<\/p>\n<p>Dans ce cadre, le pre\u0301sident de l\u2019institution parlementaire, Salomo\u0301n Nguema Owono, a rencontre\u0301 ce lundi les membres du bureau et le comite\u0301 des porte-parole pour e\u0301tablir le projet d\u2019ordre du jour des prochaines sessions parlementaires.<\/p>\n<p>Selon ce projet, les de\u0301pute\u0301s examineront plusieurs propositions de lois de\u0301ja\u0300 pre\u0301sente\u0301es par le gouvernement lors des pre\u0301ce\u0301dentes sessions, notamment la re\u0301forme de la loi sur le re\u0301gime de la proprie\u0301te\u0301 foncie\u0300re en Guine\u0301e e\u0301quatoriale, les projets de lois sur l\u2019ame\u0301nagement foncier, l\u2019expropriation force\u0301e et la cre\u0301ation et l\u2019e\u0301tablissement du cadastre national des terres.<\/p>\n<p>D\u2019autres projets de dispositions pre\u0301sente\u0301s par l\u2019exe\u0301cutif seront e\u0301galement analyse\u0301s pour adoption, le cas e\u0301che\u0301ant, par le Parlement national. Ce cycle de sessions comprendra aussi des auditions de membres du gouvernement, des contro\u0302les des entreprises publiques et organismes autonomes, ainsi que l\u2019analyse des plaintes des citoyens et la pre\u0301sentation des rapports des commissions et de\u0301le\u0301gations parlementaires.<\/p>\n<p>Lors de cette premie\u0300re re\u0301union de l\u2019anne\u0301e 2025, le pre\u0301sident de la Chambre des de\u0301pute\u0301s a adresse\u0301 ses v\u0153ux de bonne anne\u0301e aux membres du bureau et aux porte-parole des groupes parlementaires, en leur souhaitant une pe\u0301riode productive.<\/p>\n<p><strong>Pour plus d&rsquo;informations et d&rsquo;analyses sur la <span style=\"color: #ff6600\">Guinee Equatoriale<\/span>, suivez <span style=\"color: #ff6600\">Africa-Press<span style=\"color: #ff6600\"><\/span><\/strong><\/p>\n","protected":false},"excerpt":{"rendered":"<p>Africa-Press &#8211; Guinee Equatoriale. Les pre\u0301paratifs pour le premier cycle ordinaire des sessions parlementaires nationales de 2025 ont de\u0301bute\u0301 a\u0300 la Chambre des de\u0301pute\u0301s. Dans ce cadre, le pre\u0301sident de l\u2019institution parlementaire, Salomo\u0301n Nguema Owono, a rencontre\u0301 ce lundi les membres du bureau et le comite\u0301 des porte-parole pour e\u0301tablir le projet d\u2019ordre du jour [&hellip;]<\/p>\n","protected":false},"author":82,"featured_media":17078,"comment_status":"open","ping_status":"closed","sticky":false,"template":"","format":"standard","meta":{"footnotes":""},"categories":[2,10],"tags":[50],"class_list":["post-17079","post","type-post","status-publish","format-standard","has-post-thumbnail","hentry","category-politique","category-toutes-les-actualites","tag-guinee-equatoriale"],"yoast_head":"<!-- This site is optimized with the Yoast SEO Premium plugin v26.1 (Yoast SEO v27.0) - https:\/\/yoast.com\/product\/yoast-seo-premium-wordpress\/ -->\n<title>D\u00e9but des Pr\u00e9paratifs des Sessions Parlementaires 2025 - Guin\u00e9e \u00e9quatoriale<\/title>\n<meta name=\"robots\" content=\"index, follow, max-snippet:-1, max-image-preview:large, max-video-preview:-1\" \/>\n<link rel=\"canonical\" href=\"https:\/\/www.africa-press.net\/guinee-equatoriale\/politique\/debut-des-preparatifs-des-sessions-parlementaires-2025\" \/>\n<meta property=\"og:locale\" content=\"fr_FR\" \/>\n<meta property=\"og:type\" content=\"article\" \/>\n<meta property=\"og:title\" content=\"D\u00e9but des Pr\u00e9paratifs des Sessions Parlementaires 2025\" \/>\n<meta property=\"og:description\" content=\"Africa-Press &#8211; Guinee Equatoriale. Les pre\u0301paratifs pour le premier cycle ordinaire des sessions parlementaires nationales de 2025 ont de\u0301bute\u0301 a\u0300 la Chambre des de\u0301pute\u0301s. Dans ce cadre, le pre\u0301sident de l\u2019institution parlementaire, Salomo\u0301n Nguema Owono, a rencontre\u0301 ce lundi les membres du bureau et le comite\u0301 des porte-parole pour e\u0301tablir le projet d\u2019ordre du jour [&hellip;]\" \/>\n<meta property=\"og:url\" content=\"https:\/\/www.africa-press.net\/guinee-equatoriale\/politique\/debut-des-preparatifs-des-sessions-parlementaires-2025\" \/>\n<meta property=\"og:site_name\" content=\"Guin\u00e9e \u00e9quatoriale\" \/>\n<meta property=\"article:published_time\" content=\"2025-01-13T01:46:51+00:00\" \/>\n<meta property=\"article:modified_time\" content=\"2025-01-15T08:15:05+00:00\" \/>\n<meta property=\"og:image\" content=\"https:\/\/static.africa-press.net\/guinee-equatoriale\/sites\/53\/2025\/01\/sm_1736897382.198015.jpg\" \/>\n\t<meta property=\"og:image:width\" content=\"1200\" \/>\n\t<meta property=\"og:image:height\" content=\"799\" \/>\n\t<meta property=\"og:image:type\" content=\"image\/jpeg\" \/>\n<meta name=\"author\" content=\"cfeditorfr\" \/>\n<meta name=\"twitter:card\" content=\"summary_large_image\" \/>\n<meta name=\"twitter:label1\" content=\"\u00c9crit par\" \/>\n\t<meta name=\"twitter:data1\" content=\"cfeditorfr\" \/>\n\t<meta name=\"twitter:label2\" content=\"Dur\u00e9e de lecture estim\u00e9e\" \/>\n\t<meta name=\"twitter:data2\" content=\"1 minute\" \/>\n<script type=\"application\/ld+json\" class=\"yoast-schema-graph\">{\"@context\":\"https:\/\/schema.org\",\"@graph\":[{\"@type\":\"Article\",\"@id\":\"https:\/\/www.africa-press.net\/guinee-equatoriale\/politique\/debut-des-preparatifs-des-sessions-parlementaires-2025#article\",\"isPartOf\":{\"@id\":\"https:\/\/www.africa-press.net\/guinee-equatoriale\/politique\/debut-des-preparatifs-des-sessions-parlementaires-2025\"},\"author\":{\"name\":\"cfeditorfr\",\"@id\":\"https:\/\/www.africa-press.net\/guinee-equatoriale\/#\/schema\/person\/2b1cf3cd81a31e3cd26889ca66d677f1\"},\"headline\":\"D\u00e9but des Pr\u00e9paratifs des Sessions Parlementaires 2025\",\"datePublished\":\"2025-01-13T01:46:51+00:00\",\"dateModified\":\"2025-01-15T08:15:05+00:00\",\"mainEntityOfPage\":{\"@id\":\"https:\/\/www.africa-press.net\/guinee-equatoriale\/politique\/debut-des-preparatifs-des-sessions-parlementaires-2025\"},\"wordCount\":279,\"commentCount\":0,\"image\":{\"@id\":\"https:\/\/www.africa-press.net\/guinee-equatoriale\/politique\/debut-des-preparatifs-des-sessions-parlementaires-2025#primaryimage\"},\"thumbnailUrl\":\"https:\/\/static.africa-press.net\/guinee-equatoriale\/sites\/53\/2025\/01\/sm_1736897382.198015.jpg\",\"keywords\":[\"Guinee Equatoriale\"],\"articleSection\":[\"Politique\",\"Toutes les actualit\u00e9s\"],\"inLanguage\":\"fr-FR\",\"potentialAction\":[{\"@type\":\"CommentAction\",\"name\":\"Comment\",\"target\":[\"https:\/\/www.africa-press.net\/guinee-equatoriale\/politique\/debut-des-preparatifs-des-sessions-parlementaires-2025#respond\"]}]},{\"@type\":\"WebPage\",\"@id\":\"https:\/\/www.africa-press.net\/guinee-equatoriale\/politique\/debut-des-preparatifs-des-sessions-parlementaires-2025\",\"url\":\"https:\/\/www.africa-press.net\/guinee-equatoriale\/politique\/debut-des-preparatifs-des-sessions-parlementaires-2025\",\"name\":\"D\u00e9but des Pr\u00e9paratifs des Sessions Parlementaires 2025 - Guin\u00e9e \u00e9quatoriale\",\"isPartOf\":{\"@id\":\"https:\/\/www.africa-press.net\/guinee-equatoriale\/#website\"},\"primaryImageOfPage\":{\"@id\":\"https:\/\/www.africa-press.net\/guinee-equatoriale\/politique\/debut-des-preparatifs-des-sessions-parlementaires-2025#primaryimage\"},\"image\":{\"@id\":\"https:\/\/www.africa-press.net\/guinee-equatoriale\/politique\/debut-des-preparatifs-des-sessions-parlementaires-2025#primaryimage\"},\"thumbnailUrl\":\"https:\/\/static.africa-press.net\/guinee-equatoriale\/sites\/53\/2025\/01\/sm_1736897382.198015.jpg\",\"datePublished\":\"2025-01-13T01:46:51+00:00\",\"dateModified\":\"2025-01-15T08:15:05+00:00\",\"author\":{\"@id\":\"https:\/\/www.africa-press.net\/guinee-equatoriale\/#\/schema\/person\/2b1cf3cd81a31e3cd26889ca66d677f1\"},\"breadcrumb\":{\"@id\":\"https:\/\/www.africa-press.net\/guinee-equatoriale\/politique\/debut-des-preparatifs-des-sessions-parlementaires-2025#breadcrumb\"},\"inLanguage\":\"fr-FR\",\"potentialAction\":[{\"@type\":\"ReadAction\",\"target\":[\"https:\/\/www.africa-press.net\/guinee-equatoriale\/politique\/debut-des-preparatifs-des-sessions-parlementaires-2025\"]}]},{\"@type\":\"ImageObject\",\"inLanguage\":\"fr-FR\",\"@id\":\"https:\/\/www.africa-press.net\/guinee-equatoriale\/politique\/debut-des-preparatifs-des-sessions-parlementaires-2025#primaryimage\",\"url\":\"https:\/\/static.africa-press.net\/guinee-equatoriale\/sites\/53\/2025\/01\/sm_1736897382.198015.jpg\",\"contentUrl\":\"https:\/\/static.africa-press.net\/guinee-equatoriale\/sites\/53\/2025\/01\/sm_1736897382.198015.jpg\",\"width\":1200,\"height\":799,\"caption\":\"D\u00e9but des Pr\u00e9paratifs des Sessions Parlementaires 2025\"},{\"@type\":\"BreadcrumbList\",\"@id\":\"https:\/\/www.africa-press.net\/guinee-equatoriale\/politique\/debut-des-preparatifs-des-sessions-parlementaires-2025#breadcrumb\",\"itemListElement\":[{\"@type\":\"ListItem\",\"position\":1,\"name\":\"Accueil\",\"item\":\"https:\/\/www.africa-press.net\/guinee-equatoriale\/\"},{\"@type\":\"ListItem\",\"position\":2,\"name\":\"D\u00e9but des Pr\u00e9paratifs des Sessions Parlementaires 2025\"}]},{\"@type\":\"WebSite\",\"@id\":\"https:\/\/www.africa-press.net\/guinee-equatoriale\/#website\",\"url\":\"https:\/\/www.africa-press.net\/guinee-equatoriale\/\",\"name\":\"Guin\u00e9e \u00e9quatoriale\",\"description\":\"Just another Africa News Agency Sites site\",\"potentialAction\":[{\"@type\":\"SearchAction\",\"target\":{\"@type\":\"EntryPoint\",\"urlTemplate\":\"https:\/\/www.africa-press.net\/guinee-equatoriale\/?s={search_term_string}\"},\"query-input\":{\"@type\":\"PropertyValueSpecification\",\"valueRequired\":true,\"valueName\":\"search_term_string\"}}],\"inLanguage\":\"fr-FR\"},{\"@type\":\"Person\",\"@id\":\"https:\/\/www.africa-press.net\/guinee-equatoriale\/#\/schema\/person\/2b1cf3cd81a31e3cd26889ca66d677f1\",\"name\":\"cfeditorfr\"}]}<\/script>\n<!-- \/ Yoast SEO Premium plugin. -->","yoast_head_json":{"title":"D\u00e9but des Pr\u00e9paratifs des Sessions Parlementaires 2025 - Guin\u00e9e \u00e9quatoriale","robots":{"index":"index","follow":"follow","max-snippet":"max-snippet:-1","max-image-preview":"max-image-preview:large","max-video-preview":"max-video-preview:-1"},"canonical":"https:\/\/www.africa-press.net\/guinee-equatoriale\/politique\/debut-des-preparatifs-des-sessions-parlementaires-2025","og_locale":"fr_FR","og_type":"article","og_title":"D\u00e9but des Pr\u00e9paratifs des Sessions Parlementaires 2025","og_description":"Africa-Press &#8211; Guinee Equatoriale. Les pre\u0301paratifs pour le premier cycle ordinaire des sessions parlementaires nationales de 2025 ont de\u0301bute\u0301 a\u0300 la Chambre des de\u0301pute\u0301s. Dans ce cadre, le pre\u0301sident de l\u2019institution parlementaire, Salomo\u0301n Nguema Owono, a rencontre\u0301 ce lundi les membres du bureau et le comite\u0301 des porte-parole pour e\u0301tablir le projet d\u2019ordre du jour [&hellip;]","og_url":"https:\/\/www.africa-press.net\/guinee-equatoriale\/politique\/debut-des-preparatifs-des-sessions-parlementaires-2025","og_site_name":"Guin\u00e9e \u00e9quatoriale","article_published_time":"2025-01-13T01:46:51+00:00","article_modified_time":"2025-01-15T08:15:05+00:00","og_image":[{"width":1200,"height":799,"url":"https:\/\/static.africa-press.net\/guinee-equatoriale\/sites\/53\/2025\/01\/sm_1736897382.198015.jpg","type":"image\/jpeg"}],"author":"cfeditorfr","twitter_card":"summary_large_image","twitter_misc":{"\u00c9crit par":"cfeditorfr","Dur\u00e9e de lecture estim\u00e9e":"1 minute"},"schema":{"@context":"https:\/\/schema.org","@graph":[{"@type":"Article","@id":"https:\/\/www.africa-press.net\/guinee-equatoriale\/politique\/debut-des-preparatifs-des-sessions-parlementaires-2025#article","isPartOf":{"@id":"https:\/\/www.africa-press.net\/guinee-equatoriale\/politique\/debut-des-preparatifs-des-sessions-parlementaires-2025"},"author":{"name":"cfeditorfr","@id":"https:\/\/www.africa-press.net\/guinee-equatoriale\/#\/schema\/person\/2b1cf3cd81a31e3cd26889ca66d677f1"},"headline":"D\u00e9but des Pr\u00e9paratifs des Sessions Parlementaires 2025","datePublished":"2025-01-13T01:46:51+00:00","dateModified":"2025-01-15T08:15:05+00:00","mainEntityOfPage":{"@id":"https:\/\/www.africa-press.net\/guinee-equatoriale\/politique\/debut-des-preparatifs-des-sessions-parlementaires-2025"},"wordCount":279,"commentCount":0,"image":{"@id":"https:\/\/www.africa-press.net\/guinee-equatoriale\/politique\/debut-des-preparatifs-des-sessions-parlementaires-2025#primaryimage"},"thumbnailUrl":"https:\/\/static.africa-press.net\/guinee-equatoriale\/sites\/53\/2025\/01\/sm_1736897382.198015.jpg","keywords":["Guinee Equatoriale"],"articleSection":["Politique","Toutes les actualit\u00e9s"],"inLanguage":"fr-FR","potentialAction":[{"@type":"CommentAction","name":"Comment","target":["https:\/\/www.africa-press.net\/guinee-equatoriale\/politique\/debut-des-preparatifs-des-sessions-parlementaires-2025#respond"]}]},{"@type":"WebPage","@id":"https:\/\/www.africa-press.net\/guinee-equatoriale\/politique\/debut-des-preparatifs-des-sessions-parlementaires-2025","url":"https:\/\/www.africa-press.net\/guinee-equatoriale\/politique\/debut-des-preparatifs-des-sessions-parlementaires-2025","name":"D\u00e9but des Pr\u00e9paratifs des Sessions Parlementaires 2025 - Guin\u00e9e \u00e9quatoriale","isPartOf":{"@id":"https:\/\/www.africa-press.net\/guinee-equatoriale\/#website"},"primaryImageOfPage":{"@id":"https:\/\/www.africa-press.net\/guinee-equatoriale\/politique\/debut-des-preparatifs-des-sessions-parlementaires-2025#primaryimage"},"image":{"@id":"https:\/\/www.africa-press.net\/guinee-equatoriale\/politique\/debut-des-preparatifs-des-sessions-parlementaires-2025#primaryimage"},"thumbnailUrl":"https:\/\/static.africa-press.net\/guinee-equatoriale\/sites\/53\/2025\/01\/sm_1736897382.198015.jpg","datePublished":"2025-01-13T01:46:51+00:00","dateModified":"2025-01-15T08:15:05+00:00","author":{"@id":"https:\/\/www.africa-press.net\/guinee-equatoriale\/#\/schema\/person\/2b1cf3cd81a31e3cd26889ca66d677f1"},"breadcrumb":{"@id":"https:\/\/www.africa-press.net\/guinee-equatoriale\/politique\/debut-des-preparatifs-des-sessions-parlementaires-2025#breadcrumb"},"inLanguage":"fr-FR","potentialAction":[{"@type":"ReadAction","target":["https:\/\/www.africa-press.net\/guinee-equatoriale\/politique\/debut-des-preparatifs-des-sessions-parlementaires-2025"]}]},{"@type":"ImageObject","inLanguage":"fr-FR","@id":"https:\/\/www.africa-press.net\/guinee-equatoriale\/politique\/debut-des-preparatifs-des-sessions-parlementaires-2025#primaryimage","url":"https:\/\/static.africa-press.net\/guinee-equatoriale\/sites\/53\/2025\/01\/sm_1736897382.198015.jpg","contentUrl":"https:\/\/static.africa-press.net\/guinee-equatoriale\/sites\/53\/2025\/01\/sm_1736897382.198015.jpg","width":1200,"height":799,"caption":"D\u00e9but des Pr\u00e9paratifs des Sessions Parlementaires 2025"},{"@type":"BreadcrumbList","@id":"https:\/\/www.africa-press.net\/guinee-equatoriale\/politique\/debut-des-preparatifs-des-sessions-parlementaires-2025#breadcrumb","itemListElement":[{"@type":"ListItem","position":1,"name":"Accueil","item":"https:\/\/www.africa-press.net\/guinee-equatoriale\/"},{"@type":"ListItem","position":2,"name":"D\u00e9but des Pr\u00e9paratifs des Sessions Parlementaires 2025"}]},{"@type":"WebSite","@id":"https:\/\/www.africa-press.net\/guinee-equatoriale\/#website","url":"https:\/\/www.africa-press.net\/guinee-equatoriale\/","name":"Guin\u00e9e \u00e9quatoriale","description":"Just another Africa News Agency Sites site","potentialAction":[{"@type":"SearchAction","target":{"@type":"EntryPoint","urlTemplate":"https:\/\/www.africa-press.net\/guinee-equatoriale\/?s={search_term_string}"},"query-input":{"@type":"PropertyValueSpecification","valueRequired":true,"valueName":"search_term_string"}}],"inLanguage":"fr-FR"},{"@type":"Person","@id":"https:\/\/www.africa-press.net\/guinee-equatoriale\/#\/schema\/person\/2b1cf3cd81a31e3cd26889ca66d677f1","name":"cfeditorfr"}]}},"_links":{"self":[{"href":"https:\/\/www.africa-press.net\/guinee-equatoriale\/wp-json\/wp\/v2\/posts\/17079","targetHints":{"allow":["GET"]}}],"collection":[{"href":"https:\/\/www.africa-press.net\/guinee-equatoriale\/wp-json\/wp\/v2\/posts"}],"about":[{"href":"https:\/\/www.africa-press.net\/guinee-equatoriale\/wp-json\/wp\/v2\/types\/post"}],"author":[{"embeddable":true,"href":"https:\/\/www.africa-press.net\/guinee-equatoriale\/wp-json\/wp\/v2\/users\/82"}],"replies":[{"embeddable":true,"href":"https:\/\/www.africa-press.net\/guinee-equatoriale\/wp-json\/wp\/v2\/comments?post=17079"}],"version-history":[{"count":0,"href":"https:\/\/www.africa-press.net\/guinee-equatoriale\/wp-json\/wp\/v2\/posts\/17079\/revisions"}],"wp:featuredmedia":[{"embeddable":true,"href":"https:\/\/www.africa-press.net\/guinee-equatoriale\/wp-json\/wp\/v2\/media\/17078"}],"wp:attachment":[{"href":"https:\/\/www.africa-press.net\/guinee-equatoriale\/wp-json\/wp\/v2\/media?parent=17079"}],"wp:term":[{"taxonomy":"category","embeddable":true,"href":"https:\/\/www.africa-press.net\/guinee-equatoriale\/wp-json\/wp\/v2\/categories?post=17079"},{"taxonomy":"post_tag","embeddable":true,"href":"https:\/\/www.africa-press.net\/guinee-equatoriale\/wp-json\/wp\/v2\/tags?post=17079"}],"curies":[{"name":"wp","href":"https:\/\/api.w.org\/{rel}","templated":true}]}}