{"id":17459,"date":"2025-01-25T19:30:56","date_gmt":"2025-01-25T19:30:56","guid":{"rendered":"https:\/\/www.africa-press.net\/guinee-equatoriale\/politique\/trump-reintegre-cuba-sur-la-liste-des-pays-soutenant-le-terrorisme-reaction-de-lambassade-de-cuba-en-guinee-equatoriale"},"modified":"2025-05-05T00:43:40","modified_gmt":"2025-05-05T00:43:40","slug":"trump-reintegre-cuba-sur-la-liste-des-pays-soutenant-le-terrorisme-reaction-de-lambassade-de-cuba-en-guinee-equatoriale","status":"publish","type":"post","link":"https:\/\/www.africa-press.net\/guinee-equatoriale\/politique\/trump-reintegre-cuba-sur-la-liste-des-pays-soutenant-le-terrorisme-reaction-de-lambassade-de-cuba-en-guinee-equatoriale","title":{"rendered":"Trump Re\u0301inte\u0300gre Cuba sur la Liste des Pays Soutenant le Terrorisme: Re\u0301action de L&rsquo;Ambassade de Cuba en Guine\u0301e E\u0301Quatoriale"},"content":{"rendered":"<p><span style=\"color: #ff6600\"><strong>Africa-Press &#8211; Guinee Equatoriale. <\/strong><\/span>L&rsquo;Ambassade de Cuba en Guine\u0301e E\u0301quatoriale a re\u0301agi a\u0300 cette de\u0301cision, la qualifiant de \u00ab\u00a0arbitraire et contraire a\u0300 la ve\u0301rite\u0301\u00a0\u00bb. Le mardi 14 janvier de cette anne\u0301e, l&rsquo;ancien Pre\u0301sident des E\u0301tats-Unis, Joe Biden, avant de quitter la Maison Blanche, avait retire\u0301 Cuba de la liste des pays soutenant le terrorisme ; une de\u0301cision qui n\u2019a dure\u0301 que quelques jours, car le pre\u0301sident actuel, Donald Trump, a re\u0301inte\u0301gre\u0301 Cuba dans cette liste le lundi 20 janvier.<\/p>\n<p>A\u0300 ce sujet, des reporters de cette re\u0301daction se sont rendus le jeudi 23 janvier a\u0300 l&rsquo;Ambassade de Cuba en Guine\u0301e E\u0301quatoriale pour connai\u0302tre sa vision sur cette re\u0301cente de\u0301cision de Trump.<\/p>\n<p><b>Perspective de l&rsquo;Ambassade sur la de\u0301cision de Donald Trump<\/b><\/p>\n<p>En re\u0301ponse a\u0300 cette de\u0301cision, l&rsquo;Ambassade de Cuba en Guine\u0301e E\u0301quatoriale a exprime\u0301 son rejet ferme. Dans une de\u0301claration e\u0301mise le 21 janvier par le gouvernement cubain, il a e\u0301te\u0301 souligne\u0301 que l&rsquo;inclusion de Cuba dans cette liste \u00ab\u00a0est un acte arbitraire, sans justification, et qui refle\u0300te un me\u0301pris de la ve\u0301rite\u0301 et des institutions ame\u0301ricaines\u00a0\u00bb.<\/p>\n<p>Dans la me\u0302me ligne, l&rsquo;Ambassade conside\u0300re ce nouvel acte comme \u00ab\u00a0une agression du gouvernement des E\u0301tats-Unis contre le peuple cubain, montrant encore une fois le ve\u0301ritable objectif, cruel et impitoyable, de ces mesures de blocus et d&rsquo;e\u0301touffement, applique\u0301es contre Cuba dans un but de domination. Cela constitue une re\u0301action d&rsquo;impuissance face a\u0300 l&rsquo;incapacite\u0301 de briser notre volonte\u0301 et au respect, a\u0300 la sympathie et au soutien que la Re\u0301volution suscite parmi les peuples du monde\u00a0\u00bb, a affirme\u0301 l&rsquo;Ambassade.<\/p>\n<p><b>Impact sur les relations internationales<\/b><\/p>\n<p>Le re\u0301inte\u0301gration de Cuba sur cette liste a des implications profondes sur ses relations internationales. Selon l&rsquo;Ambassade, figurer sur cette liste se traduit par \u00ab\u00a0la fermeture de contrats, la perte de relations avec des institutions bancaires, des dettes, des retards dans l&rsquo;envoi et la re\u0301ception de fonds, de nourriture, de me\u0301dicaments, de carburant, de mate\u0301riaux, de pie\u0300ces de rechange, entre autres difficulte\u0301s avec des cou\u0302ts et des conse\u0301quences incalculables pour le peuple et l&rsquo;e\u0301conomie cubains\u00a0\u00bb. De plus, a\u0300 la suite de cette de\u0301cision, \u00ab\u00a0un voyageur visitant Cuba, par exemple, n\u2019est pas e\u0301ligible pour participer au syste\u0300me e\u0301lectronique d\u2019autorisation de voyage (ESTA) et doit demander un rendez-vous consulaire et un visa pour entrer aux E\u0301tats-Unis. Ce processus peut durer plus d&rsquo;un an\u00a0\u00bb, a assure\u0301 l&rsquo;Ambassade de Cuba a\u0300 Malabo.<\/p>\n<p><b>Re\u0301action du gouvernement cubain<\/b><\/p>\n<p>Le pre\u0301sident cubain, Miguel Di\u0301az-Canel Bermu\u0301dez, a qualifie\u0301 la de\u0301cision de Trump de \u00ab\u00a0moquerie et d\u2019abus, mettant en e\u0301vidence le discre\u0301dit des me\u0301canismes unilate\u0301raux de coercition du gouvernement des E\u0301tats-Unis\u00a0\u00bb, soulignant que la de\u0301cision n&rsquo;e\u0301tait pas surprenante, car la politique ame\u0301ricaine envers Cuba reste marque\u0301e par l&rsquo;Ordonnance Exe\u0301cutive 3447, qui a officialise\u0301 le blocus contre Cuba et a atteint ses 62 ans. \u00ab\u00a0Le gouvernement des E\u0301tats-Unis n\u2019a pas e\u0301te\u0301 capable de fournir un seul argument valable pour maintenir Cuba sur cette liste injustifie\u0301e\u00a0\u00bb, a insiste\u0301 Di\u0301az-Canel.<\/p>\n<p><b>Message de l&rsquo;Ambassade a\u0300 la communaute\u0301 internationale concernant la situation<\/b><\/p>\n<p>L&rsquo;Ambassade de Cuba en Guine\u0301e E\u0301quatoriale a adresse\u0301 un message a\u0300 la communaute\u0301 internationale: \u00ab\u00a0Nous pensons que ces menaces n&rsquo;affectent pas seulement Cuba, car demain tout pays qui ne suivra pas les ordres des E\u0301tats-Unis pourrait apparai\u0302tre sur une liste unilate\u0301rale. Le message est celui de plus d&rsquo;unite\u0301, de plus de multilate\u0301ralisme, de plus de coope\u0301ration internationale et de plus de respect des principes du droit international.\u00a0\u00bb<\/p>\n<p><strong>Pour plus d&rsquo;informations et d&rsquo;analyses sur la <span style=\"color: #ff6600\">Guinee Equatoriale<\/span>, suivez <span style=\"color: #ff6600\">Africa-Press<\/span><\/strong><\/p>\n","protected":false},"excerpt":{"rendered":"<p>Africa-Press &#8211; Guinee Equatoriale. L&rsquo;Ambassade de Cuba en Guine\u0301e E\u0301quatoriale a re\u0301agi a\u0300 cette de\u0301cision, la qualifiant de \u00ab\u00a0arbitraire et contraire a\u0300 la ve\u0301rite\u0301\u00a0\u00bb. Le mardi 14 janvier de cette anne\u0301e, l&rsquo;ancien Pre\u0301sident des E\u0301tats-Unis, Joe Biden, avant de quitter la Maison Blanche, avait retire\u0301 Cuba de la liste des pays soutenant le terrorisme ; [&hellip;]<\/p>\n","protected":false},"author":82,"featured_media":17458,"comment_status":"open","ping_status":"closed","sticky":false,"template":"","format":"standard","meta":{"footnotes":""},"categories":[2,20,10],"tags":[892,888,889,50,890,891],"class_list":["post-17459","post","type-post","status-publish","format-standard","has-post-thumbnail","hentry","category-politique","category-top-nouvelles","category-toutes-les-actualites","tag-actualidad","tag-embajada-de-cuba-en-guinea-ecuatorial","tag-estados-unidos","tag-guinee-equatoriale","tag-licitacion","tag-vehiculos-pmc"],"yoast_head":"<!-- This site is optimized with the Yoast SEO Premium plugin v26.1 (Yoast SEO v27.0) - https:\/\/yoast.com\/product\/yoast-seo-premium-wordpress\/ -->\n<title>Trump Re\u0301inte\u0300gre Cuba sur la Liste des Pays Soutenant le Terrorisme: Re\u0301action de L&#039;Ambassade de Cuba en Guine\u0301e E\u0301Quatoriale - Guin\u00e9e \u00e9quatoriale<\/title>\n<meta name=\"description\" content=\"L&#039;Ambassade de Cuba en Guine\u0301e E\u0301quatoriale a re\u0301agi a\u0300 cette de\u0301cision, la qualifiant de &quot;arbitraire et contraire a\u0300 la ...\" \/>\n<meta name=\"robots\" content=\"index, follow, max-snippet:-1, max-image-preview:large, max-video-preview:-1\" \/>\n<link rel=\"canonical\" href=\"https:\/\/www.africa-press.net\/guinee-equatoriale\/politique\/trump-reintegre-cuba-sur-la-liste-des-pays-soutenant-le-terrorisme-reaction-de-lambassade-de-cuba-en-guinee-equatoriale\" \/>\n<meta property=\"og:locale\" content=\"fr_FR\" \/>\n<meta property=\"og:type\" content=\"article\" \/>\n<meta property=\"og:title\" content=\"Trump Re\u0301inte\u0300gre Cuba sur la Liste des Pays Soutenant le Terrorisme: Re\u0301action de L&#039;Ambassade de Cuba en Guine\u0301e E\u0301Quatoriale\" \/>\n<meta property=\"og:description\" content=\"L&#039;Ambassade de Cuba en Guine\u0301e E\u0301quatoriale a re\u0301agi a\u0300 cette de\u0301cision, la qualifiant de &quot;arbitraire et contraire a\u0300 la ...\" \/>\n<meta property=\"og:url\" content=\"https:\/\/www.africa-press.net\/guinee-equatoriale\/politique\/trump-reintegre-cuba-sur-la-liste-des-pays-soutenant-le-terrorisme-reaction-de-lambassade-de-cuba-en-guinee-equatoriale\" \/>\n<meta property=\"og:site_name\" content=\"Guin\u00e9e \u00e9quatoriale\" \/>\n<meta property=\"article:published_time\" content=\"2025-01-25T19:30:56+00:00\" \/>\n<meta property=\"article:modified_time\" content=\"2025-05-05T00:43:40+00:00\" \/>\n<meta property=\"og:image\" content=\"https:\/\/static.africa-press.net\/guinee-equatoriale\/sites\/53\/2025\/01\/sm_1738084557.463343.jpg\" \/>\n\t<meta property=\"og:image:width\" content=\"720\" \/>\n\t<meta property=\"og:image:height\" content=\"386\" \/>\n\t<meta property=\"og:image:type\" content=\"image\/jpeg\" \/>\n<meta name=\"author\" content=\"cfeditorfr\" \/>\n<meta name=\"twitter:card\" content=\"summary_large_image\" \/>\n<meta name=\"twitter:label1\" content=\"\u00c9crit par\" \/>\n\t<meta name=\"twitter:data1\" content=\"cfeditorfr\" \/>\n\t<meta name=\"twitter:label2\" content=\"Dur\u00e9e de lecture estim\u00e9e\" \/>\n\t<meta name=\"twitter:data2\" content=\"4 minutes\" \/>\n<script type=\"application\/ld+json\" class=\"yoast-schema-graph\">{\"@context\":\"https:\/\/schema.org\",\"@graph\":[{\"@type\":\"Article\",\"@id\":\"https:\/\/www.africa-press.net\/guinee-equatoriale\/politique\/trump-reintegre-cuba-sur-la-liste-des-pays-soutenant-le-terrorisme-reaction-de-lambassade-de-cuba-en-guinee-equatoriale#article\",\"isPartOf\":{\"@id\":\"https:\/\/www.africa-press.net\/guinee-equatoriale\/politique\/trump-reintegre-cuba-sur-la-liste-des-pays-soutenant-le-terrorisme-reaction-de-lambassade-de-cuba-en-guinee-equatoriale\"},\"author\":{\"name\":\"cfeditorfr\",\"@id\":\"https:\/\/www.africa-press.net\/guinee-equatoriale\/#\/schema\/person\/2b1cf3cd81a31e3cd26889ca66d677f1\"},\"headline\":\"Trump Re\u0301inte\u0300gre Cuba sur la Liste des Pays Soutenant le Terrorisme: Re\u0301action de L&rsquo;Ambassade de Cuba en Guine\u0301e E\u0301Quatoriale\",\"datePublished\":\"2025-01-25T19:30:56+00:00\",\"dateModified\":\"2025-05-05T00:43:40+00:00\",\"mainEntityOfPage\":{\"@id\":\"https:\/\/www.africa-press.net\/guinee-equatoriale\/politique\/trump-reintegre-cuba-sur-la-liste-des-pays-soutenant-le-terrorisme-reaction-de-lambassade-de-cuba-en-guinee-equatoriale\"},\"wordCount\":691,\"commentCount\":0,\"image\":{\"@id\":\"https:\/\/www.africa-press.net\/guinee-equatoriale\/politique\/trump-reintegre-cuba-sur-la-liste-des-pays-soutenant-le-terrorisme-reaction-de-lambassade-de-cuba-en-guinee-equatoriale#primaryimage\"},\"thumbnailUrl\":\"https:\/\/static.africa-press.net\/guinee-equatoriale\/sites\/53\/2025\/01\/sm_1738084557.463343.jpg\",\"keywords\":[\"actualidad\",\"embajada de cuba en Guinea Ecuatorial\",\"Estados Unidos\",\"Guinee Equatoriale\",\"licitaci\u00f3n\",\"veh\u00edculos PMC\"],\"articleSection\":[\"Politique\",\"Top Nouvelles\",\"Toutes les actualit\u00e9s\"],\"inLanguage\":\"fr-FR\",\"potentialAction\":[{\"@type\":\"CommentAction\",\"name\":\"Comment\",\"target\":[\"https:\/\/www.africa-press.net\/guinee-equatoriale\/politique\/trump-reintegre-cuba-sur-la-liste-des-pays-soutenant-le-terrorisme-reaction-de-lambassade-de-cuba-en-guinee-equatoriale#respond\"]}]},{\"@type\":\"WebPage\",\"@id\":\"https:\/\/www.africa-press.net\/guinee-equatoriale\/politique\/trump-reintegre-cuba-sur-la-liste-des-pays-soutenant-le-terrorisme-reaction-de-lambassade-de-cuba-en-guinee-equatoriale\",\"url\":\"https:\/\/www.africa-press.net\/guinee-equatoriale\/politique\/trump-reintegre-cuba-sur-la-liste-des-pays-soutenant-le-terrorisme-reaction-de-lambassade-de-cuba-en-guinee-equatoriale\",\"name\":\"Trump Re\u0301inte\u0300gre Cuba sur la Liste des Pays Soutenant le Terrorisme: Re\u0301action de L'Ambassade de Cuba en Guine\u0301e E\u0301Quatoriale - Guin\u00e9e \u00e9quatoriale\",\"isPartOf\":{\"@id\":\"https:\/\/www.africa-press.net\/guinee-equatoriale\/#website\"},\"primaryImageOfPage\":{\"@id\":\"https:\/\/www.africa-press.net\/guinee-equatoriale\/politique\/trump-reintegre-cuba-sur-la-liste-des-pays-soutenant-le-terrorisme-reaction-de-lambassade-de-cuba-en-guinee-equatoriale#primaryimage\"},\"image\":{\"@id\":\"https:\/\/www.africa-press.net\/guinee-equatoriale\/politique\/trump-reintegre-cuba-sur-la-liste-des-pays-soutenant-le-terrorisme-reaction-de-lambassade-de-cuba-en-guinee-equatoriale#primaryimage\"},\"thumbnailUrl\":\"https:\/\/static.africa-press.net\/guinee-equatoriale\/sites\/53\/2025\/01\/sm_1738084557.463343.jpg\",\"datePublished\":\"2025-01-25T19:30:56+00:00\",\"dateModified\":\"2025-05-05T00:43:40+00:00\",\"author\":{\"@id\":\"https:\/\/www.africa-press.net\/guinee-equatoriale\/#\/schema\/person\/2b1cf3cd81a31e3cd26889ca66d677f1\"},\"description\":\"L'Ambassade de Cuba en Guine\u0301e E\u0301quatoriale a re\u0301agi a\u0300 cette de\u0301cision, la qualifiant de \\\"arbitraire et contraire a\u0300 la ...\",\"breadcrumb\":{\"@id\":\"https:\/\/www.africa-press.net\/guinee-equatoriale\/politique\/trump-reintegre-cuba-sur-la-liste-des-pays-soutenant-le-terrorisme-reaction-de-lambassade-de-cuba-en-guinee-equatoriale#breadcrumb\"},\"inLanguage\":\"fr-FR\",\"potentialAction\":[{\"@type\":\"ReadAction\",\"target\":[\"https:\/\/www.africa-press.net\/guinee-equatoriale\/politique\/trump-reintegre-cuba-sur-la-liste-des-pays-soutenant-le-terrorisme-reaction-de-lambassade-de-cuba-en-guinee-equatoriale\"]}]},{\"@type\":\"ImageObject\",\"inLanguage\":\"fr-FR\",\"@id\":\"https:\/\/www.africa-press.net\/guinee-equatoriale\/politique\/trump-reintegre-cuba-sur-la-liste-des-pays-soutenant-le-terrorisme-reaction-de-lambassade-de-cuba-en-guinee-equatoriale#primaryimage\",\"url\":\"https:\/\/static.africa-press.net\/guinee-equatoriale\/sites\/53\/2025\/01\/sm_1738084557.463343.jpg\",\"contentUrl\":\"https:\/\/static.africa-press.net\/guinee-equatoriale\/sites\/53\/2025\/01\/sm_1738084557.463343.jpg\",\"width\":720,\"height\":386,\"caption\":\"Trump Re\u0301inte\u0300gre Cuba sur la Liste des Pays Soutenant le Terrorisme: Re\u0301action de L'Ambassade de Cuba en Guine\u0301e E\u0301Quatoriale\"},{\"@type\":\"BreadcrumbList\",\"@id\":\"https:\/\/www.africa-press.net\/guinee-equatoriale\/politique\/trump-reintegre-cuba-sur-la-liste-des-pays-soutenant-le-terrorisme-reaction-de-lambassade-de-cuba-en-guinee-equatoriale#breadcrumb\",\"itemListElement\":[{\"@type\":\"ListItem\",\"position\":1,\"name\":\"Accueil\",\"item\":\"https:\/\/www.africa-press.net\/guinee-equatoriale\/\"},{\"@type\":\"ListItem\",\"position\":2,\"name\":\"Trump Re\u0301inte\u0300gre Cuba sur la Liste des Pays Soutenant le Terrorisme: Re\u0301action de L&rsquo;Ambassade de Cuba en Guine\u0301e E\u0301Quatoriale\"}]},{\"@type\":\"WebSite\",\"@id\":\"https:\/\/www.africa-press.net\/guinee-equatoriale\/#website\",\"url\":\"https:\/\/www.africa-press.net\/guinee-equatoriale\/\",\"name\":\"Guin\u00e9e \u00e9quatoriale\",\"description\":\"Just another Africa News Agency Sites site\",\"potentialAction\":[{\"@type\":\"SearchAction\",\"target\":{\"@type\":\"EntryPoint\",\"urlTemplate\":\"https:\/\/www.africa-press.net\/guinee-equatoriale\/?s={search_term_string}\"},\"query-input\":{\"@type\":\"PropertyValueSpecification\",\"valueRequired\":true,\"valueName\":\"search_term_string\"}}],\"inLanguage\":\"fr-FR\"},{\"@type\":\"Person\",\"@id\":\"https:\/\/www.africa-press.net\/guinee-equatoriale\/#\/schema\/person\/2b1cf3cd81a31e3cd26889ca66d677f1\",\"name\":\"cfeditorfr\"}]}<\/script>\n<!-- \/ Yoast SEO Premium plugin. -->","yoast_head_json":{"title":"Trump Re\u0301inte\u0300gre Cuba sur la Liste des Pays Soutenant le Terrorisme: Re\u0301action de L'Ambassade de Cuba en Guine\u0301e E\u0301Quatoriale - Guin\u00e9e \u00e9quatoriale","description":"L'Ambassade de Cuba en Guine\u0301e E\u0301quatoriale a re\u0301agi a\u0300 cette de\u0301cision, la qualifiant de \"arbitraire et contraire a\u0300 la ...","robots":{"index":"index","follow":"follow","max-snippet":"max-snippet:-1","max-image-preview":"max-image-preview:large","max-video-preview":"max-video-preview:-1"},"canonical":"https:\/\/www.africa-press.net\/guinee-equatoriale\/politique\/trump-reintegre-cuba-sur-la-liste-des-pays-soutenant-le-terrorisme-reaction-de-lambassade-de-cuba-en-guinee-equatoriale","og_locale":"fr_FR","og_type":"article","og_title":"Trump Re\u0301inte\u0300gre Cuba sur la Liste des Pays Soutenant le Terrorisme: Re\u0301action de L'Ambassade de Cuba en Guine\u0301e E\u0301Quatoriale","og_description":"L'Ambassade de Cuba en Guine\u0301e E\u0301quatoriale a re\u0301agi a\u0300 cette de\u0301cision, la qualifiant de \"arbitraire et contraire a\u0300 la ...","og_url":"https:\/\/www.africa-press.net\/guinee-equatoriale\/politique\/trump-reintegre-cuba-sur-la-liste-des-pays-soutenant-le-terrorisme-reaction-de-lambassade-de-cuba-en-guinee-equatoriale","og_site_name":"Guin\u00e9e \u00e9quatoriale","article_published_time":"2025-01-25T19:30:56+00:00","article_modified_time":"2025-05-05T00:43:40+00:00","og_image":[{"width":720,"height":386,"url":"https:\/\/static.africa-press.net\/guinee-equatoriale\/sites\/53\/2025\/01\/sm_1738084557.463343.jpg","type":"image\/jpeg"}],"author":"cfeditorfr","twitter_card":"summary_large_image","twitter_misc":{"\u00c9crit par":"cfeditorfr","Dur\u00e9e de lecture estim\u00e9e":"4 minutes"},"schema":{"@context":"https:\/\/schema.org","@graph":[{"@type":"Article","@id":"https:\/\/www.africa-press.net\/guinee-equatoriale\/politique\/trump-reintegre-cuba-sur-la-liste-des-pays-soutenant-le-terrorisme-reaction-de-lambassade-de-cuba-en-guinee-equatoriale#article","isPartOf":{"@id":"https:\/\/www.africa-press.net\/guinee-equatoriale\/politique\/trump-reintegre-cuba-sur-la-liste-des-pays-soutenant-le-terrorisme-reaction-de-lambassade-de-cuba-en-guinee-equatoriale"},"author":{"name":"cfeditorfr","@id":"https:\/\/www.africa-press.net\/guinee-equatoriale\/#\/schema\/person\/2b1cf3cd81a31e3cd26889ca66d677f1"},"headline":"Trump Re\u0301inte\u0300gre Cuba sur la Liste des Pays Soutenant le Terrorisme: Re\u0301action de L&rsquo;Ambassade de Cuba en Guine\u0301e E\u0301Quatoriale","datePublished":"2025-01-25T19:30:56+00:00","dateModified":"2025-05-05T00:43:40+00:00","mainEntityOfPage":{"@id":"https:\/\/www.africa-press.net\/guinee-equatoriale\/politique\/trump-reintegre-cuba-sur-la-liste-des-pays-soutenant-le-terrorisme-reaction-de-lambassade-de-cuba-en-guinee-equatoriale"},"wordCount":691,"commentCount":0,"image":{"@id":"https:\/\/www.africa-press.net\/guinee-equatoriale\/politique\/trump-reintegre-cuba-sur-la-liste-des-pays-soutenant-le-terrorisme-reaction-de-lambassade-de-cuba-en-guinee-equatoriale#primaryimage"},"thumbnailUrl":"https:\/\/static.africa-press.net\/guinee-equatoriale\/sites\/53\/2025\/01\/sm_1738084557.463343.jpg","keywords":["actualidad","embajada de cuba en Guinea Ecuatorial","Estados Unidos","Guinee Equatoriale","licitaci\u00f3n","veh\u00edculos PMC"],"articleSection":["Politique","Top Nouvelles","Toutes les actualit\u00e9s"],"inLanguage":"fr-FR","potentialAction":[{"@type":"CommentAction","name":"Comment","target":["https:\/\/www.africa-press.net\/guinee-equatoriale\/politique\/trump-reintegre-cuba-sur-la-liste-des-pays-soutenant-le-terrorisme-reaction-de-lambassade-de-cuba-en-guinee-equatoriale#respond"]}]},{"@type":"WebPage","@id":"https:\/\/www.africa-press.net\/guinee-equatoriale\/politique\/trump-reintegre-cuba-sur-la-liste-des-pays-soutenant-le-terrorisme-reaction-de-lambassade-de-cuba-en-guinee-equatoriale","url":"https:\/\/www.africa-press.net\/guinee-equatoriale\/politique\/trump-reintegre-cuba-sur-la-liste-des-pays-soutenant-le-terrorisme-reaction-de-lambassade-de-cuba-en-guinee-equatoriale","name":"Trump Re\u0301inte\u0300gre Cuba sur la Liste des Pays Soutenant le Terrorisme: Re\u0301action de L'Ambassade de Cuba en Guine\u0301e E\u0301Quatoriale - Guin\u00e9e \u00e9quatoriale","isPartOf":{"@id":"https:\/\/www.africa-press.net\/guinee-equatoriale\/#website"},"primaryImageOfPage":{"@id":"https:\/\/www.africa-press.net\/guinee-equatoriale\/politique\/trump-reintegre-cuba-sur-la-liste-des-pays-soutenant-le-terrorisme-reaction-de-lambassade-de-cuba-en-guinee-equatoriale#primaryimage"},"image":{"@id":"https:\/\/www.africa-press.net\/guinee-equatoriale\/politique\/trump-reintegre-cuba-sur-la-liste-des-pays-soutenant-le-terrorisme-reaction-de-lambassade-de-cuba-en-guinee-equatoriale#primaryimage"},"thumbnailUrl":"https:\/\/static.africa-press.net\/guinee-equatoriale\/sites\/53\/2025\/01\/sm_1738084557.463343.jpg","datePublished":"2025-01-25T19:30:56+00:00","dateModified":"2025-05-05T00:43:40+00:00","author":{"@id":"https:\/\/www.africa-press.net\/guinee-equatoriale\/#\/schema\/person\/2b1cf3cd81a31e3cd26889ca66d677f1"},"description":"L'Ambassade de Cuba en Guine\u0301e E\u0301quatoriale a re\u0301agi a\u0300 cette de\u0301cision, la qualifiant de \"arbitraire et contraire a\u0300 la ...","breadcrumb":{"@id":"https:\/\/www.africa-press.net\/guinee-equatoriale\/politique\/trump-reintegre-cuba-sur-la-liste-des-pays-soutenant-le-terrorisme-reaction-de-lambassade-de-cuba-en-guinee-equatoriale#breadcrumb"},"inLanguage":"fr-FR","potentialAction":[{"@type":"ReadAction","target":["https:\/\/www.africa-press.net\/guinee-equatoriale\/politique\/trump-reintegre-cuba-sur-la-liste-des-pays-soutenant-le-terrorisme-reaction-de-lambassade-de-cuba-en-guinee-equatoriale"]}]},{"@type":"ImageObject","inLanguage":"fr-FR","@id":"https:\/\/www.africa-press.net\/guinee-equatoriale\/politique\/trump-reintegre-cuba-sur-la-liste-des-pays-soutenant-le-terrorisme-reaction-de-lambassade-de-cuba-en-guinee-equatoriale#primaryimage","url":"https:\/\/static.africa-press.net\/guinee-equatoriale\/sites\/53\/2025\/01\/sm_1738084557.463343.jpg","contentUrl":"https:\/\/static.africa-press.net\/guinee-equatoriale\/sites\/53\/2025\/01\/sm_1738084557.463343.jpg","width":720,"height":386,"caption":"Trump Re\u0301inte\u0300gre Cuba sur la Liste des Pays Soutenant le Terrorisme: Re\u0301action de L'Ambassade de Cuba en Guine\u0301e E\u0301Quatoriale"},{"@type":"BreadcrumbList","@id":"https:\/\/www.africa-press.net\/guinee-equatoriale\/politique\/trump-reintegre-cuba-sur-la-liste-des-pays-soutenant-le-terrorisme-reaction-de-lambassade-de-cuba-en-guinee-equatoriale#breadcrumb","itemListElement":[{"@type":"ListItem","position":1,"name":"Accueil","item":"https:\/\/www.africa-press.net\/guinee-equatoriale\/"},{"@type":"ListItem","position":2,"name":"Trump Re\u0301inte\u0300gre Cuba sur la Liste des Pays Soutenant le Terrorisme: Re\u0301action de L&rsquo;Ambassade de Cuba en Guine\u0301e E\u0301Quatoriale"}]},{"@type":"WebSite","@id":"https:\/\/www.africa-press.net\/guinee-equatoriale\/#website","url":"https:\/\/www.africa-press.net\/guinee-equatoriale\/","name":"Guin\u00e9e \u00e9quatoriale","description":"Just another Africa News Agency Sites site","potentialAction":[{"@type":"SearchAction","target":{"@type":"EntryPoint","urlTemplate":"https:\/\/www.africa-press.net\/guinee-equatoriale\/?s={search_term_string}"},"query-input":{"@type":"PropertyValueSpecification","valueRequired":true,"valueName":"search_term_string"}}],"inLanguage":"fr-FR"},{"@type":"Person","@id":"https:\/\/www.africa-press.net\/guinee-equatoriale\/#\/schema\/person\/2b1cf3cd81a31e3cd26889ca66d677f1","name":"cfeditorfr"}]}},"_links":{"self":[{"href":"https:\/\/www.africa-press.net\/guinee-equatoriale\/wp-json\/wp\/v2\/posts\/17459","targetHints":{"allow":["GET"]}}],"collection":[{"href":"https:\/\/www.africa-press.net\/guinee-equatoriale\/wp-json\/wp\/v2\/posts"}],"about":[{"href":"https:\/\/www.africa-press.net\/guinee-equatoriale\/wp-json\/wp\/v2\/types\/post"}],"author":[{"embeddable":true,"href":"https:\/\/www.africa-press.net\/guinee-equatoriale\/wp-json\/wp\/v2\/users\/82"}],"replies":[{"embeddable":true,"href":"https:\/\/www.africa-press.net\/guinee-equatoriale\/wp-json\/wp\/v2\/comments?post=17459"}],"version-history":[{"count":0,"href":"https:\/\/www.africa-press.net\/guinee-equatoriale\/wp-json\/wp\/v2\/posts\/17459\/revisions"}],"wp:featuredmedia":[{"embeddable":true,"href":"https:\/\/www.africa-press.net\/guinee-equatoriale\/wp-json\/wp\/v2\/media\/17458"}],"wp:attachment":[{"href":"https:\/\/www.africa-press.net\/guinee-equatoriale\/wp-json\/wp\/v2\/media?parent=17459"}],"wp:term":[{"taxonomy":"category","embeddable":true,"href":"https:\/\/www.africa-press.net\/guinee-equatoriale\/wp-json\/wp\/v2\/categories?post=17459"},{"taxonomy":"post_tag","embeddable":true,"href":"https:\/\/www.africa-press.net\/guinee-equatoriale\/wp-json\/wp\/v2\/tags?post=17459"}],"curies":[{"name":"wp","href":"https:\/\/api.w.org\/{rel}","templated":true}]}}