{"id":17463,"date":"2025-01-21T19:35:06","date_gmt":"2025-01-21T19:35:06","guid":{"rendered":"https:\/\/www.africa-press.net\/guinee-equatoriale\/politique\/la-guinee-equatoriale-prepare-le-v-congres-international-de-la-sante-mentale"},"modified":"2025-05-05T00:44:08","modified_gmt":"2025-05-05T00:44:08","slug":"la-guinee-equatoriale-prepare-le-v-congres-international-de-la-sante-mentale","status":"publish","type":"post","link":"https:\/\/www.africa-press.net\/guinee-equatoriale\/toutes-les-actualites\/la-guinee-equatoriale-prepare-le-v-congres-international-de-la-sante-mentale","title":{"rendered":"La Guin\u00e9e \u00c9quatoriale Pr\u00e9pare le V Congr\u00e8s International de la Sant\u00e9 Mentale"},"content":{"rendered":"<p><span style=\"color: #ff6600\"><strong>Africa-Press &#8211; Guinee Equatoriale. <\/strong><\/span>Manuel Osa Nsue a rencontre\u0301 ce mardi les responsables du ministe\u0300re de la Sante\u0301 et les directeurs de l&rsquo;Ho\u0302pital psychiatrique de Sampaka pour se renseigner sur l&rsquo;avancement des pre\u0301paratifs du V Congre\u0300s international de la Socie\u0301te\u0301 africaine de sante\u0301 mentale, qui se tiendra dans le pays en fe\u0301vrier prochain.<\/p>\n<p>Concernant le de\u0301veloppement du Congre\u0300s, une se\u0301rie d&rsquo;activite\u0301s est pre\u0301vue, incluant une distinction pour le Chef de l&rsquo;E\u0301tat e\u0301quatoguine\u0301en, Obiang Nguema Mbasogo, qui sera \u00ab\u00a0decore\u0301 de la Me\u0301daille de la Grande Croix des Palmas de la CAMES\u00a0\u00bb, attribue\u0301e par le Conseil africain et malgache de la Socie\u0301te\u0301 africaine de l&rsquo;enseignement supe\u0301rieur.<\/p>\n<p>Le ministe\u0300re de la Sante\u0301 pre\u0301voit e\u0301galement de re\u0301compenser la Premie\u0300re Dame de la Nation, Constancia Mangue de Obiang, pour son engagement en faveur de l&rsquo;ame\u0301lioration de la sante\u0301 et du bien-e\u0302tre de la population souffrant de troubles mentaux.<\/p>\n<p><strong>Pour plus d&rsquo;informations et d&rsquo;analyses sur la <span style=\"color: #ff6600\">Guinee Equatoriale<\/span>, suivez <span style=\"color: #ff6600\">Africa-Press<\/span><\/strong><\/p>\n","protected":false},"excerpt":{"rendered":"<p>Africa-Press &#8211; Guinee Equatoriale. Manuel Osa Nsue a rencontre\u0301 ce mardi les responsables du ministe\u0300re de la Sante\u0301 et les directeurs de l&rsquo;Ho\u0302pital psychiatrique de Sampaka pour se renseigner sur l&rsquo;avancement des pre\u0301paratifs du V Congre\u0300s international de la Socie\u0301te\u0301 africaine de sante\u0301 mentale, qui se tiendra dans le pays en fe\u0301vrier prochain. Concernant le [&hellip;]<\/p>\n","protected":false},"author":82,"featured_media":17462,"comment_status":"open","ping_status":"closed","sticky":false,"template":"","format":"standard","meta":{"footnotes":""},"categories":[21,10],"tags":[892,50,896],"class_list":["post-17463","post","type-post","status-publish","format-standard","has-post-thumbnail","hentry","category-communaute","category-toutes-les-actualites","tag-actualidad","tag-guinee-equatoriale","tag-sanidad"],"yoast_head":"<!-- This site is optimized with the Yoast SEO Premium plugin v26.1 (Yoast SEO v27.0) - https:\/\/yoast.com\/product\/yoast-seo-premium-wordpress\/ -->\n<title>La Guin\u00e9e \u00c9quatoriale Pr\u00e9pare le V Congr\u00e8s International de la Sant\u00e9 Mentale - Guin\u00e9e \u00e9quatoriale<\/title>\n<meta name=\"description\" content=\"Manuel Osa Nsue a rencontre\u0301 ce mardi les responsables du ministe\u0300re de la Sante\u0301 et les directeurs de l&#039;Ho\u0302pital psychi ...\" \/>\n<meta name=\"robots\" content=\"index, follow, max-snippet:-1, max-image-preview:large, max-video-preview:-1\" \/>\n<link rel=\"canonical\" href=\"https:\/\/www.africa-press.net\/guinee-equatoriale\/toutes-les-actualites\/la-guinee-equatoriale-prepare-le-v-congres-international-de-la-sante-mentale\" \/>\n<meta property=\"og:locale\" content=\"fr_FR\" \/>\n<meta property=\"og:type\" content=\"article\" \/>\n<meta property=\"og:title\" content=\"La Guin\u00e9e \u00c9quatoriale Pr\u00e9pare le V Congr\u00e8s International de la Sant\u00e9 Mentale\" \/>\n<meta property=\"og:description\" content=\"Manuel Osa Nsue a rencontre\u0301 ce mardi les responsables du ministe\u0300re de la Sante\u0301 et les directeurs de l&#039;Ho\u0302pital psychi ...\" \/>\n<meta property=\"og:url\" content=\"https:\/\/www.africa-press.net\/guinee-equatoriale\/toutes-les-actualites\/la-guinee-equatoriale-prepare-le-v-congres-international-de-la-sante-mentale\" \/>\n<meta property=\"og:site_name\" content=\"Guin\u00e9e \u00e9quatoriale\" \/>\n<meta property=\"article:published_time\" content=\"2025-01-21T19:35:06+00:00\" \/>\n<meta property=\"article:modified_time\" content=\"2025-05-05T00:44:08+00:00\" \/>\n<meta property=\"og:image\" content=\"https:\/\/static.africa-press.net\/guinee-equatoriale\/sites\/53\/2025\/01\/sm_1738084582.517926.jpg\" \/>\n\t<meta property=\"og:image:width\" content=\"1080\" \/>\n\t<meta property=\"og:image:height\" content=\"521\" \/>\n\t<meta property=\"og:image:type\" content=\"image\/jpeg\" \/>\n<meta name=\"author\" content=\"cfeditorfr\" \/>\n<meta name=\"twitter:card\" content=\"summary_large_image\" \/>\n<meta name=\"twitter:label1\" content=\"\u00c9crit par\" \/>\n\t<meta name=\"twitter:data1\" content=\"cfeditorfr\" \/>\n\t<meta name=\"twitter:label2\" content=\"Dur\u00e9e de lecture estim\u00e9e\" \/>\n\t<meta name=\"twitter:data2\" content=\"1 minute\" \/>\n<script type=\"application\/ld+json\" class=\"yoast-schema-graph\">{\"@context\":\"https:\/\/schema.org\",\"@graph\":[{\"@type\":\"Article\",\"@id\":\"https:\/\/www.africa-press.net\/guinee-equatoriale\/toutes-les-actualites\/la-guinee-equatoriale-prepare-le-v-congres-international-de-la-sante-mentale#article\",\"isPartOf\":{\"@id\":\"https:\/\/www.africa-press.net\/guinee-equatoriale\/toutes-les-actualites\/la-guinee-equatoriale-prepare-le-v-congres-international-de-la-sante-mentale\"},\"author\":{\"name\":\"cfeditorfr\",\"@id\":\"https:\/\/www.africa-press.net\/guinee-equatoriale\/#\/schema\/person\/2b1cf3cd81a31e3cd26889ca66d677f1\"},\"headline\":\"La Guin\u00e9e \u00c9quatoriale Pr\u00e9pare le V Congr\u00e8s International de la Sant\u00e9 Mentale\",\"datePublished\":\"2025-01-21T19:35:06+00:00\",\"dateModified\":\"2025-05-05T00:44:08+00:00\",\"mainEntityOfPage\":{\"@id\":\"https:\/\/www.africa-press.net\/guinee-equatoriale\/toutes-les-actualites\/la-guinee-equatoriale-prepare-le-v-congres-international-de-la-sante-mentale\"},\"wordCount\":202,\"commentCount\":0,\"image\":{\"@id\":\"https:\/\/www.africa-press.net\/guinee-equatoriale\/toutes-les-actualites\/la-guinee-equatoriale-prepare-le-v-congres-international-de-la-sante-mentale#primaryimage\"},\"thumbnailUrl\":\"https:\/\/static.africa-press.net\/guinee-equatoriale\/sites\/53\/2025\/01\/sm_1738084582.517926.jpg\",\"keywords\":[\"actualidad\",\"Guinee Equatoriale\",\"Sanidad\"],\"articleSection\":[\"Communaut\u00e9\",\"Toutes les actualit\u00e9s\"],\"inLanguage\":\"fr-FR\",\"potentialAction\":[{\"@type\":\"CommentAction\",\"name\":\"Comment\",\"target\":[\"https:\/\/www.africa-press.net\/guinee-equatoriale\/toutes-les-actualites\/la-guinee-equatoriale-prepare-le-v-congres-international-de-la-sante-mentale#respond\"]}]},{\"@type\":\"WebPage\",\"@id\":\"https:\/\/www.africa-press.net\/guinee-equatoriale\/toutes-les-actualites\/la-guinee-equatoriale-prepare-le-v-congres-international-de-la-sante-mentale\",\"url\":\"https:\/\/www.africa-press.net\/guinee-equatoriale\/toutes-les-actualites\/la-guinee-equatoriale-prepare-le-v-congres-international-de-la-sante-mentale\",\"name\":\"La Guin\u00e9e \u00c9quatoriale Pr\u00e9pare le V Congr\u00e8s International de la Sant\u00e9 Mentale - Guin\u00e9e \u00e9quatoriale\",\"isPartOf\":{\"@id\":\"https:\/\/www.africa-press.net\/guinee-equatoriale\/#website\"},\"primaryImageOfPage\":{\"@id\":\"https:\/\/www.africa-press.net\/guinee-equatoriale\/toutes-les-actualites\/la-guinee-equatoriale-prepare-le-v-congres-international-de-la-sante-mentale#primaryimage\"},\"image\":{\"@id\":\"https:\/\/www.africa-press.net\/guinee-equatoriale\/toutes-les-actualites\/la-guinee-equatoriale-prepare-le-v-congres-international-de-la-sante-mentale#primaryimage\"},\"thumbnailUrl\":\"https:\/\/static.africa-press.net\/guinee-equatoriale\/sites\/53\/2025\/01\/sm_1738084582.517926.jpg\",\"datePublished\":\"2025-01-21T19:35:06+00:00\",\"dateModified\":\"2025-05-05T00:44:08+00:00\",\"author\":{\"@id\":\"https:\/\/www.africa-press.net\/guinee-equatoriale\/#\/schema\/person\/2b1cf3cd81a31e3cd26889ca66d677f1\"},\"description\":\"Manuel Osa Nsue a rencontre\u0301 ce mardi les responsables du ministe\u0300re de la Sante\u0301 et les directeurs de l'Ho\u0302pital psychi ...\",\"breadcrumb\":{\"@id\":\"https:\/\/www.africa-press.net\/guinee-equatoriale\/toutes-les-actualites\/la-guinee-equatoriale-prepare-le-v-congres-international-de-la-sante-mentale#breadcrumb\"},\"inLanguage\":\"fr-FR\",\"potentialAction\":[{\"@type\":\"ReadAction\",\"target\":[\"https:\/\/www.africa-press.net\/guinee-equatoriale\/toutes-les-actualites\/la-guinee-equatoriale-prepare-le-v-congres-international-de-la-sante-mentale\"]}]},{\"@type\":\"ImageObject\",\"inLanguage\":\"fr-FR\",\"@id\":\"https:\/\/www.africa-press.net\/guinee-equatoriale\/toutes-les-actualites\/la-guinee-equatoriale-prepare-le-v-congres-international-de-la-sante-mentale#primaryimage\",\"url\":\"https:\/\/static.africa-press.net\/guinee-equatoriale\/sites\/53\/2025\/01\/sm_1738084582.517926.jpg\",\"contentUrl\":\"https:\/\/static.africa-press.net\/guinee-equatoriale\/sites\/53\/2025\/01\/sm_1738084582.517926.jpg\",\"width\":1080,\"height\":521,\"caption\":\"La Guin\u00e9e \u00c9quatoriale Pr\u00e9pare le V Congr\u00e8s International de la Sant\u00e9 Mentale\"},{\"@type\":\"BreadcrumbList\",\"@id\":\"https:\/\/www.africa-press.net\/guinee-equatoriale\/toutes-les-actualites\/la-guinee-equatoriale-prepare-le-v-congres-international-de-la-sante-mentale#breadcrumb\",\"itemListElement\":[{\"@type\":\"ListItem\",\"position\":1,\"name\":\"Accueil\",\"item\":\"https:\/\/www.africa-press.net\/guinee-equatoriale\/\"},{\"@type\":\"ListItem\",\"position\":2,\"name\":\"La Guin\u00e9e \u00c9quatoriale Pr\u00e9pare le V Congr\u00e8s International de la Sant\u00e9 Mentale\"}]},{\"@type\":\"WebSite\",\"@id\":\"https:\/\/www.africa-press.net\/guinee-equatoriale\/#website\",\"url\":\"https:\/\/www.africa-press.net\/guinee-equatoriale\/\",\"name\":\"Guin\u00e9e \u00e9quatoriale\",\"description\":\"Just another Africa News Agency Sites site\",\"potentialAction\":[{\"@type\":\"SearchAction\",\"target\":{\"@type\":\"EntryPoint\",\"urlTemplate\":\"https:\/\/www.africa-press.net\/guinee-equatoriale\/?s={search_term_string}\"},\"query-input\":{\"@type\":\"PropertyValueSpecification\",\"valueRequired\":true,\"valueName\":\"search_term_string\"}}],\"inLanguage\":\"fr-FR\"},{\"@type\":\"Person\",\"@id\":\"https:\/\/www.africa-press.net\/guinee-equatoriale\/#\/schema\/person\/2b1cf3cd81a31e3cd26889ca66d677f1\",\"name\":\"cfeditorfr\"}]}<\/script>\n<!-- \/ Yoast SEO Premium plugin. -->","yoast_head_json":{"title":"La Guin\u00e9e \u00c9quatoriale Pr\u00e9pare le V Congr\u00e8s International de la Sant\u00e9 Mentale - Guin\u00e9e \u00e9quatoriale","description":"Manuel Osa Nsue a rencontre\u0301 ce mardi les responsables du ministe\u0300re de la Sante\u0301 et les directeurs de l'Ho\u0302pital psychi ...","robots":{"index":"index","follow":"follow","max-snippet":"max-snippet:-1","max-image-preview":"max-image-preview:large","max-video-preview":"max-video-preview:-1"},"canonical":"https:\/\/www.africa-press.net\/guinee-equatoriale\/toutes-les-actualites\/la-guinee-equatoriale-prepare-le-v-congres-international-de-la-sante-mentale","og_locale":"fr_FR","og_type":"article","og_title":"La Guin\u00e9e \u00c9quatoriale Pr\u00e9pare le V Congr\u00e8s International de la Sant\u00e9 Mentale","og_description":"Manuel Osa Nsue a rencontre\u0301 ce mardi les responsables du ministe\u0300re de la Sante\u0301 et les directeurs de l'Ho\u0302pital psychi ...","og_url":"https:\/\/www.africa-press.net\/guinee-equatoriale\/toutes-les-actualites\/la-guinee-equatoriale-prepare-le-v-congres-international-de-la-sante-mentale","og_site_name":"Guin\u00e9e \u00e9quatoriale","article_published_time":"2025-01-21T19:35:06+00:00","article_modified_time":"2025-05-05T00:44:08+00:00","og_image":[{"width":1080,"height":521,"url":"https:\/\/static.africa-press.net\/guinee-equatoriale\/sites\/53\/2025\/01\/sm_1738084582.517926.jpg","type":"image\/jpeg"}],"author":"cfeditorfr","twitter_card":"summary_large_image","twitter_misc":{"\u00c9crit par":"cfeditorfr","Dur\u00e9e de lecture estim\u00e9e":"1 minute"},"schema":{"@context":"https:\/\/schema.org","@graph":[{"@type":"Article","@id":"https:\/\/www.africa-press.net\/guinee-equatoriale\/toutes-les-actualites\/la-guinee-equatoriale-prepare-le-v-congres-international-de-la-sante-mentale#article","isPartOf":{"@id":"https:\/\/www.africa-press.net\/guinee-equatoriale\/toutes-les-actualites\/la-guinee-equatoriale-prepare-le-v-congres-international-de-la-sante-mentale"},"author":{"name":"cfeditorfr","@id":"https:\/\/www.africa-press.net\/guinee-equatoriale\/#\/schema\/person\/2b1cf3cd81a31e3cd26889ca66d677f1"},"headline":"La Guin\u00e9e \u00c9quatoriale Pr\u00e9pare le V Congr\u00e8s International de la Sant\u00e9 Mentale","datePublished":"2025-01-21T19:35:06+00:00","dateModified":"2025-05-05T00:44:08+00:00","mainEntityOfPage":{"@id":"https:\/\/www.africa-press.net\/guinee-equatoriale\/toutes-les-actualites\/la-guinee-equatoriale-prepare-le-v-congres-international-de-la-sante-mentale"},"wordCount":202,"commentCount":0,"image":{"@id":"https:\/\/www.africa-press.net\/guinee-equatoriale\/toutes-les-actualites\/la-guinee-equatoriale-prepare-le-v-congres-international-de-la-sante-mentale#primaryimage"},"thumbnailUrl":"https:\/\/static.africa-press.net\/guinee-equatoriale\/sites\/53\/2025\/01\/sm_1738084582.517926.jpg","keywords":["actualidad","Guinee Equatoriale","Sanidad"],"articleSection":["Communaut\u00e9","Toutes les actualit\u00e9s"],"inLanguage":"fr-FR","potentialAction":[{"@type":"CommentAction","name":"Comment","target":["https:\/\/www.africa-press.net\/guinee-equatoriale\/toutes-les-actualites\/la-guinee-equatoriale-prepare-le-v-congres-international-de-la-sante-mentale#respond"]}]},{"@type":"WebPage","@id":"https:\/\/www.africa-press.net\/guinee-equatoriale\/toutes-les-actualites\/la-guinee-equatoriale-prepare-le-v-congres-international-de-la-sante-mentale","url":"https:\/\/www.africa-press.net\/guinee-equatoriale\/toutes-les-actualites\/la-guinee-equatoriale-prepare-le-v-congres-international-de-la-sante-mentale","name":"La Guin\u00e9e \u00c9quatoriale Pr\u00e9pare le V Congr\u00e8s International de la Sant\u00e9 Mentale - Guin\u00e9e \u00e9quatoriale","isPartOf":{"@id":"https:\/\/www.africa-press.net\/guinee-equatoriale\/#website"},"primaryImageOfPage":{"@id":"https:\/\/www.africa-press.net\/guinee-equatoriale\/toutes-les-actualites\/la-guinee-equatoriale-prepare-le-v-congres-international-de-la-sante-mentale#primaryimage"},"image":{"@id":"https:\/\/www.africa-press.net\/guinee-equatoriale\/toutes-les-actualites\/la-guinee-equatoriale-prepare-le-v-congres-international-de-la-sante-mentale#primaryimage"},"thumbnailUrl":"https:\/\/static.africa-press.net\/guinee-equatoriale\/sites\/53\/2025\/01\/sm_1738084582.517926.jpg","datePublished":"2025-01-21T19:35:06+00:00","dateModified":"2025-05-05T00:44:08+00:00","author":{"@id":"https:\/\/www.africa-press.net\/guinee-equatoriale\/#\/schema\/person\/2b1cf3cd81a31e3cd26889ca66d677f1"},"description":"Manuel Osa Nsue a rencontre\u0301 ce mardi les responsables du ministe\u0300re de la Sante\u0301 et les directeurs de l'Ho\u0302pital psychi ...","breadcrumb":{"@id":"https:\/\/www.africa-press.net\/guinee-equatoriale\/toutes-les-actualites\/la-guinee-equatoriale-prepare-le-v-congres-international-de-la-sante-mentale#breadcrumb"},"inLanguage":"fr-FR","potentialAction":[{"@type":"ReadAction","target":["https:\/\/www.africa-press.net\/guinee-equatoriale\/toutes-les-actualites\/la-guinee-equatoriale-prepare-le-v-congres-international-de-la-sante-mentale"]}]},{"@type":"ImageObject","inLanguage":"fr-FR","@id":"https:\/\/www.africa-press.net\/guinee-equatoriale\/toutes-les-actualites\/la-guinee-equatoriale-prepare-le-v-congres-international-de-la-sante-mentale#primaryimage","url":"https:\/\/static.africa-press.net\/guinee-equatoriale\/sites\/53\/2025\/01\/sm_1738084582.517926.jpg","contentUrl":"https:\/\/static.africa-press.net\/guinee-equatoriale\/sites\/53\/2025\/01\/sm_1738084582.517926.jpg","width":1080,"height":521,"caption":"La Guin\u00e9e \u00c9quatoriale Pr\u00e9pare le V Congr\u00e8s International de la Sant\u00e9 Mentale"},{"@type":"BreadcrumbList","@id":"https:\/\/www.africa-press.net\/guinee-equatoriale\/toutes-les-actualites\/la-guinee-equatoriale-prepare-le-v-congres-international-de-la-sante-mentale#breadcrumb","itemListElement":[{"@type":"ListItem","position":1,"name":"Accueil","item":"https:\/\/www.africa-press.net\/guinee-equatoriale\/"},{"@type":"ListItem","position":2,"name":"La Guin\u00e9e \u00c9quatoriale Pr\u00e9pare le V Congr\u00e8s International de la Sant\u00e9 Mentale"}]},{"@type":"WebSite","@id":"https:\/\/www.africa-press.net\/guinee-equatoriale\/#website","url":"https:\/\/www.africa-press.net\/guinee-equatoriale\/","name":"Guin\u00e9e \u00e9quatoriale","description":"Just another Africa News Agency Sites site","potentialAction":[{"@type":"SearchAction","target":{"@type":"EntryPoint","urlTemplate":"https:\/\/www.africa-press.net\/guinee-equatoriale\/?s={search_term_string}"},"query-input":{"@type":"PropertyValueSpecification","valueRequired":true,"valueName":"search_term_string"}}],"inLanguage":"fr-FR"},{"@type":"Person","@id":"https:\/\/www.africa-press.net\/guinee-equatoriale\/#\/schema\/person\/2b1cf3cd81a31e3cd26889ca66d677f1","name":"cfeditorfr"}]}},"_links":{"self":[{"href":"https:\/\/www.africa-press.net\/guinee-equatoriale\/wp-json\/wp\/v2\/posts\/17463","targetHints":{"allow":["GET"]}}],"collection":[{"href":"https:\/\/www.africa-press.net\/guinee-equatoriale\/wp-json\/wp\/v2\/posts"}],"about":[{"href":"https:\/\/www.africa-press.net\/guinee-equatoriale\/wp-json\/wp\/v2\/types\/post"}],"author":[{"embeddable":true,"href":"https:\/\/www.africa-press.net\/guinee-equatoriale\/wp-json\/wp\/v2\/users\/82"}],"replies":[{"embeddable":true,"href":"https:\/\/www.africa-press.net\/guinee-equatoriale\/wp-json\/wp\/v2\/comments?post=17463"}],"version-history":[{"count":0,"href":"https:\/\/www.africa-press.net\/guinee-equatoriale\/wp-json\/wp\/v2\/posts\/17463\/revisions"}],"wp:featuredmedia":[{"embeddable":true,"href":"https:\/\/www.africa-press.net\/guinee-equatoriale\/wp-json\/wp\/v2\/media\/17462"}],"wp:attachment":[{"href":"https:\/\/www.africa-press.net\/guinee-equatoriale\/wp-json\/wp\/v2\/media?parent=17463"}],"wp:term":[{"taxonomy":"category","embeddable":true,"href":"https:\/\/www.africa-press.net\/guinee-equatoriale\/wp-json\/wp\/v2\/categories?post=17463"},{"taxonomy":"post_tag","embeddable":true,"href":"https:\/\/www.africa-press.net\/guinee-equatoriale\/wp-json\/wp\/v2\/tags?post=17463"}],"curies":[{"name":"wp","href":"https:\/\/api.w.org\/{rel}","templated":true}]}}