{"id":17471,"date":"2025-01-23T19:38:22","date_gmt":"2025-01-23T19:38:22","guid":{"rendered":"https:\/\/www.africa-press.net\/guinee-equatoriale\/politique\/le-ministere-de-linterieur-convoque-les-reclamants-des-terrains-de-letat-a-sipopo"},"modified":"2025-05-05T00:45:04","modified_gmt":"2025-05-05T00:45:04","slug":"le-ministere-de-linterieur-convoque-les-reclamants-des-terrains-de-letat-a-sipopo","status":"publish","type":"post","link":"https:\/\/www.africa-press.net\/guinee-equatoriale\/politique\/le-ministere-de-linterieur-convoque-les-reclamants-des-terrains-de-letat-a-sipopo","title":{"rendered":"Le Minist\u00e8re de L&rsquo;Int\u00e9rieur Convoque les R\u00e9clamants des Terrains de L&rsquo;\u00c9tat \u00e0 Sipopo"},"content":{"rendered":"<p><span style=\"color: #ff6600\"><strong>Africa-Press &#8211; Guinee Equatoriale. <\/strong><\/span>En 2011, le gouvernement a de\u0301clare\u0301 comme zone strate\u0301gique la re\u0301gion allant de la fin de la ferme Casa Mayo jusqu\u2019au campement situe\u0301 entre Sipopo et Baney. Cette de\u0301cision a e\u0301te\u0301 prise dans le but de construire des infrastructures pour des e\u0301ve\u0301nements nationaux, re\u0301gionaux et internationaux, ainsi que pour la cre\u0301ation de nouveaux villages d&rsquo;habitation. Par le de\u0301cret pre\u0301sidentiel n\u00b0 2011 du 20 juin, l&rsquo;expropriation force\u0301e de plusieurs fermes dans cette zone a e\u0301te\u0301 approuve\u0301e.<\/p>\n<p>Re\u0301cemment, apre\u0300s avoir constate\u0301 une utilisation ille\u0301gale de certaines zones d&rsquo;inte\u0301re\u0302t strate\u0301gique, le gouvernement a agi par l&rsquo;interme\u0301diaire du ministre de l&rsquo;Inte\u0301rieur, Faustino Ndong Esono Eyang, qui a convoque\u0301 le mercredi 22 janvier les re\u0301clamants des terrains exproprie\u0301s pour qu&rsquo;ils pre\u0301sentent les documents attestant qu&rsquo;ils en sont les proprie\u0301taires le\u0301gitimes.<\/p>\n<p>Un groupe de 23 personnes s&rsquo;est pre\u0301sente\u0301 en affirmant e\u0302tre proprie\u0301taire de ces terrains et a remis les documents correspondants a\u0300 la commission du ministe\u0300re de l&rsquo;Inte\u0301rieur pour e\u0301valuation. Cependant, ils ont e\u0301galement signale\u0301 avoir e\u0301te\u0301 victimes d&rsquo;une escroquerie pre\u0301sume\u0301e de la part d&rsquo;un individu identifie\u0301 comme Faustino, qui se pre\u0301sentait comme le principal proprie\u0301taire de ces terres, de\u0301sormais sous contro\u0302le de l&rsquo;E\u0301tat.<\/p>\n<p>Les autorite\u0301s ont commence\u0301 a\u0300 ve\u0301rifier les documents remis et a\u0300 inspecter les zones construites afin de prendre les mesures le\u0301gales et administratives ne\u0301cessaires.<\/p>\n<p><strong>Pour plus d&rsquo;informations et d&rsquo;analyses sur la <span style=\"color: #ff6600\">Guinee Equatoriale<\/span>, suivez <span style=\"color: #ff6600\">Africa-Press<\/span><\/strong><\/p>\n","protected":false},"excerpt":{"rendered":"<p>Africa-Press &#8211; Guinee Equatoriale. En 2011, le gouvernement a de\u0301clare\u0301 comme zone strate\u0301gique la re\u0301gion allant de la fin de la ferme Casa Mayo jusqu\u2019au campement situe\u0301 entre Sipopo et Baney. Cette de\u0301cision a e\u0301te\u0301 prise dans le but de construire des infrastructures pour des e\u0301ve\u0301nements nationaux, re\u0301gionaux et internationaux, ainsi que pour la cre\u0301ation [&hellip;]<\/p>\n","protected":false},"author":82,"featured_media":17470,"comment_status":"open","ping_status":"closed","sticky":false,"template":"","format":"standard","meta":{"footnotes":""},"categories":[2,10],"tags":[892,50,903,902],"class_list":["post-17471","post","type-post","status-publish","format-standard","has-post-thumbnail","hentry","category-politique","category-toutes-les-actualites","tag-actualidad","tag-guinee-equatoriale","tag-ministerio-del-interior-y-coorporaciones-locales","tag-sipopo"],"yoast_head":"<!-- This site is optimized with the Yoast SEO Premium plugin v26.1 (Yoast SEO v27.0) - https:\/\/yoast.com\/product\/yoast-seo-premium-wordpress\/ -->\n<title>Le Minist\u00e8re de L&#039;Int\u00e9rieur Convoque les R\u00e9clamants des Terrains de L&#039;\u00c9tat \u00e0 Sipopo - Guin\u00e9e \u00e9quatoriale<\/title>\n<meta name=\"description\" content=\"En 2011, le gouvernement a de\u0301clare\u0301 comme zone strate\u0301gique la re\u0301gion allant de la fin de la ferme Casa Mayo jusqu\u2019au ...\" \/>\n<meta name=\"robots\" content=\"index, follow, max-snippet:-1, max-image-preview:large, max-video-preview:-1\" \/>\n<link rel=\"canonical\" href=\"https:\/\/www.africa-press.net\/guinee-equatoriale\/politique\/le-ministere-de-linterieur-convoque-les-reclamants-des-terrains-de-letat-a-sipopo\" \/>\n<meta property=\"og:locale\" content=\"fr_FR\" \/>\n<meta property=\"og:type\" content=\"article\" \/>\n<meta property=\"og:title\" content=\"Le Minist\u00e8re de L&#039;Int\u00e9rieur Convoque les R\u00e9clamants des Terrains de L&#039;\u00c9tat \u00e0 Sipopo\" \/>\n<meta property=\"og:description\" content=\"En 2011, le gouvernement a de\u0301clare\u0301 comme zone strate\u0301gique la re\u0301gion allant de la fin de la ferme Casa Mayo jusqu\u2019au ...\" \/>\n<meta property=\"og:url\" content=\"https:\/\/www.africa-press.net\/guinee-equatoriale\/politique\/le-ministere-de-linterieur-convoque-les-reclamants-des-terrains-de-letat-a-sipopo\" \/>\n<meta property=\"og:site_name\" content=\"Guin\u00e9e \u00e9quatoriale\" \/>\n<meta property=\"article:published_time\" content=\"2025-01-23T19:38:22+00:00\" \/>\n<meta property=\"article:modified_time\" content=\"2025-05-05T00:45:04+00:00\" \/>\n<meta property=\"og:image\" content=\"https:\/\/static.africa-press.net\/guinee-equatoriale\/sites\/53\/2025\/01\/sm_1738084634.617908.jpg\" \/>\n\t<meta property=\"og:image:width\" content=\"1025\" \/>\n\t<meta property=\"og:image:height\" content=\"550\" \/>\n\t<meta property=\"og:image:type\" content=\"image\/jpeg\" \/>\n<meta name=\"author\" content=\"cfeditorfr\" \/>\n<meta name=\"twitter:card\" content=\"summary_large_image\" \/>\n<meta name=\"twitter:label1\" content=\"\u00c9crit par\" \/>\n\t<meta name=\"twitter:data1\" content=\"cfeditorfr\" \/>\n\t<meta name=\"twitter:label2\" content=\"Dur\u00e9e de lecture estim\u00e9e\" \/>\n\t<meta name=\"twitter:data2\" content=\"1 minute\" \/>\n<script type=\"application\/ld+json\" class=\"yoast-schema-graph\">{\"@context\":\"https:\/\/schema.org\",\"@graph\":[{\"@type\":\"Article\",\"@id\":\"https:\/\/www.africa-press.net\/guinee-equatoriale\/politique\/le-ministere-de-linterieur-convoque-les-reclamants-des-terrains-de-letat-a-sipopo#article\",\"isPartOf\":{\"@id\":\"https:\/\/www.africa-press.net\/guinee-equatoriale\/politique\/le-ministere-de-linterieur-convoque-les-reclamants-des-terrains-de-letat-a-sipopo\"},\"author\":{\"name\":\"cfeditorfr\",\"@id\":\"https:\/\/www.africa-press.net\/guinee-equatoriale\/#\/schema\/person\/2b1cf3cd81a31e3cd26889ca66d677f1\"},\"headline\":\"Le Minist\u00e8re de L&rsquo;Int\u00e9rieur Convoque les R\u00e9clamants des Terrains de L&rsquo;\u00c9tat \u00e0 Sipopo\",\"datePublished\":\"2025-01-23T19:38:22+00:00\",\"dateModified\":\"2025-05-05T00:45:04+00:00\",\"mainEntityOfPage\":{\"@id\":\"https:\/\/www.africa-press.net\/guinee-equatoriale\/politique\/le-ministere-de-linterieur-convoque-les-reclamants-des-terrains-de-letat-a-sipopo\"},\"wordCount\":300,\"commentCount\":0,\"image\":{\"@id\":\"https:\/\/www.africa-press.net\/guinee-equatoriale\/politique\/le-ministere-de-linterieur-convoque-les-reclamants-des-terrains-de-letat-a-sipopo#primaryimage\"},\"thumbnailUrl\":\"https:\/\/static.africa-press.net\/guinee-equatoriale\/sites\/53\/2025\/01\/sm_1738084634.617908.jpg\",\"keywords\":[\"actualidad\",\"Guinee Equatoriale\",\"Ministerio del Interior y Coorporaciones Locales\",\"Sipopo\"],\"articleSection\":[\"Politique\",\"Toutes les actualit\u00e9s\"],\"inLanguage\":\"fr-FR\",\"potentialAction\":[{\"@type\":\"CommentAction\",\"name\":\"Comment\",\"target\":[\"https:\/\/www.africa-press.net\/guinee-equatoriale\/politique\/le-ministere-de-linterieur-convoque-les-reclamants-des-terrains-de-letat-a-sipopo#respond\"]}]},{\"@type\":\"WebPage\",\"@id\":\"https:\/\/www.africa-press.net\/guinee-equatoriale\/politique\/le-ministere-de-linterieur-convoque-les-reclamants-des-terrains-de-letat-a-sipopo\",\"url\":\"https:\/\/www.africa-press.net\/guinee-equatoriale\/politique\/le-ministere-de-linterieur-convoque-les-reclamants-des-terrains-de-letat-a-sipopo\",\"name\":\"Le Minist\u00e8re de L'Int\u00e9rieur Convoque les R\u00e9clamants des Terrains de L'\u00c9tat \u00e0 Sipopo - Guin\u00e9e \u00e9quatoriale\",\"isPartOf\":{\"@id\":\"https:\/\/www.africa-press.net\/guinee-equatoriale\/#website\"},\"primaryImageOfPage\":{\"@id\":\"https:\/\/www.africa-press.net\/guinee-equatoriale\/politique\/le-ministere-de-linterieur-convoque-les-reclamants-des-terrains-de-letat-a-sipopo#primaryimage\"},\"image\":{\"@id\":\"https:\/\/www.africa-press.net\/guinee-equatoriale\/politique\/le-ministere-de-linterieur-convoque-les-reclamants-des-terrains-de-letat-a-sipopo#primaryimage\"},\"thumbnailUrl\":\"https:\/\/static.africa-press.net\/guinee-equatoriale\/sites\/53\/2025\/01\/sm_1738084634.617908.jpg\",\"datePublished\":\"2025-01-23T19:38:22+00:00\",\"dateModified\":\"2025-05-05T00:45:04+00:00\",\"author\":{\"@id\":\"https:\/\/www.africa-press.net\/guinee-equatoriale\/#\/schema\/person\/2b1cf3cd81a31e3cd26889ca66d677f1\"},\"description\":\"En 2011, le gouvernement a de\u0301clare\u0301 comme zone strate\u0301gique la re\u0301gion allant de la fin de la ferme Casa Mayo jusqu\u2019au ...\",\"breadcrumb\":{\"@id\":\"https:\/\/www.africa-press.net\/guinee-equatoriale\/politique\/le-ministere-de-linterieur-convoque-les-reclamants-des-terrains-de-letat-a-sipopo#breadcrumb\"},\"inLanguage\":\"fr-FR\",\"potentialAction\":[{\"@type\":\"ReadAction\",\"target\":[\"https:\/\/www.africa-press.net\/guinee-equatoriale\/politique\/le-ministere-de-linterieur-convoque-les-reclamants-des-terrains-de-letat-a-sipopo\"]}]},{\"@type\":\"ImageObject\",\"inLanguage\":\"fr-FR\",\"@id\":\"https:\/\/www.africa-press.net\/guinee-equatoriale\/politique\/le-ministere-de-linterieur-convoque-les-reclamants-des-terrains-de-letat-a-sipopo#primaryimage\",\"url\":\"https:\/\/static.africa-press.net\/guinee-equatoriale\/sites\/53\/2025\/01\/sm_1738084634.617908.jpg\",\"contentUrl\":\"https:\/\/static.africa-press.net\/guinee-equatoriale\/sites\/53\/2025\/01\/sm_1738084634.617908.jpg\",\"width\":1025,\"height\":550,\"caption\":\"Le Minist\u00e8re de L'Int\u00e9rieur Convoque les R\u00e9clamants des Terrains de L'\u00c9tat \u00e0 Sipopo\"},{\"@type\":\"BreadcrumbList\",\"@id\":\"https:\/\/www.africa-press.net\/guinee-equatoriale\/politique\/le-ministere-de-linterieur-convoque-les-reclamants-des-terrains-de-letat-a-sipopo#breadcrumb\",\"itemListElement\":[{\"@type\":\"ListItem\",\"position\":1,\"name\":\"Accueil\",\"item\":\"https:\/\/www.africa-press.net\/guinee-equatoriale\/\"},{\"@type\":\"ListItem\",\"position\":2,\"name\":\"Le Minist\u00e8re de L&rsquo;Int\u00e9rieur Convoque les R\u00e9clamants des Terrains de L&rsquo;\u00c9tat \u00e0 Sipopo\"}]},{\"@type\":\"WebSite\",\"@id\":\"https:\/\/www.africa-press.net\/guinee-equatoriale\/#website\",\"url\":\"https:\/\/www.africa-press.net\/guinee-equatoriale\/\",\"name\":\"Guin\u00e9e \u00e9quatoriale\",\"description\":\"Just another Africa News Agency Sites site\",\"potentialAction\":[{\"@type\":\"SearchAction\",\"target\":{\"@type\":\"EntryPoint\",\"urlTemplate\":\"https:\/\/www.africa-press.net\/guinee-equatoriale\/?s={search_term_string}\"},\"query-input\":{\"@type\":\"PropertyValueSpecification\",\"valueRequired\":true,\"valueName\":\"search_term_string\"}}],\"inLanguage\":\"fr-FR\"},{\"@type\":\"Person\",\"@id\":\"https:\/\/www.africa-press.net\/guinee-equatoriale\/#\/schema\/person\/2b1cf3cd81a31e3cd26889ca66d677f1\",\"name\":\"cfeditorfr\"}]}<\/script>\n<!-- \/ Yoast SEO Premium plugin. -->","yoast_head_json":{"title":"Le Minist\u00e8re de L'Int\u00e9rieur Convoque les R\u00e9clamants des Terrains de L'\u00c9tat \u00e0 Sipopo - Guin\u00e9e \u00e9quatoriale","description":"En 2011, le gouvernement a de\u0301clare\u0301 comme zone strate\u0301gique la re\u0301gion allant de la fin de la ferme Casa Mayo jusqu\u2019au ...","robots":{"index":"index","follow":"follow","max-snippet":"max-snippet:-1","max-image-preview":"max-image-preview:large","max-video-preview":"max-video-preview:-1"},"canonical":"https:\/\/www.africa-press.net\/guinee-equatoriale\/politique\/le-ministere-de-linterieur-convoque-les-reclamants-des-terrains-de-letat-a-sipopo","og_locale":"fr_FR","og_type":"article","og_title":"Le Minist\u00e8re de L'Int\u00e9rieur Convoque les R\u00e9clamants des Terrains de L'\u00c9tat \u00e0 Sipopo","og_description":"En 2011, le gouvernement a de\u0301clare\u0301 comme zone strate\u0301gique la re\u0301gion allant de la fin de la ferme Casa Mayo jusqu\u2019au ...","og_url":"https:\/\/www.africa-press.net\/guinee-equatoriale\/politique\/le-ministere-de-linterieur-convoque-les-reclamants-des-terrains-de-letat-a-sipopo","og_site_name":"Guin\u00e9e \u00e9quatoriale","article_published_time":"2025-01-23T19:38:22+00:00","article_modified_time":"2025-05-05T00:45:04+00:00","og_image":[{"width":1025,"height":550,"url":"https:\/\/static.africa-press.net\/guinee-equatoriale\/sites\/53\/2025\/01\/sm_1738084634.617908.jpg","type":"image\/jpeg"}],"author":"cfeditorfr","twitter_card":"summary_large_image","twitter_misc":{"\u00c9crit par":"cfeditorfr","Dur\u00e9e de lecture estim\u00e9e":"1 minute"},"schema":{"@context":"https:\/\/schema.org","@graph":[{"@type":"Article","@id":"https:\/\/www.africa-press.net\/guinee-equatoriale\/politique\/le-ministere-de-linterieur-convoque-les-reclamants-des-terrains-de-letat-a-sipopo#article","isPartOf":{"@id":"https:\/\/www.africa-press.net\/guinee-equatoriale\/politique\/le-ministere-de-linterieur-convoque-les-reclamants-des-terrains-de-letat-a-sipopo"},"author":{"name":"cfeditorfr","@id":"https:\/\/www.africa-press.net\/guinee-equatoriale\/#\/schema\/person\/2b1cf3cd81a31e3cd26889ca66d677f1"},"headline":"Le Minist\u00e8re de L&rsquo;Int\u00e9rieur Convoque les R\u00e9clamants des Terrains de L&rsquo;\u00c9tat \u00e0 Sipopo","datePublished":"2025-01-23T19:38:22+00:00","dateModified":"2025-05-05T00:45:04+00:00","mainEntityOfPage":{"@id":"https:\/\/www.africa-press.net\/guinee-equatoriale\/politique\/le-ministere-de-linterieur-convoque-les-reclamants-des-terrains-de-letat-a-sipopo"},"wordCount":300,"commentCount":0,"image":{"@id":"https:\/\/www.africa-press.net\/guinee-equatoriale\/politique\/le-ministere-de-linterieur-convoque-les-reclamants-des-terrains-de-letat-a-sipopo#primaryimage"},"thumbnailUrl":"https:\/\/static.africa-press.net\/guinee-equatoriale\/sites\/53\/2025\/01\/sm_1738084634.617908.jpg","keywords":["actualidad","Guinee Equatoriale","Ministerio del Interior y Coorporaciones Locales","Sipopo"],"articleSection":["Politique","Toutes les actualit\u00e9s"],"inLanguage":"fr-FR","potentialAction":[{"@type":"CommentAction","name":"Comment","target":["https:\/\/www.africa-press.net\/guinee-equatoriale\/politique\/le-ministere-de-linterieur-convoque-les-reclamants-des-terrains-de-letat-a-sipopo#respond"]}]},{"@type":"WebPage","@id":"https:\/\/www.africa-press.net\/guinee-equatoriale\/politique\/le-ministere-de-linterieur-convoque-les-reclamants-des-terrains-de-letat-a-sipopo","url":"https:\/\/www.africa-press.net\/guinee-equatoriale\/politique\/le-ministere-de-linterieur-convoque-les-reclamants-des-terrains-de-letat-a-sipopo","name":"Le Minist\u00e8re de L'Int\u00e9rieur Convoque les R\u00e9clamants des Terrains de L'\u00c9tat \u00e0 Sipopo - Guin\u00e9e \u00e9quatoriale","isPartOf":{"@id":"https:\/\/www.africa-press.net\/guinee-equatoriale\/#website"},"primaryImageOfPage":{"@id":"https:\/\/www.africa-press.net\/guinee-equatoriale\/politique\/le-ministere-de-linterieur-convoque-les-reclamants-des-terrains-de-letat-a-sipopo#primaryimage"},"image":{"@id":"https:\/\/www.africa-press.net\/guinee-equatoriale\/politique\/le-ministere-de-linterieur-convoque-les-reclamants-des-terrains-de-letat-a-sipopo#primaryimage"},"thumbnailUrl":"https:\/\/static.africa-press.net\/guinee-equatoriale\/sites\/53\/2025\/01\/sm_1738084634.617908.jpg","datePublished":"2025-01-23T19:38:22+00:00","dateModified":"2025-05-05T00:45:04+00:00","author":{"@id":"https:\/\/www.africa-press.net\/guinee-equatoriale\/#\/schema\/person\/2b1cf3cd81a31e3cd26889ca66d677f1"},"description":"En 2011, le gouvernement a de\u0301clare\u0301 comme zone strate\u0301gique la re\u0301gion allant de la fin de la ferme Casa Mayo jusqu\u2019au ...","breadcrumb":{"@id":"https:\/\/www.africa-press.net\/guinee-equatoriale\/politique\/le-ministere-de-linterieur-convoque-les-reclamants-des-terrains-de-letat-a-sipopo#breadcrumb"},"inLanguage":"fr-FR","potentialAction":[{"@type":"ReadAction","target":["https:\/\/www.africa-press.net\/guinee-equatoriale\/politique\/le-ministere-de-linterieur-convoque-les-reclamants-des-terrains-de-letat-a-sipopo"]}]},{"@type":"ImageObject","inLanguage":"fr-FR","@id":"https:\/\/www.africa-press.net\/guinee-equatoriale\/politique\/le-ministere-de-linterieur-convoque-les-reclamants-des-terrains-de-letat-a-sipopo#primaryimage","url":"https:\/\/static.africa-press.net\/guinee-equatoriale\/sites\/53\/2025\/01\/sm_1738084634.617908.jpg","contentUrl":"https:\/\/static.africa-press.net\/guinee-equatoriale\/sites\/53\/2025\/01\/sm_1738084634.617908.jpg","width":1025,"height":550,"caption":"Le Minist\u00e8re de L'Int\u00e9rieur Convoque les R\u00e9clamants des Terrains de L'\u00c9tat \u00e0 Sipopo"},{"@type":"BreadcrumbList","@id":"https:\/\/www.africa-press.net\/guinee-equatoriale\/politique\/le-ministere-de-linterieur-convoque-les-reclamants-des-terrains-de-letat-a-sipopo#breadcrumb","itemListElement":[{"@type":"ListItem","position":1,"name":"Accueil","item":"https:\/\/www.africa-press.net\/guinee-equatoriale\/"},{"@type":"ListItem","position":2,"name":"Le Minist\u00e8re de L&rsquo;Int\u00e9rieur Convoque les R\u00e9clamants des Terrains de L&rsquo;\u00c9tat \u00e0 Sipopo"}]},{"@type":"WebSite","@id":"https:\/\/www.africa-press.net\/guinee-equatoriale\/#website","url":"https:\/\/www.africa-press.net\/guinee-equatoriale\/","name":"Guin\u00e9e \u00e9quatoriale","description":"Just another Africa News Agency Sites site","potentialAction":[{"@type":"SearchAction","target":{"@type":"EntryPoint","urlTemplate":"https:\/\/www.africa-press.net\/guinee-equatoriale\/?s={search_term_string}"},"query-input":{"@type":"PropertyValueSpecification","valueRequired":true,"valueName":"search_term_string"}}],"inLanguage":"fr-FR"},{"@type":"Person","@id":"https:\/\/www.africa-press.net\/guinee-equatoriale\/#\/schema\/person\/2b1cf3cd81a31e3cd26889ca66d677f1","name":"cfeditorfr"}]}},"_links":{"self":[{"href":"https:\/\/www.africa-press.net\/guinee-equatoriale\/wp-json\/wp\/v2\/posts\/17471","targetHints":{"allow":["GET"]}}],"collection":[{"href":"https:\/\/www.africa-press.net\/guinee-equatoriale\/wp-json\/wp\/v2\/posts"}],"about":[{"href":"https:\/\/www.africa-press.net\/guinee-equatoriale\/wp-json\/wp\/v2\/types\/post"}],"author":[{"embeddable":true,"href":"https:\/\/www.africa-press.net\/guinee-equatoriale\/wp-json\/wp\/v2\/users\/82"}],"replies":[{"embeddable":true,"href":"https:\/\/www.africa-press.net\/guinee-equatoriale\/wp-json\/wp\/v2\/comments?post=17471"}],"version-history":[{"count":0,"href":"https:\/\/www.africa-press.net\/guinee-equatoriale\/wp-json\/wp\/v2\/posts\/17471\/revisions"}],"wp:featuredmedia":[{"embeddable":true,"href":"https:\/\/www.africa-press.net\/guinee-equatoriale\/wp-json\/wp\/v2\/media\/17470"}],"wp:attachment":[{"href":"https:\/\/www.africa-press.net\/guinee-equatoriale\/wp-json\/wp\/v2\/media?parent=17471"}],"wp:term":[{"taxonomy":"category","embeddable":true,"href":"https:\/\/www.africa-press.net\/guinee-equatoriale\/wp-json\/wp\/v2\/categories?post=17471"},{"taxonomy":"post_tag","embeddable":true,"href":"https:\/\/www.africa-press.net\/guinee-equatoriale\/wp-json\/wp\/v2\/tags?post=17471"}],"curies":[{"name":"wp","href":"https:\/\/api.w.org\/{rel}","templated":true}]}}