{"id":17636,"date":"2025-01-31T23:07:49","date_gmt":"2025-01-31T23:07:49","guid":{"rendered":"https:\/\/www.africa-press.net\/guinee-equatoriale\/politique\/reunion-sur-la-nouvelle-feuille-de-route-des-routes"},"modified":"2025-05-05T18:34:07","modified_gmt":"2025-05-05T18:34:07","slug":"reunion-sur-la-nouvelle-feuille-de-route-des-routes","status":"publish","type":"post","link":"https:\/\/www.africa-press.net\/guinee-equatoriale\/economie\/reunion-sur-la-nouvelle-feuille-de-route-des-routes","title":{"rendered":"R\u00e9union sur la Nouvelle Feuille de Route des Routes"},"content":{"rendered":"<p><span style=\"color: #ff6600\"><strong>Africa-Press &#8211; Guinee Equatoriale. <\/strong><\/span>Le secre\u0301taire d&rsquo;E\u0301tat charge\u0301 des routes et des pe\u0301ages, Toma\u0301s Esono Nsue, a tenu une re\u0301union ce vendredi avec les repre\u0301sentants des entreprises du secteur des routes et des ponts a\u0300 Malabo. Cette rencontre visait a\u0300 pre\u0301senter aux participants la nouvelle feuille de route de son de\u0301partement et a\u0300 ame\u0301liorer la collaboration avec ces entreprises.<\/p>\n<p>Lors de la re\u0301union, Toma\u0301s Esono Nsue, accompagne\u0301 du directeur ge\u0301ne\u0301ral des routes, a aborde\u0301 plusieurs sujets d&rsquo;inte\u0301re\u0302t pour les parties, notamment la recherche d&rsquo;ame\u0301liorations dans la planification, l&rsquo;exe\u0301cution, la supervision et le suivi des projets des entreprises, ainsi que la cre\u0301ation d&rsquo;un canal de communication constant concernant la situation des projets en cours.<\/p>\n<p>Le secre\u0301taire d&rsquo;E\u0301tat a souligne\u0301 l&rsquo;importance de mettre en \u0153uvre des mesures pour optimiser la gestion des projets et a demande\u0301 aux entreprises de soumettre leur documentation comple\u0300te au ministe\u0300re des Travaux publics, pre\u0301cisant que cela be\u0301ne\u0301ficierait a\u0300 toutes les parties concerne\u0301es. Il a e\u0301galement insiste\u0301 sur la ne\u0301cessite\u0301 de promouvoir la coope\u0301ration entre les entreprises e\u0301trange\u0300res et nationales pour stimuler la croissance du secteur local.<\/p>\n<p>Toma\u0301s Esono Nsue a demande\u0301 aux entreprises de ne pas envoyer d&rsquo;interpre\u0300tes aux re\u0301unions, car ceux-ci ne peuvent pas prendre de de\u0301cisions cle\u0301s. Pour conclure, le membre du gouvernement a re\u0301affirme\u0301 son engagement a\u0300 travailler avec transparence, demandant que toutes les certifications soient envoye\u0301es mensuellement et non trimestriellement.<\/p>\n<p><strong>Pour plus d&rsquo;informations et d&rsquo;analyses sur la <span style=\"color: #ff6600\">Guinee Equatoriale<\/span>, suivez <span style=\"color: #ff6600\">Africa-Press<\/span><\/strong><\/p>\n","protected":false},"excerpt":{"rendered":"<p>Africa-Press &#8211; Guinee Equatoriale. Le secre\u0301taire d&rsquo;E\u0301tat charge\u0301 des routes et des pe\u0301ages, Toma\u0301s Esono Nsue, a tenu une re\u0301union ce vendredi avec les repre\u0301sentants des entreprises du secteur des routes et des ponts a\u0300 Malabo. Cette rencontre visait a\u0300 pre\u0301senter aux participants la nouvelle feuille de route de son de\u0301partement et a\u0300 ame\u0301liorer la [&hellip;]<\/p>\n","protected":false},"author":82,"featured_media":17635,"comment_status":"open","ping_status":"closed","sticky":false,"template":"","format":"standard","meta":{"footnotes":""},"categories":[3,10],"tags":[892,921,50,922],"class_list":["post-17636","post","type-post","status-publish","format-standard","has-post-thumbnail","hentry","category-economie","category-toutes-les-actualites","tag-actualidad","tag-empresas","tag-guinee-equatoriale","tag-obras-publicas"],"yoast_head":"<!-- This site is optimized with the Yoast SEO Premium plugin v26.1 (Yoast SEO v27.0) - https:\/\/yoast.com\/product\/yoast-seo-premium-wordpress\/ -->\n<title>R\u00e9union sur la Nouvelle Feuille de Route des Routes - Guin\u00e9e \u00e9quatoriale<\/title>\n<meta name=\"description\" content=\"Le secre\u0301taire d&#039;E\u0301tat charge\u0301 des routes et des pe\u0301ages, Toma\u0301s Esono Nsue, a tenu une re\u0301union ce vendredi avec les re ...\" \/>\n<meta name=\"robots\" content=\"index, follow, max-snippet:-1, max-image-preview:large, max-video-preview:-1\" \/>\n<link rel=\"canonical\" href=\"https:\/\/www.africa-press.net\/guinee-equatoriale\/economie\/reunion-sur-la-nouvelle-feuille-de-route-des-routes\" \/>\n<meta property=\"og:locale\" content=\"fr_FR\" \/>\n<meta property=\"og:type\" content=\"article\" \/>\n<meta property=\"og:title\" content=\"R\u00e9union sur la Nouvelle Feuille de Route des Routes\" \/>\n<meta property=\"og:description\" content=\"Le secre\u0301taire d&#039;E\u0301tat charge\u0301 des routes et des pe\u0301ages, Toma\u0301s Esono Nsue, a tenu une re\u0301union ce vendredi avec les re ...\" \/>\n<meta property=\"og:url\" content=\"https:\/\/www.africa-press.net\/guinee-equatoriale\/economie\/reunion-sur-la-nouvelle-feuille-de-route-des-routes\" \/>\n<meta property=\"og:site_name\" content=\"Guin\u00e9e \u00e9quatoriale\" \/>\n<meta property=\"article:published_time\" content=\"2025-01-31T23:07:49+00:00\" \/>\n<meta property=\"article:modified_time\" content=\"2025-05-05T18:34:07+00:00\" \/>\n<meta property=\"og:image\" content=\"https:\/\/static.africa-press.net\/guinee-equatoriale\/sites\/53\/2025\/02\/sm_1738447365.898531.jpg\" \/>\n\t<meta property=\"og:image:width\" content=\"1920\" \/>\n\t<meta property=\"og:image:height\" content=\"933\" \/>\n\t<meta property=\"og:image:type\" content=\"image\/jpeg\" \/>\n<meta name=\"author\" content=\"cfeditorfr\" \/>\n<meta name=\"twitter:card\" content=\"summary_large_image\" \/>\n<meta name=\"twitter:label1\" content=\"\u00c9crit par\" \/>\n\t<meta name=\"twitter:data1\" content=\"cfeditorfr\" \/>\n\t<meta name=\"twitter:label2\" content=\"Dur\u00e9e de lecture estim\u00e9e\" \/>\n\t<meta name=\"twitter:data2\" content=\"1 minute\" \/>\n<script type=\"application\/ld+json\" class=\"yoast-schema-graph\">{\"@context\":\"https:\/\/schema.org\",\"@graph\":[{\"@type\":\"Article\",\"@id\":\"https:\/\/www.africa-press.net\/guinee-equatoriale\/economie\/reunion-sur-la-nouvelle-feuille-de-route-des-routes#article\",\"isPartOf\":{\"@id\":\"https:\/\/www.africa-press.net\/guinee-equatoriale\/economie\/reunion-sur-la-nouvelle-feuille-de-route-des-routes\"},\"author\":{\"name\":\"cfeditorfr\",\"@id\":\"https:\/\/www.africa-press.net\/guinee-equatoriale\/#\/schema\/person\/2b1cf3cd81a31e3cd26889ca66d677f1\"},\"headline\":\"R\u00e9union sur la Nouvelle Feuille de Route des Routes\",\"datePublished\":\"2025-01-31T23:07:49+00:00\",\"dateModified\":\"2025-05-05T18:34:07+00:00\",\"mainEntityOfPage\":{\"@id\":\"https:\/\/www.africa-press.net\/guinee-equatoriale\/economie\/reunion-sur-la-nouvelle-feuille-de-route-des-routes\"},\"wordCount\":296,\"commentCount\":0,\"image\":{\"@id\":\"https:\/\/www.africa-press.net\/guinee-equatoriale\/economie\/reunion-sur-la-nouvelle-feuille-de-route-des-routes#primaryimage\"},\"thumbnailUrl\":\"https:\/\/static.africa-press.net\/guinee-equatoriale\/sites\/53\/2025\/02\/sm_1738447365.898531.jpg\",\"keywords\":[\"actualidad\",\"empresas\",\"Guinee Equatoriale\",\"Obras P\u00fablicas\"],\"articleSection\":[\"\u00c9conomie\",\"Toutes les actualit\u00e9s\"],\"inLanguage\":\"fr-FR\",\"potentialAction\":[{\"@type\":\"CommentAction\",\"name\":\"Comment\",\"target\":[\"https:\/\/www.africa-press.net\/guinee-equatoriale\/economie\/reunion-sur-la-nouvelle-feuille-de-route-des-routes#respond\"]}]},{\"@type\":\"WebPage\",\"@id\":\"https:\/\/www.africa-press.net\/guinee-equatoriale\/economie\/reunion-sur-la-nouvelle-feuille-de-route-des-routes\",\"url\":\"https:\/\/www.africa-press.net\/guinee-equatoriale\/economie\/reunion-sur-la-nouvelle-feuille-de-route-des-routes\",\"name\":\"R\u00e9union sur la Nouvelle Feuille de Route des Routes - Guin\u00e9e \u00e9quatoriale\",\"isPartOf\":{\"@id\":\"https:\/\/www.africa-press.net\/guinee-equatoriale\/#website\"},\"primaryImageOfPage\":{\"@id\":\"https:\/\/www.africa-press.net\/guinee-equatoriale\/economie\/reunion-sur-la-nouvelle-feuille-de-route-des-routes#primaryimage\"},\"image\":{\"@id\":\"https:\/\/www.africa-press.net\/guinee-equatoriale\/economie\/reunion-sur-la-nouvelle-feuille-de-route-des-routes#primaryimage\"},\"thumbnailUrl\":\"https:\/\/static.africa-press.net\/guinee-equatoriale\/sites\/53\/2025\/02\/sm_1738447365.898531.jpg\",\"datePublished\":\"2025-01-31T23:07:49+00:00\",\"dateModified\":\"2025-05-05T18:34:07+00:00\",\"author\":{\"@id\":\"https:\/\/www.africa-press.net\/guinee-equatoriale\/#\/schema\/person\/2b1cf3cd81a31e3cd26889ca66d677f1\"},\"description\":\"Le secre\u0301taire d'E\u0301tat charge\u0301 des routes et des pe\u0301ages, Toma\u0301s Esono Nsue, a tenu une re\u0301union ce vendredi avec les re ...\",\"breadcrumb\":{\"@id\":\"https:\/\/www.africa-press.net\/guinee-equatoriale\/economie\/reunion-sur-la-nouvelle-feuille-de-route-des-routes#breadcrumb\"},\"inLanguage\":\"fr-FR\",\"potentialAction\":[{\"@type\":\"ReadAction\",\"target\":[\"https:\/\/www.africa-press.net\/guinee-equatoriale\/economie\/reunion-sur-la-nouvelle-feuille-de-route-des-routes\"]}]},{\"@type\":\"ImageObject\",\"inLanguage\":\"fr-FR\",\"@id\":\"https:\/\/www.africa-press.net\/guinee-equatoriale\/economie\/reunion-sur-la-nouvelle-feuille-de-route-des-routes#primaryimage\",\"url\":\"https:\/\/static.africa-press.net\/guinee-equatoriale\/sites\/53\/2025\/02\/sm_1738447365.898531.jpg\",\"contentUrl\":\"https:\/\/static.africa-press.net\/guinee-equatoriale\/sites\/53\/2025\/02\/sm_1738447365.898531.jpg\",\"width\":1920,\"height\":933,\"caption\":\"R\u00e9union sur la Nouvelle Feuille de Route des Routes\"},{\"@type\":\"BreadcrumbList\",\"@id\":\"https:\/\/www.africa-press.net\/guinee-equatoriale\/economie\/reunion-sur-la-nouvelle-feuille-de-route-des-routes#breadcrumb\",\"itemListElement\":[{\"@type\":\"ListItem\",\"position\":1,\"name\":\"Accueil\",\"item\":\"https:\/\/www.africa-press.net\/guinee-equatoriale\/\"},{\"@type\":\"ListItem\",\"position\":2,\"name\":\"R\u00e9union sur la Nouvelle Feuille de Route des Routes\"}]},{\"@type\":\"WebSite\",\"@id\":\"https:\/\/www.africa-press.net\/guinee-equatoriale\/#website\",\"url\":\"https:\/\/www.africa-press.net\/guinee-equatoriale\/\",\"name\":\"Guin\u00e9e \u00e9quatoriale\",\"description\":\"Just another Africa News Agency Sites site\",\"potentialAction\":[{\"@type\":\"SearchAction\",\"target\":{\"@type\":\"EntryPoint\",\"urlTemplate\":\"https:\/\/www.africa-press.net\/guinee-equatoriale\/?s={search_term_string}\"},\"query-input\":{\"@type\":\"PropertyValueSpecification\",\"valueRequired\":true,\"valueName\":\"search_term_string\"}}],\"inLanguage\":\"fr-FR\"},{\"@type\":\"Person\",\"@id\":\"https:\/\/www.africa-press.net\/guinee-equatoriale\/#\/schema\/person\/2b1cf3cd81a31e3cd26889ca66d677f1\",\"name\":\"cfeditorfr\"}]}<\/script>\n<!-- \/ Yoast SEO Premium plugin. -->","yoast_head_json":{"title":"R\u00e9union sur la Nouvelle Feuille de Route des Routes - Guin\u00e9e \u00e9quatoriale","description":"Le secre\u0301taire d'E\u0301tat charge\u0301 des routes et des pe\u0301ages, Toma\u0301s Esono Nsue, a tenu une re\u0301union ce vendredi avec les re ...","robots":{"index":"index","follow":"follow","max-snippet":"max-snippet:-1","max-image-preview":"max-image-preview:large","max-video-preview":"max-video-preview:-1"},"canonical":"https:\/\/www.africa-press.net\/guinee-equatoriale\/economie\/reunion-sur-la-nouvelle-feuille-de-route-des-routes","og_locale":"fr_FR","og_type":"article","og_title":"R\u00e9union sur la Nouvelle Feuille de Route des Routes","og_description":"Le secre\u0301taire d'E\u0301tat charge\u0301 des routes et des pe\u0301ages, Toma\u0301s Esono Nsue, a tenu une re\u0301union ce vendredi avec les re ...","og_url":"https:\/\/www.africa-press.net\/guinee-equatoriale\/economie\/reunion-sur-la-nouvelle-feuille-de-route-des-routes","og_site_name":"Guin\u00e9e \u00e9quatoriale","article_published_time":"2025-01-31T23:07:49+00:00","article_modified_time":"2025-05-05T18:34:07+00:00","og_image":[{"width":1920,"height":933,"url":"https:\/\/static.africa-press.net\/guinee-equatoriale\/sites\/53\/2025\/02\/sm_1738447365.898531.jpg","type":"image\/jpeg"}],"author":"cfeditorfr","twitter_card":"summary_large_image","twitter_misc":{"\u00c9crit par":"cfeditorfr","Dur\u00e9e de lecture estim\u00e9e":"1 minute"},"schema":{"@context":"https:\/\/schema.org","@graph":[{"@type":"Article","@id":"https:\/\/www.africa-press.net\/guinee-equatoriale\/economie\/reunion-sur-la-nouvelle-feuille-de-route-des-routes#article","isPartOf":{"@id":"https:\/\/www.africa-press.net\/guinee-equatoriale\/economie\/reunion-sur-la-nouvelle-feuille-de-route-des-routes"},"author":{"name":"cfeditorfr","@id":"https:\/\/www.africa-press.net\/guinee-equatoriale\/#\/schema\/person\/2b1cf3cd81a31e3cd26889ca66d677f1"},"headline":"R\u00e9union sur la Nouvelle Feuille de Route des Routes","datePublished":"2025-01-31T23:07:49+00:00","dateModified":"2025-05-05T18:34:07+00:00","mainEntityOfPage":{"@id":"https:\/\/www.africa-press.net\/guinee-equatoriale\/economie\/reunion-sur-la-nouvelle-feuille-de-route-des-routes"},"wordCount":296,"commentCount":0,"image":{"@id":"https:\/\/www.africa-press.net\/guinee-equatoriale\/economie\/reunion-sur-la-nouvelle-feuille-de-route-des-routes#primaryimage"},"thumbnailUrl":"https:\/\/static.africa-press.net\/guinee-equatoriale\/sites\/53\/2025\/02\/sm_1738447365.898531.jpg","keywords":["actualidad","empresas","Guinee Equatoriale","Obras P\u00fablicas"],"articleSection":["\u00c9conomie","Toutes les actualit\u00e9s"],"inLanguage":"fr-FR","potentialAction":[{"@type":"CommentAction","name":"Comment","target":["https:\/\/www.africa-press.net\/guinee-equatoriale\/economie\/reunion-sur-la-nouvelle-feuille-de-route-des-routes#respond"]}]},{"@type":"WebPage","@id":"https:\/\/www.africa-press.net\/guinee-equatoriale\/economie\/reunion-sur-la-nouvelle-feuille-de-route-des-routes","url":"https:\/\/www.africa-press.net\/guinee-equatoriale\/economie\/reunion-sur-la-nouvelle-feuille-de-route-des-routes","name":"R\u00e9union sur la Nouvelle Feuille de Route des Routes - Guin\u00e9e \u00e9quatoriale","isPartOf":{"@id":"https:\/\/www.africa-press.net\/guinee-equatoriale\/#website"},"primaryImageOfPage":{"@id":"https:\/\/www.africa-press.net\/guinee-equatoriale\/economie\/reunion-sur-la-nouvelle-feuille-de-route-des-routes#primaryimage"},"image":{"@id":"https:\/\/www.africa-press.net\/guinee-equatoriale\/economie\/reunion-sur-la-nouvelle-feuille-de-route-des-routes#primaryimage"},"thumbnailUrl":"https:\/\/static.africa-press.net\/guinee-equatoriale\/sites\/53\/2025\/02\/sm_1738447365.898531.jpg","datePublished":"2025-01-31T23:07:49+00:00","dateModified":"2025-05-05T18:34:07+00:00","author":{"@id":"https:\/\/www.africa-press.net\/guinee-equatoriale\/#\/schema\/person\/2b1cf3cd81a31e3cd26889ca66d677f1"},"description":"Le secre\u0301taire d'E\u0301tat charge\u0301 des routes et des pe\u0301ages, Toma\u0301s Esono Nsue, a tenu une re\u0301union ce vendredi avec les re ...","breadcrumb":{"@id":"https:\/\/www.africa-press.net\/guinee-equatoriale\/economie\/reunion-sur-la-nouvelle-feuille-de-route-des-routes#breadcrumb"},"inLanguage":"fr-FR","potentialAction":[{"@type":"ReadAction","target":["https:\/\/www.africa-press.net\/guinee-equatoriale\/economie\/reunion-sur-la-nouvelle-feuille-de-route-des-routes"]}]},{"@type":"ImageObject","inLanguage":"fr-FR","@id":"https:\/\/www.africa-press.net\/guinee-equatoriale\/economie\/reunion-sur-la-nouvelle-feuille-de-route-des-routes#primaryimage","url":"https:\/\/static.africa-press.net\/guinee-equatoriale\/sites\/53\/2025\/02\/sm_1738447365.898531.jpg","contentUrl":"https:\/\/static.africa-press.net\/guinee-equatoriale\/sites\/53\/2025\/02\/sm_1738447365.898531.jpg","width":1920,"height":933,"caption":"R\u00e9union sur la Nouvelle Feuille de Route des Routes"},{"@type":"BreadcrumbList","@id":"https:\/\/www.africa-press.net\/guinee-equatoriale\/economie\/reunion-sur-la-nouvelle-feuille-de-route-des-routes#breadcrumb","itemListElement":[{"@type":"ListItem","position":1,"name":"Accueil","item":"https:\/\/www.africa-press.net\/guinee-equatoriale\/"},{"@type":"ListItem","position":2,"name":"R\u00e9union sur la Nouvelle Feuille de Route des Routes"}]},{"@type":"WebSite","@id":"https:\/\/www.africa-press.net\/guinee-equatoriale\/#website","url":"https:\/\/www.africa-press.net\/guinee-equatoriale\/","name":"Guin\u00e9e \u00e9quatoriale","description":"Just another Africa News Agency Sites site","potentialAction":[{"@type":"SearchAction","target":{"@type":"EntryPoint","urlTemplate":"https:\/\/www.africa-press.net\/guinee-equatoriale\/?s={search_term_string}"},"query-input":{"@type":"PropertyValueSpecification","valueRequired":true,"valueName":"search_term_string"}}],"inLanguage":"fr-FR"},{"@type":"Person","@id":"https:\/\/www.africa-press.net\/guinee-equatoriale\/#\/schema\/person\/2b1cf3cd81a31e3cd26889ca66d677f1","name":"cfeditorfr"}]}},"_links":{"self":[{"href":"https:\/\/www.africa-press.net\/guinee-equatoriale\/wp-json\/wp\/v2\/posts\/17636","targetHints":{"allow":["GET"]}}],"collection":[{"href":"https:\/\/www.africa-press.net\/guinee-equatoriale\/wp-json\/wp\/v2\/posts"}],"about":[{"href":"https:\/\/www.africa-press.net\/guinee-equatoriale\/wp-json\/wp\/v2\/types\/post"}],"author":[{"embeddable":true,"href":"https:\/\/www.africa-press.net\/guinee-equatoriale\/wp-json\/wp\/v2\/users\/82"}],"replies":[{"embeddable":true,"href":"https:\/\/www.africa-press.net\/guinee-equatoriale\/wp-json\/wp\/v2\/comments?post=17636"}],"version-history":[{"count":0,"href":"https:\/\/www.africa-press.net\/guinee-equatoriale\/wp-json\/wp\/v2\/posts\/17636\/revisions"}],"wp:featuredmedia":[{"embeddable":true,"href":"https:\/\/www.africa-press.net\/guinee-equatoriale\/wp-json\/wp\/v2\/media\/17635"}],"wp:attachment":[{"href":"https:\/\/www.africa-press.net\/guinee-equatoriale\/wp-json\/wp\/v2\/media?parent=17636"}],"wp:term":[{"taxonomy":"category","embeddable":true,"href":"https:\/\/www.africa-press.net\/guinee-equatoriale\/wp-json\/wp\/v2\/categories?post=17636"},{"taxonomy":"post_tag","embeddable":true,"href":"https:\/\/www.africa-press.net\/guinee-equatoriale\/wp-json\/wp\/v2\/tags?post=17636"}],"curies":[{"name":"wp","href":"https:\/\/api.w.org\/{rel}","templated":true}]}}