{"id":17640,"date":"2025-02-01T18:09:08","date_gmt":"2025-02-01T18:09:08","guid":{"rendered":"https:\/\/www.africa-press.net\/guinee-equatoriale\/politique\/ouverture-de-la-premiere-session-ordinaire-du-parlement"},"modified":"2025-05-05T18:34:35","modified_gmt":"2025-05-05T18:34:35","slug":"ouverture-de-la-premiere-session-ordinaire-du-parlement","status":"publish","type":"post","link":"https:\/\/www.africa-press.net\/guinee-equatoriale\/politique\/ouverture-de-la-premiere-session-ordinaire-du-parlement","title":{"rendered":"Ouverture de la Premi\u00e8re Session Ordinaire du Parlement"},"content":{"rendered":"<p><span style=\"color: #ff6600\"><strong>Africa-Press &#8211; Guinee Equatoriale. <\/strong><\/span>Apre\u0300s plusieurs re\u0301unions pre\u0301paratoires, les se\u0301nateurs et de\u0301pute\u0301s se sont re\u0301unis le vendredi 31 janvier a\u0300 Sipopo pour assister a\u0300 l\u2019ouverture du premier pe\u0301riode ordinaire de sessions de l\u2019anne\u0301e 2025. Le Parlement national a exprime\u0301 sa gratitude au Pre\u0301sident de la Re\u0301publique, Obiang Nguema Mbasogo, pour son soutien constant moral, politique et e\u0301conomique.<\/p>\n<p>La ce\u0301re\u0301monie d\u2019introduction a inclus les discours du vice-pre\u0301sident du Se\u0301nat, Agustin Nze Nfumu, du pre\u0301sident de la Chambre des De\u0301pute\u0301s, Salomo\u0301n Nguema Owono, ainsi que les orientations du chef de l\u2019E\u0301tat, Obiang Nguema Mbasogo.<\/p>\n<p>Lors de cette session, les se\u0301nateurs et de\u0301pute\u0301s se sont engage\u0301s a\u0300 avancer sur plusieurs projets de loi importants, notamment sur la re\u0301forme de la loi sur la proprie\u0301te\u0301 foncie\u0300re, l\u2019ordonnancement des terres, l\u2019expropriation force\u0301e, la cre\u0301ation du cadastre national des terres, ainsi que d\u2019autres projets de loi et accords de coope\u0301ration.<\/p>\n<p>Le Se\u0301nat a e\u0301galement discute\u0301 des plaintes, des rapports des commissions parlementaires, des comparutions des membres du gouvernement, du contro\u0302le des entreprises publiques et des organismes autonomes, et d\u2019autres questions diverses.<\/p>\n<p>Le se\u0301nateur Agustin Nze Nfumu a souligne\u0301 l\u2019importance de professionnaliser le personnel du Se\u0301nat et de renforcer les connaissances des le\u0301gislateurs dans la gestion des ordonnances. Salomo\u0301n Nguema Owono a e\u0301voque\u0301 la ne\u0301cessite\u0301 de se positionner clairement sur un credo politique, condamnant ceux qu\u2019il conside\u0300re comme des trai\u0302tres e\u0301ternels.<\/p>\n<p>Le pre\u0301sident Obiang Nguema Mbasogo a rappele\u0301 l\u2019importance de la de\u0301mocratie, affirmant que la Guine\u0301e E\u0301quatoriale ne pourrait exister sans un Parlement, et soulignant l&rsquo;importance de l&rsquo;adoption du syste\u0300me bicame\u0301ral. Il a e\u0301galement mis en lumie\u0300re la paix en Guine\u0301e E\u0301quatoriale, qui attire des citoyens de pays voisins, attire\u0301s par la stabilite\u0301 et la paix dans le pays.<\/p>\n<p>Le pre\u0301sident a visite\u0301 la salle turque du Palais des Confe\u0301rences de Sipopo pour e\u0301valuer les pre\u0301paratifs en vue du prochain sommet extraordinaire des chefs d\u2019E\u0301tat de la CEEAC, pre\u0301vu en Guine\u0301e E\u0301quatoriale.<\/p>\n<p><strong>Pour plus d&rsquo;informations et d&rsquo;analyses sur la <span style=\"color: #ff6600\">Guinee Equatoriale<\/span>, suivez <span style=\"color: #ff6600\">Africa-Press<\/span><\/strong><\/p>\n","protected":false},"excerpt":{"rendered":"<p>Africa-Press &#8211; Guinee Equatoriale. Apre\u0300s plusieurs re\u0301unions pre\u0301paratoires, les se\u0301nateurs et de\u0301pute\u0301s se sont re\u0301unis le vendredi 31 janvier a\u0300 Sipopo pour assister a\u0300 l\u2019ouverture du premier pe\u0301riode ordinaire de sessions de l\u2019anne\u0301e 2025. Le Parlement national a exprime\u0301 sa gratitude au Pre\u0301sident de la Re\u0301publique, Obiang Nguema Mbasogo, pour son soutien constant moral, politique [&hellip;]<\/p>\n","protected":false},"author":82,"featured_media":17639,"comment_status":"open","ping_status":"closed","sticky":false,"template":"","format":"standard","meta":{"footnotes":""},"categories":[2,20,10],"tags":[892,50,924],"class_list":["post-17640","post","type-post","status-publish","format-standard","has-post-thumbnail","hentry","category-politique","category-top-nouvelles","category-toutes-les-actualites","tag-actualidad","tag-guinee-equatoriale","tag-parlamento"],"yoast_head":"<!-- This site is optimized with the Yoast SEO Premium plugin v26.1 (Yoast SEO v27.0) - https:\/\/yoast.com\/product\/yoast-seo-premium-wordpress\/ -->\n<title>Ouverture de la Premi\u00e8re Session Ordinaire du Parlement - Guin\u00e9e \u00e9quatoriale<\/title>\n<meta name=\"description\" content=\"Apre\u0300s plusieurs re\u0301unions pre\u0301paratoires, les se\u0301nateurs et de\u0301pute\u0301s se sont re\u0301unis le vendredi 31 janvier a\u0300 Sipopo ...\" \/>\n<meta name=\"robots\" content=\"index, follow, max-snippet:-1, max-image-preview:large, max-video-preview:-1\" \/>\n<link rel=\"canonical\" href=\"https:\/\/www.africa-press.net\/guinee-equatoriale\/politique\/ouverture-de-la-premiere-session-ordinaire-du-parlement\" \/>\n<meta property=\"og:locale\" content=\"fr_FR\" \/>\n<meta property=\"og:type\" content=\"article\" \/>\n<meta property=\"og:title\" content=\"Ouverture de la Premi\u00e8re Session Ordinaire du Parlement\" \/>\n<meta property=\"og:description\" content=\"Apre\u0300s plusieurs re\u0301unions pre\u0301paratoires, les se\u0301nateurs et de\u0301pute\u0301s se sont re\u0301unis le vendredi 31 janvier a\u0300 Sipopo ...\" \/>\n<meta property=\"og:url\" content=\"https:\/\/www.africa-press.net\/guinee-equatoriale\/politique\/ouverture-de-la-premiere-session-ordinaire-du-parlement\" \/>\n<meta property=\"og:site_name\" content=\"Guin\u00e9e \u00e9quatoriale\" \/>\n<meta property=\"article:published_time\" content=\"2025-02-01T18:09:08+00:00\" \/>\n<meta property=\"article:modified_time\" content=\"2025-05-05T18:34:35+00:00\" \/>\n<meta property=\"og:image\" content=\"https:\/\/static.africa-press.net\/guinee-equatoriale\/sites\/53\/2025\/02\/sm_1738447390.057547.jpg\" \/>\n\t<meta property=\"og:image:width\" content=\"1080\" \/>\n\t<meta property=\"og:image:height\" content=\"609\" \/>\n\t<meta property=\"og:image:type\" content=\"image\/jpeg\" \/>\n<meta name=\"author\" content=\"cfeditorfr\" \/>\n<meta name=\"twitter:card\" content=\"summary_large_image\" \/>\n<meta name=\"twitter:label1\" content=\"\u00c9crit par\" \/>\n\t<meta name=\"twitter:data1\" content=\"cfeditorfr\" \/>\n\t<meta name=\"twitter:label2\" content=\"Dur\u00e9e de lecture estim\u00e9e\" \/>\n\t<meta name=\"twitter:data2\" content=\"2 minutes\" \/>\n<script type=\"application\/ld+json\" class=\"yoast-schema-graph\">{\"@context\":\"https:\/\/schema.org\",\"@graph\":[{\"@type\":\"Article\",\"@id\":\"https:\/\/www.africa-press.net\/guinee-equatoriale\/politique\/ouverture-de-la-premiere-session-ordinaire-du-parlement#article\",\"isPartOf\":{\"@id\":\"https:\/\/www.africa-press.net\/guinee-equatoriale\/politique\/ouverture-de-la-premiere-session-ordinaire-du-parlement\"},\"author\":{\"name\":\"cfeditorfr\",\"@id\":\"https:\/\/www.africa-press.net\/guinee-equatoriale\/#\/schema\/person\/2b1cf3cd81a31e3cd26889ca66d677f1\"},\"headline\":\"Ouverture de la Premi\u00e8re Session Ordinaire du Parlement\",\"datePublished\":\"2025-02-01T18:09:08+00:00\",\"dateModified\":\"2025-05-05T18:34:35+00:00\",\"mainEntityOfPage\":{\"@id\":\"https:\/\/www.africa-press.net\/guinee-equatoriale\/politique\/ouverture-de-la-premiere-session-ordinaire-du-parlement\"},\"wordCount\":411,\"commentCount\":0,\"image\":{\"@id\":\"https:\/\/www.africa-press.net\/guinee-equatoriale\/politique\/ouverture-de-la-premiere-session-ordinaire-du-parlement#primaryimage\"},\"thumbnailUrl\":\"https:\/\/static.africa-press.net\/guinee-equatoriale\/sites\/53\/2025\/02\/sm_1738447390.057547.jpg\",\"keywords\":[\"actualidad\",\"Guinee Equatoriale\",\"Parlamento\"],\"articleSection\":[\"Politique\",\"Top Nouvelles\",\"Toutes les actualit\u00e9s\"],\"inLanguage\":\"fr-FR\",\"potentialAction\":[{\"@type\":\"CommentAction\",\"name\":\"Comment\",\"target\":[\"https:\/\/www.africa-press.net\/guinee-equatoriale\/politique\/ouverture-de-la-premiere-session-ordinaire-du-parlement#respond\"]}]},{\"@type\":\"WebPage\",\"@id\":\"https:\/\/www.africa-press.net\/guinee-equatoriale\/politique\/ouverture-de-la-premiere-session-ordinaire-du-parlement\",\"url\":\"https:\/\/www.africa-press.net\/guinee-equatoriale\/politique\/ouverture-de-la-premiere-session-ordinaire-du-parlement\",\"name\":\"Ouverture de la Premi\u00e8re Session Ordinaire du Parlement - Guin\u00e9e \u00e9quatoriale\",\"isPartOf\":{\"@id\":\"https:\/\/www.africa-press.net\/guinee-equatoriale\/#website\"},\"primaryImageOfPage\":{\"@id\":\"https:\/\/www.africa-press.net\/guinee-equatoriale\/politique\/ouverture-de-la-premiere-session-ordinaire-du-parlement#primaryimage\"},\"image\":{\"@id\":\"https:\/\/www.africa-press.net\/guinee-equatoriale\/politique\/ouverture-de-la-premiere-session-ordinaire-du-parlement#primaryimage\"},\"thumbnailUrl\":\"https:\/\/static.africa-press.net\/guinee-equatoriale\/sites\/53\/2025\/02\/sm_1738447390.057547.jpg\",\"datePublished\":\"2025-02-01T18:09:08+00:00\",\"dateModified\":\"2025-05-05T18:34:35+00:00\",\"author\":{\"@id\":\"https:\/\/www.africa-press.net\/guinee-equatoriale\/#\/schema\/person\/2b1cf3cd81a31e3cd26889ca66d677f1\"},\"description\":\"Apre\u0300s plusieurs re\u0301unions pre\u0301paratoires, les se\u0301nateurs et de\u0301pute\u0301s se sont re\u0301unis le vendredi 31 janvier a\u0300 Sipopo ...\",\"breadcrumb\":{\"@id\":\"https:\/\/www.africa-press.net\/guinee-equatoriale\/politique\/ouverture-de-la-premiere-session-ordinaire-du-parlement#breadcrumb\"},\"inLanguage\":\"fr-FR\",\"potentialAction\":[{\"@type\":\"ReadAction\",\"target\":[\"https:\/\/www.africa-press.net\/guinee-equatoriale\/politique\/ouverture-de-la-premiere-session-ordinaire-du-parlement\"]}]},{\"@type\":\"ImageObject\",\"inLanguage\":\"fr-FR\",\"@id\":\"https:\/\/www.africa-press.net\/guinee-equatoriale\/politique\/ouverture-de-la-premiere-session-ordinaire-du-parlement#primaryimage\",\"url\":\"https:\/\/static.africa-press.net\/guinee-equatoriale\/sites\/53\/2025\/02\/sm_1738447390.057547.jpg\",\"contentUrl\":\"https:\/\/static.africa-press.net\/guinee-equatoriale\/sites\/53\/2025\/02\/sm_1738447390.057547.jpg\",\"width\":1080,\"height\":609,\"caption\":\"Ouverture de la Premi\u00e8re Session Ordinaire du Parlement\"},{\"@type\":\"BreadcrumbList\",\"@id\":\"https:\/\/www.africa-press.net\/guinee-equatoriale\/politique\/ouverture-de-la-premiere-session-ordinaire-du-parlement#breadcrumb\",\"itemListElement\":[{\"@type\":\"ListItem\",\"position\":1,\"name\":\"Accueil\",\"item\":\"https:\/\/www.africa-press.net\/guinee-equatoriale\/\"},{\"@type\":\"ListItem\",\"position\":2,\"name\":\"Ouverture de la Premi\u00e8re Session Ordinaire du Parlement\"}]},{\"@type\":\"WebSite\",\"@id\":\"https:\/\/www.africa-press.net\/guinee-equatoriale\/#website\",\"url\":\"https:\/\/www.africa-press.net\/guinee-equatoriale\/\",\"name\":\"Guin\u00e9e \u00e9quatoriale\",\"description\":\"Just another Africa News Agency Sites site\",\"potentialAction\":[{\"@type\":\"SearchAction\",\"target\":{\"@type\":\"EntryPoint\",\"urlTemplate\":\"https:\/\/www.africa-press.net\/guinee-equatoriale\/?s={search_term_string}\"},\"query-input\":{\"@type\":\"PropertyValueSpecification\",\"valueRequired\":true,\"valueName\":\"search_term_string\"}}],\"inLanguage\":\"fr-FR\"},{\"@type\":\"Person\",\"@id\":\"https:\/\/www.africa-press.net\/guinee-equatoriale\/#\/schema\/person\/2b1cf3cd81a31e3cd26889ca66d677f1\",\"name\":\"cfeditorfr\"}]}<\/script>\n<!-- \/ Yoast SEO Premium plugin. -->","yoast_head_json":{"title":"Ouverture de la Premi\u00e8re Session Ordinaire du Parlement - Guin\u00e9e \u00e9quatoriale","description":"Apre\u0300s plusieurs re\u0301unions pre\u0301paratoires, les se\u0301nateurs et de\u0301pute\u0301s se sont re\u0301unis le vendredi 31 janvier a\u0300 Sipopo ...","robots":{"index":"index","follow":"follow","max-snippet":"max-snippet:-1","max-image-preview":"max-image-preview:large","max-video-preview":"max-video-preview:-1"},"canonical":"https:\/\/www.africa-press.net\/guinee-equatoriale\/politique\/ouverture-de-la-premiere-session-ordinaire-du-parlement","og_locale":"fr_FR","og_type":"article","og_title":"Ouverture de la Premi\u00e8re Session Ordinaire du Parlement","og_description":"Apre\u0300s plusieurs re\u0301unions pre\u0301paratoires, les se\u0301nateurs et de\u0301pute\u0301s se sont re\u0301unis le vendredi 31 janvier a\u0300 Sipopo ...","og_url":"https:\/\/www.africa-press.net\/guinee-equatoriale\/politique\/ouverture-de-la-premiere-session-ordinaire-du-parlement","og_site_name":"Guin\u00e9e \u00e9quatoriale","article_published_time":"2025-02-01T18:09:08+00:00","article_modified_time":"2025-05-05T18:34:35+00:00","og_image":[{"width":1080,"height":609,"url":"https:\/\/static.africa-press.net\/guinee-equatoriale\/sites\/53\/2025\/02\/sm_1738447390.057547.jpg","type":"image\/jpeg"}],"author":"cfeditorfr","twitter_card":"summary_large_image","twitter_misc":{"\u00c9crit par":"cfeditorfr","Dur\u00e9e de lecture estim\u00e9e":"2 minutes"},"schema":{"@context":"https:\/\/schema.org","@graph":[{"@type":"Article","@id":"https:\/\/www.africa-press.net\/guinee-equatoriale\/politique\/ouverture-de-la-premiere-session-ordinaire-du-parlement#article","isPartOf":{"@id":"https:\/\/www.africa-press.net\/guinee-equatoriale\/politique\/ouverture-de-la-premiere-session-ordinaire-du-parlement"},"author":{"name":"cfeditorfr","@id":"https:\/\/www.africa-press.net\/guinee-equatoriale\/#\/schema\/person\/2b1cf3cd81a31e3cd26889ca66d677f1"},"headline":"Ouverture de la Premi\u00e8re Session Ordinaire du Parlement","datePublished":"2025-02-01T18:09:08+00:00","dateModified":"2025-05-05T18:34:35+00:00","mainEntityOfPage":{"@id":"https:\/\/www.africa-press.net\/guinee-equatoriale\/politique\/ouverture-de-la-premiere-session-ordinaire-du-parlement"},"wordCount":411,"commentCount":0,"image":{"@id":"https:\/\/www.africa-press.net\/guinee-equatoriale\/politique\/ouverture-de-la-premiere-session-ordinaire-du-parlement#primaryimage"},"thumbnailUrl":"https:\/\/static.africa-press.net\/guinee-equatoriale\/sites\/53\/2025\/02\/sm_1738447390.057547.jpg","keywords":["actualidad","Guinee Equatoriale","Parlamento"],"articleSection":["Politique","Top Nouvelles","Toutes les actualit\u00e9s"],"inLanguage":"fr-FR","potentialAction":[{"@type":"CommentAction","name":"Comment","target":["https:\/\/www.africa-press.net\/guinee-equatoriale\/politique\/ouverture-de-la-premiere-session-ordinaire-du-parlement#respond"]}]},{"@type":"WebPage","@id":"https:\/\/www.africa-press.net\/guinee-equatoriale\/politique\/ouverture-de-la-premiere-session-ordinaire-du-parlement","url":"https:\/\/www.africa-press.net\/guinee-equatoriale\/politique\/ouverture-de-la-premiere-session-ordinaire-du-parlement","name":"Ouverture de la Premi\u00e8re Session Ordinaire du Parlement - Guin\u00e9e \u00e9quatoriale","isPartOf":{"@id":"https:\/\/www.africa-press.net\/guinee-equatoriale\/#website"},"primaryImageOfPage":{"@id":"https:\/\/www.africa-press.net\/guinee-equatoriale\/politique\/ouverture-de-la-premiere-session-ordinaire-du-parlement#primaryimage"},"image":{"@id":"https:\/\/www.africa-press.net\/guinee-equatoriale\/politique\/ouverture-de-la-premiere-session-ordinaire-du-parlement#primaryimage"},"thumbnailUrl":"https:\/\/static.africa-press.net\/guinee-equatoriale\/sites\/53\/2025\/02\/sm_1738447390.057547.jpg","datePublished":"2025-02-01T18:09:08+00:00","dateModified":"2025-05-05T18:34:35+00:00","author":{"@id":"https:\/\/www.africa-press.net\/guinee-equatoriale\/#\/schema\/person\/2b1cf3cd81a31e3cd26889ca66d677f1"},"description":"Apre\u0300s plusieurs re\u0301unions pre\u0301paratoires, les se\u0301nateurs et de\u0301pute\u0301s se sont re\u0301unis le vendredi 31 janvier a\u0300 Sipopo ...","breadcrumb":{"@id":"https:\/\/www.africa-press.net\/guinee-equatoriale\/politique\/ouverture-de-la-premiere-session-ordinaire-du-parlement#breadcrumb"},"inLanguage":"fr-FR","potentialAction":[{"@type":"ReadAction","target":["https:\/\/www.africa-press.net\/guinee-equatoriale\/politique\/ouverture-de-la-premiere-session-ordinaire-du-parlement"]}]},{"@type":"ImageObject","inLanguage":"fr-FR","@id":"https:\/\/www.africa-press.net\/guinee-equatoriale\/politique\/ouverture-de-la-premiere-session-ordinaire-du-parlement#primaryimage","url":"https:\/\/static.africa-press.net\/guinee-equatoriale\/sites\/53\/2025\/02\/sm_1738447390.057547.jpg","contentUrl":"https:\/\/static.africa-press.net\/guinee-equatoriale\/sites\/53\/2025\/02\/sm_1738447390.057547.jpg","width":1080,"height":609,"caption":"Ouverture de la Premi\u00e8re Session Ordinaire du Parlement"},{"@type":"BreadcrumbList","@id":"https:\/\/www.africa-press.net\/guinee-equatoriale\/politique\/ouverture-de-la-premiere-session-ordinaire-du-parlement#breadcrumb","itemListElement":[{"@type":"ListItem","position":1,"name":"Accueil","item":"https:\/\/www.africa-press.net\/guinee-equatoriale\/"},{"@type":"ListItem","position":2,"name":"Ouverture de la Premi\u00e8re Session Ordinaire du Parlement"}]},{"@type":"WebSite","@id":"https:\/\/www.africa-press.net\/guinee-equatoriale\/#website","url":"https:\/\/www.africa-press.net\/guinee-equatoriale\/","name":"Guin\u00e9e \u00e9quatoriale","description":"Just another Africa News Agency Sites site","potentialAction":[{"@type":"SearchAction","target":{"@type":"EntryPoint","urlTemplate":"https:\/\/www.africa-press.net\/guinee-equatoriale\/?s={search_term_string}"},"query-input":{"@type":"PropertyValueSpecification","valueRequired":true,"valueName":"search_term_string"}}],"inLanguage":"fr-FR"},{"@type":"Person","@id":"https:\/\/www.africa-press.net\/guinee-equatoriale\/#\/schema\/person\/2b1cf3cd81a31e3cd26889ca66d677f1","name":"cfeditorfr"}]}},"_links":{"self":[{"href":"https:\/\/www.africa-press.net\/guinee-equatoriale\/wp-json\/wp\/v2\/posts\/17640","targetHints":{"allow":["GET"]}}],"collection":[{"href":"https:\/\/www.africa-press.net\/guinee-equatoriale\/wp-json\/wp\/v2\/posts"}],"about":[{"href":"https:\/\/www.africa-press.net\/guinee-equatoriale\/wp-json\/wp\/v2\/types\/post"}],"author":[{"embeddable":true,"href":"https:\/\/www.africa-press.net\/guinee-equatoriale\/wp-json\/wp\/v2\/users\/82"}],"replies":[{"embeddable":true,"href":"https:\/\/www.africa-press.net\/guinee-equatoriale\/wp-json\/wp\/v2\/comments?post=17640"}],"version-history":[{"count":0,"href":"https:\/\/www.africa-press.net\/guinee-equatoriale\/wp-json\/wp\/v2\/posts\/17640\/revisions"}],"wp:featuredmedia":[{"embeddable":true,"href":"https:\/\/www.africa-press.net\/guinee-equatoriale\/wp-json\/wp\/v2\/media\/17639"}],"wp:attachment":[{"href":"https:\/\/www.africa-press.net\/guinee-equatoriale\/wp-json\/wp\/v2\/media?parent=17640"}],"wp:term":[{"taxonomy":"category","embeddable":true,"href":"https:\/\/www.africa-press.net\/guinee-equatoriale\/wp-json\/wp\/v2\/categories?post=17640"},{"taxonomy":"post_tag","embeddable":true,"href":"https:\/\/www.africa-press.net\/guinee-equatoriale\/wp-json\/wp\/v2\/tags?post=17640"}],"curies":[{"name":"wp","href":"https:\/\/api.w.org\/{rel}","templated":true}]}}