{"id":17642,"date":"2025-02-01T23:09:56","date_gmt":"2025-02-01T23:09:56","guid":{"rendered":"https:\/\/www.africa-press.net\/guinee-equatoriale\/politique\/assemblee-elective-de-la-federation-dechecs-de-guinee-equatoriale"},"modified":"2025-05-05T18:34:48","modified_gmt":"2025-05-05T18:34:48","slug":"assemblee-elective-de-la-federation-dechecs-de-guinee-equatoriale","status":"publish","type":"post","link":"https:\/\/www.africa-press.net\/guinee-equatoriale\/sports\/assemblee-elective-de-la-federation-dechecs-de-guinee-equatoriale","title":{"rendered":"Assembl\u00e9e \u00c9lective de la F\u00e9d\u00e9ration D&rsquo;\u00e9checs de Guin\u00e9e \u00c9quatoriale"},"content":{"rendered":"<p><span style=\"color: #ff6600\"><strong>Africa-Press &#8211; Guinee Equatoriale. <\/strong><\/span>Ce samedi, la Fe\u0301de\u0301ration E\u0301quato-guine\u0301enne des E\u0301checs a tenu sa premie\u0300re Assemble\u0301e e\u0301lective, un processus marque\u0301 par la participation de tous les repre\u0301sentants des clubs d&rsquo;e\u0301checs du pays. Cette journe\u0301e e\u0301lectorale a permis de de\u0301signer les nouveaux dirigeants de la fe\u0301de\u0301ration pour les quatre prochaines anne\u0301es.<\/p>\n<p>Pour la pre\u0301sidence, Pedro Nguema Ebile s\u2019est pre\u0301sente\u0301 comme candidat unique et a e\u0301te\u0301 re\u0301e\u0301lu sans opposition. En vice-pre\u0301sidence, deux candidats se sont pre\u0301sente\u0301s: Ignacio Acacio Edjang Nfono et Juan Diosdado. Apre\u0300s le vote des repre\u0301sentants des clubs, Juan Diosdado a e\u0301te\u0301 e\u0301lu vice-pre\u0301sident avec 9 voix, tandis que son concurrent en a obtenu 2.<\/p>\n<p>Dans la course pour la tre\u0301sorerie, Graciano e\u0301tait initialement le seul candidat, mais de manie\u0300re inattendue, Miguel A\u0301ngel Etuba s&rsquo;est ajoute\u0301 a\u0300 la compe\u0301tition. Finalement, Etuba a remporte\u0301 le poste avec 8 voix contre 3 pour Graciano.<\/p>\n<p>L&rsquo;e\u0301ve\u0301nement a e\u0301te\u0301 marque\u0301 par la pre\u0301sence de la directrice ge\u0301ne\u0301rale des Sports, Judith Asangono Micha Eyang, repre\u0301sentant le ministe\u0300re de tutelle, ainsi que de la vice-pre\u0301sidente du Comite\u0301 Olympique de Guine\u0301e E\u0301quatoriale (COGE), Paulina Oliveira Borupu, qui a soutenu le processus e\u0301lectoral.<\/p>\n<p>Avec cette e\u0301lection, la Fe\u0301de\u0301ration E\u0301quato-guine\u0301enne des E\u0301checs (FENA) entame une nouvelle phase avec une direction renouvele\u0301e, promettant de consolider et de promouvoir la croissance des e\u0301checs dans le pays.<\/p>\n<p><strong>Pour plus d&rsquo;informations et d&rsquo;analyses sur la <span style=\"color: #ff6600\">Guinee Equatoriale<\/span>, suivez <span style=\"color: #ff6600\">Africa-Press<\/span><\/strong><\/p>\n","protected":false},"excerpt":{"rendered":"<p>Africa-Press &#8211; Guinee Equatoriale. Ce samedi, la Fe\u0301de\u0301ration E\u0301quato-guine\u0301enne des E\u0301checs a tenu sa premie\u0300re Assemble\u0301e e\u0301lective, un processus marque\u0301 par la participation de tous les repre\u0301sentants des clubs d&rsquo;e\u0301checs du pays. Cette journe\u0301e e\u0301lectorale a permis de de\u0301signer les nouveaux dirigeants de la fe\u0301de\u0301ration pour les quatre prochaines anne\u0301es. Pour la pre\u0301sidence, Pedro Nguema [&hellip;]<\/p>\n","protected":false},"author":82,"featured_media":17641,"comment_status":"open","ping_status":"closed","sticky":false,"template":"","format":"standard","meta":{"footnotes":""},"categories":[6,10],"tags":[892,925,926,50],"class_list":["post-17642","post","type-post","status-publish","format-standard","has-post-thumbnail","hentry","category-sports","category-toutes-les-actualites","tag-actualidad","tag-ajedrez","tag-asamblea-electiva","tag-guinee-equatoriale"],"yoast_head":"<!-- This site is optimized with the Yoast SEO Premium plugin v26.1 (Yoast SEO v27.0) - https:\/\/yoast.com\/product\/yoast-seo-premium-wordpress\/ -->\n<title>Assembl\u00e9e \u00c9lective de la F\u00e9d\u00e9ration D&#039;\u00e9checs de Guin\u00e9e \u00c9quatoriale - Guin\u00e9e \u00e9quatoriale<\/title>\n<meta name=\"description\" content=\"Ce samedi, la Fe\u0301de\u0301ration E\u0301quato-guine\u0301enne des E\u0301checs a tenu sa premie\u0300re Assemble\u0301e e\u0301lective, un processus marque\u0301 ...\" \/>\n<meta name=\"robots\" content=\"index, follow, max-snippet:-1, max-image-preview:large, max-video-preview:-1\" \/>\n<link rel=\"canonical\" href=\"https:\/\/www.africa-press.net\/guinee-equatoriale\/sports\/assemblee-elective-de-la-federation-dechecs-de-guinee-equatoriale\" \/>\n<meta property=\"og:locale\" content=\"fr_FR\" \/>\n<meta property=\"og:type\" content=\"article\" \/>\n<meta property=\"og:title\" content=\"Assembl\u00e9e \u00c9lective de la F\u00e9d\u00e9ration D&#039;\u00e9checs de Guin\u00e9e \u00c9quatoriale\" \/>\n<meta property=\"og:description\" content=\"Ce samedi, la Fe\u0301de\u0301ration E\u0301quato-guine\u0301enne des E\u0301checs a tenu sa premie\u0300re Assemble\u0301e e\u0301lective, un processus marque\u0301 ...\" \/>\n<meta property=\"og:url\" content=\"https:\/\/www.africa-press.net\/guinee-equatoriale\/sports\/assemblee-elective-de-la-federation-dechecs-de-guinee-equatoriale\" \/>\n<meta property=\"og:site_name\" content=\"Guin\u00e9e \u00e9quatoriale\" \/>\n<meta property=\"article:published_time\" content=\"2025-02-01T23:09:56+00:00\" \/>\n<meta property=\"article:modified_time\" content=\"2025-05-05T18:34:48+00:00\" \/>\n<meta property=\"og:image\" content=\"https:\/\/static.africa-press.net\/guinee-equatoriale\/sites\/53\/2025\/02\/sm_1738447402.510414.jpg\" \/>\n\t<meta property=\"og:image:width\" content=\"1920\" \/>\n\t<meta property=\"og:image:height\" content=\"861\" \/>\n\t<meta property=\"og:image:type\" content=\"image\/jpeg\" \/>\n<meta name=\"author\" content=\"cfeditorfr\" \/>\n<meta name=\"twitter:card\" content=\"summary_large_image\" \/>\n<meta name=\"twitter:label1\" content=\"\u00c9crit par\" \/>\n\t<meta name=\"twitter:data1\" content=\"cfeditorfr\" \/>\n\t<meta name=\"twitter:label2\" content=\"Dur\u00e9e de lecture estim\u00e9e\" \/>\n\t<meta name=\"twitter:data2\" content=\"2 minutes\" \/>\n<script type=\"application\/ld+json\" class=\"yoast-schema-graph\">{\"@context\":\"https:\/\/schema.org\",\"@graph\":[{\"@type\":\"Article\",\"@id\":\"https:\/\/www.africa-press.net\/guinee-equatoriale\/sports\/assemblee-elective-de-la-federation-dechecs-de-guinee-equatoriale#article\",\"isPartOf\":{\"@id\":\"https:\/\/www.africa-press.net\/guinee-equatoriale\/sports\/assemblee-elective-de-la-federation-dechecs-de-guinee-equatoriale\"},\"author\":{\"name\":\"cfeditorfr\",\"@id\":\"https:\/\/www.africa-press.net\/guinee-equatoriale\/#\/schema\/person\/2b1cf3cd81a31e3cd26889ca66d677f1\"},\"headline\":\"Assembl\u00e9e \u00c9lective de la F\u00e9d\u00e9ration D&rsquo;\u00e9checs de Guin\u00e9e \u00c9quatoriale\",\"datePublished\":\"2025-02-01T23:09:56+00:00\",\"dateModified\":\"2025-05-05T18:34:48+00:00\",\"mainEntityOfPage\":{\"@id\":\"https:\/\/www.africa-press.net\/guinee-equatoriale\/sports\/assemblee-elective-de-la-federation-dechecs-de-guinee-equatoriale\"},\"wordCount\":296,\"commentCount\":0,\"image\":{\"@id\":\"https:\/\/www.africa-press.net\/guinee-equatoriale\/sports\/assemblee-elective-de-la-federation-dechecs-de-guinee-equatoriale#primaryimage\"},\"thumbnailUrl\":\"https:\/\/static.africa-press.net\/guinee-equatoriale\/sites\/53\/2025\/02\/sm_1738447402.510414.jpg\",\"keywords\":[\"actualidad\",\"ajedrez\",\"Asamblea Electiva\",\"Guinee Equatoriale\"],\"articleSection\":[\"Sports\",\"Toutes les actualit\u00e9s\"],\"inLanguage\":\"fr-FR\",\"potentialAction\":[{\"@type\":\"CommentAction\",\"name\":\"Comment\",\"target\":[\"https:\/\/www.africa-press.net\/guinee-equatoriale\/sports\/assemblee-elective-de-la-federation-dechecs-de-guinee-equatoriale#respond\"]}]},{\"@type\":\"WebPage\",\"@id\":\"https:\/\/www.africa-press.net\/guinee-equatoriale\/sports\/assemblee-elective-de-la-federation-dechecs-de-guinee-equatoriale\",\"url\":\"https:\/\/www.africa-press.net\/guinee-equatoriale\/sports\/assemblee-elective-de-la-federation-dechecs-de-guinee-equatoriale\",\"name\":\"Assembl\u00e9e \u00c9lective de la F\u00e9d\u00e9ration D'\u00e9checs de Guin\u00e9e \u00c9quatoriale - Guin\u00e9e \u00e9quatoriale\",\"isPartOf\":{\"@id\":\"https:\/\/www.africa-press.net\/guinee-equatoriale\/#website\"},\"primaryImageOfPage\":{\"@id\":\"https:\/\/www.africa-press.net\/guinee-equatoriale\/sports\/assemblee-elective-de-la-federation-dechecs-de-guinee-equatoriale#primaryimage\"},\"image\":{\"@id\":\"https:\/\/www.africa-press.net\/guinee-equatoriale\/sports\/assemblee-elective-de-la-federation-dechecs-de-guinee-equatoriale#primaryimage\"},\"thumbnailUrl\":\"https:\/\/static.africa-press.net\/guinee-equatoriale\/sites\/53\/2025\/02\/sm_1738447402.510414.jpg\",\"datePublished\":\"2025-02-01T23:09:56+00:00\",\"dateModified\":\"2025-05-05T18:34:48+00:00\",\"author\":{\"@id\":\"https:\/\/www.africa-press.net\/guinee-equatoriale\/#\/schema\/person\/2b1cf3cd81a31e3cd26889ca66d677f1\"},\"description\":\"Ce samedi, la Fe\u0301de\u0301ration E\u0301quato-guine\u0301enne des E\u0301checs a tenu sa premie\u0300re Assemble\u0301e e\u0301lective, un processus marque\u0301 ...\",\"breadcrumb\":{\"@id\":\"https:\/\/www.africa-press.net\/guinee-equatoriale\/sports\/assemblee-elective-de-la-federation-dechecs-de-guinee-equatoriale#breadcrumb\"},\"inLanguage\":\"fr-FR\",\"potentialAction\":[{\"@type\":\"ReadAction\",\"target\":[\"https:\/\/www.africa-press.net\/guinee-equatoriale\/sports\/assemblee-elective-de-la-federation-dechecs-de-guinee-equatoriale\"]}]},{\"@type\":\"ImageObject\",\"inLanguage\":\"fr-FR\",\"@id\":\"https:\/\/www.africa-press.net\/guinee-equatoriale\/sports\/assemblee-elective-de-la-federation-dechecs-de-guinee-equatoriale#primaryimage\",\"url\":\"https:\/\/static.africa-press.net\/guinee-equatoriale\/sites\/53\/2025\/02\/sm_1738447402.510414.jpg\",\"contentUrl\":\"https:\/\/static.africa-press.net\/guinee-equatoriale\/sites\/53\/2025\/02\/sm_1738447402.510414.jpg\",\"width\":1920,\"height\":861,\"caption\":\"Assembl\u00e9e \u00c9lective de la F\u00e9d\u00e9ration D'\u00e9checs de Guin\u00e9e \u00c9quatoriale\"},{\"@type\":\"BreadcrumbList\",\"@id\":\"https:\/\/www.africa-press.net\/guinee-equatoriale\/sports\/assemblee-elective-de-la-federation-dechecs-de-guinee-equatoriale#breadcrumb\",\"itemListElement\":[{\"@type\":\"ListItem\",\"position\":1,\"name\":\"Accueil\",\"item\":\"https:\/\/www.africa-press.net\/guinee-equatoriale\/\"},{\"@type\":\"ListItem\",\"position\":2,\"name\":\"Assembl\u00e9e \u00c9lective de la F\u00e9d\u00e9ration D&rsquo;\u00e9checs de Guin\u00e9e \u00c9quatoriale\"}]},{\"@type\":\"WebSite\",\"@id\":\"https:\/\/www.africa-press.net\/guinee-equatoriale\/#website\",\"url\":\"https:\/\/www.africa-press.net\/guinee-equatoriale\/\",\"name\":\"Guin\u00e9e \u00e9quatoriale\",\"description\":\"Just another Africa News Agency Sites site\",\"potentialAction\":[{\"@type\":\"SearchAction\",\"target\":{\"@type\":\"EntryPoint\",\"urlTemplate\":\"https:\/\/www.africa-press.net\/guinee-equatoriale\/?s={search_term_string}\"},\"query-input\":{\"@type\":\"PropertyValueSpecification\",\"valueRequired\":true,\"valueName\":\"search_term_string\"}}],\"inLanguage\":\"fr-FR\"},{\"@type\":\"Person\",\"@id\":\"https:\/\/www.africa-press.net\/guinee-equatoriale\/#\/schema\/person\/2b1cf3cd81a31e3cd26889ca66d677f1\",\"name\":\"cfeditorfr\"}]}<\/script>\n<!-- \/ Yoast SEO Premium plugin. -->","yoast_head_json":{"title":"Assembl\u00e9e \u00c9lective de la F\u00e9d\u00e9ration D'\u00e9checs de Guin\u00e9e \u00c9quatoriale - Guin\u00e9e \u00e9quatoriale","description":"Ce samedi, la Fe\u0301de\u0301ration E\u0301quato-guine\u0301enne des E\u0301checs a tenu sa premie\u0300re Assemble\u0301e e\u0301lective, un processus marque\u0301 ...","robots":{"index":"index","follow":"follow","max-snippet":"max-snippet:-1","max-image-preview":"max-image-preview:large","max-video-preview":"max-video-preview:-1"},"canonical":"https:\/\/www.africa-press.net\/guinee-equatoriale\/sports\/assemblee-elective-de-la-federation-dechecs-de-guinee-equatoriale","og_locale":"fr_FR","og_type":"article","og_title":"Assembl\u00e9e \u00c9lective de la F\u00e9d\u00e9ration D'\u00e9checs de Guin\u00e9e \u00c9quatoriale","og_description":"Ce samedi, la Fe\u0301de\u0301ration E\u0301quato-guine\u0301enne des E\u0301checs a tenu sa premie\u0300re Assemble\u0301e e\u0301lective, un processus marque\u0301 ...","og_url":"https:\/\/www.africa-press.net\/guinee-equatoriale\/sports\/assemblee-elective-de-la-federation-dechecs-de-guinee-equatoriale","og_site_name":"Guin\u00e9e \u00e9quatoriale","article_published_time":"2025-02-01T23:09:56+00:00","article_modified_time":"2025-05-05T18:34:48+00:00","og_image":[{"width":1920,"height":861,"url":"https:\/\/static.africa-press.net\/guinee-equatoriale\/sites\/53\/2025\/02\/sm_1738447402.510414.jpg","type":"image\/jpeg"}],"author":"cfeditorfr","twitter_card":"summary_large_image","twitter_misc":{"\u00c9crit par":"cfeditorfr","Dur\u00e9e de lecture estim\u00e9e":"2 minutes"},"schema":{"@context":"https:\/\/schema.org","@graph":[{"@type":"Article","@id":"https:\/\/www.africa-press.net\/guinee-equatoriale\/sports\/assemblee-elective-de-la-federation-dechecs-de-guinee-equatoriale#article","isPartOf":{"@id":"https:\/\/www.africa-press.net\/guinee-equatoriale\/sports\/assemblee-elective-de-la-federation-dechecs-de-guinee-equatoriale"},"author":{"name":"cfeditorfr","@id":"https:\/\/www.africa-press.net\/guinee-equatoriale\/#\/schema\/person\/2b1cf3cd81a31e3cd26889ca66d677f1"},"headline":"Assembl\u00e9e \u00c9lective de la F\u00e9d\u00e9ration D&rsquo;\u00e9checs de Guin\u00e9e \u00c9quatoriale","datePublished":"2025-02-01T23:09:56+00:00","dateModified":"2025-05-05T18:34:48+00:00","mainEntityOfPage":{"@id":"https:\/\/www.africa-press.net\/guinee-equatoriale\/sports\/assemblee-elective-de-la-federation-dechecs-de-guinee-equatoriale"},"wordCount":296,"commentCount":0,"image":{"@id":"https:\/\/www.africa-press.net\/guinee-equatoriale\/sports\/assemblee-elective-de-la-federation-dechecs-de-guinee-equatoriale#primaryimage"},"thumbnailUrl":"https:\/\/static.africa-press.net\/guinee-equatoriale\/sites\/53\/2025\/02\/sm_1738447402.510414.jpg","keywords":["actualidad","ajedrez","Asamblea Electiva","Guinee Equatoriale"],"articleSection":["Sports","Toutes les actualit\u00e9s"],"inLanguage":"fr-FR","potentialAction":[{"@type":"CommentAction","name":"Comment","target":["https:\/\/www.africa-press.net\/guinee-equatoriale\/sports\/assemblee-elective-de-la-federation-dechecs-de-guinee-equatoriale#respond"]}]},{"@type":"WebPage","@id":"https:\/\/www.africa-press.net\/guinee-equatoriale\/sports\/assemblee-elective-de-la-federation-dechecs-de-guinee-equatoriale","url":"https:\/\/www.africa-press.net\/guinee-equatoriale\/sports\/assemblee-elective-de-la-federation-dechecs-de-guinee-equatoriale","name":"Assembl\u00e9e \u00c9lective de la F\u00e9d\u00e9ration D'\u00e9checs de Guin\u00e9e \u00c9quatoriale - Guin\u00e9e \u00e9quatoriale","isPartOf":{"@id":"https:\/\/www.africa-press.net\/guinee-equatoriale\/#website"},"primaryImageOfPage":{"@id":"https:\/\/www.africa-press.net\/guinee-equatoriale\/sports\/assemblee-elective-de-la-federation-dechecs-de-guinee-equatoriale#primaryimage"},"image":{"@id":"https:\/\/www.africa-press.net\/guinee-equatoriale\/sports\/assemblee-elective-de-la-federation-dechecs-de-guinee-equatoriale#primaryimage"},"thumbnailUrl":"https:\/\/static.africa-press.net\/guinee-equatoriale\/sites\/53\/2025\/02\/sm_1738447402.510414.jpg","datePublished":"2025-02-01T23:09:56+00:00","dateModified":"2025-05-05T18:34:48+00:00","author":{"@id":"https:\/\/www.africa-press.net\/guinee-equatoriale\/#\/schema\/person\/2b1cf3cd81a31e3cd26889ca66d677f1"},"description":"Ce samedi, la Fe\u0301de\u0301ration E\u0301quato-guine\u0301enne des E\u0301checs a tenu sa premie\u0300re Assemble\u0301e e\u0301lective, un processus marque\u0301 ...","breadcrumb":{"@id":"https:\/\/www.africa-press.net\/guinee-equatoriale\/sports\/assemblee-elective-de-la-federation-dechecs-de-guinee-equatoriale#breadcrumb"},"inLanguage":"fr-FR","potentialAction":[{"@type":"ReadAction","target":["https:\/\/www.africa-press.net\/guinee-equatoriale\/sports\/assemblee-elective-de-la-federation-dechecs-de-guinee-equatoriale"]}]},{"@type":"ImageObject","inLanguage":"fr-FR","@id":"https:\/\/www.africa-press.net\/guinee-equatoriale\/sports\/assemblee-elective-de-la-federation-dechecs-de-guinee-equatoriale#primaryimage","url":"https:\/\/static.africa-press.net\/guinee-equatoriale\/sites\/53\/2025\/02\/sm_1738447402.510414.jpg","contentUrl":"https:\/\/static.africa-press.net\/guinee-equatoriale\/sites\/53\/2025\/02\/sm_1738447402.510414.jpg","width":1920,"height":861,"caption":"Assembl\u00e9e \u00c9lective de la F\u00e9d\u00e9ration D'\u00e9checs de Guin\u00e9e \u00c9quatoriale"},{"@type":"BreadcrumbList","@id":"https:\/\/www.africa-press.net\/guinee-equatoriale\/sports\/assemblee-elective-de-la-federation-dechecs-de-guinee-equatoriale#breadcrumb","itemListElement":[{"@type":"ListItem","position":1,"name":"Accueil","item":"https:\/\/www.africa-press.net\/guinee-equatoriale\/"},{"@type":"ListItem","position":2,"name":"Assembl\u00e9e \u00c9lective de la F\u00e9d\u00e9ration D&rsquo;\u00e9checs de Guin\u00e9e \u00c9quatoriale"}]},{"@type":"WebSite","@id":"https:\/\/www.africa-press.net\/guinee-equatoriale\/#website","url":"https:\/\/www.africa-press.net\/guinee-equatoriale\/","name":"Guin\u00e9e \u00e9quatoriale","description":"Just another Africa News Agency Sites site","potentialAction":[{"@type":"SearchAction","target":{"@type":"EntryPoint","urlTemplate":"https:\/\/www.africa-press.net\/guinee-equatoriale\/?s={search_term_string}"},"query-input":{"@type":"PropertyValueSpecification","valueRequired":true,"valueName":"search_term_string"}}],"inLanguage":"fr-FR"},{"@type":"Person","@id":"https:\/\/www.africa-press.net\/guinee-equatoriale\/#\/schema\/person\/2b1cf3cd81a31e3cd26889ca66d677f1","name":"cfeditorfr"}]}},"_links":{"self":[{"href":"https:\/\/www.africa-press.net\/guinee-equatoriale\/wp-json\/wp\/v2\/posts\/17642","targetHints":{"allow":["GET"]}}],"collection":[{"href":"https:\/\/www.africa-press.net\/guinee-equatoriale\/wp-json\/wp\/v2\/posts"}],"about":[{"href":"https:\/\/www.africa-press.net\/guinee-equatoriale\/wp-json\/wp\/v2\/types\/post"}],"author":[{"embeddable":true,"href":"https:\/\/www.africa-press.net\/guinee-equatoriale\/wp-json\/wp\/v2\/users\/82"}],"replies":[{"embeddable":true,"href":"https:\/\/www.africa-press.net\/guinee-equatoriale\/wp-json\/wp\/v2\/comments?post=17642"}],"version-history":[{"count":0,"href":"https:\/\/www.africa-press.net\/guinee-equatoriale\/wp-json\/wp\/v2\/posts\/17642\/revisions"}],"wp:featuredmedia":[{"embeddable":true,"href":"https:\/\/www.africa-press.net\/guinee-equatoriale\/wp-json\/wp\/v2\/media\/17641"}],"wp:attachment":[{"href":"https:\/\/www.africa-press.net\/guinee-equatoriale\/wp-json\/wp\/v2\/media?parent=17642"}],"wp:term":[{"taxonomy":"category","embeddable":true,"href":"https:\/\/www.africa-press.net\/guinee-equatoriale\/wp-json\/wp\/v2\/categories?post=17642"},{"taxonomy":"post_tag","embeddable":true,"href":"https:\/\/www.africa-press.net\/guinee-equatoriale\/wp-json\/wp\/v2\/tags?post=17642"}],"curies":[{"name":"wp","href":"https:\/\/api.w.org\/{rel}","templated":true}]}}