{"id":17758,"date":"2025-02-04T12:28:47","date_gmt":"2025-02-04T12:28:47","guid":{"rendered":"https:\/\/www.africa-press.net\/guinee-equatoriale\/politique\/rencontre-de-la-presidente-de-loempdge-avec-les-coordinatrices-des-marches-de-malabo"},"modified":"2025-05-05T19:54:09","modified_gmt":"2025-05-05T19:54:09","slug":"rencontre-de-la-presidente-de-loempdge-avec-les-coordinatrices-des-marches-de-malabo","status":"publish","type":"post","link":"https:\/\/www.africa-press.net\/guinee-equatoriale\/politique\/rencontre-de-la-presidente-de-loempdge-avec-les-coordinatrices-des-marches-de-malabo","title":{"rendered":"Rencontre de la Pr\u00e9sidente de L&rsquo;Oempdge avec les Coordinatrices des March\u00e9s de Malabo"},"content":{"rendered":"<p><span style=\"color: #ff6600\"><strong>Africa-Press &#8211; Guinee Equatoriale. <\/strong><\/span>La Premie\u0300re Dame et pre\u0301sidente de l&rsquo;Organisation Spe\u0301cialise\u0301e des Femmes du Parti De\u0301mocratique de Guine\u0301e E\u0301quatoriale, Constancia Mangue de Obiang, a rencontre\u0301 le lundi 3 fe\u0301vrier les femmes coordinatrices des marche\u0301s de Malabo.<\/p>\n<p>Cette rencontre s&rsquo;inscrit dans une se\u0301rie d&rsquo;initiatives visant a\u0300 autonomiser et renforcer le ro\u0302le des femmes dans le de\u0301veloppement e\u0301conomique du pays.<\/p>\n<p>Au cours de la re\u0301union, qui s&rsquo;est tenue au sie\u0300ge du Parti De\u0301mocratique de Guine\u0301e E\u0301quatoriale a\u0300 Malabo, la Premie\u0300re Dame a souligne\u0301 l&rsquo;importance des femmes dans l&rsquo;e\u0301conomie locale, notamment dans la gestion des marche\u0301s: \u00ab\u00a0Vous e\u0302tes l&rsquo;e\u0301pine dorsale de nos communaute\u0301s. Votre travail et votre de\u0301vouement sont essentiels pour la prospe\u0301rite\u0301 de nos familles et de notre pays.\u00a0\u00bb<\/p>\n<p>Les coordinatrices ont partage\u0301 leurs expe\u0301riences quotidiennes et les de\u0301fis auxquels elles font face dans la gestion des marche\u0301s. La Premie\u0300re Dame a e\u0301coute\u0301 attentivement et s&rsquo;est engage\u0301e, en tant que me\u0300re de la nation, a\u0300 soutenir ces femmes dans la mise en \u0153uvre de solutions pour ame\u0301liorer leur situation.<\/p>\n<p>La rencontre s&rsquo;est conclue par un appel a\u0300 l&rsquo;unite\u0301 et a\u0300 la collaboration pour promouvoir des initiatives en faveur des femmes dans le secteur commercial.<\/p>\n<p>L&rsquo;Organisation Spe\u0301cialise\u0301e des Femmes du PDGE continuera a\u0300 organiser des espaces de dialogue et de collaboration pour s&rsquo;assurer que les voix des femmes soient entendues et prises en compte dans les de\u0301cisions.<\/p>\n<p><strong>Pour plus d&rsquo;informations et d&rsquo;analyses sur la <span style=\"color: #ff6600\">Guinee Equatoriale<\/span>, suivez <span style=\"color: #ff6600\">Africa-Press<\/span><\/strong><\/p>\n","protected":false},"excerpt":{"rendered":"<p>Africa-Press &#8211; Guinee Equatoriale. La Premie\u0300re Dame et pre\u0301sidente de l&rsquo;Organisation Spe\u0301cialise\u0301e des Femmes du Parti De\u0301mocratique de Guine\u0301e E\u0301quatoriale, Constancia Mangue de Obiang, a rencontre\u0301 le lundi 3 fe\u0301vrier les femmes coordinatrices des marche\u0301s de Malabo. Cette rencontre s&rsquo;inscrit dans une se\u0301rie d&rsquo;initiatives visant a\u0300 autonomiser et renforcer le ro\u0302le des femmes dans le [&hellip;]<\/p>\n","protected":false},"author":82,"featured_media":17757,"comment_status":"open","ping_status":"closed","sticky":false,"template":"","format":"standard","meta":{"footnotes":""},"categories":[4,2,10],"tags":[50],"class_list":["post-17758","post","type-post","status-publish","format-standard","has-post-thumbnail","hentry","category-parties","category-politique","category-toutes-les-actualites","tag-guinee-equatoriale"],"yoast_head":"<!-- This site is optimized with the Yoast SEO Premium plugin v26.1 (Yoast SEO v27.0) - https:\/\/yoast.com\/product\/yoast-seo-premium-wordpress\/ -->\n<title>Rencontre de la Pr\u00e9sidente de L&#039;Oempdge avec les Coordinatrices des March\u00e9s de Malabo - Guin\u00e9e \u00e9quatoriale<\/title>\n<meta name=\"description\" content=\"La Premie\u0300re Dame et pre\u0301sidente de l&#039;Organisation Spe\u0301cialise\u0301e des Femmes du Parti De\u0301mocratique de Guine\u0301e E\u0301quatoria ...\" \/>\n<meta name=\"robots\" content=\"index, follow, max-snippet:-1, max-image-preview:large, max-video-preview:-1\" \/>\n<link rel=\"canonical\" href=\"https:\/\/www.africa-press.net\/guinee-equatoriale\/politique\/rencontre-de-la-presidente-de-loempdge-avec-les-coordinatrices-des-marches-de-malabo\" \/>\n<meta property=\"og:locale\" content=\"fr_FR\" \/>\n<meta property=\"og:type\" content=\"article\" \/>\n<meta property=\"og:title\" content=\"Rencontre de la Pr\u00e9sidente de L&#039;Oempdge avec les Coordinatrices des March\u00e9s de Malabo\" \/>\n<meta property=\"og:description\" content=\"La Premie\u0300re Dame et pre\u0301sidente de l&#039;Organisation Spe\u0301cialise\u0301e des Femmes du Parti De\u0301mocratique de Guine\u0301e E\u0301quatoria ...\" \/>\n<meta property=\"og:url\" content=\"https:\/\/www.africa-press.net\/guinee-equatoriale\/politique\/rencontre-de-la-presidente-de-loempdge-avec-les-coordinatrices-des-marches-de-malabo\" \/>\n<meta property=\"og:site_name\" content=\"Guin\u00e9e \u00e9quatoriale\" \/>\n<meta property=\"article:published_time\" content=\"2025-02-04T12:28:47+00:00\" \/>\n<meta property=\"article:modified_time\" content=\"2025-05-05T19:54:09+00:00\" \/>\n<meta property=\"og:image\" content=\"https:\/\/static.africa-press.net\/guinee-equatoriale\/sites\/53\/2025\/02\/sm_1738920913.779138.jpg\" \/>\n\t<meta property=\"og:image:width\" content=\"1200\" \/>\n\t<meta property=\"og:image:height\" content=\"800\" \/>\n\t<meta property=\"og:image:type\" content=\"image\/jpeg\" \/>\n<meta name=\"author\" content=\"cfeditorfr\" \/>\n<meta name=\"twitter:card\" content=\"summary_large_image\" \/>\n<meta name=\"twitter:label1\" content=\"\u00c9crit par\" \/>\n\t<meta name=\"twitter:data1\" content=\"cfeditorfr\" \/>\n\t<meta name=\"twitter:label2\" content=\"Dur\u00e9e de lecture estim\u00e9e\" \/>\n\t<meta name=\"twitter:data2\" content=\"1 minute\" \/>\n<script type=\"application\/ld+json\" class=\"yoast-schema-graph\">{\"@context\":\"https:\/\/schema.org\",\"@graph\":[{\"@type\":\"Article\",\"@id\":\"https:\/\/www.africa-press.net\/guinee-equatoriale\/politique\/rencontre-de-la-presidente-de-loempdge-avec-les-coordinatrices-des-marches-de-malabo#article\",\"isPartOf\":{\"@id\":\"https:\/\/www.africa-press.net\/guinee-equatoriale\/politique\/rencontre-de-la-presidente-de-loempdge-avec-les-coordinatrices-des-marches-de-malabo\"},\"author\":{\"name\":\"cfeditorfr\",\"@id\":\"https:\/\/www.africa-press.net\/guinee-equatoriale\/#\/schema\/person\/2b1cf3cd81a31e3cd26889ca66d677f1\"},\"headline\":\"Rencontre de la Pr\u00e9sidente de L&rsquo;Oempdge avec les Coordinatrices des March\u00e9s de Malabo\",\"datePublished\":\"2025-02-04T12:28:47+00:00\",\"dateModified\":\"2025-05-05T19:54:09+00:00\",\"mainEntityOfPage\":{\"@id\":\"https:\/\/www.africa-press.net\/guinee-equatoriale\/politique\/rencontre-de-la-presidente-de-loempdge-avec-les-coordinatrices-des-marches-de-malabo\"},\"wordCount\":302,\"commentCount\":0,\"image\":{\"@id\":\"https:\/\/www.africa-press.net\/guinee-equatoriale\/politique\/rencontre-de-la-presidente-de-loempdge-avec-les-coordinatrices-des-marches-de-malabo#primaryimage\"},\"thumbnailUrl\":\"https:\/\/static.africa-press.net\/guinee-equatoriale\/sites\/53\/2025\/02\/sm_1738920913.779138.jpg\",\"keywords\":[\"Guinee Equatoriale\"],\"articleSection\":[\"Parties\",\"Politique\",\"Toutes les actualit\u00e9s\"],\"inLanguage\":\"fr-FR\",\"potentialAction\":[{\"@type\":\"CommentAction\",\"name\":\"Comment\",\"target\":[\"https:\/\/www.africa-press.net\/guinee-equatoriale\/politique\/rencontre-de-la-presidente-de-loempdge-avec-les-coordinatrices-des-marches-de-malabo#respond\"]}]},{\"@type\":\"WebPage\",\"@id\":\"https:\/\/www.africa-press.net\/guinee-equatoriale\/politique\/rencontre-de-la-presidente-de-loempdge-avec-les-coordinatrices-des-marches-de-malabo\",\"url\":\"https:\/\/www.africa-press.net\/guinee-equatoriale\/politique\/rencontre-de-la-presidente-de-loempdge-avec-les-coordinatrices-des-marches-de-malabo\",\"name\":\"Rencontre de la Pr\u00e9sidente de L'Oempdge avec les Coordinatrices des March\u00e9s de Malabo - Guin\u00e9e \u00e9quatoriale\",\"isPartOf\":{\"@id\":\"https:\/\/www.africa-press.net\/guinee-equatoriale\/#website\"},\"primaryImageOfPage\":{\"@id\":\"https:\/\/www.africa-press.net\/guinee-equatoriale\/politique\/rencontre-de-la-presidente-de-loempdge-avec-les-coordinatrices-des-marches-de-malabo#primaryimage\"},\"image\":{\"@id\":\"https:\/\/www.africa-press.net\/guinee-equatoriale\/politique\/rencontre-de-la-presidente-de-loempdge-avec-les-coordinatrices-des-marches-de-malabo#primaryimage\"},\"thumbnailUrl\":\"https:\/\/static.africa-press.net\/guinee-equatoriale\/sites\/53\/2025\/02\/sm_1738920913.779138.jpg\",\"datePublished\":\"2025-02-04T12:28:47+00:00\",\"dateModified\":\"2025-05-05T19:54:09+00:00\",\"author\":{\"@id\":\"https:\/\/www.africa-press.net\/guinee-equatoriale\/#\/schema\/person\/2b1cf3cd81a31e3cd26889ca66d677f1\"},\"description\":\"La Premie\u0300re Dame et pre\u0301sidente de l'Organisation Spe\u0301cialise\u0301e des Femmes du Parti De\u0301mocratique de Guine\u0301e E\u0301quatoria ...\",\"breadcrumb\":{\"@id\":\"https:\/\/www.africa-press.net\/guinee-equatoriale\/politique\/rencontre-de-la-presidente-de-loempdge-avec-les-coordinatrices-des-marches-de-malabo#breadcrumb\"},\"inLanguage\":\"fr-FR\",\"potentialAction\":[{\"@type\":\"ReadAction\",\"target\":[\"https:\/\/www.africa-press.net\/guinee-equatoriale\/politique\/rencontre-de-la-presidente-de-loempdge-avec-les-coordinatrices-des-marches-de-malabo\"]}]},{\"@type\":\"ImageObject\",\"inLanguage\":\"fr-FR\",\"@id\":\"https:\/\/www.africa-press.net\/guinee-equatoriale\/politique\/rencontre-de-la-presidente-de-loempdge-avec-les-coordinatrices-des-marches-de-malabo#primaryimage\",\"url\":\"https:\/\/static.africa-press.net\/guinee-equatoriale\/sites\/53\/2025\/02\/sm_1738920913.779138.jpg\",\"contentUrl\":\"https:\/\/static.africa-press.net\/guinee-equatoriale\/sites\/53\/2025\/02\/sm_1738920913.779138.jpg\",\"width\":1200,\"height\":800,\"caption\":\"Rencontre de la Pr\u00e9sidente de L'Oempdge avec les Coordinatrices des March\u00e9s de Malabo\"},{\"@type\":\"BreadcrumbList\",\"@id\":\"https:\/\/www.africa-press.net\/guinee-equatoriale\/politique\/rencontre-de-la-presidente-de-loempdge-avec-les-coordinatrices-des-marches-de-malabo#breadcrumb\",\"itemListElement\":[{\"@type\":\"ListItem\",\"position\":1,\"name\":\"Accueil\",\"item\":\"https:\/\/www.africa-press.net\/guinee-equatoriale\/\"},{\"@type\":\"ListItem\",\"position\":2,\"name\":\"Rencontre de la Pr\u00e9sidente de L&rsquo;Oempdge avec les Coordinatrices des March\u00e9s de Malabo\"}]},{\"@type\":\"WebSite\",\"@id\":\"https:\/\/www.africa-press.net\/guinee-equatoriale\/#website\",\"url\":\"https:\/\/www.africa-press.net\/guinee-equatoriale\/\",\"name\":\"Guin\u00e9e \u00e9quatoriale\",\"description\":\"Just another Africa News Agency Sites site\",\"potentialAction\":[{\"@type\":\"SearchAction\",\"target\":{\"@type\":\"EntryPoint\",\"urlTemplate\":\"https:\/\/www.africa-press.net\/guinee-equatoriale\/?s={search_term_string}\"},\"query-input\":{\"@type\":\"PropertyValueSpecification\",\"valueRequired\":true,\"valueName\":\"search_term_string\"}}],\"inLanguage\":\"fr-FR\"},{\"@type\":\"Person\",\"@id\":\"https:\/\/www.africa-press.net\/guinee-equatoriale\/#\/schema\/person\/2b1cf3cd81a31e3cd26889ca66d677f1\",\"name\":\"cfeditorfr\"}]}<\/script>\n<!-- \/ Yoast SEO Premium plugin. -->","yoast_head_json":{"title":"Rencontre de la Pr\u00e9sidente de L'Oempdge avec les Coordinatrices des March\u00e9s de Malabo - Guin\u00e9e \u00e9quatoriale","description":"La Premie\u0300re Dame et pre\u0301sidente de l'Organisation Spe\u0301cialise\u0301e des Femmes du Parti De\u0301mocratique de Guine\u0301e E\u0301quatoria ...","robots":{"index":"index","follow":"follow","max-snippet":"max-snippet:-1","max-image-preview":"max-image-preview:large","max-video-preview":"max-video-preview:-1"},"canonical":"https:\/\/www.africa-press.net\/guinee-equatoriale\/politique\/rencontre-de-la-presidente-de-loempdge-avec-les-coordinatrices-des-marches-de-malabo","og_locale":"fr_FR","og_type":"article","og_title":"Rencontre de la Pr\u00e9sidente de L'Oempdge avec les Coordinatrices des March\u00e9s de Malabo","og_description":"La Premie\u0300re Dame et pre\u0301sidente de l'Organisation Spe\u0301cialise\u0301e des Femmes du Parti De\u0301mocratique de Guine\u0301e E\u0301quatoria ...","og_url":"https:\/\/www.africa-press.net\/guinee-equatoriale\/politique\/rencontre-de-la-presidente-de-loempdge-avec-les-coordinatrices-des-marches-de-malabo","og_site_name":"Guin\u00e9e \u00e9quatoriale","article_published_time":"2025-02-04T12:28:47+00:00","article_modified_time":"2025-05-05T19:54:09+00:00","og_image":[{"width":1200,"height":800,"url":"https:\/\/static.africa-press.net\/guinee-equatoriale\/sites\/53\/2025\/02\/sm_1738920913.779138.jpg","type":"image\/jpeg"}],"author":"cfeditorfr","twitter_card":"summary_large_image","twitter_misc":{"\u00c9crit par":"cfeditorfr","Dur\u00e9e de lecture estim\u00e9e":"1 minute"},"schema":{"@context":"https:\/\/schema.org","@graph":[{"@type":"Article","@id":"https:\/\/www.africa-press.net\/guinee-equatoriale\/politique\/rencontre-de-la-presidente-de-loempdge-avec-les-coordinatrices-des-marches-de-malabo#article","isPartOf":{"@id":"https:\/\/www.africa-press.net\/guinee-equatoriale\/politique\/rencontre-de-la-presidente-de-loempdge-avec-les-coordinatrices-des-marches-de-malabo"},"author":{"name":"cfeditorfr","@id":"https:\/\/www.africa-press.net\/guinee-equatoriale\/#\/schema\/person\/2b1cf3cd81a31e3cd26889ca66d677f1"},"headline":"Rencontre de la Pr\u00e9sidente de L&rsquo;Oempdge avec les Coordinatrices des March\u00e9s de Malabo","datePublished":"2025-02-04T12:28:47+00:00","dateModified":"2025-05-05T19:54:09+00:00","mainEntityOfPage":{"@id":"https:\/\/www.africa-press.net\/guinee-equatoriale\/politique\/rencontre-de-la-presidente-de-loempdge-avec-les-coordinatrices-des-marches-de-malabo"},"wordCount":302,"commentCount":0,"image":{"@id":"https:\/\/www.africa-press.net\/guinee-equatoriale\/politique\/rencontre-de-la-presidente-de-loempdge-avec-les-coordinatrices-des-marches-de-malabo#primaryimage"},"thumbnailUrl":"https:\/\/static.africa-press.net\/guinee-equatoriale\/sites\/53\/2025\/02\/sm_1738920913.779138.jpg","keywords":["Guinee Equatoriale"],"articleSection":["Parties","Politique","Toutes les actualit\u00e9s"],"inLanguage":"fr-FR","potentialAction":[{"@type":"CommentAction","name":"Comment","target":["https:\/\/www.africa-press.net\/guinee-equatoriale\/politique\/rencontre-de-la-presidente-de-loempdge-avec-les-coordinatrices-des-marches-de-malabo#respond"]}]},{"@type":"WebPage","@id":"https:\/\/www.africa-press.net\/guinee-equatoriale\/politique\/rencontre-de-la-presidente-de-loempdge-avec-les-coordinatrices-des-marches-de-malabo","url":"https:\/\/www.africa-press.net\/guinee-equatoriale\/politique\/rencontre-de-la-presidente-de-loempdge-avec-les-coordinatrices-des-marches-de-malabo","name":"Rencontre de la Pr\u00e9sidente de L'Oempdge avec les Coordinatrices des March\u00e9s de Malabo - Guin\u00e9e \u00e9quatoriale","isPartOf":{"@id":"https:\/\/www.africa-press.net\/guinee-equatoriale\/#website"},"primaryImageOfPage":{"@id":"https:\/\/www.africa-press.net\/guinee-equatoriale\/politique\/rencontre-de-la-presidente-de-loempdge-avec-les-coordinatrices-des-marches-de-malabo#primaryimage"},"image":{"@id":"https:\/\/www.africa-press.net\/guinee-equatoriale\/politique\/rencontre-de-la-presidente-de-loempdge-avec-les-coordinatrices-des-marches-de-malabo#primaryimage"},"thumbnailUrl":"https:\/\/static.africa-press.net\/guinee-equatoriale\/sites\/53\/2025\/02\/sm_1738920913.779138.jpg","datePublished":"2025-02-04T12:28:47+00:00","dateModified":"2025-05-05T19:54:09+00:00","author":{"@id":"https:\/\/www.africa-press.net\/guinee-equatoriale\/#\/schema\/person\/2b1cf3cd81a31e3cd26889ca66d677f1"},"description":"La Premie\u0300re Dame et pre\u0301sidente de l'Organisation Spe\u0301cialise\u0301e des Femmes du Parti De\u0301mocratique de Guine\u0301e E\u0301quatoria ...","breadcrumb":{"@id":"https:\/\/www.africa-press.net\/guinee-equatoriale\/politique\/rencontre-de-la-presidente-de-loempdge-avec-les-coordinatrices-des-marches-de-malabo#breadcrumb"},"inLanguage":"fr-FR","potentialAction":[{"@type":"ReadAction","target":["https:\/\/www.africa-press.net\/guinee-equatoriale\/politique\/rencontre-de-la-presidente-de-loempdge-avec-les-coordinatrices-des-marches-de-malabo"]}]},{"@type":"ImageObject","inLanguage":"fr-FR","@id":"https:\/\/www.africa-press.net\/guinee-equatoriale\/politique\/rencontre-de-la-presidente-de-loempdge-avec-les-coordinatrices-des-marches-de-malabo#primaryimage","url":"https:\/\/static.africa-press.net\/guinee-equatoriale\/sites\/53\/2025\/02\/sm_1738920913.779138.jpg","contentUrl":"https:\/\/static.africa-press.net\/guinee-equatoriale\/sites\/53\/2025\/02\/sm_1738920913.779138.jpg","width":1200,"height":800,"caption":"Rencontre de la Pr\u00e9sidente de L'Oempdge avec les Coordinatrices des March\u00e9s de Malabo"},{"@type":"BreadcrumbList","@id":"https:\/\/www.africa-press.net\/guinee-equatoriale\/politique\/rencontre-de-la-presidente-de-loempdge-avec-les-coordinatrices-des-marches-de-malabo#breadcrumb","itemListElement":[{"@type":"ListItem","position":1,"name":"Accueil","item":"https:\/\/www.africa-press.net\/guinee-equatoriale\/"},{"@type":"ListItem","position":2,"name":"Rencontre de la Pr\u00e9sidente de L&rsquo;Oempdge avec les Coordinatrices des March\u00e9s de Malabo"}]},{"@type":"WebSite","@id":"https:\/\/www.africa-press.net\/guinee-equatoriale\/#website","url":"https:\/\/www.africa-press.net\/guinee-equatoriale\/","name":"Guin\u00e9e \u00e9quatoriale","description":"Just another Africa News Agency Sites site","potentialAction":[{"@type":"SearchAction","target":{"@type":"EntryPoint","urlTemplate":"https:\/\/www.africa-press.net\/guinee-equatoriale\/?s={search_term_string}"},"query-input":{"@type":"PropertyValueSpecification","valueRequired":true,"valueName":"search_term_string"}}],"inLanguage":"fr-FR"},{"@type":"Person","@id":"https:\/\/www.africa-press.net\/guinee-equatoriale\/#\/schema\/person\/2b1cf3cd81a31e3cd26889ca66d677f1","name":"cfeditorfr"}]}},"_links":{"self":[{"href":"https:\/\/www.africa-press.net\/guinee-equatoriale\/wp-json\/wp\/v2\/posts\/17758","targetHints":{"allow":["GET"]}}],"collection":[{"href":"https:\/\/www.africa-press.net\/guinee-equatoriale\/wp-json\/wp\/v2\/posts"}],"about":[{"href":"https:\/\/www.africa-press.net\/guinee-equatoriale\/wp-json\/wp\/v2\/types\/post"}],"author":[{"embeddable":true,"href":"https:\/\/www.africa-press.net\/guinee-equatoriale\/wp-json\/wp\/v2\/users\/82"}],"replies":[{"embeddable":true,"href":"https:\/\/www.africa-press.net\/guinee-equatoriale\/wp-json\/wp\/v2\/comments?post=17758"}],"version-history":[{"count":0,"href":"https:\/\/www.africa-press.net\/guinee-equatoriale\/wp-json\/wp\/v2\/posts\/17758\/revisions"}],"wp:featuredmedia":[{"embeddable":true,"href":"https:\/\/www.africa-press.net\/guinee-equatoriale\/wp-json\/wp\/v2\/media\/17757"}],"wp:attachment":[{"href":"https:\/\/www.africa-press.net\/guinee-equatoriale\/wp-json\/wp\/v2\/media?parent=17758"}],"wp:term":[{"taxonomy":"category","embeddable":true,"href":"https:\/\/www.africa-press.net\/guinee-equatoriale\/wp-json\/wp\/v2\/categories?post=17758"},{"taxonomy":"post_tag","embeddable":true,"href":"https:\/\/www.africa-press.net\/guinee-equatoriale\/wp-json\/wp\/v2\/tags?post=17758"}],"curies":[{"name":"wp","href":"https:\/\/api.w.org\/{rel}","templated":true}]}}