{"id":17884,"date":"2025-02-10T19:03:26","date_gmt":"2025-02-10T19:03:26","guid":{"rendered":"https:\/\/www.africa-press.net\/guinee-equatoriale\/politique\/conseil-interministeriel-propositions-cles-pour-leconomie"},"modified":"2025-05-05T21:02:29","modified_gmt":"2025-05-05T21:02:29","slug":"conseil-interministeriel-propositions-cles-pour-leconomie","status":"publish","type":"post","link":"https:\/\/www.africa-press.net\/guinee-equatoriale\/economie\/conseil-interministeriel-propositions-cles-pour-leconomie","title":{"rendered":"Conseil Interminist\u00e9riel : Propositions Cl\u00e9s pour L&rsquo;\u00e9conomie"},"content":{"rendered":"<p><span style=\"color: #ff6600\"><strong>Africa-Press &#8211; Guinee Equatoriale. <\/strong><\/span>Le Ministe\u0300re des Finances, de la Planification et du De\u0301veloppement e\u0301conomique a accueilli la premie\u0300re re\u0301union du Conseil Interministe\u0301riel de 2025, tenue lundi 10 fe\u0301vrier sous la pre\u0301sidence du Premier ministre charge\u0301 de la coordination administrative, Manuel Osa Nsue. Cette session marque une e\u0301tape importante depuis son entre\u0301e en fonction.<\/p>\n<p>La re\u0301union a porte\u0301 sur l&rsquo;analyse et la proposition de solutions aux diffe\u0301rentes proble\u0301matiques touchant les ministe\u0300res, tout en e\u0301valuant les actions gouvernementales de 2024 et en e\u0301tablissant des plans d\u2019action pour 2025. Les principaux points aborde\u0301s incluent:<\/p>\n<p>&#8211; Avant-projet de loi contre la violence de genre, pre\u0301sente\u0301 par le ministe\u0300re des Affaires sociales et de l&rsquo;E\u0301galite\u0301 de genre.<\/p>\n<p>&#8211; Mesures contre la vie che\u0300re, avec une proposition de loi du ministe\u0300re des Finances.<\/p>\n<p>&#8211; E\u0301le\u0301vation du Conseil du village d&rsquo;Alegre en District urbain, discute\u0301e sur proposition du ministe\u0300re de l\u2019Inte\u0301rieur.<\/p>\n<p>&#8211; Cre\u0301ation de l&rsquo;E\u0301cole diplomatique Obiang Nguema Mbasogo, initiative du ministe\u0300re des Affaires e\u0301trange\u0300res.<\/p>\n<p>&#8211; Mise a\u0300 jour de la structure des prix des produits raffine\u0301s, pre\u0301sente\u0301e par le ministe\u0300re des Hydrocarbures.<\/p>\n<p>&#8211; Recensements ge\u0301ne\u0301raux, incluant le cinquie\u0300me recensement de la population et le premier recensement agricole, sous la responsabilite\u0301 du ministe\u0300re des Finances.<\/p>\n<p>&#8211; De\u0301veloppement du commerce, avec deux avant-projets du ministe\u0300re du Commerce pour la cre\u0301ation d\u2019un Comite\u0301 national et d\u2019une agence de normalisation.<\/p>\n<p>&#8211; Rapport sur les revenus non pe\u0301troliers, indiquant une recette de 201 098 965 447 F.CFA.<\/p>\n<p>Le Premier ministre a porte\u0301 une attention particulie\u0300re aux accords entre la Guine\u0301e e\u0301quatoriale et le Tchad sur le transit des marchandises, ainsi qu\u2019a\u0300 la gestion des ports de Malabo et Bata par l\u2019entreprise Albayrak pour les 25 prochaines anne\u0301es, un projet strate\u0301gique pour moderniser les infrastructures portuaires.<\/p>\n<p>D&rsquo;autres sujets ont e\u0301galement e\u0301te\u0301 examine\u0301s, notamment les nouvelles directives du syste\u0300me CONFIN pour l&rsquo;administration publique et une proposition de la Namibie visant a\u0300 faciliter l\u2019entre\u0301e des citoyens e\u0301quato-guine\u0301ens avec un visa a\u0300 l\u2019arrive\u0301e.<\/p>\n<p>Cette re\u0301union s&rsquo;inscrit dans un contexte de renforcement des actions gouvernementales pour atteindre une diversification e\u0301conomique inclusive, stimuler l\u2019innovation et consolider le secteur prive\u0301. Le Premier ministre a insiste\u0301 sur la ne\u0301cessite\u0301 d\u2019une approche pragmatique et re\u0301aliste face aux de\u0301fis, proposant un mode\u0300le base\u0301 sur le diagnostic, l\u2019action et la solution.<\/p>\n<p><strong>Pour plus d&rsquo;informations et d&rsquo;analyses sur la <span style=\"color: #ff6600\">Guinee Equatoriale<\/span>, suivez <span style=\"color: #ff6600\">Africa-Press<\/span><\/strong><\/p>\n","protected":false},"excerpt":{"rendered":"<p>Africa-Press &#8211; Guinee Equatoriale. Le Ministe\u0300re des Finances, de la Planification et du De\u0301veloppement e\u0301conomique a accueilli la premie\u0300re re\u0301union du Conseil Interministe\u0301riel de 2025, tenue lundi 10 fe\u0301vrier sous la pre\u0301sidence du Premier ministre charge\u0301 de la coordination administrative, Manuel Osa Nsue. Cette session marque une e\u0301tape importante depuis son entre\u0301e en fonction. La [&hellip;]<\/p>\n","protected":false},"author":82,"featured_media":17883,"comment_status":"open","ping_status":"closed","sticky":false,"template":"","format":"standard","meta":{"footnotes":""},"categories":[3,10],"tags":[892,940,50],"class_list":["post-17884","post","type-post","status-publish","format-standard","has-post-thumbnail","hentry","category-economie","category-toutes-les-actualites","tag-actualidad","tag-consejo-interministerial","tag-guinee-equatoriale"],"yoast_head":"<!-- This site is optimized with the Yoast SEO Premium plugin v26.1 (Yoast SEO v27.0) - https:\/\/yoast.com\/product\/yoast-seo-premium-wordpress\/ -->\n<title>Conseil Interminist\u00e9riel : Propositions Cl\u00e9s pour L&#039;\u00e9conomie - Guin\u00e9e \u00e9quatoriale<\/title>\n<meta name=\"description\" content=\"Le Ministe\u0300re des Finances, de la Planification et du De\u0301veloppement e\u0301conomique a accueilli la premie\u0300re re\u0301union du Co ...\" \/>\n<meta name=\"robots\" content=\"index, follow, max-snippet:-1, max-image-preview:large, max-video-preview:-1\" \/>\n<link rel=\"canonical\" href=\"https:\/\/www.africa-press.net\/guinee-equatoriale\/economie\/conseil-interministeriel-propositions-cles-pour-leconomie\" \/>\n<meta property=\"og:locale\" content=\"fr_FR\" \/>\n<meta property=\"og:type\" content=\"article\" \/>\n<meta property=\"og:title\" content=\"Conseil Interminist\u00e9riel : Propositions Cl\u00e9s pour L&#039;\u00e9conomie\" \/>\n<meta property=\"og:description\" content=\"Le Ministe\u0300re des Finances, de la Planification et du De\u0301veloppement e\u0301conomique a accueilli la premie\u0300re re\u0301union du Co ...\" \/>\n<meta property=\"og:url\" content=\"https:\/\/www.africa-press.net\/guinee-equatoriale\/economie\/conseil-interministeriel-propositions-cles-pour-leconomie\" \/>\n<meta property=\"og:site_name\" content=\"Guin\u00e9e \u00e9quatoriale\" \/>\n<meta property=\"article:published_time\" content=\"2025-02-10T19:03:26+00:00\" \/>\n<meta property=\"article:modified_time\" content=\"2025-05-05T21:02:29+00:00\" \/>\n<meta property=\"og:image\" content=\"https:\/\/static.africa-press.net\/guinee-equatoriale\/sites\/53\/2025\/02\/sm_1739291914.797504.jpg\" \/>\n\t<meta property=\"og:image:width\" content=\"1280\" \/>\n\t<meta property=\"og:image:height\" content=\"720\" \/>\n\t<meta property=\"og:image:type\" content=\"image\/jpeg\" \/>\n<meta name=\"author\" content=\"cfeditorfr\" \/>\n<meta name=\"twitter:card\" content=\"summary_large_image\" \/>\n<meta name=\"twitter:label1\" content=\"\u00c9crit par\" \/>\n\t<meta name=\"twitter:data1\" content=\"cfeditorfr\" \/>\n\t<meta name=\"twitter:label2\" content=\"Dur\u00e9e de lecture estim\u00e9e\" \/>\n\t<meta name=\"twitter:data2\" content=\"3 minutes\" \/>\n<script type=\"application\/ld+json\" class=\"yoast-schema-graph\">{\"@context\":\"https:\/\/schema.org\",\"@graph\":[{\"@type\":\"Article\",\"@id\":\"https:\/\/www.africa-press.net\/guinee-equatoriale\/economie\/conseil-interministeriel-propositions-cles-pour-leconomie#article\",\"isPartOf\":{\"@id\":\"https:\/\/www.africa-press.net\/guinee-equatoriale\/economie\/conseil-interministeriel-propositions-cles-pour-leconomie\"},\"author\":{\"name\":\"cfeditorfr\",\"@id\":\"https:\/\/www.africa-press.net\/guinee-equatoriale\/#\/schema\/person\/2b1cf3cd81a31e3cd26889ca66d677f1\"},\"headline\":\"Conseil Interminist\u00e9riel : Propositions Cl\u00e9s pour L&rsquo;\u00e9conomie\",\"datePublished\":\"2025-02-10T19:03:26+00:00\",\"dateModified\":\"2025-05-05T21:02:29+00:00\",\"mainEntityOfPage\":{\"@id\":\"https:\/\/www.africa-press.net\/guinee-equatoriale\/economie\/conseil-interministeriel-propositions-cles-pour-leconomie\"},\"wordCount\":465,\"commentCount\":0,\"image\":{\"@id\":\"https:\/\/www.africa-press.net\/guinee-equatoriale\/economie\/conseil-interministeriel-propositions-cles-pour-leconomie#primaryimage\"},\"thumbnailUrl\":\"https:\/\/static.africa-press.net\/guinee-equatoriale\/sites\/53\/2025\/02\/sm_1739291914.797504.jpg\",\"keywords\":[\"actualidad\",\"Consejo Interministerial\",\"Guinee Equatoriale\"],\"articleSection\":[\"\u00c9conomie\",\"Toutes les actualit\u00e9s\"],\"inLanguage\":\"fr-FR\",\"potentialAction\":[{\"@type\":\"CommentAction\",\"name\":\"Comment\",\"target\":[\"https:\/\/www.africa-press.net\/guinee-equatoriale\/economie\/conseil-interministeriel-propositions-cles-pour-leconomie#respond\"]}]},{\"@type\":\"WebPage\",\"@id\":\"https:\/\/www.africa-press.net\/guinee-equatoriale\/economie\/conseil-interministeriel-propositions-cles-pour-leconomie\",\"url\":\"https:\/\/www.africa-press.net\/guinee-equatoriale\/economie\/conseil-interministeriel-propositions-cles-pour-leconomie\",\"name\":\"Conseil Interminist\u00e9riel : Propositions Cl\u00e9s pour L'\u00e9conomie - Guin\u00e9e \u00e9quatoriale\",\"isPartOf\":{\"@id\":\"https:\/\/www.africa-press.net\/guinee-equatoriale\/#website\"},\"primaryImageOfPage\":{\"@id\":\"https:\/\/www.africa-press.net\/guinee-equatoriale\/economie\/conseil-interministeriel-propositions-cles-pour-leconomie#primaryimage\"},\"image\":{\"@id\":\"https:\/\/www.africa-press.net\/guinee-equatoriale\/economie\/conseil-interministeriel-propositions-cles-pour-leconomie#primaryimage\"},\"thumbnailUrl\":\"https:\/\/static.africa-press.net\/guinee-equatoriale\/sites\/53\/2025\/02\/sm_1739291914.797504.jpg\",\"datePublished\":\"2025-02-10T19:03:26+00:00\",\"dateModified\":\"2025-05-05T21:02:29+00:00\",\"author\":{\"@id\":\"https:\/\/www.africa-press.net\/guinee-equatoriale\/#\/schema\/person\/2b1cf3cd81a31e3cd26889ca66d677f1\"},\"description\":\"Le Ministe\u0300re des Finances, de la Planification et du De\u0301veloppement e\u0301conomique a accueilli la premie\u0300re re\u0301union du Co ...\",\"breadcrumb\":{\"@id\":\"https:\/\/www.africa-press.net\/guinee-equatoriale\/economie\/conseil-interministeriel-propositions-cles-pour-leconomie#breadcrumb\"},\"inLanguage\":\"fr-FR\",\"potentialAction\":[{\"@type\":\"ReadAction\",\"target\":[\"https:\/\/www.africa-press.net\/guinee-equatoriale\/economie\/conseil-interministeriel-propositions-cles-pour-leconomie\"]}]},{\"@type\":\"ImageObject\",\"inLanguage\":\"fr-FR\",\"@id\":\"https:\/\/www.africa-press.net\/guinee-equatoriale\/economie\/conseil-interministeriel-propositions-cles-pour-leconomie#primaryimage\",\"url\":\"https:\/\/static.africa-press.net\/guinee-equatoriale\/sites\/53\/2025\/02\/sm_1739291914.797504.jpg\",\"contentUrl\":\"https:\/\/static.africa-press.net\/guinee-equatoriale\/sites\/53\/2025\/02\/sm_1739291914.797504.jpg\",\"width\":1280,\"height\":720,\"caption\":\"Conseil Interminist\u00e9riel : Propositions Cl\u00e9s pour L'\u00e9conomie\"},{\"@type\":\"BreadcrumbList\",\"@id\":\"https:\/\/www.africa-press.net\/guinee-equatoriale\/economie\/conseil-interministeriel-propositions-cles-pour-leconomie#breadcrumb\",\"itemListElement\":[{\"@type\":\"ListItem\",\"position\":1,\"name\":\"Accueil\",\"item\":\"https:\/\/www.africa-press.net\/guinee-equatoriale\/\"},{\"@type\":\"ListItem\",\"position\":2,\"name\":\"Conseil Interminist\u00e9riel : Propositions Cl\u00e9s pour L&rsquo;\u00e9conomie\"}]},{\"@type\":\"WebSite\",\"@id\":\"https:\/\/www.africa-press.net\/guinee-equatoriale\/#website\",\"url\":\"https:\/\/www.africa-press.net\/guinee-equatoriale\/\",\"name\":\"Guin\u00e9e \u00e9quatoriale\",\"description\":\"Just another Africa News Agency Sites site\",\"potentialAction\":[{\"@type\":\"SearchAction\",\"target\":{\"@type\":\"EntryPoint\",\"urlTemplate\":\"https:\/\/www.africa-press.net\/guinee-equatoriale\/?s={search_term_string}\"},\"query-input\":{\"@type\":\"PropertyValueSpecification\",\"valueRequired\":true,\"valueName\":\"search_term_string\"}}],\"inLanguage\":\"fr-FR\"},{\"@type\":\"Person\",\"@id\":\"https:\/\/www.africa-press.net\/guinee-equatoriale\/#\/schema\/person\/2b1cf3cd81a31e3cd26889ca66d677f1\",\"name\":\"cfeditorfr\"}]}<\/script>\n<!-- \/ Yoast SEO Premium plugin. -->","yoast_head_json":{"title":"Conseil Interminist\u00e9riel : Propositions Cl\u00e9s pour L'\u00e9conomie - Guin\u00e9e \u00e9quatoriale","description":"Le Ministe\u0300re des Finances, de la Planification et du De\u0301veloppement e\u0301conomique a accueilli la premie\u0300re re\u0301union du Co ...","robots":{"index":"index","follow":"follow","max-snippet":"max-snippet:-1","max-image-preview":"max-image-preview:large","max-video-preview":"max-video-preview:-1"},"canonical":"https:\/\/www.africa-press.net\/guinee-equatoriale\/economie\/conseil-interministeriel-propositions-cles-pour-leconomie","og_locale":"fr_FR","og_type":"article","og_title":"Conseil Interminist\u00e9riel : Propositions Cl\u00e9s pour L'\u00e9conomie","og_description":"Le Ministe\u0300re des Finances, de la Planification et du De\u0301veloppement e\u0301conomique a accueilli la premie\u0300re re\u0301union du Co ...","og_url":"https:\/\/www.africa-press.net\/guinee-equatoriale\/economie\/conseil-interministeriel-propositions-cles-pour-leconomie","og_site_name":"Guin\u00e9e \u00e9quatoriale","article_published_time":"2025-02-10T19:03:26+00:00","article_modified_time":"2025-05-05T21:02:29+00:00","og_image":[{"width":1280,"height":720,"url":"https:\/\/static.africa-press.net\/guinee-equatoriale\/sites\/53\/2025\/02\/sm_1739291914.797504.jpg","type":"image\/jpeg"}],"author":"cfeditorfr","twitter_card":"summary_large_image","twitter_misc":{"\u00c9crit par":"cfeditorfr","Dur\u00e9e de lecture estim\u00e9e":"3 minutes"},"schema":{"@context":"https:\/\/schema.org","@graph":[{"@type":"Article","@id":"https:\/\/www.africa-press.net\/guinee-equatoriale\/economie\/conseil-interministeriel-propositions-cles-pour-leconomie#article","isPartOf":{"@id":"https:\/\/www.africa-press.net\/guinee-equatoriale\/economie\/conseil-interministeriel-propositions-cles-pour-leconomie"},"author":{"name":"cfeditorfr","@id":"https:\/\/www.africa-press.net\/guinee-equatoriale\/#\/schema\/person\/2b1cf3cd81a31e3cd26889ca66d677f1"},"headline":"Conseil Interminist\u00e9riel : Propositions Cl\u00e9s pour L&rsquo;\u00e9conomie","datePublished":"2025-02-10T19:03:26+00:00","dateModified":"2025-05-05T21:02:29+00:00","mainEntityOfPage":{"@id":"https:\/\/www.africa-press.net\/guinee-equatoriale\/economie\/conseil-interministeriel-propositions-cles-pour-leconomie"},"wordCount":465,"commentCount":0,"image":{"@id":"https:\/\/www.africa-press.net\/guinee-equatoriale\/economie\/conseil-interministeriel-propositions-cles-pour-leconomie#primaryimage"},"thumbnailUrl":"https:\/\/static.africa-press.net\/guinee-equatoriale\/sites\/53\/2025\/02\/sm_1739291914.797504.jpg","keywords":["actualidad","Consejo Interministerial","Guinee Equatoriale"],"articleSection":["\u00c9conomie","Toutes les actualit\u00e9s"],"inLanguage":"fr-FR","potentialAction":[{"@type":"CommentAction","name":"Comment","target":["https:\/\/www.africa-press.net\/guinee-equatoriale\/economie\/conseil-interministeriel-propositions-cles-pour-leconomie#respond"]}]},{"@type":"WebPage","@id":"https:\/\/www.africa-press.net\/guinee-equatoriale\/economie\/conseil-interministeriel-propositions-cles-pour-leconomie","url":"https:\/\/www.africa-press.net\/guinee-equatoriale\/economie\/conseil-interministeriel-propositions-cles-pour-leconomie","name":"Conseil Interminist\u00e9riel : Propositions Cl\u00e9s pour L'\u00e9conomie - Guin\u00e9e \u00e9quatoriale","isPartOf":{"@id":"https:\/\/www.africa-press.net\/guinee-equatoriale\/#website"},"primaryImageOfPage":{"@id":"https:\/\/www.africa-press.net\/guinee-equatoriale\/economie\/conseil-interministeriel-propositions-cles-pour-leconomie#primaryimage"},"image":{"@id":"https:\/\/www.africa-press.net\/guinee-equatoriale\/economie\/conseil-interministeriel-propositions-cles-pour-leconomie#primaryimage"},"thumbnailUrl":"https:\/\/static.africa-press.net\/guinee-equatoriale\/sites\/53\/2025\/02\/sm_1739291914.797504.jpg","datePublished":"2025-02-10T19:03:26+00:00","dateModified":"2025-05-05T21:02:29+00:00","author":{"@id":"https:\/\/www.africa-press.net\/guinee-equatoriale\/#\/schema\/person\/2b1cf3cd81a31e3cd26889ca66d677f1"},"description":"Le Ministe\u0300re des Finances, de la Planification et du De\u0301veloppement e\u0301conomique a accueilli la premie\u0300re re\u0301union du Co ...","breadcrumb":{"@id":"https:\/\/www.africa-press.net\/guinee-equatoriale\/economie\/conseil-interministeriel-propositions-cles-pour-leconomie#breadcrumb"},"inLanguage":"fr-FR","potentialAction":[{"@type":"ReadAction","target":["https:\/\/www.africa-press.net\/guinee-equatoriale\/economie\/conseil-interministeriel-propositions-cles-pour-leconomie"]}]},{"@type":"ImageObject","inLanguage":"fr-FR","@id":"https:\/\/www.africa-press.net\/guinee-equatoriale\/economie\/conseil-interministeriel-propositions-cles-pour-leconomie#primaryimage","url":"https:\/\/static.africa-press.net\/guinee-equatoriale\/sites\/53\/2025\/02\/sm_1739291914.797504.jpg","contentUrl":"https:\/\/static.africa-press.net\/guinee-equatoriale\/sites\/53\/2025\/02\/sm_1739291914.797504.jpg","width":1280,"height":720,"caption":"Conseil Interminist\u00e9riel : Propositions Cl\u00e9s pour L'\u00e9conomie"},{"@type":"BreadcrumbList","@id":"https:\/\/www.africa-press.net\/guinee-equatoriale\/economie\/conseil-interministeriel-propositions-cles-pour-leconomie#breadcrumb","itemListElement":[{"@type":"ListItem","position":1,"name":"Accueil","item":"https:\/\/www.africa-press.net\/guinee-equatoriale\/"},{"@type":"ListItem","position":2,"name":"Conseil Interminist\u00e9riel : Propositions Cl\u00e9s pour L&rsquo;\u00e9conomie"}]},{"@type":"WebSite","@id":"https:\/\/www.africa-press.net\/guinee-equatoriale\/#website","url":"https:\/\/www.africa-press.net\/guinee-equatoriale\/","name":"Guin\u00e9e \u00e9quatoriale","description":"Just another Africa News Agency Sites site","potentialAction":[{"@type":"SearchAction","target":{"@type":"EntryPoint","urlTemplate":"https:\/\/www.africa-press.net\/guinee-equatoriale\/?s={search_term_string}"},"query-input":{"@type":"PropertyValueSpecification","valueRequired":true,"valueName":"search_term_string"}}],"inLanguage":"fr-FR"},{"@type":"Person","@id":"https:\/\/www.africa-press.net\/guinee-equatoriale\/#\/schema\/person\/2b1cf3cd81a31e3cd26889ca66d677f1","name":"cfeditorfr"}]}},"_links":{"self":[{"href":"https:\/\/www.africa-press.net\/guinee-equatoriale\/wp-json\/wp\/v2\/posts\/17884","targetHints":{"allow":["GET"]}}],"collection":[{"href":"https:\/\/www.africa-press.net\/guinee-equatoriale\/wp-json\/wp\/v2\/posts"}],"about":[{"href":"https:\/\/www.africa-press.net\/guinee-equatoriale\/wp-json\/wp\/v2\/types\/post"}],"author":[{"embeddable":true,"href":"https:\/\/www.africa-press.net\/guinee-equatoriale\/wp-json\/wp\/v2\/users\/82"}],"replies":[{"embeddable":true,"href":"https:\/\/www.africa-press.net\/guinee-equatoriale\/wp-json\/wp\/v2\/comments?post=17884"}],"version-history":[{"count":0,"href":"https:\/\/www.africa-press.net\/guinee-equatoriale\/wp-json\/wp\/v2\/posts\/17884\/revisions"}],"wp:featuredmedia":[{"embeddable":true,"href":"https:\/\/www.africa-press.net\/guinee-equatoriale\/wp-json\/wp\/v2\/media\/17883"}],"wp:attachment":[{"href":"https:\/\/www.africa-press.net\/guinee-equatoriale\/wp-json\/wp\/v2\/media?parent=17884"}],"wp:term":[{"taxonomy":"category","embeddable":true,"href":"https:\/\/www.africa-press.net\/guinee-equatoriale\/wp-json\/wp\/v2\/categories?post=17884"},{"taxonomy":"post_tag","embeddable":true,"href":"https:\/\/www.africa-press.net\/guinee-equatoriale\/wp-json\/wp\/v2\/tags?post=17884"}],"curies":[{"name":"wp","href":"https:\/\/api.w.org\/{rel}","templated":true}]}}