{"id":17922,"date":"2025-02-12T11:42:11","date_gmt":"2025-02-12T11:42:11","guid":{"rendered":"https:\/\/www.africa-press.net\/guinee-equatoriale\/politique\/proces-pour-detournement-de-fonds-publics-chez-segesa"},"modified":"2025-05-05T19:43:41","modified_gmt":"2025-05-05T19:43:41","slug":"proces-pour-detournement-de-fonds-publics-chez-segesa","status":"publish","type":"post","link":"https:\/\/www.africa-press.net\/guinee-equatoriale\/politique\/proces-pour-detournement-de-fonds-publics-chez-segesa","title":{"rendered":"Proc\u00e8s pour D\u00e9tournement de Fonds Publics chez SEGESA"},"content":{"rendered":"<p><span style=\"color: #ff6600\"><strong>Africa-Press &#8211; Guinee Equatoriale. <\/strong><\/span>Ce mercredi 12 fe\u0301vrier, a de\u0301bute\u0301 dans la salle pe\u0301nale de la Cour provinciale de Malabo le proce\u0300s des 23 accuse\u0301s dans l&rsquo;affaire SEGESA, une entreprise parapublique du secteur e\u0301nerge\u0301tique de\u0301die\u0301e, entre autres, a\u0300 la distribution d&rsquo;e\u0301lectricite\u0301 aux foyers, industries et commerces. Les accuse\u0301s, arre\u0302te\u0301s en 2023, sont poursuivis pour des de\u0301lits pre\u0301sume\u0301s de de\u0301tournement de fonds publics, enrichissement illicite, trafic d&rsquo;influences, appropriation indue de biens, abus de fonctions, abus de biens d&rsquo;inte\u0301re\u0302t ge\u0301ne\u0301ral, pots-de-vin, exone\u0301rations et e\u0301valuations ille\u0301gales, et corruption, selon le ministe\u0300re public.<\/p>\n<p><b>Les accuse\u0301s sont:<\/b><\/p>\n<p>\u2022 Juan Lupercio Nsibi Omogo, repre\u0301sente\u0301 par les avocats Ricardo Julia\u0301n Bibang Oye et Antonio Ntutumu Nkulu Afana.<\/p>\n<p>\u2022 Jose\u0301 Mari\u0301a Ebongolo, repre\u0301sente\u0301 par Rube\u0301n Andomo Ndong et Juan Pablo Abaga Osa.<\/p>\n<p>\u2022 Jose\u0301 Mari\u0301a Ondo Oyono et Miguel Ekua Ondo, tous deux repre\u0301sente\u0301s par Melanio Nnang Asangono.<\/p>\n<p>\u2022 Francisco Javier On\u0303ana, repre\u0301sente\u0301 par Jose\u0301 Daniel Mbele Abue, Florentino Ondo Medja et Ca\u0301ndida Rusmila Nsegue.<\/p>\n<p>\u2022 Paulino Oyono Ondo, repre\u0301sente\u0301 par A\u0301ngel Mba Abeso.<\/p>\n<p>\u2022 Carlos Monsuy Nve, repre\u0301sente\u0301 par le cabinet Ley &amp; Orden.<\/p>\n<p>\u2022 Agusti\u0301n Otogo Abeso, repre\u0301sente\u0301 par Ponciano Manuel Mbomio, Cipriano Edjang Esono et Manuela Abogo.<\/p>\n<p>\u2022 Reginaldo Eto\u0301 Asumu, repre\u0301sente\u0301 par le cabinet juridique Global Expansio\u0301n.<\/p>\n<p>\u2022 Juan Carlos Ango Mba Nchama, repre\u0301sente\u0301 par Cirilo Engono Ntutumu, Arsenio Ndong, Bienvenido Ntugu Gedeo\u0301n Toma\u0301s Esono et Cornelio Ndong.<\/p>\n<p>\u2022 Javier Severino Bibang Etobori, repre\u0301sente\u0301 par le cabinet juridique Ley &amp; Orden.<\/p>\n<p>\u2022 Bernabe\u0301 Esono Andeme, repre\u0301sente\u0301 par Javier Salvador Mba Nguema et Jesu\u0301s Mba Enzema.<\/p>\n<p>\u2022 Daniel Maye Asangono, repre\u0301sente\u0301 par Jose\u0301 Daniel Mbele Abue.<\/p>\n<p>\u2022 Daniel Santiago Mongo\u0301 Ona, repre\u0301sente\u0301 par Lucio Cruz Bacale et Juan Jose\u0301 Obama.<\/p>\n<p>\u2022 Carlos Ndong Bacale, repre\u0301sente\u0301 par Emilio Mbogo Ngomo.<\/p>\n<p>\u2022 Lucas Esono Eyene, repre\u0301sente\u0301 par Manuel Mekina Okuru.<\/p>\n<p>\u2022 Eleuterio Edo\u0301 Ela, repre\u0301sente\u0301 par le cabinet Voluntad Legis.<\/p>\n<p>\u2022 Ro\u0301mulo Ayong Obiang, repre\u0301sente\u0301 par A\u0301ngel Mba Abeso.<\/p>\n<p>\u2022 Canuto Ela Nvo, repre\u0301sente\u0301 par Jovino Ondo Micha.<\/p>\n<p>\u2022 Carlos Esono Ondo Bile\u0301, Daniel Barro\u0301n Esono et Ana Mari\u0301a Mangue, tous trois repre\u0301sente\u0301s par le cabinet Ley &amp; Orden.<\/p>\n<p>\u2022 A\u0301ngel Sebastia\u0301n Esono Mangue, repre\u0301sente\u0301 par Bienvenido Nvo Man\u0303ana.<\/p>\n<p>Selon les de\u0301lits impute\u0301s et l&rsquo;implication de chaque accuse\u0301, le ministe\u0300re public a requis des peines de prison et des amendes e\u0301quivalentes au triple de la valeur du pot-de-vin ou de l&rsquo;avantage indu correspondant.<\/p>\n<p>\u2022 Miguel Ekua Ondo: 12 ans de prison pour de\u0301tournement de fonds publics et 6 ans pour appropriation indue de biens dans le secteur prive\u0301. Amende civile de 75 500 000 XAF.<\/p>\n<p>\u2022 Jose\u0301 Mari\u0301a Ondo Oyono: 18 ans de prison pour les me\u0302mes de\u0301lits. Amende civile de 75 500 000 XAF.<\/p>\n<p>\u2022 Francisco Javier On\u0303ana: 14 ans de prison pour de\u0301tournement de biens publics et appropriation indue. Amende civile de 20 000 000 XAF.<\/p>\n<p>\u2022 Juan Lupercio Nsibi Omogo: 12 ans pour de\u0301tournement, 12 ans pour abus de fonctions, 12 ans pour abus de biens d&rsquo;inte\u0301re\u0302t ge\u0301ne\u0301ral, 6 ans pour enrichissement illicite et 6 ans pour corruption. Amende civile de 2 500 000 000 XAF.<\/p>\n<p>\u2022 Jose\u0301 Mari\u0301a Ebongolo: 6 ans pour de\u0301tournement et 6 ans et un jour pour abus de fonctions. Amende civile de 15 600 000 XAF.<\/p>\n<p>\u2022 Paulino Oyono Ondo: 6 ans et un jour pour abus de fonctions et 6 ans et un jour pour abus de biens d&rsquo;inte\u0301re\u0302t ge\u0301ne\u0301ral. Amende civile de 15 000 000 XAF.<\/p>\n<p>\u2022 Carlos Monsuy Nve: 6 ans et un jour pour abus de fonctions et 2 ans et un mois pour trafic d&rsquo;influences. Amende civile de 20 000 000 XAF.<\/p>\n<p>\u2022 Agusti\u0301n Otogo Abeso: 6 ans pour de\u0301tournement et 6 ans et un jour pour abus de fonctions. Amende civile de 15 000 000 XAF.<\/p>\n<p>\u2022 Reginaldo Eto\u0301 Asumu: 2 ans de prison pour enrichissement illicite et 4 ans pour corruption. Amende civile de 50 000 000 XAF.<\/p>\n<p>\u2022 Juan Carlos Ango Mba Nchama: 6 ans pour exone\u0301rations et e\u0301valuations ille\u0301gales. Amende civile de 10 000 000 XAF.<\/p>\n<p>\u2022 Javier Severino Bibang Etobori: 3 ans de prison pour recel. Amende civile de 15 600 000 XAF.<\/p>\n<p>\u2022 Bernabe\u0301 Esono Andeme: 2 ans de prison pour enrichissement illicite. Amende civile de 10 000 000 X<\/p>\n<p><strong>Pour plus d&rsquo;informations et d&rsquo;analyses sur la <span style=\"color: #ff6600\">Guinee Equatoriale<\/span>, suivez <span style=\"color: #ff6600\">Africa-Press<\/span><\/strong><\/p>\n","protected":false},"excerpt":{"rendered":"<p>Africa-Press &#8211; Guinee Equatoriale. Ce mercredi 12 fe\u0301vrier, a de\u0301bute\u0301 dans la salle pe\u0301nale de la Cour provinciale de Malabo le proce\u0300s des 23 accuse\u0301s dans l&rsquo;affaire SEGESA, une entreprise parapublique du secteur e\u0301nerge\u0301tique de\u0301die\u0301e, entre autres, a\u0300 la distribution d&rsquo;e\u0301lectricite\u0301 aux foyers, industries et commerces. Les accuse\u0301s, arre\u0302te\u0301s en 2023, sont poursuivis pour des [&hellip;]<\/p>\n","protected":false},"author":82,"featured_media":17921,"comment_status":"open","ping_status":"closed","sticky":false,"template":"","format":"standard","meta":{"footnotes":""},"categories":[2,10],"tags":[892,944,50,943],"class_list":["post-17922","post","type-post","status-publish","format-standard","has-post-thumbnail","hentry","category-politique","category-toutes-les-actualites","tag-actualidad","tag-caso-segesa","tag-guinee-equatoriale","tag-juicios-malabo"],"yoast_head":"<!-- This site is optimized with the Yoast SEO Premium plugin v26.1 (Yoast SEO v27.0) - https:\/\/yoast.com\/product\/yoast-seo-premium-wordpress\/ -->\n<title>Proc\u00e8s pour D\u00e9tournement de Fonds Publics chez SEGESA - Guin\u00e9e \u00e9quatoriale<\/title>\n<meta name=\"description\" content=\"Ce mercredi 12 fe\u0301vrier, a de\u0301bute\u0301 dans la salle pe\u0301nale de la Cour provinciale de Malabo le proce\u0300s des 23 accuse\u0301s da ...\" \/>\n<meta name=\"robots\" content=\"index, follow, max-snippet:-1, max-image-preview:large, max-video-preview:-1\" \/>\n<link rel=\"canonical\" href=\"https:\/\/www.africa-press.net\/guinee-equatoriale\/politique\/proces-pour-detournement-de-fonds-publics-chez-segesa\" \/>\n<meta property=\"og:locale\" content=\"fr_FR\" \/>\n<meta property=\"og:type\" content=\"article\" \/>\n<meta property=\"og:title\" content=\"Proc\u00e8s pour D\u00e9tournement de Fonds Publics chez SEGESA\" \/>\n<meta property=\"og:description\" content=\"Ce mercredi 12 fe\u0301vrier, a de\u0301bute\u0301 dans la salle pe\u0301nale de la Cour provinciale de Malabo le proce\u0300s des 23 accuse\u0301s da ...\" \/>\n<meta property=\"og:url\" content=\"https:\/\/www.africa-press.net\/guinee-equatoriale\/politique\/proces-pour-detournement-de-fonds-publics-chez-segesa\" \/>\n<meta property=\"og:site_name\" content=\"Guin\u00e9e \u00e9quatoriale\" \/>\n<meta property=\"article:published_time\" content=\"2025-02-12T11:42:11+00:00\" \/>\n<meta property=\"article:modified_time\" content=\"2025-05-05T19:43:41+00:00\" \/>\n<meta property=\"og:image\" content=\"https:\/\/static.africa-press.net\/guinee-equatoriale\/sites\/53\/2025\/02\/sm_1739434847.882218.jpg\" \/>\n\t<meta property=\"og:image:width\" content=\"1556\" \/>\n\t<meta property=\"og:image:height\" content=\"1167\" \/>\n\t<meta property=\"og:image:type\" content=\"image\/jpeg\" \/>\n<meta name=\"author\" content=\"cfeditorfr\" \/>\n<meta name=\"twitter:card\" content=\"summary_large_image\" \/>\n<meta name=\"twitter:label1\" content=\"\u00c9crit par\" \/>\n\t<meta name=\"twitter:data1\" content=\"cfeditorfr\" \/>\n\t<meta name=\"twitter:label2\" content=\"Dur\u00e9e de lecture estim\u00e9e\" \/>\n\t<meta name=\"twitter:data2\" content=\"4 minutes\" \/>\n<script type=\"application\/ld+json\" class=\"yoast-schema-graph\">{\"@context\":\"https:\/\/schema.org\",\"@graph\":[{\"@type\":\"Article\",\"@id\":\"https:\/\/www.africa-press.net\/guinee-equatoriale\/politique\/proces-pour-detournement-de-fonds-publics-chez-segesa#article\",\"isPartOf\":{\"@id\":\"https:\/\/www.africa-press.net\/guinee-equatoriale\/politique\/proces-pour-detournement-de-fonds-publics-chez-segesa\"},\"author\":{\"name\":\"cfeditorfr\",\"@id\":\"https:\/\/www.africa-press.net\/guinee-equatoriale\/#\/schema\/person\/2b1cf3cd81a31e3cd26889ca66d677f1\"},\"headline\":\"Proc\u00e8s pour D\u00e9tournement de Fonds Publics chez SEGESA\",\"datePublished\":\"2025-02-12T11:42:11+00:00\",\"dateModified\":\"2025-05-05T19:43:41+00:00\",\"mainEntityOfPage\":{\"@id\":\"https:\/\/www.africa-press.net\/guinee-equatoriale\/politique\/proces-pour-detournement-de-fonds-publics-chez-segesa\"},\"wordCount\":723,\"commentCount\":0,\"image\":{\"@id\":\"https:\/\/www.africa-press.net\/guinee-equatoriale\/politique\/proces-pour-detournement-de-fonds-publics-chez-segesa#primaryimage\"},\"thumbnailUrl\":\"https:\/\/static.africa-press.net\/guinee-equatoriale\/sites\/53\/2025\/02\/sm_1739434847.882218.jpg\",\"keywords\":[\"actualidad\",\"caso segesa\",\"Guinee Equatoriale\",\"Juicios Malabo\"],\"articleSection\":[\"Politique\",\"Toutes les actualit\u00e9s\"],\"inLanguage\":\"fr-FR\",\"potentialAction\":[{\"@type\":\"CommentAction\",\"name\":\"Comment\",\"target\":[\"https:\/\/www.africa-press.net\/guinee-equatoriale\/politique\/proces-pour-detournement-de-fonds-publics-chez-segesa#respond\"]}]},{\"@type\":\"WebPage\",\"@id\":\"https:\/\/www.africa-press.net\/guinee-equatoriale\/politique\/proces-pour-detournement-de-fonds-publics-chez-segesa\",\"url\":\"https:\/\/www.africa-press.net\/guinee-equatoriale\/politique\/proces-pour-detournement-de-fonds-publics-chez-segesa\",\"name\":\"Proc\u00e8s pour D\u00e9tournement de Fonds Publics chez SEGESA - Guin\u00e9e \u00e9quatoriale\",\"isPartOf\":{\"@id\":\"https:\/\/www.africa-press.net\/guinee-equatoriale\/#website\"},\"primaryImageOfPage\":{\"@id\":\"https:\/\/www.africa-press.net\/guinee-equatoriale\/politique\/proces-pour-detournement-de-fonds-publics-chez-segesa#primaryimage\"},\"image\":{\"@id\":\"https:\/\/www.africa-press.net\/guinee-equatoriale\/politique\/proces-pour-detournement-de-fonds-publics-chez-segesa#primaryimage\"},\"thumbnailUrl\":\"https:\/\/static.africa-press.net\/guinee-equatoriale\/sites\/53\/2025\/02\/sm_1739434847.882218.jpg\",\"datePublished\":\"2025-02-12T11:42:11+00:00\",\"dateModified\":\"2025-05-05T19:43:41+00:00\",\"author\":{\"@id\":\"https:\/\/www.africa-press.net\/guinee-equatoriale\/#\/schema\/person\/2b1cf3cd81a31e3cd26889ca66d677f1\"},\"description\":\"Ce mercredi 12 fe\u0301vrier, a de\u0301bute\u0301 dans la salle pe\u0301nale de la Cour provinciale de Malabo le proce\u0300s des 23 accuse\u0301s da ...\",\"breadcrumb\":{\"@id\":\"https:\/\/www.africa-press.net\/guinee-equatoriale\/politique\/proces-pour-detournement-de-fonds-publics-chez-segesa#breadcrumb\"},\"inLanguage\":\"fr-FR\",\"potentialAction\":[{\"@type\":\"ReadAction\",\"target\":[\"https:\/\/www.africa-press.net\/guinee-equatoriale\/politique\/proces-pour-detournement-de-fonds-publics-chez-segesa\"]}]},{\"@type\":\"ImageObject\",\"inLanguage\":\"fr-FR\",\"@id\":\"https:\/\/www.africa-press.net\/guinee-equatoriale\/politique\/proces-pour-detournement-de-fonds-publics-chez-segesa#primaryimage\",\"url\":\"https:\/\/static.africa-press.net\/guinee-equatoriale\/sites\/53\/2025\/02\/sm_1739434847.882218.jpg\",\"contentUrl\":\"https:\/\/static.africa-press.net\/guinee-equatoriale\/sites\/53\/2025\/02\/sm_1739434847.882218.jpg\",\"width\":1556,\"height\":1167,\"caption\":\"Proc\u00e8s pour D\u00e9tournement de Fonds Publics chez SEGESA\"},{\"@type\":\"BreadcrumbList\",\"@id\":\"https:\/\/www.africa-press.net\/guinee-equatoriale\/politique\/proces-pour-detournement-de-fonds-publics-chez-segesa#breadcrumb\",\"itemListElement\":[{\"@type\":\"ListItem\",\"position\":1,\"name\":\"Accueil\",\"item\":\"https:\/\/www.africa-press.net\/guinee-equatoriale\/\"},{\"@type\":\"ListItem\",\"position\":2,\"name\":\"Proc\u00e8s pour D\u00e9tournement de Fonds Publics chez SEGESA\"}]},{\"@type\":\"WebSite\",\"@id\":\"https:\/\/www.africa-press.net\/guinee-equatoriale\/#website\",\"url\":\"https:\/\/www.africa-press.net\/guinee-equatoriale\/\",\"name\":\"Guin\u00e9e \u00e9quatoriale\",\"description\":\"Just another Africa News Agency Sites site\",\"potentialAction\":[{\"@type\":\"SearchAction\",\"target\":{\"@type\":\"EntryPoint\",\"urlTemplate\":\"https:\/\/www.africa-press.net\/guinee-equatoriale\/?s={search_term_string}\"},\"query-input\":{\"@type\":\"PropertyValueSpecification\",\"valueRequired\":true,\"valueName\":\"search_term_string\"}}],\"inLanguage\":\"fr-FR\"},{\"@type\":\"Person\",\"@id\":\"https:\/\/www.africa-press.net\/guinee-equatoriale\/#\/schema\/person\/2b1cf3cd81a31e3cd26889ca66d677f1\",\"name\":\"cfeditorfr\"}]}<\/script>\n<!-- \/ Yoast SEO Premium plugin. -->","yoast_head_json":{"title":"Proc\u00e8s pour D\u00e9tournement de Fonds Publics chez SEGESA - Guin\u00e9e \u00e9quatoriale","description":"Ce mercredi 12 fe\u0301vrier, a de\u0301bute\u0301 dans la salle pe\u0301nale de la Cour provinciale de Malabo le proce\u0300s des 23 accuse\u0301s da ...","robots":{"index":"index","follow":"follow","max-snippet":"max-snippet:-1","max-image-preview":"max-image-preview:large","max-video-preview":"max-video-preview:-1"},"canonical":"https:\/\/www.africa-press.net\/guinee-equatoriale\/politique\/proces-pour-detournement-de-fonds-publics-chez-segesa","og_locale":"fr_FR","og_type":"article","og_title":"Proc\u00e8s pour D\u00e9tournement de Fonds Publics chez SEGESA","og_description":"Ce mercredi 12 fe\u0301vrier, a de\u0301bute\u0301 dans la salle pe\u0301nale de la Cour provinciale de Malabo le proce\u0300s des 23 accuse\u0301s da ...","og_url":"https:\/\/www.africa-press.net\/guinee-equatoriale\/politique\/proces-pour-detournement-de-fonds-publics-chez-segesa","og_site_name":"Guin\u00e9e \u00e9quatoriale","article_published_time":"2025-02-12T11:42:11+00:00","article_modified_time":"2025-05-05T19:43:41+00:00","og_image":[{"width":1556,"height":1167,"url":"https:\/\/static.africa-press.net\/guinee-equatoriale\/sites\/53\/2025\/02\/sm_1739434847.882218.jpg","type":"image\/jpeg"}],"author":"cfeditorfr","twitter_card":"summary_large_image","twitter_misc":{"\u00c9crit par":"cfeditorfr","Dur\u00e9e de lecture estim\u00e9e":"4 minutes"},"schema":{"@context":"https:\/\/schema.org","@graph":[{"@type":"Article","@id":"https:\/\/www.africa-press.net\/guinee-equatoriale\/politique\/proces-pour-detournement-de-fonds-publics-chez-segesa#article","isPartOf":{"@id":"https:\/\/www.africa-press.net\/guinee-equatoriale\/politique\/proces-pour-detournement-de-fonds-publics-chez-segesa"},"author":{"name":"cfeditorfr","@id":"https:\/\/www.africa-press.net\/guinee-equatoriale\/#\/schema\/person\/2b1cf3cd81a31e3cd26889ca66d677f1"},"headline":"Proc\u00e8s pour D\u00e9tournement de Fonds Publics chez SEGESA","datePublished":"2025-02-12T11:42:11+00:00","dateModified":"2025-05-05T19:43:41+00:00","mainEntityOfPage":{"@id":"https:\/\/www.africa-press.net\/guinee-equatoriale\/politique\/proces-pour-detournement-de-fonds-publics-chez-segesa"},"wordCount":723,"commentCount":0,"image":{"@id":"https:\/\/www.africa-press.net\/guinee-equatoriale\/politique\/proces-pour-detournement-de-fonds-publics-chez-segesa#primaryimage"},"thumbnailUrl":"https:\/\/static.africa-press.net\/guinee-equatoriale\/sites\/53\/2025\/02\/sm_1739434847.882218.jpg","keywords":["actualidad","caso segesa","Guinee Equatoriale","Juicios Malabo"],"articleSection":["Politique","Toutes les actualit\u00e9s"],"inLanguage":"fr-FR","potentialAction":[{"@type":"CommentAction","name":"Comment","target":["https:\/\/www.africa-press.net\/guinee-equatoriale\/politique\/proces-pour-detournement-de-fonds-publics-chez-segesa#respond"]}]},{"@type":"WebPage","@id":"https:\/\/www.africa-press.net\/guinee-equatoriale\/politique\/proces-pour-detournement-de-fonds-publics-chez-segesa","url":"https:\/\/www.africa-press.net\/guinee-equatoriale\/politique\/proces-pour-detournement-de-fonds-publics-chez-segesa","name":"Proc\u00e8s pour D\u00e9tournement de Fonds Publics chez SEGESA - Guin\u00e9e \u00e9quatoriale","isPartOf":{"@id":"https:\/\/www.africa-press.net\/guinee-equatoriale\/#website"},"primaryImageOfPage":{"@id":"https:\/\/www.africa-press.net\/guinee-equatoriale\/politique\/proces-pour-detournement-de-fonds-publics-chez-segesa#primaryimage"},"image":{"@id":"https:\/\/www.africa-press.net\/guinee-equatoriale\/politique\/proces-pour-detournement-de-fonds-publics-chez-segesa#primaryimage"},"thumbnailUrl":"https:\/\/static.africa-press.net\/guinee-equatoriale\/sites\/53\/2025\/02\/sm_1739434847.882218.jpg","datePublished":"2025-02-12T11:42:11+00:00","dateModified":"2025-05-05T19:43:41+00:00","author":{"@id":"https:\/\/www.africa-press.net\/guinee-equatoriale\/#\/schema\/person\/2b1cf3cd81a31e3cd26889ca66d677f1"},"description":"Ce mercredi 12 fe\u0301vrier, a de\u0301bute\u0301 dans la salle pe\u0301nale de la Cour provinciale de Malabo le proce\u0300s des 23 accuse\u0301s da ...","breadcrumb":{"@id":"https:\/\/www.africa-press.net\/guinee-equatoriale\/politique\/proces-pour-detournement-de-fonds-publics-chez-segesa#breadcrumb"},"inLanguage":"fr-FR","potentialAction":[{"@type":"ReadAction","target":["https:\/\/www.africa-press.net\/guinee-equatoriale\/politique\/proces-pour-detournement-de-fonds-publics-chez-segesa"]}]},{"@type":"ImageObject","inLanguage":"fr-FR","@id":"https:\/\/www.africa-press.net\/guinee-equatoriale\/politique\/proces-pour-detournement-de-fonds-publics-chez-segesa#primaryimage","url":"https:\/\/static.africa-press.net\/guinee-equatoriale\/sites\/53\/2025\/02\/sm_1739434847.882218.jpg","contentUrl":"https:\/\/static.africa-press.net\/guinee-equatoriale\/sites\/53\/2025\/02\/sm_1739434847.882218.jpg","width":1556,"height":1167,"caption":"Proc\u00e8s pour D\u00e9tournement de Fonds Publics chez SEGESA"},{"@type":"BreadcrumbList","@id":"https:\/\/www.africa-press.net\/guinee-equatoriale\/politique\/proces-pour-detournement-de-fonds-publics-chez-segesa#breadcrumb","itemListElement":[{"@type":"ListItem","position":1,"name":"Accueil","item":"https:\/\/www.africa-press.net\/guinee-equatoriale\/"},{"@type":"ListItem","position":2,"name":"Proc\u00e8s pour D\u00e9tournement de Fonds Publics chez SEGESA"}]},{"@type":"WebSite","@id":"https:\/\/www.africa-press.net\/guinee-equatoriale\/#website","url":"https:\/\/www.africa-press.net\/guinee-equatoriale\/","name":"Guin\u00e9e \u00e9quatoriale","description":"Just another Africa News Agency Sites site","potentialAction":[{"@type":"SearchAction","target":{"@type":"EntryPoint","urlTemplate":"https:\/\/www.africa-press.net\/guinee-equatoriale\/?s={search_term_string}"},"query-input":{"@type":"PropertyValueSpecification","valueRequired":true,"valueName":"search_term_string"}}],"inLanguage":"fr-FR"},{"@type":"Person","@id":"https:\/\/www.africa-press.net\/guinee-equatoriale\/#\/schema\/person\/2b1cf3cd81a31e3cd26889ca66d677f1","name":"cfeditorfr"}]}},"_links":{"self":[{"href":"https:\/\/www.africa-press.net\/guinee-equatoriale\/wp-json\/wp\/v2\/posts\/17922","targetHints":{"allow":["GET"]}}],"collection":[{"href":"https:\/\/www.africa-press.net\/guinee-equatoriale\/wp-json\/wp\/v2\/posts"}],"about":[{"href":"https:\/\/www.africa-press.net\/guinee-equatoriale\/wp-json\/wp\/v2\/types\/post"}],"author":[{"embeddable":true,"href":"https:\/\/www.africa-press.net\/guinee-equatoriale\/wp-json\/wp\/v2\/users\/82"}],"replies":[{"embeddable":true,"href":"https:\/\/www.africa-press.net\/guinee-equatoriale\/wp-json\/wp\/v2\/comments?post=17922"}],"version-history":[{"count":0,"href":"https:\/\/www.africa-press.net\/guinee-equatoriale\/wp-json\/wp\/v2\/posts\/17922\/revisions"}],"wp:featuredmedia":[{"embeddable":true,"href":"https:\/\/www.africa-press.net\/guinee-equatoriale\/wp-json\/wp\/v2\/media\/17921"}],"wp:attachment":[{"href":"https:\/\/www.africa-press.net\/guinee-equatoriale\/wp-json\/wp\/v2\/media?parent=17922"}],"wp:term":[{"taxonomy":"category","embeddable":true,"href":"https:\/\/www.africa-press.net\/guinee-equatoriale\/wp-json\/wp\/v2\/categories?post=17922"},{"taxonomy":"post_tag","embeddable":true,"href":"https:\/\/www.africa-press.net\/guinee-equatoriale\/wp-json\/wp\/v2\/tags?post=17922"}],"curies":[{"name":"wp","href":"https:\/\/api.w.org\/{rel}","templated":true}]}}