{"id":17930,"date":"2025-02-12T12:09:09","date_gmt":"2025-02-12T12:09:09","guid":{"rendered":"https:\/\/www.africa-press.net\/guinee-equatoriale\/politique\/guinee-equatoriale-et-inde-signent-un-accord-de-cooperation-en-sante"},"modified":"2025-05-05T19:46:52","modified_gmt":"2025-05-05T19:46:52","slug":"guinee-equatoriale-et-inde-signent-un-accord-de-cooperation-en-sante","status":"publish","type":"post","link":"https:\/\/www.africa-press.net\/guinee-equatoriale\/politique\/guinee-equatoriale-et-inde-signent-un-accord-de-cooperation-en-sante","title":{"rendered":"Guin\u00e9e \u00c9quatoriale et Inde Signent un Accord de Coop\u00e9ration en Sant\u00e9"},"content":{"rendered":"<p><span style=\"color: #ff6600\"><strong>Africa-Press &#8211; Guinee Equatoriale. <\/strong><\/span>Cet accord repre\u0301sente un pas vers l&rsquo;extension de la coope\u0301ration entre Malabo et New Delhi dans le domaine de la sante\u0301. Lors de la rencontre, Naik Muda a souligne\u0301 les avantages de la me\u0301decine traditionnelle et l&rsquo;utilisation des plantes me\u0301dicinales, y compris l&rsquo;aloe vera. \u00ab\u00a0Le syste\u0300me de sante\u0301 de me\u0301decine traditionnelle est tre\u0300s bon, car il n&rsquo;a pas d&rsquo;effets secondaires, puisque les me\u0301dicaments sont fabrique\u0301s a\u0300 partir de matie\u0300res premie\u0300res\u00a0\u00bb, a de\u0301clare\u0301 le ministre indien, soulignant la volonte\u0301 de son pays de soutenir la Guine\u0301e e\u0301quatoriale dans ce secteur.<\/p>\n<p>Le ministre indien a e\u0301galement pre\u0301sente\u0301 un syste\u0300me de contro\u0302le des me\u0301dicaments que l&rsquo;Inde souhaite mettre en place en Guine\u0301e e\u0301quatoriale. Ce syste\u0300me permettra un contro\u0302le rigoureux des me\u0301dicaments entrant dans le pays, garantissant ainsi leur qualite\u0301 et se\u0301curite\u0301.<\/p>\n<p>De son co\u0302te\u0301, Mitoha Ondo\u2019o Ayecaba a montre\u0301 la disponibilite\u0301 de son de\u0301partement a\u0300 collaborer avec l&rsquo;Inde, en plus d&rsquo;expliquer les efforts du gouvernement e\u0301quato-guine\u0301en pour renforcer les services de sante\u0301, mettant particulie\u0300rement l&rsquo;accent sur les programmes de VIH. \u00ab\u00a0Nous avons des programmes de VIH qui fonctionnent depuis plus de 15 ans, et le gouvernement a pratiquement e\u0301te\u0301 seul a\u0300 assurer le traitement de tous les se\u0301ropositifs enregistre\u0301s. L&rsquo;Inde, en tant que leader dans la production de me\u0301dicaments, nous aimerions qu&rsquo;il y ait un soutien de la part de ce pays asiatique envers la Guine\u0301e e\u0301quatoriale\u00a0\u00bb, a ajoute\u0301 Ondo\u2019o Ayecaba.<\/p>\n<p><strong>Pour plus d&rsquo;informations et d&rsquo;analyses sur la <span style=\"color: #ff6600\">Guinee Equatoriale<\/span>, suivez <span style=\"color: #ff6600\">Africa-Press<\/span><\/strong><\/p>\n","protected":false},"excerpt":{"rendered":"<p>Africa-Press &#8211; Guinee Equatoriale. Cet accord repre\u0301sente un pas vers l&rsquo;extension de la coope\u0301ration entre Malabo et New Delhi dans le domaine de la sante\u0301. Lors de la rencontre, Naik Muda a souligne\u0301 les avantages de la me\u0301decine traditionnelle et l&rsquo;utilisation des plantes me\u0301dicinales, y compris l&rsquo;aloe vera. \u00ab\u00a0Le syste\u0300me de sante\u0301 de me\u0301decine traditionnelle [&hellip;]<\/p>\n","protected":false},"author":82,"featured_media":17929,"comment_status":"open","ping_status":"closed","sticky":false,"template":"","format":"standard","meta":{"footnotes":""},"categories":[21,2,10],"tags":[892,50,948,947],"class_list":["post-17930","post","type-post","status-publish","format-standard","has-post-thumbnail","hentry","category-communaute","category-politique","category-toutes-les-actualites","tag-actualidad","tag-guinee-equatoriale","tag-india","tag-ministerio-de-sanidad"],"yoast_head":"<!-- This site is optimized with the Yoast SEO Premium plugin v26.1 (Yoast SEO v27.0) - https:\/\/yoast.com\/product\/yoast-seo-premium-wordpress\/ -->\n<title>Guin\u00e9e \u00c9quatoriale et Inde Signent un Accord de Coop\u00e9ration en Sant\u00e9 - Guin\u00e9e \u00e9quatoriale<\/title>\n<meta name=\"description\" content=\"Cet accord repre\u0301sente un pas vers l&#039;extension de la coope\u0301ration entre Malabo et New Delhi dans le domaine de la sante\u0301 ...\" \/>\n<meta name=\"robots\" content=\"index, follow, max-snippet:-1, max-image-preview:large, max-video-preview:-1\" \/>\n<link rel=\"canonical\" href=\"https:\/\/www.africa-press.net\/guinee-equatoriale\/politique\/guinee-equatoriale-et-inde-signent-un-accord-de-cooperation-en-sante\" \/>\n<meta property=\"og:locale\" content=\"fr_FR\" \/>\n<meta property=\"og:type\" content=\"article\" \/>\n<meta property=\"og:title\" content=\"Guin\u00e9e \u00c9quatoriale et Inde Signent un Accord de Coop\u00e9ration en Sant\u00e9\" \/>\n<meta property=\"og:description\" content=\"Cet accord repre\u0301sente un pas vers l&#039;extension de la coope\u0301ration entre Malabo et New Delhi dans le domaine de la sante\u0301 ...\" \/>\n<meta property=\"og:url\" content=\"https:\/\/www.africa-press.net\/guinee-equatoriale\/politique\/guinee-equatoriale-et-inde-signent-un-accord-de-cooperation-en-sante\" \/>\n<meta property=\"og:site_name\" content=\"Guin\u00e9e \u00e9quatoriale\" \/>\n<meta property=\"article:published_time\" content=\"2025-02-12T12:09:09+00:00\" \/>\n<meta property=\"article:modified_time\" content=\"2025-05-05T19:46:52+00:00\" \/>\n<meta property=\"og:image\" content=\"https:\/\/static.africa-press.net\/guinee-equatoriale\/sites\/53\/2025\/02\/sm_1739437929.811311.jpg\" \/>\n\t<meta property=\"og:image:width\" content=\"1920\" \/>\n\t<meta property=\"og:image:height\" content=\"933\" \/>\n\t<meta property=\"og:image:type\" content=\"image\/jpeg\" \/>\n<meta name=\"author\" content=\"cfeditorfr\" \/>\n<meta name=\"twitter:card\" content=\"summary_large_image\" \/>\n<meta name=\"twitter:label1\" content=\"\u00c9crit par\" \/>\n\t<meta name=\"twitter:data1\" content=\"cfeditorfr\" \/>\n\t<meta name=\"twitter:label2\" content=\"Dur\u00e9e de lecture estim\u00e9e\" \/>\n\t<meta name=\"twitter:data2\" content=\"2 minutes\" \/>\n<script type=\"application\/ld+json\" class=\"yoast-schema-graph\">{\"@context\":\"https:\/\/schema.org\",\"@graph\":[{\"@type\":\"Article\",\"@id\":\"https:\/\/www.africa-press.net\/guinee-equatoriale\/politique\/guinee-equatoriale-et-inde-signent-un-accord-de-cooperation-en-sante#article\",\"isPartOf\":{\"@id\":\"https:\/\/www.africa-press.net\/guinee-equatoriale\/politique\/guinee-equatoriale-et-inde-signent-un-accord-de-cooperation-en-sante\"},\"author\":{\"name\":\"cfeditorfr\",\"@id\":\"https:\/\/www.africa-press.net\/guinee-equatoriale\/#\/schema\/person\/2b1cf3cd81a31e3cd26889ca66d677f1\"},\"headline\":\"Guin\u00e9e \u00c9quatoriale et Inde Signent un Accord de Coop\u00e9ration en Sant\u00e9\",\"datePublished\":\"2025-02-12T12:09:09+00:00\",\"dateModified\":\"2025-05-05T19:46:52+00:00\",\"mainEntityOfPage\":{\"@id\":\"https:\/\/www.africa-press.net\/guinee-equatoriale\/politique\/guinee-equatoriale-et-inde-signent-un-accord-de-cooperation-en-sante\"},\"wordCount\":306,\"commentCount\":0,\"image\":{\"@id\":\"https:\/\/www.africa-press.net\/guinee-equatoriale\/politique\/guinee-equatoriale-et-inde-signent-un-accord-de-cooperation-en-sante#primaryimage\"},\"thumbnailUrl\":\"https:\/\/static.africa-press.net\/guinee-equatoriale\/sites\/53\/2025\/02\/sm_1739437929.811311.jpg\",\"keywords\":[\"actualidad\",\"Guinee Equatoriale\",\"India\",\"Ministerio de Sanidad\"],\"articleSection\":[\"Communaut\u00e9\",\"Politique\",\"Toutes les actualit\u00e9s\"],\"inLanguage\":\"fr-FR\",\"potentialAction\":[{\"@type\":\"CommentAction\",\"name\":\"Comment\",\"target\":[\"https:\/\/www.africa-press.net\/guinee-equatoriale\/politique\/guinee-equatoriale-et-inde-signent-un-accord-de-cooperation-en-sante#respond\"]}]},{\"@type\":\"WebPage\",\"@id\":\"https:\/\/www.africa-press.net\/guinee-equatoriale\/politique\/guinee-equatoriale-et-inde-signent-un-accord-de-cooperation-en-sante\",\"url\":\"https:\/\/www.africa-press.net\/guinee-equatoriale\/politique\/guinee-equatoriale-et-inde-signent-un-accord-de-cooperation-en-sante\",\"name\":\"Guin\u00e9e \u00c9quatoriale et Inde Signent un Accord de Coop\u00e9ration en Sant\u00e9 - Guin\u00e9e \u00e9quatoriale\",\"isPartOf\":{\"@id\":\"https:\/\/www.africa-press.net\/guinee-equatoriale\/#website\"},\"primaryImageOfPage\":{\"@id\":\"https:\/\/www.africa-press.net\/guinee-equatoriale\/politique\/guinee-equatoriale-et-inde-signent-un-accord-de-cooperation-en-sante#primaryimage\"},\"image\":{\"@id\":\"https:\/\/www.africa-press.net\/guinee-equatoriale\/politique\/guinee-equatoriale-et-inde-signent-un-accord-de-cooperation-en-sante#primaryimage\"},\"thumbnailUrl\":\"https:\/\/static.africa-press.net\/guinee-equatoriale\/sites\/53\/2025\/02\/sm_1739437929.811311.jpg\",\"datePublished\":\"2025-02-12T12:09:09+00:00\",\"dateModified\":\"2025-05-05T19:46:52+00:00\",\"author\":{\"@id\":\"https:\/\/www.africa-press.net\/guinee-equatoriale\/#\/schema\/person\/2b1cf3cd81a31e3cd26889ca66d677f1\"},\"description\":\"Cet accord repre\u0301sente un pas vers l'extension de la coope\u0301ration entre Malabo et New Delhi dans le domaine de la sante\u0301 ...\",\"breadcrumb\":{\"@id\":\"https:\/\/www.africa-press.net\/guinee-equatoriale\/politique\/guinee-equatoriale-et-inde-signent-un-accord-de-cooperation-en-sante#breadcrumb\"},\"inLanguage\":\"fr-FR\",\"potentialAction\":[{\"@type\":\"ReadAction\",\"target\":[\"https:\/\/www.africa-press.net\/guinee-equatoriale\/politique\/guinee-equatoriale-et-inde-signent-un-accord-de-cooperation-en-sante\"]}]},{\"@type\":\"ImageObject\",\"inLanguage\":\"fr-FR\",\"@id\":\"https:\/\/www.africa-press.net\/guinee-equatoriale\/politique\/guinee-equatoriale-et-inde-signent-un-accord-de-cooperation-en-sante#primaryimage\",\"url\":\"https:\/\/static.africa-press.net\/guinee-equatoriale\/sites\/53\/2025\/02\/sm_1739437929.811311.jpg\",\"contentUrl\":\"https:\/\/static.africa-press.net\/guinee-equatoriale\/sites\/53\/2025\/02\/sm_1739437929.811311.jpg\",\"width\":1920,\"height\":933,\"caption\":\"Guin\u00e9e \u00c9quatoriale et Inde Signent un Accord de Coop\u00e9ration en Sant\u00e9\"},{\"@type\":\"BreadcrumbList\",\"@id\":\"https:\/\/www.africa-press.net\/guinee-equatoriale\/politique\/guinee-equatoriale-et-inde-signent-un-accord-de-cooperation-en-sante#breadcrumb\",\"itemListElement\":[{\"@type\":\"ListItem\",\"position\":1,\"name\":\"Accueil\",\"item\":\"https:\/\/www.africa-press.net\/guinee-equatoriale\/\"},{\"@type\":\"ListItem\",\"position\":2,\"name\":\"Guin\u00e9e \u00c9quatoriale et Inde Signent un Accord de Coop\u00e9ration en Sant\u00e9\"}]},{\"@type\":\"WebSite\",\"@id\":\"https:\/\/www.africa-press.net\/guinee-equatoriale\/#website\",\"url\":\"https:\/\/www.africa-press.net\/guinee-equatoriale\/\",\"name\":\"Guin\u00e9e \u00e9quatoriale\",\"description\":\"Just another Africa News Agency Sites site\",\"potentialAction\":[{\"@type\":\"SearchAction\",\"target\":{\"@type\":\"EntryPoint\",\"urlTemplate\":\"https:\/\/www.africa-press.net\/guinee-equatoriale\/?s={search_term_string}\"},\"query-input\":{\"@type\":\"PropertyValueSpecification\",\"valueRequired\":true,\"valueName\":\"search_term_string\"}}],\"inLanguage\":\"fr-FR\"},{\"@type\":\"Person\",\"@id\":\"https:\/\/www.africa-press.net\/guinee-equatoriale\/#\/schema\/person\/2b1cf3cd81a31e3cd26889ca66d677f1\",\"name\":\"cfeditorfr\"}]}<\/script>\n<!-- \/ Yoast SEO Premium plugin. -->","yoast_head_json":{"title":"Guin\u00e9e \u00c9quatoriale et Inde Signent un Accord de Coop\u00e9ration en Sant\u00e9 - Guin\u00e9e \u00e9quatoriale","description":"Cet accord repre\u0301sente un pas vers l'extension de la coope\u0301ration entre Malabo et New Delhi dans le domaine de la sante\u0301 ...","robots":{"index":"index","follow":"follow","max-snippet":"max-snippet:-1","max-image-preview":"max-image-preview:large","max-video-preview":"max-video-preview:-1"},"canonical":"https:\/\/www.africa-press.net\/guinee-equatoriale\/politique\/guinee-equatoriale-et-inde-signent-un-accord-de-cooperation-en-sante","og_locale":"fr_FR","og_type":"article","og_title":"Guin\u00e9e \u00c9quatoriale et Inde Signent un Accord de Coop\u00e9ration en Sant\u00e9","og_description":"Cet accord repre\u0301sente un pas vers l'extension de la coope\u0301ration entre Malabo et New Delhi dans le domaine de la sante\u0301 ...","og_url":"https:\/\/www.africa-press.net\/guinee-equatoriale\/politique\/guinee-equatoriale-et-inde-signent-un-accord-de-cooperation-en-sante","og_site_name":"Guin\u00e9e \u00e9quatoriale","article_published_time":"2025-02-12T12:09:09+00:00","article_modified_time":"2025-05-05T19:46:52+00:00","og_image":[{"width":1920,"height":933,"url":"https:\/\/static.africa-press.net\/guinee-equatoriale\/sites\/53\/2025\/02\/sm_1739437929.811311.jpg","type":"image\/jpeg"}],"author":"cfeditorfr","twitter_card":"summary_large_image","twitter_misc":{"\u00c9crit par":"cfeditorfr","Dur\u00e9e de lecture estim\u00e9e":"2 minutes"},"schema":{"@context":"https:\/\/schema.org","@graph":[{"@type":"Article","@id":"https:\/\/www.africa-press.net\/guinee-equatoriale\/politique\/guinee-equatoriale-et-inde-signent-un-accord-de-cooperation-en-sante#article","isPartOf":{"@id":"https:\/\/www.africa-press.net\/guinee-equatoriale\/politique\/guinee-equatoriale-et-inde-signent-un-accord-de-cooperation-en-sante"},"author":{"name":"cfeditorfr","@id":"https:\/\/www.africa-press.net\/guinee-equatoriale\/#\/schema\/person\/2b1cf3cd81a31e3cd26889ca66d677f1"},"headline":"Guin\u00e9e \u00c9quatoriale et Inde Signent un Accord de Coop\u00e9ration en Sant\u00e9","datePublished":"2025-02-12T12:09:09+00:00","dateModified":"2025-05-05T19:46:52+00:00","mainEntityOfPage":{"@id":"https:\/\/www.africa-press.net\/guinee-equatoriale\/politique\/guinee-equatoriale-et-inde-signent-un-accord-de-cooperation-en-sante"},"wordCount":306,"commentCount":0,"image":{"@id":"https:\/\/www.africa-press.net\/guinee-equatoriale\/politique\/guinee-equatoriale-et-inde-signent-un-accord-de-cooperation-en-sante#primaryimage"},"thumbnailUrl":"https:\/\/static.africa-press.net\/guinee-equatoriale\/sites\/53\/2025\/02\/sm_1739437929.811311.jpg","keywords":["actualidad","Guinee Equatoriale","India","Ministerio de Sanidad"],"articleSection":["Communaut\u00e9","Politique","Toutes les actualit\u00e9s"],"inLanguage":"fr-FR","potentialAction":[{"@type":"CommentAction","name":"Comment","target":["https:\/\/www.africa-press.net\/guinee-equatoriale\/politique\/guinee-equatoriale-et-inde-signent-un-accord-de-cooperation-en-sante#respond"]}]},{"@type":"WebPage","@id":"https:\/\/www.africa-press.net\/guinee-equatoriale\/politique\/guinee-equatoriale-et-inde-signent-un-accord-de-cooperation-en-sante","url":"https:\/\/www.africa-press.net\/guinee-equatoriale\/politique\/guinee-equatoriale-et-inde-signent-un-accord-de-cooperation-en-sante","name":"Guin\u00e9e \u00c9quatoriale et Inde Signent un Accord de Coop\u00e9ration en Sant\u00e9 - Guin\u00e9e \u00e9quatoriale","isPartOf":{"@id":"https:\/\/www.africa-press.net\/guinee-equatoriale\/#website"},"primaryImageOfPage":{"@id":"https:\/\/www.africa-press.net\/guinee-equatoriale\/politique\/guinee-equatoriale-et-inde-signent-un-accord-de-cooperation-en-sante#primaryimage"},"image":{"@id":"https:\/\/www.africa-press.net\/guinee-equatoriale\/politique\/guinee-equatoriale-et-inde-signent-un-accord-de-cooperation-en-sante#primaryimage"},"thumbnailUrl":"https:\/\/static.africa-press.net\/guinee-equatoriale\/sites\/53\/2025\/02\/sm_1739437929.811311.jpg","datePublished":"2025-02-12T12:09:09+00:00","dateModified":"2025-05-05T19:46:52+00:00","author":{"@id":"https:\/\/www.africa-press.net\/guinee-equatoriale\/#\/schema\/person\/2b1cf3cd81a31e3cd26889ca66d677f1"},"description":"Cet accord repre\u0301sente un pas vers l'extension de la coope\u0301ration entre Malabo et New Delhi dans le domaine de la sante\u0301 ...","breadcrumb":{"@id":"https:\/\/www.africa-press.net\/guinee-equatoriale\/politique\/guinee-equatoriale-et-inde-signent-un-accord-de-cooperation-en-sante#breadcrumb"},"inLanguage":"fr-FR","potentialAction":[{"@type":"ReadAction","target":["https:\/\/www.africa-press.net\/guinee-equatoriale\/politique\/guinee-equatoriale-et-inde-signent-un-accord-de-cooperation-en-sante"]}]},{"@type":"ImageObject","inLanguage":"fr-FR","@id":"https:\/\/www.africa-press.net\/guinee-equatoriale\/politique\/guinee-equatoriale-et-inde-signent-un-accord-de-cooperation-en-sante#primaryimage","url":"https:\/\/static.africa-press.net\/guinee-equatoriale\/sites\/53\/2025\/02\/sm_1739437929.811311.jpg","contentUrl":"https:\/\/static.africa-press.net\/guinee-equatoriale\/sites\/53\/2025\/02\/sm_1739437929.811311.jpg","width":1920,"height":933,"caption":"Guin\u00e9e \u00c9quatoriale et Inde Signent un Accord de Coop\u00e9ration en Sant\u00e9"},{"@type":"BreadcrumbList","@id":"https:\/\/www.africa-press.net\/guinee-equatoriale\/politique\/guinee-equatoriale-et-inde-signent-un-accord-de-cooperation-en-sante#breadcrumb","itemListElement":[{"@type":"ListItem","position":1,"name":"Accueil","item":"https:\/\/www.africa-press.net\/guinee-equatoriale\/"},{"@type":"ListItem","position":2,"name":"Guin\u00e9e \u00c9quatoriale et Inde Signent un Accord de Coop\u00e9ration en Sant\u00e9"}]},{"@type":"WebSite","@id":"https:\/\/www.africa-press.net\/guinee-equatoriale\/#website","url":"https:\/\/www.africa-press.net\/guinee-equatoriale\/","name":"Guin\u00e9e \u00e9quatoriale","description":"Just another Africa News Agency Sites site","potentialAction":[{"@type":"SearchAction","target":{"@type":"EntryPoint","urlTemplate":"https:\/\/www.africa-press.net\/guinee-equatoriale\/?s={search_term_string}"},"query-input":{"@type":"PropertyValueSpecification","valueRequired":true,"valueName":"search_term_string"}}],"inLanguage":"fr-FR"},{"@type":"Person","@id":"https:\/\/www.africa-press.net\/guinee-equatoriale\/#\/schema\/person\/2b1cf3cd81a31e3cd26889ca66d677f1","name":"cfeditorfr"}]}},"_links":{"self":[{"href":"https:\/\/www.africa-press.net\/guinee-equatoriale\/wp-json\/wp\/v2\/posts\/17930","targetHints":{"allow":["GET"]}}],"collection":[{"href":"https:\/\/www.africa-press.net\/guinee-equatoriale\/wp-json\/wp\/v2\/posts"}],"about":[{"href":"https:\/\/www.africa-press.net\/guinee-equatoriale\/wp-json\/wp\/v2\/types\/post"}],"author":[{"embeddable":true,"href":"https:\/\/www.africa-press.net\/guinee-equatoriale\/wp-json\/wp\/v2\/users\/82"}],"replies":[{"embeddable":true,"href":"https:\/\/www.africa-press.net\/guinee-equatoriale\/wp-json\/wp\/v2\/comments?post=17930"}],"version-history":[{"count":0,"href":"https:\/\/www.africa-press.net\/guinee-equatoriale\/wp-json\/wp\/v2\/posts\/17930\/revisions"}],"wp:featuredmedia":[{"embeddable":true,"href":"https:\/\/www.africa-press.net\/guinee-equatoriale\/wp-json\/wp\/v2\/media\/17929"}],"wp:attachment":[{"href":"https:\/\/www.africa-press.net\/guinee-equatoriale\/wp-json\/wp\/v2\/media?parent=17930"}],"wp:term":[{"taxonomy":"category","embeddable":true,"href":"https:\/\/www.africa-press.net\/guinee-equatoriale\/wp-json\/wp\/v2\/categories?post=17930"},{"taxonomy":"post_tag","embeddable":true,"href":"https:\/\/www.africa-press.net\/guinee-equatoriale\/wp-json\/wp\/v2\/tags?post=17930"}],"curies":[{"name":"wp","href":"https:\/\/api.w.org\/{rel}","templated":true}]}}