{"id":17932,"date":"2025-02-12T12:09:56","date_gmt":"2025-02-12T12:09:56","guid":{"rendered":"https:\/\/www.africa-press.net\/guinee-equatoriale\/politique\/evacuation-du-jeune-viral-pour-un-cancer-abdominal"},"modified":"2025-05-05T19:47:06","modified_gmt":"2025-05-05T19:47:06","slug":"evacuation-du-jeune-viral-pour-un-cancer-abdominal","status":"publish","type":"post","link":"https:\/\/www.africa-press.net\/guinee-equatoriale\/toutes-les-actualites\/evacuation-du-jeune-viral-pour-un-cancer-abdominal","title":{"rendered":"\u00c9vacuation du Jeune Viral pour un Cancer Abdominal"},"content":{"rendered":"<p><span style=\"color: #ff6600\"><strong>Africa-Press &#8211; Guinee Equatoriale. <\/strong><\/span>Le cas du jeune Eusebio Nsue, a\u0302ge\u0301 de 16 ans, a attire\u0301 l&rsquo;attention publique il y a environ un mois, lorsque sa famille a lance\u0301 un appel a\u0300 l&rsquo;aide via une vide\u0301o qui est rapidement devenue virale sur les re\u0301seaux sociaux. L&rsquo;ampleur du cas a pousse\u0301 les autorite\u0301s a\u0300 prendre des mesures imme\u0301diates pour son hospitalisation et garantir son acce\u0300s aux soins ne\u0301cessaires avant son transfert a\u0300 l&rsquo;e\u0301tranger.<\/p>\n<p>Le Dr Anatolio Nzang, coordinateur national des \u0153uvres de charite\u0301 me\u0301dicale, a explique\u0301 que la maladie est a\u0300 un stade avance\u0301, mais qu&rsquo;ils espe\u0300rent que le traitement a\u0300 l&rsquo;e\u0301tranger pourra ame\u0301liorer son e\u0301tat de sante\u0301. \u00ab\u00a0Nous savons que le cancer est une maladie complexe, mais nous espe\u0301rons que le centre spe\u0301cialise\u0301 ou\u0300 il sera traite\u0301 lui offrira les meilleures options pour sa gue\u0301rison\u00a0\u00bb, a-t-il souligne\u0301.<\/p>\n<p>De son co\u0302te\u0301, la Directrice ge\u0301ne\u0301rale de l&rsquo;enfance et de l&rsquo;adolescence du ministe\u0300re des Affaires sociales, Esperanza Nzang, a informe\u0301, lors du de\u0301part d&rsquo;Eusebio a\u0300 l&rsquo;ae\u0301roport de Malabo, que le suivi du mineur continuera apre\u0300s son retour dans le pays. \u00ab\u00a0Une fois qu&rsquo;il aura termine\u0301 la phase de traitement oncologique en Inde, nous serons attentifs a\u0300 sa re\u0301cupe\u0301ration et a\u0300 tout besoin me\u0301dical qui pourrait survenir jusqu&rsquo;a\u0300 sa gue\u0301rison comple\u0300te\u00a0\u00bb, a-t-elle assure\u0301.<\/p>\n<p><strong>Pour plus d&rsquo;informations et d&rsquo;analyses sur la <span style=\"color: #ff6600\">Guinee Equatoriale<\/span>, suivez <span style=\"color: #ff6600\">Africa-Press<\/span><\/strong><\/p>\n","protected":false},"excerpt":{"rendered":"<p>Africa-Press &#8211; Guinee Equatoriale. Le cas du jeune Eusebio Nsue, a\u0302ge\u0301 de 16 ans, a attire\u0301 l&rsquo;attention publique il y a environ un mois, lorsque sa famille a lance\u0301 un appel a\u0300 l&rsquo;aide via une vide\u0301o qui est rapidement devenue virale sur les re\u0301seaux sociaux. L&rsquo;ampleur du cas a pousse\u0301 les autorite\u0301s a\u0300 prendre des [&hellip;]<\/p>\n","protected":false},"author":82,"featured_media":17931,"comment_status":"open","ping_status":"closed","sticky":false,"template":"","format":"standard","meta":{"footnotes":""},"categories":[21,10],"tags":[892,50,949,947],"class_list":["post-17932","post","type-post","status-publish","format-standard","has-post-thumbnail","hentry","category-communaute","category-toutes-les-actualites","tag-actualidad","tag-guinee-equatoriale","tag-ministerio-de-asuntos-sociales-e-igualdad-de-genero","tag-ministerio-de-sanidad"],"yoast_head":"<!-- This site is optimized with the Yoast SEO Premium plugin v26.1 (Yoast SEO v27.0) - https:\/\/yoast.com\/product\/yoast-seo-premium-wordpress\/ -->\n<title>\u00c9vacuation du Jeune Viral pour un Cancer Abdominal - Guin\u00e9e \u00e9quatoriale<\/title>\n<meta name=\"description\" content=\"Le cas du jeune Eusebio Nsue, a\u0302ge\u0301 de 16 ans, a attire\u0301 l&#039;attention publique il y a environ un mois, lorsque sa famille ...\" \/>\n<meta name=\"robots\" content=\"index, follow, max-snippet:-1, max-image-preview:large, max-video-preview:-1\" \/>\n<link rel=\"canonical\" href=\"https:\/\/www.africa-press.net\/guinee-equatoriale\/toutes-les-actualites\/evacuation-du-jeune-viral-pour-un-cancer-abdominal\" \/>\n<meta property=\"og:locale\" content=\"fr_FR\" \/>\n<meta property=\"og:type\" content=\"article\" \/>\n<meta property=\"og:title\" content=\"\u00c9vacuation du Jeune Viral pour un Cancer Abdominal\" \/>\n<meta property=\"og:description\" content=\"Le cas du jeune Eusebio Nsue, a\u0302ge\u0301 de 16 ans, a attire\u0301 l&#039;attention publique il y a environ un mois, lorsque sa famille ...\" \/>\n<meta property=\"og:url\" content=\"https:\/\/www.africa-press.net\/guinee-equatoriale\/toutes-les-actualites\/evacuation-du-jeune-viral-pour-un-cancer-abdominal\" \/>\n<meta property=\"og:site_name\" content=\"Guin\u00e9e \u00e9quatoriale\" \/>\n<meta property=\"article:published_time\" content=\"2025-02-12T12:09:56+00:00\" \/>\n<meta property=\"article:modified_time\" content=\"2025-05-05T19:47:06+00:00\" \/>\n<meta property=\"og:image\" content=\"https:\/\/static.africa-press.net\/guinee-equatoriale\/sites\/53\/2025\/02\/sm_1739437944.650339.jpg\" \/>\n\t<meta property=\"og:image:width\" content=\"768\" \/>\n\t<meta property=\"og:image:height\" content=\"576\" \/>\n\t<meta property=\"og:image:type\" content=\"image\/jpeg\" \/>\n<meta name=\"author\" content=\"cfeditorfr\" \/>\n<meta name=\"twitter:card\" content=\"summary_large_image\" \/>\n<meta name=\"twitter:label1\" content=\"\u00c9crit par\" \/>\n\t<meta name=\"twitter:data1\" content=\"cfeditorfr\" \/>\n\t<meta name=\"twitter:label2\" content=\"Dur\u00e9e de lecture estim\u00e9e\" \/>\n\t<meta name=\"twitter:data2\" content=\"1 minute\" \/>\n<script type=\"application\/ld+json\" class=\"yoast-schema-graph\">{\"@context\":\"https:\/\/schema.org\",\"@graph\":[{\"@type\":\"Article\",\"@id\":\"https:\/\/www.africa-press.net\/guinee-equatoriale\/toutes-les-actualites\/evacuation-du-jeune-viral-pour-un-cancer-abdominal#article\",\"isPartOf\":{\"@id\":\"https:\/\/www.africa-press.net\/guinee-equatoriale\/toutes-les-actualites\/evacuation-du-jeune-viral-pour-un-cancer-abdominal\"},\"author\":{\"name\":\"cfeditorfr\",\"@id\":\"https:\/\/www.africa-press.net\/guinee-equatoriale\/#\/schema\/person\/2b1cf3cd81a31e3cd26889ca66d677f1\"},\"headline\":\"\u00c9vacuation du Jeune Viral pour un Cancer Abdominal\",\"datePublished\":\"2025-02-12T12:09:56+00:00\",\"dateModified\":\"2025-05-05T19:47:06+00:00\",\"mainEntityOfPage\":{\"@id\":\"https:\/\/www.africa-press.net\/guinee-equatoriale\/toutes-les-actualites\/evacuation-du-jeune-viral-pour-un-cancer-abdominal\"},\"wordCount\":269,\"commentCount\":0,\"image\":{\"@id\":\"https:\/\/www.africa-press.net\/guinee-equatoriale\/toutes-les-actualites\/evacuation-du-jeune-viral-pour-un-cancer-abdominal#primaryimage\"},\"thumbnailUrl\":\"https:\/\/static.africa-press.net\/guinee-equatoriale\/sites\/53\/2025\/02\/sm_1739437944.650339.jpg\",\"keywords\":[\"actualidad\",\"Guinee Equatoriale\",\"Ministerio de Asuntos sociales e igualdad de G\u00e9nero\",\"Ministerio de Sanidad\"],\"articleSection\":[\"Communaut\u00e9\",\"Toutes les actualit\u00e9s\"],\"inLanguage\":\"fr-FR\",\"potentialAction\":[{\"@type\":\"CommentAction\",\"name\":\"Comment\",\"target\":[\"https:\/\/www.africa-press.net\/guinee-equatoriale\/toutes-les-actualites\/evacuation-du-jeune-viral-pour-un-cancer-abdominal#respond\"]}]},{\"@type\":\"WebPage\",\"@id\":\"https:\/\/www.africa-press.net\/guinee-equatoriale\/toutes-les-actualites\/evacuation-du-jeune-viral-pour-un-cancer-abdominal\",\"url\":\"https:\/\/www.africa-press.net\/guinee-equatoriale\/toutes-les-actualites\/evacuation-du-jeune-viral-pour-un-cancer-abdominal\",\"name\":\"\u00c9vacuation du Jeune Viral pour un Cancer Abdominal - Guin\u00e9e \u00e9quatoriale\",\"isPartOf\":{\"@id\":\"https:\/\/www.africa-press.net\/guinee-equatoriale\/#website\"},\"primaryImageOfPage\":{\"@id\":\"https:\/\/www.africa-press.net\/guinee-equatoriale\/toutes-les-actualites\/evacuation-du-jeune-viral-pour-un-cancer-abdominal#primaryimage\"},\"image\":{\"@id\":\"https:\/\/www.africa-press.net\/guinee-equatoriale\/toutes-les-actualites\/evacuation-du-jeune-viral-pour-un-cancer-abdominal#primaryimage\"},\"thumbnailUrl\":\"https:\/\/static.africa-press.net\/guinee-equatoriale\/sites\/53\/2025\/02\/sm_1739437944.650339.jpg\",\"datePublished\":\"2025-02-12T12:09:56+00:00\",\"dateModified\":\"2025-05-05T19:47:06+00:00\",\"author\":{\"@id\":\"https:\/\/www.africa-press.net\/guinee-equatoriale\/#\/schema\/person\/2b1cf3cd81a31e3cd26889ca66d677f1\"},\"description\":\"Le cas du jeune Eusebio Nsue, a\u0302ge\u0301 de 16 ans, a attire\u0301 l'attention publique il y a environ un mois, lorsque sa famille ...\",\"breadcrumb\":{\"@id\":\"https:\/\/www.africa-press.net\/guinee-equatoriale\/toutes-les-actualites\/evacuation-du-jeune-viral-pour-un-cancer-abdominal#breadcrumb\"},\"inLanguage\":\"fr-FR\",\"potentialAction\":[{\"@type\":\"ReadAction\",\"target\":[\"https:\/\/www.africa-press.net\/guinee-equatoriale\/toutes-les-actualites\/evacuation-du-jeune-viral-pour-un-cancer-abdominal\"]}]},{\"@type\":\"ImageObject\",\"inLanguage\":\"fr-FR\",\"@id\":\"https:\/\/www.africa-press.net\/guinee-equatoriale\/toutes-les-actualites\/evacuation-du-jeune-viral-pour-un-cancer-abdominal#primaryimage\",\"url\":\"https:\/\/static.africa-press.net\/guinee-equatoriale\/sites\/53\/2025\/02\/sm_1739437944.650339.jpg\",\"contentUrl\":\"https:\/\/static.africa-press.net\/guinee-equatoriale\/sites\/53\/2025\/02\/sm_1739437944.650339.jpg\",\"width\":768,\"height\":576,\"caption\":\"\u00c9vacuation du Jeune Viral pour un Cancer Abdominal\"},{\"@type\":\"BreadcrumbList\",\"@id\":\"https:\/\/www.africa-press.net\/guinee-equatoriale\/toutes-les-actualites\/evacuation-du-jeune-viral-pour-un-cancer-abdominal#breadcrumb\",\"itemListElement\":[{\"@type\":\"ListItem\",\"position\":1,\"name\":\"Accueil\",\"item\":\"https:\/\/www.africa-press.net\/guinee-equatoriale\/\"},{\"@type\":\"ListItem\",\"position\":2,\"name\":\"\u00c9vacuation du Jeune Viral pour un Cancer Abdominal\"}]},{\"@type\":\"WebSite\",\"@id\":\"https:\/\/www.africa-press.net\/guinee-equatoriale\/#website\",\"url\":\"https:\/\/www.africa-press.net\/guinee-equatoriale\/\",\"name\":\"Guin\u00e9e \u00e9quatoriale\",\"description\":\"Just another Africa News Agency Sites site\",\"potentialAction\":[{\"@type\":\"SearchAction\",\"target\":{\"@type\":\"EntryPoint\",\"urlTemplate\":\"https:\/\/www.africa-press.net\/guinee-equatoriale\/?s={search_term_string}\"},\"query-input\":{\"@type\":\"PropertyValueSpecification\",\"valueRequired\":true,\"valueName\":\"search_term_string\"}}],\"inLanguage\":\"fr-FR\"},{\"@type\":\"Person\",\"@id\":\"https:\/\/www.africa-press.net\/guinee-equatoriale\/#\/schema\/person\/2b1cf3cd81a31e3cd26889ca66d677f1\",\"name\":\"cfeditorfr\"}]}<\/script>\n<!-- \/ Yoast SEO Premium plugin. -->","yoast_head_json":{"title":"\u00c9vacuation du Jeune Viral pour un Cancer Abdominal - Guin\u00e9e \u00e9quatoriale","description":"Le cas du jeune Eusebio Nsue, a\u0302ge\u0301 de 16 ans, a attire\u0301 l'attention publique il y a environ un mois, lorsque sa famille ...","robots":{"index":"index","follow":"follow","max-snippet":"max-snippet:-1","max-image-preview":"max-image-preview:large","max-video-preview":"max-video-preview:-1"},"canonical":"https:\/\/www.africa-press.net\/guinee-equatoriale\/toutes-les-actualites\/evacuation-du-jeune-viral-pour-un-cancer-abdominal","og_locale":"fr_FR","og_type":"article","og_title":"\u00c9vacuation du Jeune Viral pour un Cancer Abdominal","og_description":"Le cas du jeune Eusebio Nsue, a\u0302ge\u0301 de 16 ans, a attire\u0301 l'attention publique il y a environ un mois, lorsque sa famille ...","og_url":"https:\/\/www.africa-press.net\/guinee-equatoriale\/toutes-les-actualites\/evacuation-du-jeune-viral-pour-un-cancer-abdominal","og_site_name":"Guin\u00e9e \u00e9quatoriale","article_published_time":"2025-02-12T12:09:56+00:00","article_modified_time":"2025-05-05T19:47:06+00:00","og_image":[{"width":768,"height":576,"url":"https:\/\/static.africa-press.net\/guinee-equatoriale\/sites\/53\/2025\/02\/sm_1739437944.650339.jpg","type":"image\/jpeg"}],"author":"cfeditorfr","twitter_card":"summary_large_image","twitter_misc":{"\u00c9crit par":"cfeditorfr","Dur\u00e9e de lecture estim\u00e9e":"1 minute"},"schema":{"@context":"https:\/\/schema.org","@graph":[{"@type":"Article","@id":"https:\/\/www.africa-press.net\/guinee-equatoriale\/toutes-les-actualites\/evacuation-du-jeune-viral-pour-un-cancer-abdominal#article","isPartOf":{"@id":"https:\/\/www.africa-press.net\/guinee-equatoriale\/toutes-les-actualites\/evacuation-du-jeune-viral-pour-un-cancer-abdominal"},"author":{"name":"cfeditorfr","@id":"https:\/\/www.africa-press.net\/guinee-equatoriale\/#\/schema\/person\/2b1cf3cd81a31e3cd26889ca66d677f1"},"headline":"\u00c9vacuation du Jeune Viral pour un Cancer Abdominal","datePublished":"2025-02-12T12:09:56+00:00","dateModified":"2025-05-05T19:47:06+00:00","mainEntityOfPage":{"@id":"https:\/\/www.africa-press.net\/guinee-equatoriale\/toutes-les-actualites\/evacuation-du-jeune-viral-pour-un-cancer-abdominal"},"wordCount":269,"commentCount":0,"image":{"@id":"https:\/\/www.africa-press.net\/guinee-equatoriale\/toutes-les-actualites\/evacuation-du-jeune-viral-pour-un-cancer-abdominal#primaryimage"},"thumbnailUrl":"https:\/\/static.africa-press.net\/guinee-equatoriale\/sites\/53\/2025\/02\/sm_1739437944.650339.jpg","keywords":["actualidad","Guinee Equatoriale","Ministerio de Asuntos sociales e igualdad de G\u00e9nero","Ministerio de Sanidad"],"articleSection":["Communaut\u00e9","Toutes les actualit\u00e9s"],"inLanguage":"fr-FR","potentialAction":[{"@type":"CommentAction","name":"Comment","target":["https:\/\/www.africa-press.net\/guinee-equatoriale\/toutes-les-actualites\/evacuation-du-jeune-viral-pour-un-cancer-abdominal#respond"]}]},{"@type":"WebPage","@id":"https:\/\/www.africa-press.net\/guinee-equatoriale\/toutes-les-actualites\/evacuation-du-jeune-viral-pour-un-cancer-abdominal","url":"https:\/\/www.africa-press.net\/guinee-equatoriale\/toutes-les-actualites\/evacuation-du-jeune-viral-pour-un-cancer-abdominal","name":"\u00c9vacuation du Jeune Viral pour un Cancer Abdominal - Guin\u00e9e \u00e9quatoriale","isPartOf":{"@id":"https:\/\/www.africa-press.net\/guinee-equatoriale\/#website"},"primaryImageOfPage":{"@id":"https:\/\/www.africa-press.net\/guinee-equatoriale\/toutes-les-actualites\/evacuation-du-jeune-viral-pour-un-cancer-abdominal#primaryimage"},"image":{"@id":"https:\/\/www.africa-press.net\/guinee-equatoriale\/toutes-les-actualites\/evacuation-du-jeune-viral-pour-un-cancer-abdominal#primaryimage"},"thumbnailUrl":"https:\/\/static.africa-press.net\/guinee-equatoriale\/sites\/53\/2025\/02\/sm_1739437944.650339.jpg","datePublished":"2025-02-12T12:09:56+00:00","dateModified":"2025-05-05T19:47:06+00:00","author":{"@id":"https:\/\/www.africa-press.net\/guinee-equatoriale\/#\/schema\/person\/2b1cf3cd81a31e3cd26889ca66d677f1"},"description":"Le cas du jeune Eusebio Nsue, a\u0302ge\u0301 de 16 ans, a attire\u0301 l'attention publique il y a environ un mois, lorsque sa famille ...","breadcrumb":{"@id":"https:\/\/www.africa-press.net\/guinee-equatoriale\/toutes-les-actualites\/evacuation-du-jeune-viral-pour-un-cancer-abdominal#breadcrumb"},"inLanguage":"fr-FR","potentialAction":[{"@type":"ReadAction","target":["https:\/\/www.africa-press.net\/guinee-equatoriale\/toutes-les-actualites\/evacuation-du-jeune-viral-pour-un-cancer-abdominal"]}]},{"@type":"ImageObject","inLanguage":"fr-FR","@id":"https:\/\/www.africa-press.net\/guinee-equatoriale\/toutes-les-actualites\/evacuation-du-jeune-viral-pour-un-cancer-abdominal#primaryimage","url":"https:\/\/static.africa-press.net\/guinee-equatoriale\/sites\/53\/2025\/02\/sm_1739437944.650339.jpg","contentUrl":"https:\/\/static.africa-press.net\/guinee-equatoriale\/sites\/53\/2025\/02\/sm_1739437944.650339.jpg","width":768,"height":576,"caption":"\u00c9vacuation du Jeune Viral pour un Cancer Abdominal"},{"@type":"BreadcrumbList","@id":"https:\/\/www.africa-press.net\/guinee-equatoriale\/toutes-les-actualites\/evacuation-du-jeune-viral-pour-un-cancer-abdominal#breadcrumb","itemListElement":[{"@type":"ListItem","position":1,"name":"Accueil","item":"https:\/\/www.africa-press.net\/guinee-equatoriale\/"},{"@type":"ListItem","position":2,"name":"\u00c9vacuation du Jeune Viral pour un Cancer Abdominal"}]},{"@type":"WebSite","@id":"https:\/\/www.africa-press.net\/guinee-equatoriale\/#website","url":"https:\/\/www.africa-press.net\/guinee-equatoriale\/","name":"Guin\u00e9e \u00e9quatoriale","description":"Just another Africa News Agency Sites site","potentialAction":[{"@type":"SearchAction","target":{"@type":"EntryPoint","urlTemplate":"https:\/\/www.africa-press.net\/guinee-equatoriale\/?s={search_term_string}"},"query-input":{"@type":"PropertyValueSpecification","valueRequired":true,"valueName":"search_term_string"}}],"inLanguage":"fr-FR"},{"@type":"Person","@id":"https:\/\/www.africa-press.net\/guinee-equatoriale\/#\/schema\/person\/2b1cf3cd81a31e3cd26889ca66d677f1","name":"cfeditorfr"}]}},"_links":{"self":[{"href":"https:\/\/www.africa-press.net\/guinee-equatoriale\/wp-json\/wp\/v2\/posts\/17932","targetHints":{"allow":["GET"]}}],"collection":[{"href":"https:\/\/www.africa-press.net\/guinee-equatoriale\/wp-json\/wp\/v2\/posts"}],"about":[{"href":"https:\/\/www.africa-press.net\/guinee-equatoriale\/wp-json\/wp\/v2\/types\/post"}],"author":[{"embeddable":true,"href":"https:\/\/www.africa-press.net\/guinee-equatoriale\/wp-json\/wp\/v2\/users\/82"}],"replies":[{"embeddable":true,"href":"https:\/\/www.africa-press.net\/guinee-equatoriale\/wp-json\/wp\/v2\/comments?post=17932"}],"version-history":[{"count":0,"href":"https:\/\/www.africa-press.net\/guinee-equatoriale\/wp-json\/wp\/v2\/posts\/17932\/revisions"}],"wp:featuredmedia":[{"embeddable":true,"href":"https:\/\/www.africa-press.net\/guinee-equatoriale\/wp-json\/wp\/v2\/media\/17931"}],"wp:attachment":[{"href":"https:\/\/www.africa-press.net\/guinee-equatoriale\/wp-json\/wp\/v2\/media?parent=17932"}],"wp:term":[{"taxonomy":"category","embeddable":true,"href":"https:\/\/www.africa-press.net\/guinee-equatoriale\/wp-json\/wp\/v2\/categories?post=17932"},{"taxonomy":"post_tag","embeddable":true,"href":"https:\/\/www.africa-press.net\/guinee-equatoriale\/wp-json\/wp\/v2\/tags?post=17932"}],"curies":[{"name":"wp","href":"https:\/\/api.w.org\/{rel}","templated":true}]}}