{"id":18048,"date":"2025-02-13T20:42:40","date_gmt":"2025-02-13T20:42:40","guid":{"rendered":"https:\/\/www.africa-press.net\/guinee-equatoriale\/politique\/albayrak-et-le-gouvernement-finalisent-la-creation-de-la-societe-mixte"},"modified":"2025-05-05T21:51:36","modified_gmt":"2025-05-05T21:51:36","slug":"albayrak-et-le-gouvernement-finalisent-la-creation-de-la-societe-mixte","status":"publish","type":"post","link":"https:\/\/www.africa-press.net\/guinee-equatoriale\/politique\/albayrak-et-le-gouvernement-finalisent-la-creation-de-la-societe-mixte","title":{"rendered":"Albayrak et le Gouvernement Finalisent la Cr\u00e9ation de la Soci\u00e9t\u00e9 Mixte"},"content":{"rendered":"<p><span style=\"color: #ff6600\"><strong>Africa-Press &#8211; Guinee Equatoriale. <\/strong><\/span>Ce vendredi 14 fe\u0301vrier, les dernie\u0300res clauses de l&rsquo;accord ont e\u0301te\u0301 re\u0301vise\u0301es lors d&rsquo;une session de travail dirige\u0301e par Nguema Obiang Mangue a\u0300 la Pre\u0301sidence a\u0300 Malabo, avec la participation des de\u0301partements concerne\u0301s. Lors de la re\u0301union, il a e\u0301te\u0301 informe\u0301 que \u00ab la signature turque a accepte\u0301 les clauses que le politique e\u0301quato-guine\u0301en a exige\u0301 d&rsquo;inclure dans le texte le\u0301gal permettant la cre\u0301ation d&rsquo;une socie\u0301te\u0301 mixte entre les parties \u00bb.<\/p>\n<p>Pour la cre\u0301ation et la mise en \u0153uvre de cette socie\u0301te\u0301, la Fene\u0302tre Unique d&rsquo;Entreprise sera charge\u0301e de pre\u0301parer le projet des statuts correspondants, de\u0301finissant, entre autres responsabilite\u0301s, l&rsquo;acceptation par l&rsquo;entreprise de re\u0301aliser des \u0153uvres sociales au profit de la population civile dans le cadre de sa Responsabilite\u0301 Sociale des Entreprises.<\/p>\n<p>Nguema Obiang Mangue, dans sa politique visant a\u0300 ame\u0301liorer le bien-e\u0302tre social de ses compatriotes, a insiste\u0301 sur la ne\u0301cessite\u0301 de re\u0301duire les cou\u0302ts des transports. Le Vice-Pre\u0301sident a ordonne\u0301 a\u0300 l&rsquo;Avocat de l&rsquo;E\u0301tat de re\u0301examiner minutieusement chaque clause afin de s&rsquo;assurer qu&rsquo;elles be\u0301ne\u0301ficient a\u0300 l&rsquo;E\u0301tat e\u0301quato-guine\u0301en.<\/p>\n<p>Avec la cre\u0301ation de cette socie\u0301te\u0301 mixte, des revenus importants sont attendus pour le Tre\u0301sor Public, ainsi que la cre\u0301ation de nouveaux emplois et la modernisation et digitalisation des ports nationaux.<\/p>\n<p><strong>Pour plus d&rsquo;informations et d&rsquo;analyses sur la <span style=\"color: #ff6600\">Guinee Equatoriale<\/span>, suivez <span style=\"color: #ff6600\">Africa-Press<\/span><\/strong><\/p>\n","protected":false},"excerpt":{"rendered":"<p>Africa-Press &#8211; Guinee Equatoriale. Ce vendredi 14 fe\u0301vrier, les dernie\u0300res clauses de l&rsquo;accord ont e\u0301te\u0301 re\u0301vise\u0301es lors d&rsquo;une session de travail dirige\u0301e par Nguema Obiang Mangue a\u0300 la Pre\u0301sidence a\u0300 Malabo, avec la participation des de\u0301partements concerne\u0301s. Lors de la re\u0301union, il a e\u0301te\u0301 informe\u0301 que \u00ab la signature turque a accepte\u0301 les clauses que [&hellip;]<\/p>\n","protected":false},"author":82,"featured_media":18047,"comment_status":"open","ping_status":"closed","sticky":false,"template":"","format":"standard","meta":{"footnotes":""},"categories":[2,20,10],"tags":[892,963,50],"class_list":["post-18048","post","type-post","status-publish","format-standard","has-post-thumbnail","hentry","category-politique","category-top-nouvelles","category-toutes-les-actualites","tag-actualidad","tag-gobierno-de-guinea-ecuatorial","tag-guinee-equatoriale"],"yoast_head":"<!-- This site is optimized with the Yoast SEO Premium plugin v26.1 (Yoast SEO v27.0) - https:\/\/yoast.com\/product\/yoast-seo-premium-wordpress\/ -->\n<title>Albayrak et le Gouvernement Finalisent la Cr\u00e9ation de la Soci\u00e9t\u00e9 Mixte - Guin\u00e9e \u00e9quatoriale<\/title>\n<meta name=\"description\" content=\"Ce vendredi 14 fe\u0301vrier, les dernie\u0300res clauses de l&#039;accord ont e\u0301te\u0301 re\u0301vise\u0301es lors d&#039;une session de travail dirige\u0301e ...\" \/>\n<meta name=\"robots\" content=\"index, follow, max-snippet:-1, max-image-preview:large, max-video-preview:-1\" \/>\n<link rel=\"canonical\" href=\"https:\/\/www.africa-press.net\/guinee-equatoriale\/politique\/albayrak-et-le-gouvernement-finalisent-la-creation-de-la-societe-mixte\" \/>\n<meta property=\"og:locale\" content=\"fr_FR\" \/>\n<meta property=\"og:type\" content=\"article\" \/>\n<meta property=\"og:title\" content=\"Albayrak et le Gouvernement Finalisent la Cr\u00e9ation de la Soci\u00e9t\u00e9 Mixte\" \/>\n<meta property=\"og:description\" content=\"Ce vendredi 14 fe\u0301vrier, les dernie\u0300res clauses de l&#039;accord ont e\u0301te\u0301 re\u0301vise\u0301es lors d&#039;une session de travail dirige\u0301e ...\" \/>\n<meta property=\"og:url\" content=\"https:\/\/www.africa-press.net\/guinee-equatoriale\/politique\/albayrak-et-le-gouvernement-finalisent-la-creation-de-la-societe-mixte\" \/>\n<meta property=\"og:site_name\" content=\"Guin\u00e9e \u00e9quatoriale\" \/>\n<meta property=\"article:published_time\" content=\"2025-02-13T20:42:40+00:00\" \/>\n<meta property=\"article:modified_time\" content=\"2025-05-05T21:51:36+00:00\" \/>\n<meta property=\"og:image\" content=\"https:\/\/static.africa-press.net\/guinee-equatoriale\/sites\/53\/2025\/02\/sm_1739814658.812557.jpg\" \/>\n\t<meta property=\"og:image:width\" content=\"1920\" \/>\n\t<meta property=\"og:image:height\" content=\"1077\" \/>\n\t<meta property=\"og:image:type\" content=\"image\/jpeg\" \/>\n<meta name=\"author\" content=\"cfeditorfr\" \/>\n<meta name=\"twitter:card\" content=\"summary_large_image\" \/>\n<meta name=\"twitter:label1\" content=\"\u00c9crit par\" \/>\n\t<meta name=\"twitter:data1\" content=\"cfeditorfr\" \/>\n\t<meta name=\"twitter:label2\" content=\"Dur\u00e9e de lecture estim\u00e9e\" \/>\n\t<meta name=\"twitter:data2\" content=\"2 minutes\" \/>\n<script type=\"application\/ld+json\" class=\"yoast-schema-graph\">{\"@context\":\"https:\/\/schema.org\",\"@graph\":[{\"@type\":\"Article\",\"@id\":\"https:\/\/www.africa-press.net\/guinee-equatoriale\/politique\/albayrak-et-le-gouvernement-finalisent-la-creation-de-la-societe-mixte#article\",\"isPartOf\":{\"@id\":\"https:\/\/www.africa-press.net\/guinee-equatoriale\/politique\/albayrak-et-le-gouvernement-finalisent-la-creation-de-la-societe-mixte\"},\"author\":{\"name\":\"cfeditorfr\",\"@id\":\"https:\/\/www.africa-press.net\/guinee-equatoriale\/#\/schema\/person\/2b1cf3cd81a31e3cd26889ca66d677f1\"},\"headline\":\"Albayrak et le Gouvernement Finalisent la Cr\u00e9ation de la Soci\u00e9t\u00e9 Mixte\",\"datePublished\":\"2025-02-13T20:42:40+00:00\",\"dateModified\":\"2025-05-05T21:51:36+00:00\",\"mainEntityOfPage\":{\"@id\":\"https:\/\/www.africa-press.net\/guinee-equatoriale\/politique\/albayrak-et-le-gouvernement-finalisent-la-creation-de-la-societe-mixte\"},\"wordCount\":280,\"commentCount\":0,\"image\":{\"@id\":\"https:\/\/www.africa-press.net\/guinee-equatoriale\/politique\/albayrak-et-le-gouvernement-finalisent-la-creation-de-la-societe-mixte#primaryimage\"},\"thumbnailUrl\":\"https:\/\/static.africa-press.net\/guinee-equatoriale\/sites\/53\/2025\/02\/sm_1739814658.812557.jpg\",\"keywords\":[\"actualidad\",\"Gobierno de Guinea Ecuatorial\",\"Guinee Equatoriale\"],\"articleSection\":[\"Politique\",\"Top Nouvelles\",\"Toutes les actualit\u00e9s\"],\"inLanguage\":\"fr-FR\",\"potentialAction\":[{\"@type\":\"CommentAction\",\"name\":\"Comment\",\"target\":[\"https:\/\/www.africa-press.net\/guinee-equatoriale\/politique\/albayrak-et-le-gouvernement-finalisent-la-creation-de-la-societe-mixte#respond\"]}]},{\"@type\":\"WebPage\",\"@id\":\"https:\/\/www.africa-press.net\/guinee-equatoriale\/politique\/albayrak-et-le-gouvernement-finalisent-la-creation-de-la-societe-mixte\",\"url\":\"https:\/\/www.africa-press.net\/guinee-equatoriale\/politique\/albayrak-et-le-gouvernement-finalisent-la-creation-de-la-societe-mixte\",\"name\":\"Albayrak et le Gouvernement Finalisent la Cr\u00e9ation de la Soci\u00e9t\u00e9 Mixte - Guin\u00e9e \u00e9quatoriale\",\"isPartOf\":{\"@id\":\"https:\/\/www.africa-press.net\/guinee-equatoriale\/#website\"},\"primaryImageOfPage\":{\"@id\":\"https:\/\/www.africa-press.net\/guinee-equatoriale\/politique\/albayrak-et-le-gouvernement-finalisent-la-creation-de-la-societe-mixte#primaryimage\"},\"image\":{\"@id\":\"https:\/\/www.africa-press.net\/guinee-equatoriale\/politique\/albayrak-et-le-gouvernement-finalisent-la-creation-de-la-societe-mixte#primaryimage\"},\"thumbnailUrl\":\"https:\/\/static.africa-press.net\/guinee-equatoriale\/sites\/53\/2025\/02\/sm_1739814658.812557.jpg\",\"datePublished\":\"2025-02-13T20:42:40+00:00\",\"dateModified\":\"2025-05-05T21:51:36+00:00\",\"author\":{\"@id\":\"https:\/\/www.africa-press.net\/guinee-equatoriale\/#\/schema\/person\/2b1cf3cd81a31e3cd26889ca66d677f1\"},\"description\":\"Ce vendredi 14 fe\u0301vrier, les dernie\u0300res clauses de l'accord ont e\u0301te\u0301 re\u0301vise\u0301es lors d'une session de travail dirige\u0301e ...\",\"breadcrumb\":{\"@id\":\"https:\/\/www.africa-press.net\/guinee-equatoriale\/politique\/albayrak-et-le-gouvernement-finalisent-la-creation-de-la-societe-mixte#breadcrumb\"},\"inLanguage\":\"fr-FR\",\"potentialAction\":[{\"@type\":\"ReadAction\",\"target\":[\"https:\/\/www.africa-press.net\/guinee-equatoriale\/politique\/albayrak-et-le-gouvernement-finalisent-la-creation-de-la-societe-mixte\"]}]},{\"@type\":\"ImageObject\",\"inLanguage\":\"fr-FR\",\"@id\":\"https:\/\/www.africa-press.net\/guinee-equatoriale\/politique\/albayrak-et-le-gouvernement-finalisent-la-creation-de-la-societe-mixte#primaryimage\",\"url\":\"https:\/\/static.africa-press.net\/guinee-equatoriale\/sites\/53\/2025\/02\/sm_1739814658.812557.jpg\",\"contentUrl\":\"https:\/\/static.africa-press.net\/guinee-equatoriale\/sites\/53\/2025\/02\/sm_1739814658.812557.jpg\",\"width\":1920,\"height\":1077,\"caption\":\"Albayrak et le Gouvernement Finalisent la Cr\u00e9ation de la Soci\u00e9t\u00e9 Mixte\"},{\"@type\":\"BreadcrumbList\",\"@id\":\"https:\/\/www.africa-press.net\/guinee-equatoriale\/politique\/albayrak-et-le-gouvernement-finalisent-la-creation-de-la-societe-mixte#breadcrumb\",\"itemListElement\":[{\"@type\":\"ListItem\",\"position\":1,\"name\":\"Accueil\",\"item\":\"https:\/\/www.africa-press.net\/guinee-equatoriale\/\"},{\"@type\":\"ListItem\",\"position\":2,\"name\":\"Albayrak et le Gouvernement Finalisent la Cr\u00e9ation de la Soci\u00e9t\u00e9 Mixte\"}]},{\"@type\":\"WebSite\",\"@id\":\"https:\/\/www.africa-press.net\/guinee-equatoriale\/#website\",\"url\":\"https:\/\/www.africa-press.net\/guinee-equatoriale\/\",\"name\":\"Guin\u00e9e \u00e9quatoriale\",\"description\":\"Just another Africa News Agency Sites site\",\"potentialAction\":[{\"@type\":\"SearchAction\",\"target\":{\"@type\":\"EntryPoint\",\"urlTemplate\":\"https:\/\/www.africa-press.net\/guinee-equatoriale\/?s={search_term_string}\"},\"query-input\":{\"@type\":\"PropertyValueSpecification\",\"valueRequired\":true,\"valueName\":\"search_term_string\"}}],\"inLanguage\":\"fr-FR\"},{\"@type\":\"Person\",\"@id\":\"https:\/\/www.africa-press.net\/guinee-equatoriale\/#\/schema\/person\/2b1cf3cd81a31e3cd26889ca66d677f1\",\"name\":\"cfeditorfr\"}]}<\/script>\n<!-- \/ Yoast SEO Premium plugin. -->","yoast_head_json":{"title":"Albayrak et le Gouvernement Finalisent la Cr\u00e9ation de la Soci\u00e9t\u00e9 Mixte - Guin\u00e9e \u00e9quatoriale","description":"Ce vendredi 14 fe\u0301vrier, les dernie\u0300res clauses de l'accord ont e\u0301te\u0301 re\u0301vise\u0301es lors d'une session de travail dirige\u0301e ...","robots":{"index":"index","follow":"follow","max-snippet":"max-snippet:-1","max-image-preview":"max-image-preview:large","max-video-preview":"max-video-preview:-1"},"canonical":"https:\/\/www.africa-press.net\/guinee-equatoriale\/politique\/albayrak-et-le-gouvernement-finalisent-la-creation-de-la-societe-mixte","og_locale":"fr_FR","og_type":"article","og_title":"Albayrak et le Gouvernement Finalisent la Cr\u00e9ation de la Soci\u00e9t\u00e9 Mixte","og_description":"Ce vendredi 14 fe\u0301vrier, les dernie\u0300res clauses de l'accord ont e\u0301te\u0301 re\u0301vise\u0301es lors d'une session de travail dirige\u0301e ...","og_url":"https:\/\/www.africa-press.net\/guinee-equatoriale\/politique\/albayrak-et-le-gouvernement-finalisent-la-creation-de-la-societe-mixte","og_site_name":"Guin\u00e9e \u00e9quatoriale","article_published_time":"2025-02-13T20:42:40+00:00","article_modified_time":"2025-05-05T21:51:36+00:00","og_image":[{"width":1920,"height":1077,"url":"https:\/\/static.africa-press.net\/guinee-equatoriale\/sites\/53\/2025\/02\/sm_1739814658.812557.jpg","type":"image\/jpeg"}],"author":"cfeditorfr","twitter_card":"summary_large_image","twitter_misc":{"\u00c9crit par":"cfeditorfr","Dur\u00e9e de lecture estim\u00e9e":"2 minutes"},"schema":{"@context":"https:\/\/schema.org","@graph":[{"@type":"Article","@id":"https:\/\/www.africa-press.net\/guinee-equatoriale\/politique\/albayrak-et-le-gouvernement-finalisent-la-creation-de-la-societe-mixte#article","isPartOf":{"@id":"https:\/\/www.africa-press.net\/guinee-equatoriale\/politique\/albayrak-et-le-gouvernement-finalisent-la-creation-de-la-societe-mixte"},"author":{"name":"cfeditorfr","@id":"https:\/\/www.africa-press.net\/guinee-equatoriale\/#\/schema\/person\/2b1cf3cd81a31e3cd26889ca66d677f1"},"headline":"Albayrak et le Gouvernement Finalisent la Cr\u00e9ation de la Soci\u00e9t\u00e9 Mixte","datePublished":"2025-02-13T20:42:40+00:00","dateModified":"2025-05-05T21:51:36+00:00","mainEntityOfPage":{"@id":"https:\/\/www.africa-press.net\/guinee-equatoriale\/politique\/albayrak-et-le-gouvernement-finalisent-la-creation-de-la-societe-mixte"},"wordCount":280,"commentCount":0,"image":{"@id":"https:\/\/www.africa-press.net\/guinee-equatoriale\/politique\/albayrak-et-le-gouvernement-finalisent-la-creation-de-la-societe-mixte#primaryimage"},"thumbnailUrl":"https:\/\/static.africa-press.net\/guinee-equatoriale\/sites\/53\/2025\/02\/sm_1739814658.812557.jpg","keywords":["actualidad","Gobierno de Guinea Ecuatorial","Guinee Equatoriale"],"articleSection":["Politique","Top Nouvelles","Toutes les actualit\u00e9s"],"inLanguage":"fr-FR","potentialAction":[{"@type":"CommentAction","name":"Comment","target":["https:\/\/www.africa-press.net\/guinee-equatoriale\/politique\/albayrak-et-le-gouvernement-finalisent-la-creation-de-la-societe-mixte#respond"]}]},{"@type":"WebPage","@id":"https:\/\/www.africa-press.net\/guinee-equatoriale\/politique\/albayrak-et-le-gouvernement-finalisent-la-creation-de-la-societe-mixte","url":"https:\/\/www.africa-press.net\/guinee-equatoriale\/politique\/albayrak-et-le-gouvernement-finalisent-la-creation-de-la-societe-mixte","name":"Albayrak et le Gouvernement Finalisent la Cr\u00e9ation de la Soci\u00e9t\u00e9 Mixte - Guin\u00e9e \u00e9quatoriale","isPartOf":{"@id":"https:\/\/www.africa-press.net\/guinee-equatoriale\/#website"},"primaryImageOfPage":{"@id":"https:\/\/www.africa-press.net\/guinee-equatoriale\/politique\/albayrak-et-le-gouvernement-finalisent-la-creation-de-la-societe-mixte#primaryimage"},"image":{"@id":"https:\/\/www.africa-press.net\/guinee-equatoriale\/politique\/albayrak-et-le-gouvernement-finalisent-la-creation-de-la-societe-mixte#primaryimage"},"thumbnailUrl":"https:\/\/static.africa-press.net\/guinee-equatoriale\/sites\/53\/2025\/02\/sm_1739814658.812557.jpg","datePublished":"2025-02-13T20:42:40+00:00","dateModified":"2025-05-05T21:51:36+00:00","author":{"@id":"https:\/\/www.africa-press.net\/guinee-equatoriale\/#\/schema\/person\/2b1cf3cd81a31e3cd26889ca66d677f1"},"description":"Ce vendredi 14 fe\u0301vrier, les dernie\u0300res clauses de l'accord ont e\u0301te\u0301 re\u0301vise\u0301es lors d'une session de travail dirige\u0301e ...","breadcrumb":{"@id":"https:\/\/www.africa-press.net\/guinee-equatoriale\/politique\/albayrak-et-le-gouvernement-finalisent-la-creation-de-la-societe-mixte#breadcrumb"},"inLanguage":"fr-FR","potentialAction":[{"@type":"ReadAction","target":["https:\/\/www.africa-press.net\/guinee-equatoriale\/politique\/albayrak-et-le-gouvernement-finalisent-la-creation-de-la-societe-mixte"]}]},{"@type":"ImageObject","inLanguage":"fr-FR","@id":"https:\/\/www.africa-press.net\/guinee-equatoriale\/politique\/albayrak-et-le-gouvernement-finalisent-la-creation-de-la-societe-mixte#primaryimage","url":"https:\/\/static.africa-press.net\/guinee-equatoriale\/sites\/53\/2025\/02\/sm_1739814658.812557.jpg","contentUrl":"https:\/\/static.africa-press.net\/guinee-equatoriale\/sites\/53\/2025\/02\/sm_1739814658.812557.jpg","width":1920,"height":1077,"caption":"Albayrak et le Gouvernement Finalisent la Cr\u00e9ation de la Soci\u00e9t\u00e9 Mixte"},{"@type":"BreadcrumbList","@id":"https:\/\/www.africa-press.net\/guinee-equatoriale\/politique\/albayrak-et-le-gouvernement-finalisent-la-creation-de-la-societe-mixte#breadcrumb","itemListElement":[{"@type":"ListItem","position":1,"name":"Accueil","item":"https:\/\/www.africa-press.net\/guinee-equatoriale\/"},{"@type":"ListItem","position":2,"name":"Albayrak et le Gouvernement Finalisent la Cr\u00e9ation de la Soci\u00e9t\u00e9 Mixte"}]},{"@type":"WebSite","@id":"https:\/\/www.africa-press.net\/guinee-equatoriale\/#website","url":"https:\/\/www.africa-press.net\/guinee-equatoriale\/","name":"Guin\u00e9e \u00e9quatoriale","description":"Just another Africa News Agency Sites site","potentialAction":[{"@type":"SearchAction","target":{"@type":"EntryPoint","urlTemplate":"https:\/\/www.africa-press.net\/guinee-equatoriale\/?s={search_term_string}"},"query-input":{"@type":"PropertyValueSpecification","valueRequired":true,"valueName":"search_term_string"}}],"inLanguage":"fr-FR"},{"@type":"Person","@id":"https:\/\/www.africa-press.net\/guinee-equatoriale\/#\/schema\/person\/2b1cf3cd81a31e3cd26889ca66d677f1","name":"cfeditorfr"}]}},"_links":{"self":[{"href":"https:\/\/www.africa-press.net\/guinee-equatoriale\/wp-json\/wp\/v2\/posts\/18048","targetHints":{"allow":["GET"]}}],"collection":[{"href":"https:\/\/www.africa-press.net\/guinee-equatoriale\/wp-json\/wp\/v2\/posts"}],"about":[{"href":"https:\/\/www.africa-press.net\/guinee-equatoriale\/wp-json\/wp\/v2\/types\/post"}],"author":[{"embeddable":true,"href":"https:\/\/www.africa-press.net\/guinee-equatoriale\/wp-json\/wp\/v2\/users\/82"}],"replies":[{"embeddable":true,"href":"https:\/\/www.africa-press.net\/guinee-equatoriale\/wp-json\/wp\/v2\/comments?post=18048"}],"version-history":[{"count":0,"href":"https:\/\/www.africa-press.net\/guinee-equatoriale\/wp-json\/wp\/v2\/posts\/18048\/revisions"}],"wp:featuredmedia":[{"embeddable":true,"href":"https:\/\/www.africa-press.net\/guinee-equatoriale\/wp-json\/wp\/v2\/media\/18047"}],"wp:attachment":[{"href":"https:\/\/www.africa-press.net\/guinee-equatoriale\/wp-json\/wp\/v2\/media?parent=18048"}],"wp:term":[{"taxonomy":"category","embeddable":true,"href":"https:\/\/www.africa-press.net\/guinee-equatoriale\/wp-json\/wp\/v2\/categories?post=18048"},{"taxonomy":"post_tag","embeddable":true,"href":"https:\/\/www.africa-press.net\/guinee-equatoriale\/wp-json\/wp\/v2\/tags?post=18048"}],"curies":[{"name":"wp","href":"https:\/\/api.w.org\/{rel}","templated":true}]}}