{"id":21311,"date":"2025-05-27T18:27:22","date_gmt":"2025-05-27T18:27:22","guid":{"rendered":"https:\/\/www.africa-press.net\/guinee-equatoriale\/politique\/preoccupation-gouvernementale-pour-projets-sociaux"},"modified":"2025-06-01T19:22:06","modified_gmt":"2025-06-01T19:22:06","slug":"preoccupation-gouvernementale-pour-projets-sociaux","status":"publish","type":"post","link":"https:\/\/www.africa-press.net\/guinee-equatoriale\/toutes-les-actualites\/preoccupation-gouvernementale-pour-projets-sociaux","title":{"rendered":"Pr\u00e9occupation Gouvernementale pour Projets Sociaux"},"content":{"rendered":"<p><span style=\"color: #ff6600\"><strong>Africa-Press &#8211; Guinee Equatoriale. <\/strong><\/span>Le gouvernement de Guine\u0301e e\u0301quatoriale continue de de\u0301montrer son engagement envers l\u2019ache\u0300vement des projets sociaux a\u0300 Corisco, Annobo\u0301n et Bata. La re\u0301union tenue ce lundi a porte\u0301 sur l\u2019e\u0301valuation de l\u2019avancement des travaux, des difficulte\u0301s rencontre\u0301es et de la performance des entreprises charge\u0301es de leur exe\u0301cution.<\/p>\n<p>Le premier point aborde\u0301 concernait l\u2019e\u0301clairage public dans la zone ae\u0301roportuaire de Corisco. Lors de la re\u0301union, l\u2019entreprise Sodilecsa a informe\u0301 le vice-pre\u0301sident de la Re\u0301publique des obstacles rencontre\u0301s depuis 2010.<\/p>\n<p>Cette anne\u0301e-la\u0300, un budget de 9 milliards de francs lui avait e\u0301te\u0301 attribue\u0301 pour l\u2019e\u0301clairage de l\u2019ae\u0301roport de Corisco et les infrastructures incluses dans le projet. A\u0300 ce jour, seuls 2,9 milliards ont e\u0301te\u0301 rec\u0327us, lesquels, comme e\u0301tabli lors de pre\u0301ce\u0301dentes re\u0301unions, seront consacre\u0301s a\u0300 l\u2019achat de moteurs pour assurer l\u2019alimentation e\u0301lectrique des ae\u0301roports. Cette de\u0301cision de\u0301coule d\u2019une modification du projet initial, rendant inutile l\u2019acquisition d\u2019un syste\u0300me e\u0301nerge\u0301tique avec la puissance pre\u0301vue au de\u0301part.<\/p>\n<p>Pour re\u0301soudre cette situation, le vice-pre\u0301sident a ordonne\u0301 une re\u0301e\u0301valuation du cou\u0302t de l\u2019ouvrage et confie\u0301 a\u0300 la socie\u0301te\u0301 de conseil SIEC la mission de re\u0301aliser une e\u0301tude afin de de\u0301terminer la valeur re\u0301elle du projet, dans le but de faire avancer les travaux dans les plus brefs de\u0301lais.<\/p>\n<p>Lors de la me\u0302me se\u0301ance, tenue au Palais pre\u0301sidentiel de Malabo, Nguema Obiang Mangue a e\u0301galement e\u0301voque\u0301 l\u2019e\u0301tat du nouvel ae\u0301roport de Bata, qui, selon Sodilecsa, serait acheve\u0301 a\u0300 70 %. Toutefois, l\u2019entreprise affirme n\u2019avoir rec\u0327u aucun paiement pour ces travaux, tandis que la Tre\u0301sorerie soutient avoir finance\u0301 partiellement certaines des huit \u0153uvres a\u0300 sa charge. Pour clarifier la situation, le vice-pre\u0301sident a accorde\u0301 un de\u0301lai de deux jours a\u0300 la Tre\u0301sorerie et a\u0300 Geproyectos pour qu\u2019ils analysent avec Sodilecsa l\u2019e\u0301tat de chaque chantier et pre\u0301sentent un rapport lors de la prochaine re\u0301union pre\u0301vue jeudi.<\/p>\n<p>Avec le Premier ministre et plusieurs ministres du gouvernement, la question de l\u2019approvisionnement en eau potable a\u0300 Corisco et Bata a e\u0301galement e\u0301te\u0301 discute\u0301e. En ce qui concerne Bata, apre\u0300s examen des termes contractuels avec Somagec, charge\u0301e de la maintenance, Nguema Obiang Mangue a fixe\u0301 un de\u0301lai d\u2019une semaine a\u0300 l\u2019entreprise pour signer le renouvellement du contrat, en suspens depuis 2024. Ce contrat stipule que la socie\u0301te\u0301 est responsable de la fourniture, de la maintenance et du remplacement des pie\u0300ces de l\u2019usine. En cas de refus, le gouvernement cherchera une autre entite\u0301 pour prendre en charge la maintenance.<\/p>\n<p>Concernant le re\u0301seau de distribution d\u2019eau potable a\u0300 Corisco, par le biais de puits, le vice-pre\u0301sident a mis en place une commission compose\u0301e de Geproyectos, des Travaux publics et de l\u2019entreprise Agua Viva, afin qu\u2019ils se rendent sur le terrain, re\u0301alisent les e\u0301tudes ne\u0301cessaires et soumettent, dans les plus brefs de\u0301lais, une proposition technique et e\u0301conomique.<\/p>\n<p><strong>Pour plus d&rsquo;informations et d&rsquo;analyses sur la <span style=\"color: #ff6600\">Guinee Equatoriale<\/span>, suivez <span style=\"color: #ff6600\">Africa-Press<\/span><\/strong><\/p>\n","protected":false},"excerpt":{"rendered":"<p>Africa-Press &#8211; Guinee Equatoriale. Le gouvernement de Guine\u0301e e\u0301quatoriale continue de de\u0301montrer son engagement envers l\u2019ache\u0300vement des projets sociaux a\u0300 Corisco, Annobo\u0301n et Bata. La re\u0301union tenue ce lundi a porte\u0301 sur l\u2019e\u0301valuation de l\u2019avancement des travaux, des difficulte\u0301s rencontre\u0301es et de la performance des entreprises charge\u0301es de leur exe\u0301cution. Le premier point aborde\u0301 concernait [&hellip;]<\/p>\n","protected":false},"author":82,"featured_media":21310,"comment_status":"open","ping_status":"closed","sticky":false,"template":"","format":"standard","meta":{"footnotes":""},"categories":[21,51,10],"tags":[50],"class_list":["post-21311","post","type-post","status-publish","format-standard","has-post-thumbnail","hentry","category-communaute","category-to-homepage","category-toutes-les-actualites","tag-guinee-equatoriale"],"yoast_head":"<!-- This site is optimized with the Yoast SEO Premium plugin v26.1 (Yoast SEO v27.0) - https:\/\/yoast.com\/product\/yoast-seo-premium-wordpress\/ -->\n<title>Pr\u00e9occupation Gouvernementale pour Projets Sociaux - Guin\u00e9e \u00e9quatoriale<\/title>\n<meta name=\"description\" content=\"Le gouvernement de Guine\u0301e e\u0301quatoriale continue de de\u0301montrer son engagement envers l\u2019ache\u0300vement des projets sociaux a ...\" \/>\n<meta name=\"robots\" content=\"index, follow, max-snippet:-1, max-image-preview:large, max-video-preview:-1\" \/>\n<link rel=\"canonical\" href=\"https:\/\/www.africa-press.net\/guinee-equatoriale\/toutes-les-actualites\/preoccupation-gouvernementale-pour-projets-sociaux\" \/>\n<meta property=\"og:locale\" content=\"fr_FR\" \/>\n<meta property=\"og:type\" content=\"article\" \/>\n<meta property=\"og:title\" content=\"Pr\u00e9occupation Gouvernementale pour Projets Sociaux\" \/>\n<meta property=\"og:description\" content=\"Le gouvernement de Guine\u0301e e\u0301quatoriale continue de de\u0301montrer son engagement envers l\u2019ache\u0300vement des projets sociaux a ...\" \/>\n<meta property=\"og:url\" content=\"https:\/\/www.africa-press.net\/guinee-equatoriale\/toutes-les-actualites\/preoccupation-gouvernementale-pour-projets-sociaux\" \/>\n<meta property=\"og:site_name\" content=\"Guin\u00e9e \u00e9quatoriale\" \/>\n<meta property=\"article:published_time\" content=\"2025-05-27T18:27:22+00:00\" \/>\n<meta property=\"article:modified_time\" content=\"2025-06-01T19:22:06+00:00\" \/>\n<meta property=\"og:image\" content=\"https:\/\/static.africa-press.net\/guinee-equatoriale\/sites\/53\/2025\/06\/sm_1748792877.70993.jpg\" \/>\n\t<meta property=\"og:image:width\" content=\"1200\" \/>\n\t<meta property=\"og:image:height\" content=\"675\" \/>\n\t<meta property=\"og:image:type\" content=\"image\/jpeg\" \/>\n<meta name=\"author\" content=\"cfeditorfr\" \/>\n<meta name=\"twitter:card\" content=\"summary_large_image\" \/>\n<meta name=\"twitter:label1\" content=\"\u00c9crit par\" \/>\n\t<meta name=\"twitter:data1\" content=\"cfeditorfr\" \/>\n\t<meta name=\"twitter:label2\" content=\"Dur\u00e9e de lecture estim\u00e9e\" \/>\n\t<meta name=\"twitter:data2\" content=\"3 minutes\" \/>\n<script type=\"application\/ld+json\" class=\"yoast-schema-graph\">{\"@context\":\"https:\/\/schema.org\",\"@graph\":[{\"@type\":\"Article\",\"@id\":\"https:\/\/www.africa-press.net\/guinee-equatoriale\/toutes-les-actualites\/preoccupation-gouvernementale-pour-projets-sociaux#article\",\"isPartOf\":{\"@id\":\"https:\/\/www.africa-press.net\/guinee-equatoriale\/toutes-les-actualites\/preoccupation-gouvernementale-pour-projets-sociaux\"},\"author\":{\"name\":\"cfeditorfr\",\"@id\":\"https:\/\/www.africa-press.net\/guinee-equatoriale\/#\/schema\/person\/2b1cf3cd81a31e3cd26889ca66d677f1\"},\"headline\":\"Pr\u00e9occupation Gouvernementale pour Projets Sociaux\",\"datePublished\":\"2025-05-27T18:27:22+00:00\",\"dateModified\":\"2025-06-01T19:22:06+00:00\",\"mainEntityOfPage\":{\"@id\":\"https:\/\/www.africa-press.net\/guinee-equatoriale\/toutes-les-actualites\/preoccupation-gouvernementale-pour-projets-sociaux\"},\"wordCount\":571,\"commentCount\":0,\"image\":{\"@id\":\"https:\/\/www.africa-press.net\/guinee-equatoriale\/toutes-les-actualites\/preoccupation-gouvernementale-pour-projets-sociaux#primaryimage\"},\"thumbnailUrl\":\"https:\/\/static.africa-press.net\/guinee-equatoriale\/sites\/53\/2025\/06\/sm_1748792877.70993.jpg\",\"keywords\":[\"Guinee Equatoriale\"],\"articleSection\":[\"Communaut\u00e9\",\"to-homepage\",\"Toutes les actualit\u00e9s\"],\"inLanguage\":\"fr-FR\",\"potentialAction\":[{\"@type\":\"CommentAction\",\"name\":\"Comment\",\"target\":[\"https:\/\/www.africa-press.net\/guinee-equatoriale\/toutes-les-actualites\/preoccupation-gouvernementale-pour-projets-sociaux#respond\"]}]},{\"@type\":\"WebPage\",\"@id\":\"https:\/\/www.africa-press.net\/guinee-equatoriale\/toutes-les-actualites\/preoccupation-gouvernementale-pour-projets-sociaux\",\"url\":\"https:\/\/www.africa-press.net\/guinee-equatoriale\/toutes-les-actualites\/preoccupation-gouvernementale-pour-projets-sociaux\",\"name\":\"Pr\u00e9occupation Gouvernementale pour Projets Sociaux - Guin\u00e9e \u00e9quatoriale\",\"isPartOf\":{\"@id\":\"https:\/\/www.africa-press.net\/guinee-equatoriale\/#website\"},\"primaryImageOfPage\":{\"@id\":\"https:\/\/www.africa-press.net\/guinee-equatoriale\/toutes-les-actualites\/preoccupation-gouvernementale-pour-projets-sociaux#primaryimage\"},\"image\":{\"@id\":\"https:\/\/www.africa-press.net\/guinee-equatoriale\/toutes-les-actualites\/preoccupation-gouvernementale-pour-projets-sociaux#primaryimage\"},\"thumbnailUrl\":\"https:\/\/static.africa-press.net\/guinee-equatoriale\/sites\/53\/2025\/06\/sm_1748792877.70993.jpg\",\"datePublished\":\"2025-05-27T18:27:22+00:00\",\"dateModified\":\"2025-06-01T19:22:06+00:00\",\"author\":{\"@id\":\"https:\/\/www.africa-press.net\/guinee-equatoriale\/#\/schema\/person\/2b1cf3cd81a31e3cd26889ca66d677f1\"},\"description\":\"Le gouvernement de Guine\u0301e e\u0301quatoriale continue de de\u0301montrer son engagement envers l\u2019ache\u0300vement des projets sociaux a ...\",\"breadcrumb\":{\"@id\":\"https:\/\/www.africa-press.net\/guinee-equatoriale\/toutes-les-actualites\/preoccupation-gouvernementale-pour-projets-sociaux#breadcrumb\"},\"inLanguage\":\"fr-FR\",\"potentialAction\":[{\"@type\":\"ReadAction\",\"target\":[\"https:\/\/www.africa-press.net\/guinee-equatoriale\/toutes-les-actualites\/preoccupation-gouvernementale-pour-projets-sociaux\"]}]},{\"@type\":\"ImageObject\",\"inLanguage\":\"fr-FR\",\"@id\":\"https:\/\/www.africa-press.net\/guinee-equatoriale\/toutes-les-actualites\/preoccupation-gouvernementale-pour-projets-sociaux#primaryimage\",\"url\":\"https:\/\/static.africa-press.net\/guinee-equatoriale\/sites\/53\/2025\/06\/sm_1748792877.70993.jpg\",\"contentUrl\":\"https:\/\/static.africa-press.net\/guinee-equatoriale\/sites\/53\/2025\/06\/sm_1748792877.70993.jpg\",\"width\":1200,\"height\":675,\"caption\":\"Pr\u00e9occupation Gouvernementale pour Projets Sociaux\"},{\"@type\":\"BreadcrumbList\",\"@id\":\"https:\/\/www.africa-press.net\/guinee-equatoriale\/toutes-les-actualites\/preoccupation-gouvernementale-pour-projets-sociaux#breadcrumb\",\"itemListElement\":[{\"@type\":\"ListItem\",\"position\":1,\"name\":\"Accueil\",\"item\":\"https:\/\/www.africa-press.net\/guinee-equatoriale\/\"},{\"@type\":\"ListItem\",\"position\":2,\"name\":\"Pr\u00e9occupation Gouvernementale pour Projets Sociaux\"}]},{\"@type\":\"WebSite\",\"@id\":\"https:\/\/www.africa-press.net\/guinee-equatoriale\/#website\",\"url\":\"https:\/\/www.africa-press.net\/guinee-equatoriale\/\",\"name\":\"Guin\u00e9e \u00e9quatoriale\",\"description\":\"Just another Africa News Agency Sites site\",\"potentialAction\":[{\"@type\":\"SearchAction\",\"target\":{\"@type\":\"EntryPoint\",\"urlTemplate\":\"https:\/\/www.africa-press.net\/guinee-equatoriale\/?s={search_term_string}\"},\"query-input\":{\"@type\":\"PropertyValueSpecification\",\"valueRequired\":true,\"valueName\":\"search_term_string\"}}],\"inLanguage\":\"fr-FR\"},{\"@type\":\"Person\",\"@id\":\"https:\/\/www.africa-press.net\/guinee-equatoriale\/#\/schema\/person\/2b1cf3cd81a31e3cd26889ca66d677f1\",\"name\":\"cfeditorfr\"}]}<\/script>\n<!-- \/ Yoast SEO Premium plugin. -->","yoast_head_json":{"title":"Pr\u00e9occupation Gouvernementale pour Projets Sociaux - Guin\u00e9e \u00e9quatoriale","description":"Le gouvernement de Guine\u0301e e\u0301quatoriale continue de de\u0301montrer son engagement envers l\u2019ache\u0300vement des projets sociaux a ...","robots":{"index":"index","follow":"follow","max-snippet":"max-snippet:-1","max-image-preview":"max-image-preview:large","max-video-preview":"max-video-preview:-1"},"canonical":"https:\/\/www.africa-press.net\/guinee-equatoriale\/toutes-les-actualites\/preoccupation-gouvernementale-pour-projets-sociaux","og_locale":"fr_FR","og_type":"article","og_title":"Pr\u00e9occupation Gouvernementale pour Projets Sociaux","og_description":"Le gouvernement de Guine\u0301e e\u0301quatoriale continue de de\u0301montrer son engagement envers l\u2019ache\u0300vement des projets sociaux a ...","og_url":"https:\/\/www.africa-press.net\/guinee-equatoriale\/toutes-les-actualites\/preoccupation-gouvernementale-pour-projets-sociaux","og_site_name":"Guin\u00e9e \u00e9quatoriale","article_published_time":"2025-05-27T18:27:22+00:00","article_modified_time":"2025-06-01T19:22:06+00:00","og_image":[{"width":1200,"height":675,"url":"https:\/\/static.africa-press.net\/guinee-equatoriale\/sites\/53\/2025\/06\/sm_1748792877.70993.jpg","type":"image\/jpeg"}],"author":"cfeditorfr","twitter_card":"summary_large_image","twitter_misc":{"\u00c9crit par":"cfeditorfr","Dur\u00e9e de lecture estim\u00e9e":"3 minutes"},"schema":{"@context":"https:\/\/schema.org","@graph":[{"@type":"Article","@id":"https:\/\/www.africa-press.net\/guinee-equatoriale\/toutes-les-actualites\/preoccupation-gouvernementale-pour-projets-sociaux#article","isPartOf":{"@id":"https:\/\/www.africa-press.net\/guinee-equatoriale\/toutes-les-actualites\/preoccupation-gouvernementale-pour-projets-sociaux"},"author":{"name":"cfeditorfr","@id":"https:\/\/www.africa-press.net\/guinee-equatoriale\/#\/schema\/person\/2b1cf3cd81a31e3cd26889ca66d677f1"},"headline":"Pr\u00e9occupation Gouvernementale pour Projets Sociaux","datePublished":"2025-05-27T18:27:22+00:00","dateModified":"2025-06-01T19:22:06+00:00","mainEntityOfPage":{"@id":"https:\/\/www.africa-press.net\/guinee-equatoriale\/toutes-les-actualites\/preoccupation-gouvernementale-pour-projets-sociaux"},"wordCount":571,"commentCount":0,"image":{"@id":"https:\/\/www.africa-press.net\/guinee-equatoriale\/toutes-les-actualites\/preoccupation-gouvernementale-pour-projets-sociaux#primaryimage"},"thumbnailUrl":"https:\/\/static.africa-press.net\/guinee-equatoriale\/sites\/53\/2025\/06\/sm_1748792877.70993.jpg","keywords":["Guinee Equatoriale"],"articleSection":["Communaut\u00e9","to-homepage","Toutes les actualit\u00e9s"],"inLanguage":"fr-FR","potentialAction":[{"@type":"CommentAction","name":"Comment","target":["https:\/\/www.africa-press.net\/guinee-equatoriale\/toutes-les-actualites\/preoccupation-gouvernementale-pour-projets-sociaux#respond"]}]},{"@type":"WebPage","@id":"https:\/\/www.africa-press.net\/guinee-equatoriale\/toutes-les-actualites\/preoccupation-gouvernementale-pour-projets-sociaux","url":"https:\/\/www.africa-press.net\/guinee-equatoriale\/toutes-les-actualites\/preoccupation-gouvernementale-pour-projets-sociaux","name":"Pr\u00e9occupation Gouvernementale pour Projets Sociaux - Guin\u00e9e \u00e9quatoriale","isPartOf":{"@id":"https:\/\/www.africa-press.net\/guinee-equatoriale\/#website"},"primaryImageOfPage":{"@id":"https:\/\/www.africa-press.net\/guinee-equatoriale\/toutes-les-actualites\/preoccupation-gouvernementale-pour-projets-sociaux#primaryimage"},"image":{"@id":"https:\/\/www.africa-press.net\/guinee-equatoriale\/toutes-les-actualites\/preoccupation-gouvernementale-pour-projets-sociaux#primaryimage"},"thumbnailUrl":"https:\/\/static.africa-press.net\/guinee-equatoriale\/sites\/53\/2025\/06\/sm_1748792877.70993.jpg","datePublished":"2025-05-27T18:27:22+00:00","dateModified":"2025-06-01T19:22:06+00:00","author":{"@id":"https:\/\/www.africa-press.net\/guinee-equatoriale\/#\/schema\/person\/2b1cf3cd81a31e3cd26889ca66d677f1"},"description":"Le gouvernement de Guine\u0301e e\u0301quatoriale continue de de\u0301montrer son engagement envers l\u2019ache\u0300vement des projets sociaux a ...","breadcrumb":{"@id":"https:\/\/www.africa-press.net\/guinee-equatoriale\/toutes-les-actualites\/preoccupation-gouvernementale-pour-projets-sociaux#breadcrumb"},"inLanguage":"fr-FR","potentialAction":[{"@type":"ReadAction","target":["https:\/\/www.africa-press.net\/guinee-equatoriale\/toutes-les-actualites\/preoccupation-gouvernementale-pour-projets-sociaux"]}]},{"@type":"ImageObject","inLanguage":"fr-FR","@id":"https:\/\/www.africa-press.net\/guinee-equatoriale\/toutes-les-actualites\/preoccupation-gouvernementale-pour-projets-sociaux#primaryimage","url":"https:\/\/static.africa-press.net\/guinee-equatoriale\/sites\/53\/2025\/06\/sm_1748792877.70993.jpg","contentUrl":"https:\/\/static.africa-press.net\/guinee-equatoriale\/sites\/53\/2025\/06\/sm_1748792877.70993.jpg","width":1200,"height":675,"caption":"Pr\u00e9occupation Gouvernementale pour Projets Sociaux"},{"@type":"BreadcrumbList","@id":"https:\/\/www.africa-press.net\/guinee-equatoriale\/toutes-les-actualites\/preoccupation-gouvernementale-pour-projets-sociaux#breadcrumb","itemListElement":[{"@type":"ListItem","position":1,"name":"Accueil","item":"https:\/\/www.africa-press.net\/guinee-equatoriale\/"},{"@type":"ListItem","position":2,"name":"Pr\u00e9occupation Gouvernementale pour Projets Sociaux"}]},{"@type":"WebSite","@id":"https:\/\/www.africa-press.net\/guinee-equatoriale\/#website","url":"https:\/\/www.africa-press.net\/guinee-equatoriale\/","name":"Guin\u00e9e \u00e9quatoriale","description":"Just another Africa News Agency Sites site","potentialAction":[{"@type":"SearchAction","target":{"@type":"EntryPoint","urlTemplate":"https:\/\/www.africa-press.net\/guinee-equatoriale\/?s={search_term_string}"},"query-input":{"@type":"PropertyValueSpecification","valueRequired":true,"valueName":"search_term_string"}}],"inLanguage":"fr-FR"},{"@type":"Person","@id":"https:\/\/www.africa-press.net\/guinee-equatoriale\/#\/schema\/person\/2b1cf3cd81a31e3cd26889ca66d677f1","name":"cfeditorfr"}]}},"_links":{"self":[{"href":"https:\/\/www.africa-press.net\/guinee-equatoriale\/wp-json\/wp\/v2\/posts\/21311","targetHints":{"allow":["GET"]}}],"collection":[{"href":"https:\/\/www.africa-press.net\/guinee-equatoriale\/wp-json\/wp\/v2\/posts"}],"about":[{"href":"https:\/\/www.africa-press.net\/guinee-equatoriale\/wp-json\/wp\/v2\/types\/post"}],"author":[{"embeddable":true,"href":"https:\/\/www.africa-press.net\/guinee-equatoriale\/wp-json\/wp\/v2\/users\/82"}],"replies":[{"embeddable":true,"href":"https:\/\/www.africa-press.net\/guinee-equatoriale\/wp-json\/wp\/v2\/comments?post=21311"}],"version-history":[{"count":0,"href":"https:\/\/www.africa-press.net\/guinee-equatoriale\/wp-json\/wp\/v2\/posts\/21311\/revisions"}],"wp:featuredmedia":[{"embeddable":true,"href":"https:\/\/www.africa-press.net\/guinee-equatoriale\/wp-json\/wp\/v2\/media\/21310"}],"wp:attachment":[{"href":"https:\/\/www.africa-press.net\/guinee-equatoriale\/wp-json\/wp\/v2\/media?parent=21311"}],"wp:term":[{"taxonomy":"category","embeddable":true,"href":"https:\/\/www.africa-press.net\/guinee-equatoriale\/wp-json\/wp\/v2\/categories?post=21311"},{"taxonomy":"post_tag","embeddable":true,"href":"https:\/\/www.africa-press.net\/guinee-equatoriale\/wp-json\/wp\/v2\/tags?post=21311"}],"curies":[{"name":"wp","href":"https:\/\/api.w.org\/{rel}","templated":true}]}}