{"id":21314,"date":"2025-05-26T18:28:25","date_gmt":"2025-05-26T18:28:25","guid":{"rendered":"https:\/\/www.africa-press.net\/guinee-equatoriale\/politique\/catalina-martinez-visite-le-musee-de-lemigration-en-galice"},"modified":"2025-06-01T19:22:21","modified_gmt":"2025-06-01T19:22:21","slug":"catalina-martinez-visite-le-musee-de-lemigration-en-galice","status":"publish","type":"post","link":"https:\/\/www.africa-press.net\/guinee-equatoriale\/culture-et-art\/catalina-martinez-visite-le-musee-de-lemigration-en-galice","title":{"rendered":"Catalina Mart\u00ednez Visite le Mus\u00e9e de L&rsquo;\u00e9migration en Galice"},"content":{"rendered":"<p><span style=\"color: #ff6600\"><strong>Africa-Press &#8211; Guinee Equatoriale. <\/strong><\/span>Catalina Marti\u0301nez, de\u0301le\u0301gue\u0301e de l&rsquo;Association internationale pour la coope\u0301ration touristique (Asicotur) en Guine\u0301e e\u0301quatoriale, a entame\u0301 aujourd&rsquo;hui une visite institutionnelle dans le cadre du congre\u0300s \u00ab Connecte et Dirige \u00bb, qui se tiendra les 27 et 28 mai au Balneario de Mondariz.<\/p>\n<p>Dans le cadre du programme pre\u0301paratoire a\u0300 l\u2019e\u0301ve\u0301nement, Marti\u0301nez s\u2019est rendue ce matin dans la commune de Quintela de Leirado, dans la re\u0301gion de Celanova, ou\u0300 elle a visite\u0301 les installations du Muse\u0301e de l\u2019E\u0301migration vers la Guine\u0301e e\u0301quatoriale, unique en son genre en Europe. La visite a e\u0301te\u0301 guide\u0301e par le maire, Jose\u0301 Antonio Pe\u0301rez Corte\u0301s, et Pablo Pe\u0301rez, principaux promoteurs de cet espace comme\u0301moratif.<\/p>\n<p>Le muse\u0301e, inaugure\u0301 en de\u0301cembre 2021, rend hommage aux femmes et aux hommes des zones rurales de Galice qui, au cours du XXe sie\u0300cle, se sont dirige\u0301s vers l\u2019ancienne colonie espagnole a\u0300 la recherche d\u2019opportunite\u0301s. A\u0300 travers des photographies, des documents, des objets personnels et des te\u0301moignages recueillis par des descendants, cet espace offre un pre\u0301cieux te\u0301moignage d\u2019une page peu connue de l\u2019e\u0301migration galicienne.<\/p>\n<p>Catalina Marti\u0301nez a souligne\u0301 l\u2019importance de \u00ab re\u0301cupe\u0301rer ces me\u0301moires communes qui nous unissent \u00bb et a mis en avant le potentiel du tourisme de racines comme moyen de renforcer les liens historiques et culturels entre la Galice et l\u2019Afrique de l\u2019Ouest.<\/p>\n<p>Cette visite s\u2019inscrit dans le programme des rencontres institutionnelles d\u2019Asicotur, qui vise a\u0300 promouvoir la coope\u0301ration internationale sous l\u2019angle touristique, culturel et du de\u0301veloppement durable.<\/p>\n<p>Le congre\u0300s \u00ab Connecte et Dirige \u00bb, qui re\u0301unira des de\u0301le\u0301gations de divers pays, a pour objectif de favoriser des alliances strate\u0301giques pour le de\u0301veloppement d\u2019un tourisme responsable, avec la Galice comme ho\u0302te et e\u0301picentre du de\u0301bat.<\/p>\n<p><strong>Pour plus d&rsquo;informations et d&rsquo;analyses sur la <span style=\"color: #ff6600\">Guinee Equatoriale<\/span>, suivez <span style=\"color: #ff6600\">Africa-Press<\/span><\/strong><\/p>\n","protected":false},"excerpt":{"rendered":"<p>Africa-Press &#8211; Guinee Equatoriale. Catalina Marti\u0301nez, de\u0301le\u0301gue\u0301e de l&rsquo;Association internationale pour la coope\u0301ration touristique (Asicotur) en Guine\u0301e e\u0301quatoriale, a entame\u0301 aujourd&rsquo;hui une visite institutionnelle dans le cadre du congre\u0300s \u00ab Connecte et Dirige \u00bb, qui se tiendra les 27 et 28 mai au Balneario de Mondariz. Dans le cadre du programme pre\u0301paratoire a\u0300 l\u2019e\u0301ve\u0301nement, Marti\u0301nez [&hellip;]<\/p>\n","protected":false},"author":82,"featured_media":21313,"comment_status":"open","ping_status":"closed","sticky":false,"template":"","format":"standard","meta":{"footnotes":""},"categories":[5,51,10],"tags":[50],"class_list":["post-21314","post","type-post","status-publish","format-standard","has-post-thumbnail","hentry","category-culture-et-art","category-to-homepage","category-toutes-les-actualites","tag-guinee-equatoriale"],"yoast_head":"<!-- This site is optimized with the Yoast SEO Premium plugin v26.1 (Yoast SEO v27.0) - https:\/\/yoast.com\/product\/yoast-seo-premium-wordpress\/ -->\n<title>Catalina Mart\u00ednez Visite le Mus\u00e9e de L&#039;\u00e9migration en Galice - Guin\u00e9e \u00e9quatoriale<\/title>\n<meta name=\"description\" content=\"Catalina Marti\u0301nez, de\u0301le\u0301gue\u0301e de l&#039;Association internationale pour la coope\u0301ration touristique (Asicotur) en Guine\u0301e e ...\" \/>\n<meta name=\"robots\" content=\"index, follow, max-snippet:-1, max-image-preview:large, max-video-preview:-1\" \/>\n<link rel=\"canonical\" href=\"https:\/\/www.africa-press.net\/guinee-equatoriale\/culture-et-art\/catalina-martinez-visite-le-musee-de-lemigration-en-galice\" \/>\n<meta property=\"og:locale\" content=\"fr_FR\" \/>\n<meta property=\"og:type\" content=\"article\" \/>\n<meta property=\"og:title\" content=\"Catalina Mart\u00ednez Visite le Mus\u00e9e de L&#039;\u00e9migration en Galice\" \/>\n<meta property=\"og:description\" content=\"Catalina Marti\u0301nez, de\u0301le\u0301gue\u0301e de l&#039;Association internationale pour la coope\u0301ration touristique (Asicotur) en Guine\u0301e e ...\" \/>\n<meta property=\"og:url\" content=\"https:\/\/www.africa-press.net\/guinee-equatoriale\/culture-et-art\/catalina-martinez-visite-le-musee-de-lemigration-en-galice\" \/>\n<meta property=\"og:site_name\" content=\"Guin\u00e9e \u00e9quatoriale\" \/>\n<meta property=\"article:published_time\" content=\"2025-05-26T18:28:25+00:00\" \/>\n<meta property=\"article:modified_time\" content=\"2025-06-01T19:22:21+00:00\" \/>\n<meta property=\"og:image\" content=\"https:\/\/static.africa-press.net\/guinee-equatoriale\/sites\/53\/2025\/06\/sm_1748792890.824239.jpg\" \/>\n\t<meta property=\"og:image:width\" content=\"1200\" \/>\n\t<meta property=\"og:image:height\" content=\"529\" \/>\n\t<meta property=\"og:image:type\" content=\"image\/jpeg\" \/>\n<meta name=\"author\" content=\"cfeditorfr\" \/>\n<meta name=\"twitter:card\" content=\"summary_large_image\" \/>\n<meta name=\"twitter:label1\" content=\"\u00c9crit par\" \/>\n\t<meta name=\"twitter:data1\" content=\"cfeditorfr\" \/>\n\t<meta name=\"twitter:label2\" content=\"Dur\u00e9e de lecture estim\u00e9e\" \/>\n\t<meta name=\"twitter:data2\" content=\"2 minutes\" \/>\n<script type=\"application\/ld+json\" class=\"yoast-schema-graph\">{\"@context\":\"https:\/\/schema.org\",\"@graph\":[{\"@type\":\"Article\",\"@id\":\"https:\/\/www.africa-press.net\/guinee-equatoriale\/culture-et-art\/catalina-martinez-visite-le-musee-de-lemigration-en-galice#article\",\"isPartOf\":{\"@id\":\"https:\/\/www.africa-press.net\/guinee-equatoriale\/culture-et-art\/catalina-martinez-visite-le-musee-de-lemigration-en-galice\"},\"author\":{\"name\":\"cfeditorfr\",\"@id\":\"https:\/\/www.africa-press.net\/guinee-equatoriale\/#\/schema\/person\/2b1cf3cd81a31e3cd26889ca66d677f1\"},\"headline\":\"Catalina Mart\u00ednez Visite le Mus\u00e9e de L&rsquo;\u00e9migration en Galice\",\"datePublished\":\"2025-05-26T18:28:25+00:00\",\"dateModified\":\"2025-06-01T19:22:21+00:00\",\"mainEntityOfPage\":{\"@id\":\"https:\/\/www.africa-press.net\/guinee-equatoriale\/culture-et-art\/catalina-martinez-visite-le-musee-de-lemigration-en-galice\"},\"wordCount\":359,\"commentCount\":0,\"image\":{\"@id\":\"https:\/\/www.africa-press.net\/guinee-equatoriale\/culture-et-art\/catalina-martinez-visite-le-musee-de-lemigration-en-galice#primaryimage\"},\"thumbnailUrl\":\"https:\/\/static.africa-press.net\/guinee-equatoriale\/sites\/53\/2025\/06\/sm_1748792890.824239.jpg\",\"keywords\":[\"Guinee Equatoriale\"],\"articleSection\":[\"Culture et Art\",\"to-homepage\",\"Toutes les actualit\u00e9s\"],\"inLanguage\":\"fr-FR\",\"potentialAction\":[{\"@type\":\"CommentAction\",\"name\":\"Comment\",\"target\":[\"https:\/\/www.africa-press.net\/guinee-equatoriale\/culture-et-art\/catalina-martinez-visite-le-musee-de-lemigration-en-galice#respond\"]}]},{\"@type\":\"WebPage\",\"@id\":\"https:\/\/www.africa-press.net\/guinee-equatoriale\/culture-et-art\/catalina-martinez-visite-le-musee-de-lemigration-en-galice\",\"url\":\"https:\/\/www.africa-press.net\/guinee-equatoriale\/culture-et-art\/catalina-martinez-visite-le-musee-de-lemigration-en-galice\",\"name\":\"Catalina Mart\u00ednez Visite le Mus\u00e9e de L'\u00e9migration en Galice - Guin\u00e9e \u00e9quatoriale\",\"isPartOf\":{\"@id\":\"https:\/\/www.africa-press.net\/guinee-equatoriale\/#website\"},\"primaryImageOfPage\":{\"@id\":\"https:\/\/www.africa-press.net\/guinee-equatoriale\/culture-et-art\/catalina-martinez-visite-le-musee-de-lemigration-en-galice#primaryimage\"},\"image\":{\"@id\":\"https:\/\/www.africa-press.net\/guinee-equatoriale\/culture-et-art\/catalina-martinez-visite-le-musee-de-lemigration-en-galice#primaryimage\"},\"thumbnailUrl\":\"https:\/\/static.africa-press.net\/guinee-equatoriale\/sites\/53\/2025\/06\/sm_1748792890.824239.jpg\",\"datePublished\":\"2025-05-26T18:28:25+00:00\",\"dateModified\":\"2025-06-01T19:22:21+00:00\",\"author\":{\"@id\":\"https:\/\/www.africa-press.net\/guinee-equatoriale\/#\/schema\/person\/2b1cf3cd81a31e3cd26889ca66d677f1\"},\"description\":\"Catalina Marti\u0301nez, de\u0301le\u0301gue\u0301e de l'Association internationale pour la coope\u0301ration touristique (Asicotur) en Guine\u0301e e ...\",\"breadcrumb\":{\"@id\":\"https:\/\/www.africa-press.net\/guinee-equatoriale\/culture-et-art\/catalina-martinez-visite-le-musee-de-lemigration-en-galice#breadcrumb\"},\"inLanguage\":\"fr-FR\",\"potentialAction\":[{\"@type\":\"ReadAction\",\"target\":[\"https:\/\/www.africa-press.net\/guinee-equatoriale\/culture-et-art\/catalina-martinez-visite-le-musee-de-lemigration-en-galice\"]}]},{\"@type\":\"ImageObject\",\"inLanguage\":\"fr-FR\",\"@id\":\"https:\/\/www.africa-press.net\/guinee-equatoriale\/culture-et-art\/catalina-martinez-visite-le-musee-de-lemigration-en-galice#primaryimage\",\"url\":\"https:\/\/static.africa-press.net\/guinee-equatoriale\/sites\/53\/2025\/06\/sm_1748792890.824239.jpg\",\"contentUrl\":\"https:\/\/static.africa-press.net\/guinee-equatoriale\/sites\/53\/2025\/06\/sm_1748792890.824239.jpg\",\"width\":1200,\"height\":529,\"caption\":\"Catalina Mart\u00ednez Visite le Mus\u00e9e de L'\u00e9migration en Galice\"},{\"@type\":\"BreadcrumbList\",\"@id\":\"https:\/\/www.africa-press.net\/guinee-equatoriale\/culture-et-art\/catalina-martinez-visite-le-musee-de-lemigration-en-galice#breadcrumb\",\"itemListElement\":[{\"@type\":\"ListItem\",\"position\":1,\"name\":\"Accueil\",\"item\":\"https:\/\/www.africa-press.net\/guinee-equatoriale\/\"},{\"@type\":\"ListItem\",\"position\":2,\"name\":\"Catalina Mart\u00ednez Visite le Mus\u00e9e de L&rsquo;\u00e9migration en Galice\"}]},{\"@type\":\"WebSite\",\"@id\":\"https:\/\/www.africa-press.net\/guinee-equatoriale\/#website\",\"url\":\"https:\/\/www.africa-press.net\/guinee-equatoriale\/\",\"name\":\"Guin\u00e9e \u00e9quatoriale\",\"description\":\"Just another Africa News Agency Sites site\",\"potentialAction\":[{\"@type\":\"SearchAction\",\"target\":{\"@type\":\"EntryPoint\",\"urlTemplate\":\"https:\/\/www.africa-press.net\/guinee-equatoriale\/?s={search_term_string}\"},\"query-input\":{\"@type\":\"PropertyValueSpecification\",\"valueRequired\":true,\"valueName\":\"search_term_string\"}}],\"inLanguage\":\"fr-FR\"},{\"@type\":\"Person\",\"@id\":\"https:\/\/www.africa-press.net\/guinee-equatoriale\/#\/schema\/person\/2b1cf3cd81a31e3cd26889ca66d677f1\",\"name\":\"cfeditorfr\"}]}<\/script>\n<!-- \/ Yoast SEO Premium plugin. -->","yoast_head_json":{"title":"Catalina Mart\u00ednez Visite le Mus\u00e9e de L'\u00e9migration en Galice - Guin\u00e9e \u00e9quatoriale","description":"Catalina Marti\u0301nez, de\u0301le\u0301gue\u0301e de l'Association internationale pour la coope\u0301ration touristique (Asicotur) en Guine\u0301e e ...","robots":{"index":"index","follow":"follow","max-snippet":"max-snippet:-1","max-image-preview":"max-image-preview:large","max-video-preview":"max-video-preview:-1"},"canonical":"https:\/\/www.africa-press.net\/guinee-equatoriale\/culture-et-art\/catalina-martinez-visite-le-musee-de-lemigration-en-galice","og_locale":"fr_FR","og_type":"article","og_title":"Catalina Mart\u00ednez Visite le Mus\u00e9e de L'\u00e9migration en Galice","og_description":"Catalina Marti\u0301nez, de\u0301le\u0301gue\u0301e de l'Association internationale pour la coope\u0301ration touristique (Asicotur) en Guine\u0301e e ...","og_url":"https:\/\/www.africa-press.net\/guinee-equatoriale\/culture-et-art\/catalina-martinez-visite-le-musee-de-lemigration-en-galice","og_site_name":"Guin\u00e9e \u00e9quatoriale","article_published_time":"2025-05-26T18:28:25+00:00","article_modified_time":"2025-06-01T19:22:21+00:00","og_image":[{"width":1200,"height":529,"url":"https:\/\/static.africa-press.net\/guinee-equatoriale\/sites\/53\/2025\/06\/sm_1748792890.824239.jpg","type":"image\/jpeg"}],"author":"cfeditorfr","twitter_card":"summary_large_image","twitter_misc":{"\u00c9crit par":"cfeditorfr","Dur\u00e9e de lecture estim\u00e9e":"2 minutes"},"schema":{"@context":"https:\/\/schema.org","@graph":[{"@type":"Article","@id":"https:\/\/www.africa-press.net\/guinee-equatoriale\/culture-et-art\/catalina-martinez-visite-le-musee-de-lemigration-en-galice#article","isPartOf":{"@id":"https:\/\/www.africa-press.net\/guinee-equatoriale\/culture-et-art\/catalina-martinez-visite-le-musee-de-lemigration-en-galice"},"author":{"name":"cfeditorfr","@id":"https:\/\/www.africa-press.net\/guinee-equatoriale\/#\/schema\/person\/2b1cf3cd81a31e3cd26889ca66d677f1"},"headline":"Catalina Mart\u00ednez Visite le Mus\u00e9e de L&rsquo;\u00e9migration en Galice","datePublished":"2025-05-26T18:28:25+00:00","dateModified":"2025-06-01T19:22:21+00:00","mainEntityOfPage":{"@id":"https:\/\/www.africa-press.net\/guinee-equatoriale\/culture-et-art\/catalina-martinez-visite-le-musee-de-lemigration-en-galice"},"wordCount":359,"commentCount":0,"image":{"@id":"https:\/\/www.africa-press.net\/guinee-equatoriale\/culture-et-art\/catalina-martinez-visite-le-musee-de-lemigration-en-galice#primaryimage"},"thumbnailUrl":"https:\/\/static.africa-press.net\/guinee-equatoriale\/sites\/53\/2025\/06\/sm_1748792890.824239.jpg","keywords":["Guinee Equatoriale"],"articleSection":["Culture et Art","to-homepage","Toutes les actualit\u00e9s"],"inLanguage":"fr-FR","potentialAction":[{"@type":"CommentAction","name":"Comment","target":["https:\/\/www.africa-press.net\/guinee-equatoriale\/culture-et-art\/catalina-martinez-visite-le-musee-de-lemigration-en-galice#respond"]}]},{"@type":"WebPage","@id":"https:\/\/www.africa-press.net\/guinee-equatoriale\/culture-et-art\/catalina-martinez-visite-le-musee-de-lemigration-en-galice","url":"https:\/\/www.africa-press.net\/guinee-equatoriale\/culture-et-art\/catalina-martinez-visite-le-musee-de-lemigration-en-galice","name":"Catalina Mart\u00ednez Visite le Mus\u00e9e de L'\u00e9migration en Galice - Guin\u00e9e \u00e9quatoriale","isPartOf":{"@id":"https:\/\/www.africa-press.net\/guinee-equatoriale\/#website"},"primaryImageOfPage":{"@id":"https:\/\/www.africa-press.net\/guinee-equatoriale\/culture-et-art\/catalina-martinez-visite-le-musee-de-lemigration-en-galice#primaryimage"},"image":{"@id":"https:\/\/www.africa-press.net\/guinee-equatoriale\/culture-et-art\/catalina-martinez-visite-le-musee-de-lemigration-en-galice#primaryimage"},"thumbnailUrl":"https:\/\/static.africa-press.net\/guinee-equatoriale\/sites\/53\/2025\/06\/sm_1748792890.824239.jpg","datePublished":"2025-05-26T18:28:25+00:00","dateModified":"2025-06-01T19:22:21+00:00","author":{"@id":"https:\/\/www.africa-press.net\/guinee-equatoriale\/#\/schema\/person\/2b1cf3cd81a31e3cd26889ca66d677f1"},"description":"Catalina Marti\u0301nez, de\u0301le\u0301gue\u0301e de l'Association internationale pour la coope\u0301ration touristique (Asicotur) en Guine\u0301e e ...","breadcrumb":{"@id":"https:\/\/www.africa-press.net\/guinee-equatoriale\/culture-et-art\/catalina-martinez-visite-le-musee-de-lemigration-en-galice#breadcrumb"},"inLanguage":"fr-FR","potentialAction":[{"@type":"ReadAction","target":["https:\/\/www.africa-press.net\/guinee-equatoriale\/culture-et-art\/catalina-martinez-visite-le-musee-de-lemigration-en-galice"]}]},{"@type":"ImageObject","inLanguage":"fr-FR","@id":"https:\/\/www.africa-press.net\/guinee-equatoriale\/culture-et-art\/catalina-martinez-visite-le-musee-de-lemigration-en-galice#primaryimage","url":"https:\/\/static.africa-press.net\/guinee-equatoriale\/sites\/53\/2025\/06\/sm_1748792890.824239.jpg","contentUrl":"https:\/\/static.africa-press.net\/guinee-equatoriale\/sites\/53\/2025\/06\/sm_1748792890.824239.jpg","width":1200,"height":529,"caption":"Catalina Mart\u00ednez Visite le Mus\u00e9e de L'\u00e9migration en Galice"},{"@type":"BreadcrumbList","@id":"https:\/\/www.africa-press.net\/guinee-equatoriale\/culture-et-art\/catalina-martinez-visite-le-musee-de-lemigration-en-galice#breadcrumb","itemListElement":[{"@type":"ListItem","position":1,"name":"Accueil","item":"https:\/\/www.africa-press.net\/guinee-equatoriale\/"},{"@type":"ListItem","position":2,"name":"Catalina Mart\u00ednez Visite le Mus\u00e9e de L&rsquo;\u00e9migration en Galice"}]},{"@type":"WebSite","@id":"https:\/\/www.africa-press.net\/guinee-equatoriale\/#website","url":"https:\/\/www.africa-press.net\/guinee-equatoriale\/","name":"Guin\u00e9e \u00e9quatoriale","description":"Just another Africa News Agency Sites site","potentialAction":[{"@type":"SearchAction","target":{"@type":"EntryPoint","urlTemplate":"https:\/\/www.africa-press.net\/guinee-equatoriale\/?s={search_term_string}"},"query-input":{"@type":"PropertyValueSpecification","valueRequired":true,"valueName":"search_term_string"}}],"inLanguage":"fr-FR"},{"@type":"Person","@id":"https:\/\/www.africa-press.net\/guinee-equatoriale\/#\/schema\/person\/2b1cf3cd81a31e3cd26889ca66d677f1","name":"cfeditorfr"}]}},"_links":{"self":[{"href":"https:\/\/www.africa-press.net\/guinee-equatoriale\/wp-json\/wp\/v2\/posts\/21314","targetHints":{"allow":["GET"]}}],"collection":[{"href":"https:\/\/www.africa-press.net\/guinee-equatoriale\/wp-json\/wp\/v2\/posts"}],"about":[{"href":"https:\/\/www.africa-press.net\/guinee-equatoriale\/wp-json\/wp\/v2\/types\/post"}],"author":[{"embeddable":true,"href":"https:\/\/www.africa-press.net\/guinee-equatoriale\/wp-json\/wp\/v2\/users\/82"}],"replies":[{"embeddable":true,"href":"https:\/\/www.africa-press.net\/guinee-equatoriale\/wp-json\/wp\/v2\/comments?post=21314"}],"version-history":[{"count":0,"href":"https:\/\/www.africa-press.net\/guinee-equatoriale\/wp-json\/wp\/v2\/posts\/21314\/revisions"}],"wp:featuredmedia":[{"embeddable":true,"href":"https:\/\/www.africa-press.net\/guinee-equatoriale\/wp-json\/wp\/v2\/media\/21313"}],"wp:attachment":[{"href":"https:\/\/www.africa-press.net\/guinee-equatoriale\/wp-json\/wp\/v2\/media?parent=21314"}],"wp:term":[{"taxonomy":"category","embeddable":true,"href":"https:\/\/www.africa-press.net\/guinee-equatoriale\/wp-json\/wp\/v2\/categories?post=21314"},{"taxonomy":"post_tag","embeddable":true,"href":"https:\/\/www.africa-press.net\/guinee-equatoriale\/wp-json\/wp\/v2\/tags?post=21314"}],"curies":[{"name":"wp","href":"https:\/\/api.w.org\/{rel}","templated":true}]}}